{"id":952403,"date":"2025-09-16T15:07:00","date_gmt":"2025-09-16T13:07:00","guid":{"rendered":"https:\/\/dmcsrb.com\/uncategorized\/abazovic-otvorio-samit-u-gvanzu-crna-gora-je-neotkriveni-dijamant-dodjite-i-otkrijte-cari-najljepse-zemlje-na-svijetu\/"},"modified":"2025-09-16T15:07:00","modified_gmt":"2025-09-16T13:07:00","slug":"abazovic-otvorio-samit-u-gvanzu-crna-gora-je-neotkriveni-dijamant-dodjite-i-otkrijte-cari-najljepse-zemlje-na-svijetu","status":"publish","type":"post","link":"https:\/\/dmcsrb.com\/en\/politika\/abazovic-otvorio-samit-u-gvanzu-crna-gora-je-neotkriveni-dijamant-dodjite-i-otkrijte-cari-najljepse-zemlje-na-svijetu\/","title":{"rendered":"Abazovi\u0107 otvorio samit u Gvan\u017eu: Crna Gora je neotkriveni dijamant, do\u0111ite i otkrijte \u010dari najljep\u0161e zemlje na svijetu"},"content":{"rendered":"<p><\/p>\n\n\n\n<p>\u201cDolazim iz dr\u017eave koja je jedina u svijetu ustavom definisana kao ekolo\u0161ka. Na taj na\u010din postavili smo zadatak i sebi ali i drugim dr\u017eavama da slijede na\u0161 primjer kada je u pitanju ustavno ure\u0111enje. Radujem se \u0161to sam imao priliku da se upoznam sa novim tehnologijama koje unapre\u0111uju za\u0161titu \u017eivotne sredine i na taj na\u010din podi\u017eu \u017eivotni standard. Savremeno globalno dru\u0161tvo vi\u0161e ni\u0161ta ne mo\u017ee pravdati neznanjem jer dostupnost informacija i tehnologija je na najvi\u0161em nivou u istoji, samo treba pametno da ih koristimo\u201d, istakao je Abazovi\u0107 prilikom otvaranja samita.<\/p>\n\n\n\n<figure class=\"wp-block-image size-large\"><img decoding=\"async\" src=\"https:\/\/gradski.me\/wp-content\/uploads\/2025\/09\/004-2-1024x683.jpg\" alt=\"\" class=\"wp-image-834724\"\/><\/figure>\n\n\n\n<p>Nakon uvodnih govora, usledio je i panel na kojem su pored Abazovi\u0107a govorili i poznate arhitekte, IT stru\u010dnjaci i investitori u nove tehnologije.&nbsp;<\/p>\n\n\n\n<p>\u201cSvijet kojeg poznajemo uskoro ide u zaborav. Razvoj IA (vje\u0161ta\u010dke inteligencije) i robotike promjeni\u0107e umnogome svijet. Zato treba da budemo spremni, puni znanja kako bi se tome \u0161to bolje prilagodili. Sa druge strane, to otvara nevjerovatnu priliku da kona\u010dno do\u0111emo do funkcionalnog globalnog dru\u0161tva, gdje \u0107emo se ratove i sukobe zamijeniti takmi\u010denjem u dobru\u201d, dodao je Abazovi\u0107.<\/p>\n\n\n\n<figure class=\"wp-block-image size-large\"><img decoding=\"async\" src=\"https:\/\/gradski.me\/wp-content\/uploads\/2025\/09\/001-2-1024x683.jpg\" alt=\"\" class=\"wp-image-834727\"\/><\/figure>\n\n\n\n<p>U zavr\u0161nom obra\u0107anju lider URE pozvao je sve da obi\u0111u Crnu Goru, navode\u0107i da je na\u0161a zemlja dijamant koji \u0161irom svjetskoj javnosti jo\u0161 uvijek nije otkriven. ,,Otkrijte \u010dari najljep\u0161e zemlje na svijetu&#8221;, dodao je Abazovi\u0107.<\/p>\n\n\n\n<p>U tom smislu Abazovi\u0107 je predstavio detalje novog programa Gra\u0111anskog pokreta URA za turizam &#8220;Montenegro365&#8221;, odnosno viziju razvoja cjelogodi\u0161njeg turizma u na\u0161oj dr\u017eavi.<\/p>","protected":false},"excerpt":{"rendered":"<p>Predsjednik Gra\u0111anskog pokreta URA i biv\u0161i premijer Crne Gore dr Dritan Abazovi\u0107 otvorio je danas u kineskom Gvan\u017eu (Guangzhou) samit pod nazivom \u201cGlobal future life definers summit\u201d. Pred mnogobrojnom publikom, koju su \u010dinili politi\u010dari, profesori i privrednici, govorio je na temu koncepta odr\u017eivog globalnog dru\u0161tva.\u00a0<\/p>","protected":false},"author":1,"featured_media":952404,"comment_status":"open","ping_status":"open","sticky":false,"template":"","format":"standard","meta":{"_acf_changed":false,"footnotes":""},"categories":[12],"tags":[95,8236,109,8237,8238,145,7400],"naslovna":[],"class_list":["post-952403","post","type-post","status-publish","format-standard","has-post-thumbnail","hentry","category-politika","tag-crna-gora","tag-dijamant","tag-dritan-abazovic","tag-gvanzu","tag-otvaranje-samita","tag-svijet","tag-zemlja"],"acf":[],"yoast_head":"<!-- This site is optimized with the Yoast SEO plugin v27.4 - https:\/\/yoast.com\/product\/yoast-seo-wordpress\/ -->\n<title>Abazovi\u0107 otvorio samit u Gvan\u017eu: Crna Gora je neotkriveni dijamant, do\u0111ite i otkrijte \u010dari najljep\u0161e zemlje na svijetu - dmcsrb.com<\/title>\n<meta name=\"robots\" content=\"index, follow, max-snippet:-1, max-image-preview:large, max-video-preview:-1\" \/>\n<link rel=\"canonical\" href=\"https:\/\/dmcsrb.com\/en\/politika\/abazovic-otvorio-samit-u-gvanzu-crna-gora-je-neotkriveni-dijamant-dodjite-i-otkrijte-cari-najljepse-zemlje-na-svijetu\/\" \/>\n<meta property=\"og:locale\" content=\"en_GB\" \/>\n<meta property=\"og:type\" content=\"article\" \/>\n<meta property=\"og:title\" content=\"Abazovi\u0107 otvorio samit u Gvan\u017eu: Crna Gora je neotkriveni dijamant, do\u0111ite i otkrijte \u010dari najljep\u0161e zemlje na svijetu - dmcsrb.com\" \/>\n<meta property=\"og:description\" content=\"Predsjednik Gra\u0111anskog pokreta URA i biv\u0161i premijer Crne Gore dr Dritan Abazovi\u0107 otvorio je danas u kineskom Gvan\u017eu (Guangzhou) samit pod nazivom \u201cGlobal future life definers summit\u201d. Pred mnogobrojnom publikom, koju su \u010dinili politi\u010dari, profesori i privrednici, govorio je na temu koncepta odr\u017eivog globalnog dru\u0161tva.\u00a0\" \/>\n<meta property=\"og:url\" content=\"https:\/\/dmcsrb.com\/en\/politika\/abazovic-otvorio-samit-u-gvanzu-crna-gora-je-neotkriveni-dijamant-dodjite-i-otkrijte-cari-najljepse-zemlje-na-svijetu\/\" \/>\n<meta property=\"og:site_name\" content=\"dmcsrb.com\" \/>\n<meta property=\"article:published_time\" content=\"2025-09-16T13:07:00+00:00\" \/>\n<meta property=\"og:image\" content=\"https:\/\/dmcsrb.com\/wp-content\/uploads\/2026\/01\/003-2.webp\" \/>\n\t<meta property=\"og:image:width\" content=\"1800\" \/>\n\t<meta property=\"og:image:height\" content=\"1200\" \/>\n\t<meta property=\"og:image:type\" content=\"image\/jpeg\" \/>\n<meta name=\"author\" content=\"dmcsrbija.com@gmail.com\" \/>\n<meta name=\"twitter:card\" content=\"summary_large_image\" \/>\n<meta name=\"twitter:label1\" content=\"Written by\" \/>\n\t<meta name=\"twitter:data1\" content=\"dmcsrbija.com@gmail.com\" \/>\n\t<meta name=\"twitter:label2\" content=\"Estimated reading time\" \/>\n\t<meta name=\"twitter:data2\" content=\"1 minute\" \/>\n<script type=\"application\/ld+json\" class=\"yoast-schema-graph\">{\"@context\":\"https:\\\/\\\/schema.org\",\"@graph\":[{\"@type\":\"Article\",\"@id\":\"https:\\\/\\\/dmcsrb.com\\\/en\\\/politika\\\/abazovic-otvorio-samit-u-gvanzu-crna-gora-je-neotkriveni-dijamant-dodjite-i-otkrijte-cari-najljepse-zemlje-na-svijetu\\\/#article\",\"isPartOf\":{\"@id\":\"https:\\\/\\\/dmcsrb.com\\\/en\\\/politika\\\/abazovic-otvorio-samit-u-gvanzu-crna-gora-je-neotkriveni-dijamant-dodjite-i-otkrijte-cari-najljepse-zemlje-na-svijetu\\\/\"},\"author\":{\"name\":\"dmcsrbija.com@gmail.com\",\"@id\":\"https:\\\/\\\/dmcsrb.com\\\/#\\\/schema\\\/person\\\/5c39170f12db1b8b457732d0b5c854e2\"},\"headline\":\"Abazovi\u0107 otvorio samit u Gvan\u017eu: Crna Gora je neotkriveni dijamant, do\u0111ite i otkrijte \u010dari najljep\u0161e zemlje na svijetu\",\"datePublished\":\"2025-09-16T13:07:00+00:00\",\"mainEntityOfPage\":{\"@id\":\"https:\\\/\\\/dmcsrb.com\\\/en\\\/politika\\\/abazovic-otvorio-samit-u-gvanzu-crna-gora-je-neotkriveni-dijamant-dodjite-i-otkrijte-cari-najljepse-zemlje-na-svijetu\\\/\"},\"wordCount\":283,\"commentCount\":0,\"image\":{\"@id\":\"https:\\\/\\\/dmcsrb.com\\\/en\\\/politika\\\/abazovic-otvorio-samit-u-gvanzu-crna-gora-je-neotkriveni-dijamant-dodjite-i-otkrijte-cari-najljepse-zemlje-na-svijetu\\\/#primaryimage\"},\"thumbnailUrl\":\"https:\\\/\\\/dmcsrb.com\\\/wp-content\\\/uploads\\\/2026\\\/01\\\/003-2.webp\",\"keywords\":[\"Crna Gora\",\"Dijamant\",\"Dritan Abazovi\u0107\",\"Gvan\u017eu\",\"Otvaranje samita\",\"svijet\",\"zemlja\"],\"articleSection\":[\"Politika\"],\"inLanguage\":\"en-GB\",\"potentialAction\":[{\"@type\":\"CommentAction\",\"name\":\"Comment\",\"target\":[\"https:\\\/\\\/dmcsrb.com\\\/en\\\/politika\\\/abazovic-otvorio-samit-u-gvanzu-crna-gora-je-neotkriveni-dijamant-dodjite-i-otkrijte-cari-najljepse-zemlje-na-svijetu\\\/#respond\"]}]},{\"@type\":\"WebPage\",\"@id\":\"https:\\\/\\\/dmcsrb.com\\\/en\\\/politika\\\/abazovic-otvorio-samit-u-gvanzu-crna-gora-je-neotkriveni-dijamant-dodjite-i-otkrijte-cari-najljepse-zemlje-na-svijetu\\\/\",\"url\":\"https:\\\/\\\/dmcsrb.com\\\/en\\\/politika\\\/abazovic-otvorio-samit-u-gvanzu-crna-gora-je-neotkriveni-dijamant-dodjite-i-otkrijte-cari-najljepse-zemlje-na-svijetu\\\/\",\"name\":\"Abazovi\u0107 otvorio samit u Gvan\u017eu: Crna Gora je neotkriveni dijamant, do\u0111ite i otkrijte \u010dari najljep\u0161e zemlje na svijetu - dmcsrb.com\",\"isPartOf\":{\"@id\":\"https:\\\/\\\/dmcsrb.com\\\/#website\"},\"primaryImageOfPage\":{\"@id\":\"https:\\\/\\\/dmcsrb.com\\\/en\\\/politika\\\/abazovic-otvorio-samit-u-gvanzu-crna-gora-je-neotkriveni-dijamant-dodjite-i-otkrijte-cari-najljepse-zemlje-na-svijetu\\\/#primaryimage\"},\"image\":{\"@id\":\"https:\\\/\\\/dmcsrb.com\\\/en\\\/politika\\\/abazovic-otvorio-samit-u-gvanzu-crna-gora-je-neotkriveni-dijamant-dodjite-i-otkrijte-cari-najljepse-zemlje-na-svijetu\\\/#primaryimage\"},\"thumbnailUrl\":\"https:\\\/\\\/dmcsrb.com\\\/wp-content\\\/uploads\\\/2026\\\/01\\\/003-2.webp\",\"datePublished\":\"2025-09-16T13:07:00+00:00\",\"author\":{\"@id\":\"https:\\\/\\\/dmcsrb.com\\\/#\\\/schema\\\/person\\\/5c39170f12db1b8b457732d0b5c854e2\"},\"breadcrumb\":{\"@id\":\"https:\\\/\\\/dmcsrb.com\\\/en\\\/politika\\\/abazovic-otvorio-samit-u-gvanzu-crna-gora-je-neotkriveni-dijamant-dodjite-i-otkrijte-cari-najljepse-zemlje-na-svijetu\\\/#breadcrumb\"},\"inLanguage\":\"en-GB\",\"potentialAction\":[{\"@type\":\"ReadAction\",\"target\":[\"https:\\\/\\\/dmcsrb.com\\\/en\\\/politika\\\/abazovic-otvorio-samit-u-gvanzu-crna-gora-je-neotkriveni-dijamant-dodjite-i-otkrijte-cari-najljepse-zemlje-na-svijetu\\\/\"]}]},{\"@type\":\"ImageObject\",\"inLanguage\":\"en-GB\",\"@id\":\"https:\\\/\\\/dmcsrb.com\\\/en\\\/politika\\\/abazovic-otvorio-samit-u-gvanzu-crna-gora-je-neotkriveni-dijamant-dodjite-i-otkrijte-cari-najljepse-zemlje-na-svijetu\\\/#primaryimage\",\"url\":\"https:\\\/\\\/dmcsrb.com\\\/wp-content\\\/uploads\\\/2026\\\/01\\\/003-2.webp\",\"contentUrl\":\"https:\\\/\\\/dmcsrb.com\\\/wp-content\\\/uploads\\\/2026\\\/01\\\/003-2.webp\",\"width\":1800,\"height\":1200},{\"@type\":\"BreadcrumbList\",\"@id\":\"https:\\\/\\\/dmcsrb.com\\\/en\\\/politika\\\/abazovic-otvorio-samit-u-gvanzu-crna-gora-je-neotkriveni-dijamant-dodjite-i-otkrijte-cari-najljepse-zemlje-na-svijetu\\\/#breadcrumb\",\"itemListElement\":[{\"@type\":\"ListItem\",\"position\":1,\"name\":\"Home\",\"item\":\"https:\\\/\\\/dmcsrb.com\\\/\"},{\"@type\":\"ListItem\",\"position\":2,\"name\":\"Abazovi\u0107 otvorio samit u Gvan\u017eu: Crna Gora je neotkriveni dijamant, do\u0111ite i otkrijte \u010dari najljep\u0161e zemlje na svijetu\"}]},{\"@type\":\"WebSite\",\"@id\":\"https:\\\/\\\/dmcsrb.com\\\/#website\",\"url\":\"https:\\\/\\\/dmcsrb.com\\\/\",\"name\":\"dmcsrb.com\",\"description\":\"\",\"potentialAction\":[{\"@type\":\"SearchAction\",\"target\":{\"@type\":\"EntryPoint\",\"urlTemplate\":\"https:\\\/\\\/dmcsrb.com\\\/?s={search_term_string}\"},\"query-input\":{\"@type\":\"PropertyValueSpecification\",\"valueRequired\":true,\"valueName\":\"search_term_string\"}}],\"inLanguage\":\"en-GB\"},{\"@type\":\"Person\",\"@id\":\"https:\\\/\\\/dmcsrb.com\\\/#\\\/schema\\\/person\\\/5c39170f12db1b8b457732d0b5c854e2\",\"name\":\"dmcsrbija.com@gmail.com\",\"image\":{\"@type\":\"ImageObject\",\"inLanguage\":\"en-GB\",\"@id\":\"https:\\\/\\\/secure.gravatar.com\\\/avatar\\\/68592660ad6347fad0fb587f8d5d8f1a7b44961362f56e4f2cd524feb87e9069?s=96&d=mm&r=g\",\"url\":\"https:\\\/\\\/secure.gravatar.com\\\/avatar\\\/68592660ad6347fad0fb587f8d5d8f1a7b44961362f56e4f2cd524feb87e9069?s=96&d=mm&r=g\",\"contentUrl\":\"https:\\\/\\\/secure.gravatar.com\\\/avatar\\\/68592660ad6347fad0fb587f8d5d8f1a7b44961362f56e4f2cd524feb87e9069?s=96&d=mm&r=g\",\"caption\":\"dmcsrbija.com@gmail.com\"},\"sameAs\":[\"https:\\\/\\\/dmcsrb.com\"],\"url\":\"https:\\\/\\\/dmcsrb.com\\\/en\\\/author\\\/dmcsrbija-comgmail-com\\\/\"}]}<\/script>\n<!-- \/ Yoast SEO plugin. -->","yoast_head_json":{"title":"Abazovi\u0107 otvorio samit u Gvan\u017eu: Crna Gora je neotkriveni dijamant, do\u0111ite i otkrijte \u010dari najljep\u0161e zemlje na svijetu - dmcsrb.com","robots":{"index":"index","follow":"follow","max-snippet":"max-snippet:-1","max-image-preview":"max-image-preview:large","max-video-preview":"max-video-preview:-1"},"canonical":"https:\/\/dmcsrb.com\/en\/politika\/abazovic-otvorio-samit-u-gvanzu-crna-gora-je-neotkriveni-dijamant-dodjite-i-otkrijte-cari-najljepse-zemlje-na-svijetu\/","og_locale":"en_GB","og_type":"article","og_title":"Abazovi\u0107 otvorio samit u Gvan\u017eu: Crna Gora je neotkriveni dijamant, do\u0111ite i otkrijte \u010dari najljep\u0161e zemlje na svijetu - dmcsrb.com","og_description":"Predsjednik Gra\u0111anskog pokreta URA i biv\u0161i premijer Crne Gore dr Dritan Abazovi\u0107 otvorio je danas u kineskom Gvan\u017eu (Guangzhou) samit pod nazivom \u201cGlobal future life definers summit\u201d. Pred mnogobrojnom publikom, koju su \u010dinili politi\u010dari, profesori i privrednici, govorio je na temu koncepta odr\u017eivog globalnog dru\u0161tva.\u00a0","og_url":"https:\/\/dmcsrb.com\/en\/politika\/abazovic-otvorio-samit-u-gvanzu-crna-gora-je-neotkriveni-dijamant-dodjite-i-otkrijte-cari-najljepse-zemlje-na-svijetu\/","og_site_name":"dmcsrb.com","article_published_time":"2025-09-16T13:07:00+00:00","og_image":[{"width":1800,"height":1200,"url":"https:\/\/dmcsrb.com\/wp-content\/uploads\/2026\/01\/003-2.webp","type":"image\/jpeg"}],"author":"dmcsrbija.com@gmail.com","twitter_card":"summary_large_image","twitter_misc":{"Written by":"dmcsrbija.com@gmail.com","Estimated reading time":"1 minute"},"schema":{"@context":"https:\/\/schema.org","@graph":[{"@type":"Article","@id":"https:\/\/dmcsrb.com\/en\/politika\/abazovic-otvorio-samit-u-gvanzu-crna-gora-je-neotkriveni-dijamant-dodjite-i-otkrijte-cari-najljepse-zemlje-na-svijetu\/#article","isPartOf":{"@id":"https:\/\/dmcsrb.com\/en\/politika\/abazovic-otvorio-samit-u-gvanzu-crna-gora-je-neotkriveni-dijamant-dodjite-i-otkrijte-cari-najljepse-zemlje-na-svijetu\/"},"author":{"name":"dmcsrbija.com@gmail.com","@id":"https:\/\/dmcsrb.com\/#\/schema\/person\/5c39170f12db1b8b457732d0b5c854e2"},"headline":"Abazovi\u0107 otvorio samit u Gvan\u017eu: Crna Gora je neotkriveni dijamant, do\u0111ite i otkrijte \u010dari najljep\u0161e zemlje na svijetu","datePublished":"2025-09-16T13:07:00+00:00","mainEntityOfPage":{"@id":"https:\/\/dmcsrb.com\/en\/politika\/abazovic-otvorio-samit-u-gvanzu-crna-gora-je-neotkriveni-dijamant-dodjite-i-otkrijte-cari-najljepse-zemlje-na-svijetu\/"},"wordCount":283,"commentCount":0,"image":{"@id":"https:\/\/dmcsrb.com\/en\/politika\/abazovic-otvorio-samit-u-gvanzu-crna-gora-je-neotkriveni-dijamant-dodjite-i-otkrijte-cari-najljepse-zemlje-na-svijetu\/#primaryimage"},"thumbnailUrl":"https:\/\/dmcsrb.com\/wp-content\/uploads\/2026\/01\/003-2.webp","keywords":["Crna Gora","Dijamant","Dritan Abazovi\u0107","Gvan\u017eu","Otvaranje samita","svijet","zemlja"],"articleSection":["Politika"],"inLanguage":"en-GB","potentialAction":[{"@type":"CommentAction","name":"Comment","target":["https:\/\/dmcsrb.com\/en\/politika\/abazovic-otvorio-samit-u-gvanzu-crna-gora-je-neotkriveni-dijamant-dodjite-i-otkrijte-cari-najljepse-zemlje-na-svijetu\/#respond"]}]},{"@type":"WebPage","@id":"https:\/\/dmcsrb.com\/en\/politika\/abazovic-otvorio-samit-u-gvanzu-crna-gora-je-neotkriveni-dijamant-dodjite-i-otkrijte-cari-najljepse-zemlje-na-svijetu\/","url":"https:\/\/dmcsrb.com\/en\/politika\/abazovic-otvorio-samit-u-gvanzu-crna-gora-je-neotkriveni-dijamant-dodjite-i-otkrijte-cari-najljepse-zemlje-na-svijetu\/","name":"Abazovi\u0107 otvorio samit u Gvan\u017eu: Crna Gora je neotkriveni dijamant, do\u0111ite i otkrijte \u010dari najljep\u0161e zemlje na svijetu - dmcsrb.com","isPartOf":{"@id":"https:\/\/dmcsrb.com\/#website"},"primaryImageOfPage":{"@id":"https:\/\/dmcsrb.com\/en\/politika\/abazovic-otvorio-samit-u-gvanzu-crna-gora-je-neotkriveni-dijamant-dodjite-i-otkrijte-cari-najljepse-zemlje-na-svijetu\/#primaryimage"},"image":{"@id":"https:\/\/dmcsrb.com\/en\/politika\/abazovic-otvorio-samit-u-gvanzu-crna-gora-je-neotkriveni-dijamant-dodjite-i-otkrijte-cari-najljepse-zemlje-na-svijetu\/#primaryimage"},"thumbnailUrl":"https:\/\/dmcsrb.com\/wp-content\/uploads\/2026\/01\/003-2.webp","datePublished":"2025-09-16T13:07:00+00:00","author":{"@id":"https:\/\/dmcsrb.com\/#\/schema\/person\/5c39170f12db1b8b457732d0b5c854e2"},"breadcrumb":{"@id":"https:\/\/dmcsrb.com\/en\/politika\/abazovic-otvorio-samit-u-gvanzu-crna-gora-je-neotkriveni-dijamant-dodjite-i-otkrijte-cari-najljepse-zemlje-na-svijetu\/#breadcrumb"},"inLanguage":"en-GB","potentialAction":[{"@type":"ReadAction","target":["https:\/\/dmcsrb.com\/en\/politika\/abazovic-otvorio-samit-u-gvanzu-crna-gora-je-neotkriveni-dijamant-dodjite-i-otkrijte-cari-najljepse-zemlje-na-svijetu\/"]}]},{"@type":"ImageObject","inLanguage":"en-GB","@id":"https:\/\/dmcsrb.com\/en\/politika\/abazovic-otvorio-samit-u-gvanzu-crna-gora-je-neotkriveni-dijamant-dodjite-i-otkrijte-cari-najljepse-zemlje-na-svijetu\/#primaryimage","url":"https:\/\/dmcsrb.com\/wp-content\/uploads\/2026\/01\/003-2.webp","contentUrl":"https:\/\/dmcsrb.com\/wp-content\/uploads\/2026\/01\/003-2.webp","width":1800,"height":1200},{"@type":"BreadcrumbList","@id":"https:\/\/dmcsrb.com\/en\/politika\/abazovic-otvorio-samit-u-gvanzu-crna-gora-je-neotkriveni-dijamant-dodjite-i-otkrijte-cari-najljepse-zemlje-na-svijetu\/#breadcrumb","itemListElement":[{"@type":"ListItem","position":1,"name":"Home","item":"https:\/\/dmcsrb.com\/"},{"@type":"ListItem","position":2,"name":"Abazovi\u0107 otvorio samit u Gvan\u017eu: Crna Gora je neotkriveni dijamant, do\u0111ite i otkrijte \u010dari najljep\u0161e zemlje na svijetu"}]},{"@type":"WebSite","@id":"https:\/\/dmcsrb.com\/#website","url":"https:\/\/dmcsrb.com\/","name":"dmcsrb.com","description":"","potentialAction":[{"@type":"SearchAction","target":{"@type":"EntryPoint","urlTemplate":"https:\/\/dmcsrb.com\/?s={search_term_string}"},"query-input":{"@type":"PropertyValueSpecification","valueRequired":true,"valueName":"search_term_string"}}],"inLanguage":"en-GB"},{"@type":"Person","@id":"https:\/\/dmcsrb.com\/#\/schema\/person\/5c39170f12db1b8b457732d0b5c854e2","name":"dmcsrbija.com@gmail.com","image":{"@type":"ImageObject","inLanguage":"en-GB","@id":"https:\/\/secure.gravatar.com\/avatar\/68592660ad6347fad0fb587f8d5d8f1a7b44961362f56e4f2cd524feb87e9069?s=96&d=mm&r=g","url":"https:\/\/secure.gravatar.com\/avatar\/68592660ad6347fad0fb587f8d5d8f1a7b44961362f56e4f2cd524feb87e9069?s=96&d=mm&r=g","contentUrl":"https:\/\/secure.gravatar.com\/avatar\/68592660ad6347fad0fb587f8d5d8f1a7b44961362f56e4f2cd524feb87e9069?s=96&d=mm&r=g","caption":"dmcsrbija.com@gmail.com"},"sameAs":["https:\/\/dmcsrb.com"],"url":"https:\/\/dmcsrb.com\/en\/author\/dmcsrbija-comgmail-com\/"}]}},"_links":{"self":[{"href":"https:\/\/dmcsrb.com\/en\/wp-json\/wp\/v2\/posts\/952403","targetHints":{"allow":["GET"]}}],"collection":[{"href":"https:\/\/dmcsrb.com\/en\/wp-json\/wp\/v2\/posts"}],"about":[{"href":"https:\/\/dmcsrb.com\/en\/wp-json\/wp\/v2\/types\/post"}],"author":[{"embeddable":true,"href":"https:\/\/dmcsrb.com\/en\/wp-json\/wp\/v2\/users\/1"}],"replies":[{"embeddable":true,"href":"https:\/\/dmcsrb.com\/en\/wp-json\/wp\/v2\/comments?post=952403"}],"version-history":[{"count":0,"href":"https:\/\/dmcsrb.com\/en\/wp-json\/wp\/v2\/posts\/952403\/revisions"}],"wp:featuredmedia":[{"embeddable":true,"href":"https:\/\/dmcsrb.com\/en\/wp-json\/wp\/v2\/media\/952404"}],"wp:attachment":[{"href":"https:\/\/dmcsrb.com\/en\/wp-json\/wp\/v2\/media?parent=952403"}],"wp:term":[{"taxonomy":"category","embeddable":true,"href":"https:\/\/dmcsrb.com\/en\/wp-json\/wp\/v2\/categories?post=952403"},{"taxonomy":"post_tag","embeddable":true,"href":"https:\/\/dmcsrb.com\/en\/wp-json\/wp\/v2\/tags?post=952403"},{"taxonomy":"naslovna","embeddable":true,"href":"https:\/\/dmcsrb.com\/en\/wp-json\/wp\/v2\/naslovna?post=952403"}],"curies":[{"name":"wp","href":"https:\/\/api.w.org\/{rel}","templated":true}]}}