{"id":952397,"date":"2025-09-16T14:25:00","date_gmt":"2025-09-16T12:25:00","guid":{"rendered":"https:\/\/dmcsrb.com\/uncategorized\/izrael-nakon-upozorenja-napao-luku-u-jemenu-idf-usao-u-grad-gazu\/"},"modified":"2025-09-16T14:25:00","modified_gmt":"2025-09-16T12:25:00","slug":"izrael-nakon-upozorenja-napao-luku-u-jemenu-idf-usao-u-grad-gazu","status":"publish","type":"post","link":"https:\/\/dmcsrb.com\/en\/svijet\/izrael-nakon-upozorenja-napao-luku-u-jemenu-idf-usao-u-grad-gazu\/","title":{"rendered":"Izrael nakon upozorenja napao luku u Jemenu, IDF u\u0161ao u grad Gazu"},"content":{"rendered":"<p><\/p>\n\n\n\n<p>Istovremeno je komisija UN-a objavila saop\u0161tenje u kojem se navodi da\u00a0Izrael provodi genocid u Gazi.\u00a0Izrael to odbacuje.<\/p>\n\n\n\n<p>Izraelski ratni avioni izveli su gotovo kontinuirane napade na Gazu tokom no\u0107i, uz topovsku vatru, saop\u0161tila je palestinska novinska agencija WAFA. Palestinski mediji saop\u0161tili su da su tenkovi kasnije u\u0161li u grad. IDF je objavio da je\u00a0u gradu ostalo vi\u0161e od 600.000 ljudi, javlja <strong>Index.hr<\/strong>.<\/p>","protected":false},"excerpt":{"rendered":"<p>Izraelska vojska poja\u010dala je napade na Gazu, a izraelski zvani\u010dnici ka\u017eu da je operacija ozna\u010dila po\u010detak kopnene ofanzive u najve\u0107em gradu Pojasa Gaze.<\/p>","protected":false},"author":1,"featured_media":952398,"comment_status":"open","ping_status":"open","sticky":false,"template":"","format":"standard","meta":{"_acf_changed":false,"footnotes":""},"categories":[144],"tags":[8227,8228,751,7664,8229,8230,3881],"naslovna":[],"class_list":["post-952397","post","type-post","status-publish","format-standard","has-post-thumbnail","hentry","category-svijet","tag-grad-gaza","tag-idf","tag-izrael","tag-jemen","tag-napad-na-luku","tag-ulazak-u-grad","tag-upozorenje"],"acf":[],"yoast_head":"<!-- This site is optimized with the Yoast SEO plugin v27.4 - https:\/\/yoast.com\/product\/yoast-seo-wordpress\/ -->\n<title>Izrael nakon upozorenja napao luku u Jemenu, IDF u\u0161ao u grad Gazu - dmcsrb.com<\/title>\n<meta name=\"robots\" content=\"index, follow, max-snippet:-1, max-image-preview:large, max-video-preview:-1\" \/>\n<link rel=\"canonical\" href=\"https:\/\/dmcsrb.com\/en\/svijet\/izrael-nakon-upozorenja-napao-luku-u-jemenu-idf-usao-u-grad-gazu\/\" \/>\n<meta property=\"og:locale\" content=\"en_GB\" \/>\n<meta property=\"og:type\" content=\"article\" \/>\n<meta property=\"og:title\" content=\"Izrael nakon upozorenja napao luku u Jemenu, IDF u\u0161ao u grad Gazu - dmcsrb.com\" \/>\n<meta property=\"og:description\" content=\"Izraelska vojska poja\u010dala je napade na Gazu, a izraelski zvani\u010dnici ka\u017eu da je operacija ozna\u010dila po\u010detak kopnene ofanzive u najve\u0107em gradu Pojasa Gaze.\" \/>\n<meta property=\"og:url\" content=\"https:\/\/dmcsrb.com\/en\/svijet\/izrael-nakon-upozorenja-napao-luku-u-jemenu-idf-usao-u-grad-gazu\/\" \/>\n<meta property=\"og:site_name\" content=\"dmcsrb.com\" \/>\n<meta property=\"article:published_time\" content=\"2025-09-16T12:25:00+00:00\" \/>\n<meta property=\"og:image\" content=\"https:\/\/dmcsrb.com\/wp-content\/uploads\/2026\/01\/Capture-39-3.webp\" \/>\n\t<meta property=\"og:image:width\" content=\"499\" \/>\n\t<meta property=\"og:image:height\" content=\"278\" \/>\n\t<meta property=\"og:image:type\" content=\"image\/jpeg\" \/>\n<meta name=\"author\" content=\"dmcsrbija.com@gmail.com\" \/>\n<meta name=\"twitter:card\" content=\"summary_large_image\" \/>\n<meta name=\"twitter:label1\" content=\"Written by\" \/>\n\t<meta name=\"twitter:data1\" content=\"dmcsrbija.com@gmail.com\" \/>\n<script type=\"application\/ld+json\" class=\"yoast-schema-graph\">{\"@context\":\"https:\\\/\\\/schema.org\",\"@graph\":[{\"@type\":\"Article\",\"@id\":\"https:\\\/\\\/dmcsrb.com\\\/svijet\\\/izrael-nakon-upozorenja-napao-luku-u-jemenu-idf-usao-u-grad-gazu\\\/#article\",\"isPartOf\":{\"@id\":\"https:\\\/\\\/dmcsrb.com\\\/svijet\\\/izrael-nakon-upozorenja-napao-luku-u-jemenu-idf-usao-u-grad-gazu\\\/\"},\"author\":{\"name\":\"dmcsrbija.com@gmail.com\",\"@id\":\"https:\\\/\\\/dmcsrb.com\\\/#\\\/schema\\\/person\\\/5c39170f12db1b8b457732d0b5c854e2\"},\"headline\":\"Izrael nakon upozorenja napao luku u Jemenu, IDF u\u0161ao u grad Gazu\",\"datePublished\":\"2025-09-16T12:25:00+00:00\",\"mainEntityOfPage\":{\"@id\":\"https:\\\/\\\/dmcsrb.com\\\/svijet\\\/izrael-nakon-upozorenja-napao-luku-u-jemenu-idf-usao-u-grad-gazu\\\/\"},\"wordCount\":84,\"commentCount\":0,\"image\":{\"@id\":\"https:\\\/\\\/dmcsrb.com\\\/svijet\\\/izrael-nakon-upozorenja-napao-luku-u-jemenu-idf-usao-u-grad-gazu\\\/#primaryimage\"},\"thumbnailUrl\":\"https:\\\/\\\/dmcsrb.com\\\/wp-content\\\/uploads\\\/2026\\\/01\\\/Capture-39-3.webp\",\"keywords\":[\"Grad Gaza\",\"IDF\",\"Izrael\",\"Jemen\",\"Napad na luku\",\"Ulazak u grad\",\"upozorenje\"],\"articleSection\":[\"Svijet\"],\"inLanguage\":\"en-GB\",\"potentialAction\":[{\"@type\":\"CommentAction\",\"name\":\"Comment\",\"target\":[\"https:\\\/\\\/dmcsrb.com\\\/svijet\\\/izrael-nakon-upozorenja-napao-luku-u-jemenu-idf-usao-u-grad-gazu\\\/#respond\"]}]},{\"@type\":\"WebPage\",\"@id\":\"https:\\\/\\\/dmcsrb.com\\\/svijet\\\/izrael-nakon-upozorenja-napao-luku-u-jemenu-idf-usao-u-grad-gazu\\\/\",\"url\":\"https:\\\/\\\/dmcsrb.com\\\/svijet\\\/izrael-nakon-upozorenja-napao-luku-u-jemenu-idf-usao-u-grad-gazu\\\/\",\"name\":\"Izrael nakon upozorenja napao luku u Jemenu, IDF u\u0161ao u grad Gazu - dmcsrb.com\",\"isPartOf\":{\"@id\":\"https:\\\/\\\/dmcsrb.com\\\/#website\"},\"primaryImageOfPage\":{\"@id\":\"https:\\\/\\\/dmcsrb.com\\\/svijet\\\/izrael-nakon-upozorenja-napao-luku-u-jemenu-idf-usao-u-grad-gazu\\\/#primaryimage\"},\"image\":{\"@id\":\"https:\\\/\\\/dmcsrb.com\\\/svijet\\\/izrael-nakon-upozorenja-napao-luku-u-jemenu-idf-usao-u-grad-gazu\\\/#primaryimage\"},\"thumbnailUrl\":\"https:\\\/\\\/dmcsrb.com\\\/wp-content\\\/uploads\\\/2026\\\/01\\\/Capture-39-3.webp\",\"datePublished\":\"2025-09-16T12:25:00+00:00\",\"author\":{\"@id\":\"https:\\\/\\\/dmcsrb.com\\\/#\\\/schema\\\/person\\\/5c39170f12db1b8b457732d0b5c854e2\"},\"breadcrumb\":{\"@id\":\"https:\\\/\\\/dmcsrb.com\\\/svijet\\\/izrael-nakon-upozorenja-napao-luku-u-jemenu-idf-usao-u-grad-gazu\\\/#breadcrumb\"},\"inLanguage\":\"en-GB\",\"potentialAction\":[{\"@type\":\"ReadAction\",\"target\":[\"https:\\\/\\\/dmcsrb.com\\\/svijet\\\/izrael-nakon-upozorenja-napao-luku-u-jemenu-idf-usao-u-grad-gazu\\\/\"]}]},{\"@type\":\"ImageObject\",\"inLanguage\":\"en-GB\",\"@id\":\"https:\\\/\\\/dmcsrb.com\\\/svijet\\\/izrael-nakon-upozorenja-napao-luku-u-jemenu-idf-usao-u-grad-gazu\\\/#primaryimage\",\"url\":\"https:\\\/\\\/dmcsrb.com\\\/wp-content\\\/uploads\\\/2026\\\/01\\\/Capture-39-3.webp\",\"contentUrl\":\"https:\\\/\\\/dmcsrb.com\\\/wp-content\\\/uploads\\\/2026\\\/01\\\/Capture-39-3.webp\",\"width\":499,\"height\":278},{\"@type\":\"BreadcrumbList\",\"@id\":\"https:\\\/\\\/dmcsrb.com\\\/svijet\\\/izrael-nakon-upozorenja-napao-luku-u-jemenu-idf-usao-u-grad-gazu\\\/#breadcrumb\",\"itemListElement\":[{\"@type\":\"ListItem\",\"position\":1,\"name\":\"Home\",\"item\":\"https:\\\/\\\/dmcsrb.com\\\/\"},{\"@type\":\"ListItem\",\"position\":2,\"name\":\"Izrael nakon upozorenja napao luku u Jemenu, IDF u\u0161ao u grad Gazu\"}]},{\"@type\":\"WebSite\",\"@id\":\"https:\\\/\\\/dmcsrb.com\\\/#website\",\"url\":\"https:\\\/\\\/dmcsrb.com\\\/\",\"name\":\"dmcsrb.com\",\"description\":\"\",\"potentialAction\":[{\"@type\":\"SearchAction\",\"target\":{\"@type\":\"EntryPoint\",\"urlTemplate\":\"https:\\\/\\\/dmcsrb.com\\\/?s={search_term_string}\"},\"query-input\":{\"@type\":\"PropertyValueSpecification\",\"valueRequired\":true,\"valueName\":\"search_term_string\"}}],\"inLanguage\":\"en-GB\"},{\"@type\":\"Person\",\"@id\":\"https:\\\/\\\/dmcsrb.com\\\/#\\\/schema\\\/person\\\/5c39170f12db1b8b457732d0b5c854e2\",\"name\":\"dmcsrbija.com@gmail.com\",\"image\":{\"@type\":\"ImageObject\",\"inLanguage\":\"en-GB\",\"@id\":\"https:\\\/\\\/secure.gravatar.com\\\/avatar\\\/68592660ad6347fad0fb587f8d5d8f1a7b44961362f56e4f2cd524feb87e9069?s=96&d=mm&r=g\",\"url\":\"https:\\\/\\\/secure.gravatar.com\\\/avatar\\\/68592660ad6347fad0fb587f8d5d8f1a7b44961362f56e4f2cd524feb87e9069?s=96&d=mm&r=g\",\"contentUrl\":\"https:\\\/\\\/secure.gravatar.com\\\/avatar\\\/68592660ad6347fad0fb587f8d5d8f1a7b44961362f56e4f2cd524feb87e9069?s=96&d=mm&r=g\",\"caption\":\"dmcsrbija.com@gmail.com\"},\"sameAs\":[\"https:\\\/\\\/dmcsrb.com\"],\"url\":\"https:\\\/\\\/dmcsrb.com\\\/en\\\/author\\\/dmcsrbija-comgmail-com\\\/\"}]}<\/script>\n<!-- \/ Yoast SEO plugin. -->","yoast_head_json":{"title":"Izrael nakon upozorenja napao luku u Jemenu, IDF u\u0161ao u grad Gazu - dmcsrb.com","robots":{"index":"index","follow":"follow","max-snippet":"max-snippet:-1","max-image-preview":"max-image-preview:large","max-video-preview":"max-video-preview:-1"},"canonical":"https:\/\/dmcsrb.com\/en\/svijet\/izrael-nakon-upozorenja-napao-luku-u-jemenu-idf-usao-u-grad-gazu\/","og_locale":"en_GB","og_type":"article","og_title":"Izrael nakon upozorenja napao luku u Jemenu, IDF u\u0161ao u grad Gazu - dmcsrb.com","og_description":"Izraelska vojska poja\u010dala je napade na Gazu, a izraelski zvani\u010dnici ka\u017eu da je operacija ozna\u010dila po\u010detak kopnene ofanzive u najve\u0107em gradu Pojasa Gaze.","og_url":"https:\/\/dmcsrb.com\/en\/svijet\/izrael-nakon-upozorenja-napao-luku-u-jemenu-idf-usao-u-grad-gazu\/","og_site_name":"dmcsrb.com","article_published_time":"2025-09-16T12:25:00+00:00","og_image":[{"width":499,"height":278,"url":"https:\/\/dmcsrb.com\/wp-content\/uploads\/2026\/01\/Capture-39-3.webp","type":"image\/jpeg"}],"author":"dmcsrbija.com@gmail.com","twitter_card":"summary_large_image","twitter_misc":{"Written by":"dmcsrbija.com@gmail.com"},"schema":{"@context":"https:\/\/schema.org","@graph":[{"@type":"Article","@id":"https:\/\/dmcsrb.com\/svijet\/izrael-nakon-upozorenja-napao-luku-u-jemenu-idf-usao-u-grad-gazu\/#article","isPartOf":{"@id":"https:\/\/dmcsrb.com\/svijet\/izrael-nakon-upozorenja-napao-luku-u-jemenu-idf-usao-u-grad-gazu\/"},"author":{"name":"dmcsrbija.com@gmail.com","@id":"https:\/\/dmcsrb.com\/#\/schema\/person\/5c39170f12db1b8b457732d0b5c854e2"},"headline":"Izrael nakon upozorenja napao luku u Jemenu, IDF u\u0161ao u grad Gazu","datePublished":"2025-09-16T12:25:00+00:00","mainEntityOfPage":{"@id":"https:\/\/dmcsrb.com\/svijet\/izrael-nakon-upozorenja-napao-luku-u-jemenu-idf-usao-u-grad-gazu\/"},"wordCount":84,"commentCount":0,"image":{"@id":"https:\/\/dmcsrb.com\/svijet\/izrael-nakon-upozorenja-napao-luku-u-jemenu-idf-usao-u-grad-gazu\/#primaryimage"},"thumbnailUrl":"https:\/\/dmcsrb.com\/wp-content\/uploads\/2026\/01\/Capture-39-3.webp","keywords":["Grad Gaza","IDF","Izrael","Jemen","Napad na luku","Ulazak u grad","upozorenje"],"articleSection":["Svijet"],"inLanguage":"en-GB","potentialAction":[{"@type":"CommentAction","name":"Comment","target":["https:\/\/dmcsrb.com\/svijet\/izrael-nakon-upozorenja-napao-luku-u-jemenu-idf-usao-u-grad-gazu\/#respond"]}]},{"@type":"WebPage","@id":"https:\/\/dmcsrb.com\/svijet\/izrael-nakon-upozorenja-napao-luku-u-jemenu-idf-usao-u-grad-gazu\/","url":"https:\/\/dmcsrb.com\/svijet\/izrael-nakon-upozorenja-napao-luku-u-jemenu-idf-usao-u-grad-gazu\/","name":"Izrael nakon upozorenja napao luku u Jemenu, IDF u\u0161ao u grad Gazu - dmcsrb.com","isPartOf":{"@id":"https:\/\/dmcsrb.com\/#website"},"primaryImageOfPage":{"@id":"https:\/\/dmcsrb.com\/svijet\/izrael-nakon-upozorenja-napao-luku-u-jemenu-idf-usao-u-grad-gazu\/#primaryimage"},"image":{"@id":"https:\/\/dmcsrb.com\/svijet\/izrael-nakon-upozorenja-napao-luku-u-jemenu-idf-usao-u-grad-gazu\/#primaryimage"},"thumbnailUrl":"https:\/\/dmcsrb.com\/wp-content\/uploads\/2026\/01\/Capture-39-3.webp","datePublished":"2025-09-16T12:25:00+00:00","author":{"@id":"https:\/\/dmcsrb.com\/#\/schema\/person\/5c39170f12db1b8b457732d0b5c854e2"},"breadcrumb":{"@id":"https:\/\/dmcsrb.com\/svijet\/izrael-nakon-upozorenja-napao-luku-u-jemenu-idf-usao-u-grad-gazu\/#breadcrumb"},"inLanguage":"en-GB","potentialAction":[{"@type":"ReadAction","target":["https:\/\/dmcsrb.com\/svijet\/izrael-nakon-upozorenja-napao-luku-u-jemenu-idf-usao-u-grad-gazu\/"]}]},{"@type":"ImageObject","inLanguage":"en-GB","@id":"https:\/\/dmcsrb.com\/svijet\/izrael-nakon-upozorenja-napao-luku-u-jemenu-idf-usao-u-grad-gazu\/#primaryimage","url":"https:\/\/dmcsrb.com\/wp-content\/uploads\/2026\/01\/Capture-39-3.webp","contentUrl":"https:\/\/dmcsrb.com\/wp-content\/uploads\/2026\/01\/Capture-39-3.webp","width":499,"height":278},{"@type":"BreadcrumbList","@id":"https:\/\/dmcsrb.com\/svijet\/izrael-nakon-upozorenja-napao-luku-u-jemenu-idf-usao-u-grad-gazu\/#breadcrumb","itemListElement":[{"@type":"ListItem","position":1,"name":"Home","item":"https:\/\/dmcsrb.com\/"},{"@type":"ListItem","position":2,"name":"Izrael nakon upozorenja napao luku u Jemenu, IDF u\u0161ao u grad Gazu"}]},{"@type":"WebSite","@id":"https:\/\/dmcsrb.com\/#website","url":"https:\/\/dmcsrb.com\/","name":"dmcsrb.com","description":"","potentialAction":[{"@type":"SearchAction","target":{"@type":"EntryPoint","urlTemplate":"https:\/\/dmcsrb.com\/?s={search_term_string}"},"query-input":{"@type":"PropertyValueSpecification","valueRequired":true,"valueName":"search_term_string"}}],"inLanguage":"en-GB"},{"@type":"Person","@id":"https:\/\/dmcsrb.com\/#\/schema\/person\/5c39170f12db1b8b457732d0b5c854e2","name":"dmcsrbija.com@gmail.com","image":{"@type":"ImageObject","inLanguage":"en-GB","@id":"https:\/\/secure.gravatar.com\/avatar\/68592660ad6347fad0fb587f8d5d8f1a7b44961362f56e4f2cd524feb87e9069?s=96&d=mm&r=g","url":"https:\/\/secure.gravatar.com\/avatar\/68592660ad6347fad0fb587f8d5d8f1a7b44961362f56e4f2cd524feb87e9069?s=96&d=mm&r=g","contentUrl":"https:\/\/secure.gravatar.com\/avatar\/68592660ad6347fad0fb587f8d5d8f1a7b44961362f56e4f2cd524feb87e9069?s=96&d=mm&r=g","caption":"dmcsrbija.com@gmail.com"},"sameAs":["https:\/\/dmcsrb.com"],"url":"https:\/\/dmcsrb.com\/en\/author\/dmcsrbija-comgmail-com\/"}]}},"_links":{"self":[{"href":"https:\/\/dmcsrb.com\/en\/wp-json\/wp\/v2\/posts\/952397","targetHints":{"allow":["GET"]}}],"collection":[{"href":"https:\/\/dmcsrb.com\/en\/wp-json\/wp\/v2\/posts"}],"about":[{"href":"https:\/\/dmcsrb.com\/en\/wp-json\/wp\/v2\/types\/post"}],"author":[{"embeddable":true,"href":"https:\/\/dmcsrb.com\/en\/wp-json\/wp\/v2\/users\/1"}],"replies":[{"embeddable":true,"href":"https:\/\/dmcsrb.com\/en\/wp-json\/wp\/v2\/comments?post=952397"}],"version-history":[{"count":0,"href":"https:\/\/dmcsrb.com\/en\/wp-json\/wp\/v2\/posts\/952397\/revisions"}],"wp:featuredmedia":[{"embeddable":true,"href":"https:\/\/dmcsrb.com\/en\/wp-json\/wp\/v2\/media\/952398"}],"wp:attachment":[{"href":"https:\/\/dmcsrb.com\/en\/wp-json\/wp\/v2\/media?parent=952397"}],"wp:term":[{"taxonomy":"category","embeddable":true,"href":"https:\/\/dmcsrb.com\/en\/wp-json\/wp\/v2\/categories?post=952397"},{"taxonomy":"post_tag","embeddable":true,"href":"https:\/\/dmcsrb.com\/en\/wp-json\/wp\/v2\/tags?post=952397"},{"taxonomy":"naslovna","embeddable":true,"href":"https:\/\/dmcsrb.com\/en\/wp-json\/wp\/v2\/naslovna?post=952397"}],"curies":[{"name":"wp","href":"https:\/\/api.w.org\/{rel}","templated":true}]}}