{"id":952391,"date":"2025-09-16T13:58:00","date_gmt":"2025-09-16T11:58:00","guid":{"rendered":"https:\/\/dmcsrb.com\/uncategorized\/vukicevic-sa-fortom-deblokiran-proces-za-gradnju-medjudrzavnog-mosta-na-scepan-polju-uskoro-izbor-izvodjaca-radova\/"},"modified":"2025-09-16T13:58:00","modified_gmt":"2025-09-16T11:58:00","slug":"vukicevic-sa-fortom-deblokiran-proces-za-gradnju-medjudrzavnog-mosta-na-scepan-polju-uskoro-izbor-izvodjaca-radova","status":"publish","type":"post","link":"https:\/\/dmcsrb.com\/en\/ekonomija\/vukicevic-sa-fortom-deblokiran-proces-za-gradnju-medjudrzavnog-mosta-na-scepan-polju-uskoro-izbor-izvodjaca-radova\/","title":{"rendered":"Vuki\u0107evi\u0107 sa Fortom: Deblokiran proces za gradnju me\u0111udr\u017eavnog mosta na \u0160\u0107epan Polju, uskoro izbor izvo\u0111a\u010da radova"},"content":{"rendered":"<p><\/p>\n\n\n\n<p>Sastanku su, kako su naveli u saop\u0161tenju, prisustvovali i direktori Monteputa i Uprave za saobra\u0107aj&nbsp;<strong>Milan Ljiljani\u0107<\/strong>&nbsp;i&nbsp;<strong>Radomir Vuksanovi\u0107<\/strong>.<\/p>\n\n\n\n<p>\u201cU fokusu razgovora bila je izgradnja me\u0111udr\u017eavnog mosta na grani\u010dnom prelazu Hum \u2013 \u0160\u0107epan Polje, kao jednog od najva\u017enijih zajedni\u010dkih projekata\u201d, naglasili su.<\/p>\n\n\n\n<p>Forto je istakao da je na sastanku razgovarano o detaljima ovog zna\u010dajnog projekta.<\/p>\n\n\n\n<p>&#8220;Moram vam re\u0107i da smo dobar dio sastanka posvetili ne\u010demu \u0161to se upravo de\u0161ava &#8211; ostvarivanje jedne legende, jedne ceste koja je bila samo u ma\u0161ti gra\u0111ana regije, a to je cesta \u0160\u0107epan Polje. Od 1983. godine se govori o toj cesti. Ja sam dobar dio svog mandata posvetio, bar u ovom dijelu sa strane Bosne i Hercegovine, da se napokon projekat otko\u010di. Sre\u0107om, u Crnoj Gori imamo partnere koji \u017eele tako\u0111er da urade sa svoje strane iste napore kako bi napokon imali jednu modernu cestu koja povezuje dva glavna grada i dvije evropske dr\u017eave. Ovaj projekat je trenutno u fazi gdje se biraju i nadzori i izvo\u0111a\u010di. Kada govorimo o dijelu koju finansira Ministarstvo komunikacije i prometa Bosne i Hercegovine, to \u0107e biti sam most na grani\u010dnom prijelazu preko Tare, kao i kilometar pristupne ceste koji \u0107emo raditi u saradnji sa putevima Republike Srpske, koji \u0107e biti nosioci ovog projekta&#8221;, kazao je Forto.<\/p>\n\n\n\n<p>Dodao je da je druga tema razgovora bila izgradnja Jadransko-jonskog autoputa.<\/p>\n\n\n\n<p>&#8220;Crna Gora pokazuje poseban interes za ovaj projekat. Bosna i Hercegovina je uradila neke korake jo\u0161 prije desetak godina vezano za pokretanje i izrade dokumentacije za ovu autocestu. Podsjetit \u0107u vas, to je cesta koja bi spojila Albaniju, Crnu Goru i Bosnu i Hercegovinu na na\u010din da bi bar sa bosansko-hercegova\u010dke strane to i\u0161lo od Po\u010ditelja preko poteza u zale\u0111u Neuma, izme\u0111u Stoca i Neuma, preko Popovog polja dalje prema Crnoj Gori&#8221;, naveo je Forto.<\/p>\n\n\n\n<p>Istakao je da \u0107e se u narednom periodu intenzivirati saradnja te da je razgovarano i o pruzi \u010capljina-Nik\u0161i\u0107.<\/p>\n\n\n\n<p>&#8220;To je pruga koja bi u budu\u0107nosti, koliko god skupa bila, mogla povezati tri luke &#8211; Plo\u010de, Bar i Dra\u010d. Generalno \u017eeljezni\u010dka infrastruktura je skupa, ali ne mo\u017eemo pobje\u0107i od toga da je ulaganje u \u017eeljeznicu ulaganje u budu\u0107nost. To je transport budu\u0107nosti&#8221;, kazao je.<\/p>\n\n\n\n<p>Vuki\u0107evi\u0107 je istakla da je proces kona\u010dno otko\u010den i da se uskoro o\u010dekuje izbor izvo\u0111a\u010da radova, \u010dime \u0107e zapo\u010deti realizacija vi\u0161edecenijske inicijative.<\/p>\n\n\n\n<p>\u201cPrema dogovoru, dvije strane snose jednake tro\u0161kove izgradnje mosta, istovremeno imaju\u0107i obavezu da urede i pristupne puteve.&nbsp;Crna Gora ve\u0107 sprovodi aktivnosti na projektovanju i modernizaciji saobra\u0107ajnica na svojoj strani, uklju\u010duju\u0107i i radove na dionici Zaborje \u2013 Jasenovo Polje\u201d, pojasnili su iz Ministarstva saobra\u0107aja.<\/p>\n\n\n\n<p>Kako su dodali, Vuki\u0107evi\u0107 je u izjavi za medije, navela je da radovi na ovoj dionici teku ispred predvi\u0111ene dinamike, a asfalterski radovi bi\u0107e zavr\u0161eni do kraja ove godine.<\/p>\n\n\n\n<p>Pored izgradnje mosta, pi\u0161e dalje u saop\u0161tenju, razgovarano je i o drugim infrastrukturnim projektima od regionalnog zna\u010daja, me\u0111u kojima su Jadransko-jonski autoput, razvoj pruge \u010capljina \u2013 Nik\u0161i\u0107, liberalizacija me\u0111unarodnih dozvola i digitalizacija grani\u010dnih procedura, sa ciljem ubrzanja transporta ljudi i roba.<\/p>\n\n\n\n<p>\u201cZadovoljstvo mi je \u0161to smo uspjeli da pokrenemo proces za gradnju mosta na \u0160\u0107epan Polju. Vjerujem da \u0107e ovaj projekat zna\u010dajno doprinijeti boljoj povezanosti na\u0161ih dr\u017eava, razvoju turizma i ekonomije, ali i ja\u010danju regionalne saradnje. O\u010dekujem da \u0107emo u narednih mjesec do dva imati izabranog izvo\u0111a\u010da i da \u0107emo kona\u010dno krenuti u realizaciju projekta koji gra\u0111ani s obje strane granice dugo \u010dekaju\u201d, istakla je Vuki\u0107evi\u0107.<\/p>\n\n\n\n<p>Dodala je da je uvjerena da je budu\u0107nost regiona u Evropskoj uniji i da u Crnoj Gori o\u010dekuju da u narednom periodu zatvore sva pregovara\u010dka poglavlja i postanu punopravna \u010dlanica EU.<\/p>\n\n\n\n<p>\u201cMinistarstvo saobra\u0107aja ostaje posve\u0107eno daljem unapre\u0111enju transportne infrastrukture i intenziviranju saradnje sa susjednim dr\u017eavama, uz uvjerenje da \u0107e zajedni\u010dki projekti doprinijeti stabilnosti i evropskoj perspektivi cijelog regiona\u201d, zaklju\u010dili su.<\/p>\n\n\n\n<p><\/p>","protected":false},"excerpt":{"rendered":"<p>Ministarka saobra\u0107aja\u00a0Maja Vuki\u0107evi\u0107, sa saradnicima, boravila je u slu\u017ebenoj posjeti Ministarstvu komunikacija i transporta Bosne i Hercegovine, gdje je sa ministrom\u00a0Edinom Fortom\u00a0razgovarala o klju\u010dnim infrastrukturnim projektima koji povezuju dvije dr\u017eave. Kako je saop\u0161teno iz njenog resora, tom prilikom je istaknuto da je deblokiran proces za gradnju me\u0111udr\u017eavnog mosta na \u0160\u0107epan Polju, i da se uskoro o\u010dekuje izbor izvo\u0111a\u010da radova.<\/p>","protected":false},"author":1,"featured_media":952392,"comment_status":"open","ping_status":"open","sticky":false,"template":"","format":"standard","meta":{"_acf_changed":false,"footnotes":""},"categories":[27],"tags":[1898,8224,3081,8225,4365],"naslovna":[],"class_list":["post-952391","post","type-post","status-publish","format-standard","has-post-thumbnail","hentry","category-ekonomija","tag-maja-vukicevic","tag-milan-ljiljanic","tag-ministarstvo-saobracaja","tag-most-na-scepan-polju","tag-radomir-vuksanovic"],"acf":[],"yoast_head":"<!-- This site is optimized with the Yoast SEO plugin v27.0 - https:\/\/yoast.com\/product\/yoast-seo-wordpress\/ -->\n<title>Vuki\u0107evi\u0107 sa Fortom: Deblokiran proces za gradnju me\u0111udr\u017eavnog mosta na \u0160\u0107epan Polju, uskoro izbor izvo\u0111a\u010da radova - dmcsrb.com<\/title>\n<meta name=\"robots\" content=\"index, follow, max-snippet:-1, max-image-preview:large, max-video-preview:-1\" \/>\n<link rel=\"canonical\" href=\"https:\/\/dmcsrb.com\/en\/ekonomija\/vukicevic-sa-fortom-deblokiran-proces-za-gradnju-medjudrzavnog-mosta-na-scepan-polju-uskoro-izbor-izvodjaca-radova\/\" \/>\n<meta property=\"og:locale\" content=\"en_GB\" \/>\n<meta property=\"og:type\" content=\"article\" \/>\n<meta property=\"og:title\" content=\"Vuki\u0107evi\u0107 sa Fortom: Deblokiran proces za gradnju me\u0111udr\u017eavnog mosta na \u0160\u0107epan Polju, uskoro izbor izvo\u0111a\u010da radova - dmcsrb.com\" \/>\n<meta property=\"og:description\" content=\"Ministarka saobra\u0107aja\u00a0Maja Vuki\u0107evi\u0107, sa saradnicima, boravila je u slu\u017ebenoj posjeti Ministarstvu komunikacija i transporta Bosne i Hercegovine, gdje je sa ministrom\u00a0Edinom Fortom\u00a0razgovarala o klju\u010dnim infrastrukturnim projektima koji povezuju dvije dr\u017eave. Kako je saop\u0161teno iz njenog resora, tom prilikom je istaknuto da je deblokiran proces za gradnju me\u0111udr\u017eavnog mosta na \u0160\u0107epan Polju, i da se uskoro o\u010dekuje izbor izvo\u0111a\u010da radova.\" \/>\n<meta property=\"og:url\" content=\"https:\/\/dmcsrb.com\/en\/ekonomija\/vukicevic-sa-fortom-deblokiran-proces-za-gradnju-medjudrzavnog-mosta-na-scepan-polju-uskoro-izbor-izvodjaca-radova\/\" \/>\n<meta property=\"og:site_name\" content=\"dmcsrb.com\" \/>\n<meta property=\"article:published_time\" content=\"2025-09-16T11:58:00+00:00\" \/>\n<meta property=\"og:image\" content=\"https:\/\/dmcsrb.com\/wp-content\/uploads\/2026\/01\/Maja-Vukicevic-u-BiH-foto-ministarstvo-saobracaja-klix.webp\" \/>\n\t<meta property=\"og:image:width\" content=\"1164\" \/>\n\t<meta property=\"og:image:height\" content=\"767\" \/>\n\t<meta property=\"og:image:type\" content=\"image\/jpeg\" \/>\n<meta name=\"author\" content=\"dmcsrbija.com@gmail.com\" \/>\n<meta name=\"twitter:card\" content=\"summary_large_image\" \/>\n<meta name=\"twitter:label1\" content=\"Written by\" \/>\n\t<meta name=\"twitter:data1\" content=\"dmcsrbija.com@gmail.com\" \/>\n\t<meta name=\"twitter:label2\" content=\"Estimated reading time\" \/>\n\t<meta name=\"twitter:data2\" content=\"3 minutes\" \/>\n<script type=\"application\/ld+json\" class=\"yoast-schema-graph\">{\"@context\":\"https:\/\/schema.org\",\"@graph\":[{\"@type\":\"Article\",\"@id\":\"https:\/\/dmcsrb.com\/en\/ekonomija\/vukicevic-sa-fortom-deblokiran-proces-za-gradnju-medjudrzavnog-mosta-na-scepan-polju-uskoro-izbor-izvodjaca-radova\/#article\",\"isPartOf\":{\"@id\":\"https:\/\/dmcsrb.com\/en\/ekonomija\/vukicevic-sa-fortom-deblokiran-proces-za-gradnju-medjudrzavnog-mosta-na-scepan-polju-uskoro-izbor-izvodjaca-radova\/\"},\"author\":{\"name\":\"dmcsrbija.com@gmail.com\",\"@id\":\"https:\/\/dmcsrb.com\/#\/schema\/person\/5c39170f12db1b8b457732d0b5c854e2\"},\"headline\":\"Vuki\u0107evi\u0107 sa Fortom: Deblokiran proces za gradnju me\u0111udr\u017eavnog mosta na \u0160\u0107epan Polju, uskoro izbor izvo\u0111a\u010da radova\",\"datePublished\":\"2025-09-16T11:58:00+00:00\",\"mainEntityOfPage\":{\"@id\":\"https:\/\/dmcsrb.com\/en\/ekonomija\/vukicevic-sa-fortom-deblokiran-proces-za-gradnju-medjudrzavnog-mosta-na-scepan-polju-uskoro-izbor-izvodjaca-radova\/\"},\"wordCount\":719,\"commentCount\":0,\"image\":{\"@id\":\"https:\/\/dmcsrb.com\/en\/ekonomija\/vukicevic-sa-fortom-deblokiran-proces-za-gradnju-medjudrzavnog-mosta-na-scepan-polju-uskoro-izbor-izvodjaca-radova\/#primaryimage\"},\"thumbnailUrl\":\"https:\/\/dmcsrb.com\/wp-content\/uploads\/2026\/01\/Maja-Vukicevic-u-BiH-foto-ministarstvo-saobracaja-klix.webp\",\"keywords\":[\"maja vuki\u0107evi\u0107\",\"Milan Ljiljani\u0107\",\"Ministarstvo saobra\u0107aja\",\"Most na \u0160\u0107epan Polju\",\"Radomir Vuksanovi\u0107\"],\"articleSection\":[\"Ekonomija\"],\"inLanguage\":\"en-GB\",\"potentialAction\":[{\"@type\":\"CommentAction\",\"name\":\"Comment\",\"target\":[\"https:\/\/dmcsrb.com\/en\/ekonomija\/vukicevic-sa-fortom-deblokiran-proces-za-gradnju-medjudrzavnog-mosta-na-scepan-polju-uskoro-izbor-izvodjaca-radova\/#respond\"]}]},{\"@type\":\"WebPage\",\"@id\":\"https:\/\/dmcsrb.com\/en\/ekonomija\/vukicevic-sa-fortom-deblokiran-proces-za-gradnju-medjudrzavnog-mosta-na-scepan-polju-uskoro-izbor-izvodjaca-radova\/\",\"url\":\"https:\/\/dmcsrb.com\/en\/ekonomija\/vukicevic-sa-fortom-deblokiran-proces-za-gradnju-medjudrzavnog-mosta-na-scepan-polju-uskoro-izbor-izvodjaca-radova\/\",\"name\":\"Vuki\u0107evi\u0107 sa Fortom: Deblokiran proces za gradnju me\u0111udr\u017eavnog mosta na \u0160\u0107epan Polju, uskoro izbor izvo\u0111a\u010da radova - dmcsrb.com\",\"isPartOf\":{\"@id\":\"https:\/\/dmcsrb.com\/#website\"},\"primaryImageOfPage\":{\"@id\":\"https:\/\/dmcsrb.com\/en\/ekonomija\/vukicevic-sa-fortom-deblokiran-proces-za-gradnju-medjudrzavnog-mosta-na-scepan-polju-uskoro-izbor-izvodjaca-radova\/#primaryimage\"},\"image\":{\"@id\":\"https:\/\/dmcsrb.com\/en\/ekonomija\/vukicevic-sa-fortom-deblokiran-proces-za-gradnju-medjudrzavnog-mosta-na-scepan-polju-uskoro-izbor-izvodjaca-radova\/#primaryimage\"},\"thumbnailUrl\":\"https:\/\/dmcsrb.com\/wp-content\/uploads\/2026\/01\/Maja-Vukicevic-u-BiH-foto-ministarstvo-saobracaja-klix.webp\",\"datePublished\":\"2025-09-16T11:58:00+00:00\",\"author\":{\"@id\":\"https:\/\/dmcsrb.com\/#\/schema\/person\/5c39170f12db1b8b457732d0b5c854e2\"},\"breadcrumb\":{\"@id\":\"https:\/\/dmcsrb.com\/en\/ekonomija\/vukicevic-sa-fortom-deblokiran-proces-za-gradnju-medjudrzavnog-mosta-na-scepan-polju-uskoro-izbor-izvodjaca-radova\/#breadcrumb\"},\"inLanguage\":\"en-GB\",\"potentialAction\":[{\"@type\":\"ReadAction\",\"target\":[\"https:\/\/dmcsrb.com\/en\/ekonomija\/vukicevic-sa-fortom-deblokiran-proces-za-gradnju-medjudrzavnog-mosta-na-scepan-polju-uskoro-izbor-izvodjaca-radova\/\"]}]},{\"@type\":\"ImageObject\",\"inLanguage\":\"en-GB\",\"@id\":\"https:\/\/dmcsrb.com\/en\/ekonomija\/vukicevic-sa-fortom-deblokiran-proces-za-gradnju-medjudrzavnog-mosta-na-scepan-polju-uskoro-izbor-izvodjaca-radova\/#primaryimage\",\"url\":\"https:\/\/dmcsrb.com\/wp-content\/uploads\/2026\/01\/Maja-Vukicevic-u-BiH-foto-ministarstvo-saobracaja-klix.webp\",\"contentUrl\":\"https:\/\/dmcsrb.com\/wp-content\/uploads\/2026\/01\/Maja-Vukicevic-u-BiH-foto-ministarstvo-saobracaja-klix.webp\",\"width\":1164,\"height\":767},{\"@type\":\"BreadcrumbList\",\"@id\":\"https:\/\/dmcsrb.com\/en\/ekonomija\/vukicevic-sa-fortom-deblokiran-proces-za-gradnju-medjudrzavnog-mosta-na-scepan-polju-uskoro-izbor-izvodjaca-radova\/#breadcrumb\",\"itemListElement\":[{\"@type\":\"ListItem\",\"position\":1,\"name\":\"Home\",\"item\":\"https:\/\/dmcsrb.com\/\"},{\"@type\":\"ListItem\",\"position\":2,\"name\":\"Vuki\u0107evi\u0107 sa Fortom: Deblokiran proces za gradnju me\u0111udr\u017eavnog mosta na \u0160\u0107epan Polju, uskoro izbor izvo\u0111a\u010da radova\"}]},{\"@type\":\"WebSite\",\"@id\":\"https:\/\/dmcsrb.com\/#website\",\"url\":\"https:\/\/dmcsrb.com\/\",\"name\":\"dmcsrb.com\",\"description\":\"\",\"potentialAction\":[{\"@type\":\"SearchAction\",\"target\":{\"@type\":\"EntryPoint\",\"urlTemplate\":\"https:\/\/dmcsrb.com\/?s={search_term_string}\"},\"query-input\":{\"@type\":\"PropertyValueSpecification\",\"valueRequired\":true,\"valueName\":\"search_term_string\"}}],\"inLanguage\":\"en-GB\"},{\"@type\":\"Person\",\"@id\":\"https:\/\/dmcsrb.com\/#\/schema\/person\/5c39170f12db1b8b457732d0b5c854e2\",\"name\":\"dmcsrbija.com@gmail.com\",\"image\":{\"@type\":\"ImageObject\",\"inLanguage\":\"en-GB\",\"@id\":\"https:\/\/dmcsrb.com\/#\/schema\/person\/image\/\",\"url\":\"https:\/\/secure.gravatar.com\/avatar\/68592660ad6347fad0fb587f8d5d8f1a7b44961362f56e4f2cd524feb87e9069?s=96&d=mm&r=g\",\"contentUrl\":\"https:\/\/secure.gravatar.com\/avatar\/68592660ad6347fad0fb587f8d5d8f1a7b44961362f56e4f2cd524feb87e9069?s=96&d=mm&r=g\",\"caption\":\"dmcsrbija.com@gmail.com\"},\"sameAs\":[\"https:\/\/dmcsrb.com\"],\"url\":\"https:\/\/dmcsrb.com\/en\/author\/dmcsrbija-comgmail-com\/\"}]}<\/script>\n<!-- \/ Yoast SEO plugin. -->","yoast_head_json":{"title":"Vuki\u0107evi\u0107 sa Fortom: Deblokiran proces za gradnju me\u0111udr\u017eavnog mosta na \u0160\u0107epan Polju, uskoro izbor izvo\u0111a\u010da radova - dmcsrb.com","robots":{"index":"index","follow":"follow","max-snippet":"max-snippet:-1","max-image-preview":"max-image-preview:large","max-video-preview":"max-video-preview:-1"},"canonical":"https:\/\/dmcsrb.com\/en\/ekonomija\/vukicevic-sa-fortom-deblokiran-proces-za-gradnju-medjudrzavnog-mosta-na-scepan-polju-uskoro-izbor-izvodjaca-radova\/","og_locale":"en_GB","og_type":"article","og_title":"Vuki\u0107evi\u0107 sa Fortom: Deblokiran proces za gradnju me\u0111udr\u017eavnog mosta na \u0160\u0107epan Polju, uskoro izbor izvo\u0111a\u010da radova - dmcsrb.com","og_description":"Ministarka saobra\u0107aja\u00a0Maja Vuki\u0107evi\u0107, sa saradnicima, boravila je u slu\u017ebenoj posjeti Ministarstvu komunikacija i transporta Bosne i Hercegovine, gdje je sa ministrom\u00a0Edinom Fortom\u00a0razgovarala o klju\u010dnim infrastrukturnim projektima koji povezuju dvije dr\u017eave. Kako je saop\u0161teno iz njenog resora, tom prilikom je istaknuto da je deblokiran proces za gradnju me\u0111udr\u017eavnog mosta na \u0160\u0107epan Polju, i da se uskoro o\u010dekuje izbor izvo\u0111a\u010da radova.","og_url":"https:\/\/dmcsrb.com\/en\/ekonomija\/vukicevic-sa-fortom-deblokiran-proces-za-gradnju-medjudrzavnog-mosta-na-scepan-polju-uskoro-izbor-izvodjaca-radova\/","og_site_name":"dmcsrb.com","article_published_time":"2025-09-16T11:58:00+00:00","og_image":[{"width":1164,"height":767,"url":"https:\/\/dmcsrb.com\/wp-content\/uploads\/2026\/01\/Maja-Vukicevic-u-BiH-foto-ministarstvo-saobracaja-klix.webp","type":"image\/jpeg"}],"author":"dmcsrbija.com@gmail.com","twitter_card":"summary_large_image","twitter_misc":{"Written by":"dmcsrbija.com@gmail.com","Estimated reading time":"3 minutes"},"schema":{"@context":"https:\/\/schema.org","@graph":[{"@type":"Article","@id":"https:\/\/dmcsrb.com\/en\/ekonomija\/vukicevic-sa-fortom-deblokiran-proces-za-gradnju-medjudrzavnog-mosta-na-scepan-polju-uskoro-izbor-izvodjaca-radova\/#article","isPartOf":{"@id":"https:\/\/dmcsrb.com\/en\/ekonomija\/vukicevic-sa-fortom-deblokiran-proces-za-gradnju-medjudrzavnog-mosta-na-scepan-polju-uskoro-izbor-izvodjaca-radova\/"},"author":{"name":"dmcsrbija.com@gmail.com","@id":"https:\/\/dmcsrb.com\/#\/schema\/person\/5c39170f12db1b8b457732d0b5c854e2"},"headline":"Vuki\u0107evi\u0107 sa Fortom: Deblokiran proces za gradnju me\u0111udr\u017eavnog mosta na \u0160\u0107epan Polju, uskoro izbor izvo\u0111a\u010da radova","datePublished":"2025-09-16T11:58:00+00:00","mainEntityOfPage":{"@id":"https:\/\/dmcsrb.com\/en\/ekonomija\/vukicevic-sa-fortom-deblokiran-proces-za-gradnju-medjudrzavnog-mosta-na-scepan-polju-uskoro-izbor-izvodjaca-radova\/"},"wordCount":719,"commentCount":0,"image":{"@id":"https:\/\/dmcsrb.com\/en\/ekonomija\/vukicevic-sa-fortom-deblokiran-proces-za-gradnju-medjudrzavnog-mosta-na-scepan-polju-uskoro-izbor-izvodjaca-radova\/#primaryimage"},"thumbnailUrl":"https:\/\/dmcsrb.com\/wp-content\/uploads\/2026\/01\/Maja-Vukicevic-u-BiH-foto-ministarstvo-saobracaja-klix.webp","keywords":["maja vuki\u0107evi\u0107","Milan Ljiljani\u0107","Ministarstvo saobra\u0107aja","Most na \u0160\u0107epan Polju","Radomir Vuksanovi\u0107"],"articleSection":["Ekonomija"],"inLanguage":"en-GB","potentialAction":[{"@type":"CommentAction","name":"Comment","target":["https:\/\/dmcsrb.com\/en\/ekonomija\/vukicevic-sa-fortom-deblokiran-proces-za-gradnju-medjudrzavnog-mosta-na-scepan-polju-uskoro-izbor-izvodjaca-radova\/#respond"]}]},{"@type":"WebPage","@id":"https:\/\/dmcsrb.com\/en\/ekonomija\/vukicevic-sa-fortom-deblokiran-proces-za-gradnju-medjudrzavnog-mosta-na-scepan-polju-uskoro-izbor-izvodjaca-radova\/","url":"https:\/\/dmcsrb.com\/en\/ekonomija\/vukicevic-sa-fortom-deblokiran-proces-za-gradnju-medjudrzavnog-mosta-na-scepan-polju-uskoro-izbor-izvodjaca-radova\/","name":"Vuki\u0107evi\u0107 sa Fortom: Deblokiran proces za gradnju me\u0111udr\u017eavnog mosta na \u0160\u0107epan Polju, uskoro izbor izvo\u0111a\u010da radova - dmcsrb.com","isPartOf":{"@id":"https:\/\/dmcsrb.com\/#website"},"primaryImageOfPage":{"@id":"https:\/\/dmcsrb.com\/en\/ekonomija\/vukicevic-sa-fortom-deblokiran-proces-za-gradnju-medjudrzavnog-mosta-na-scepan-polju-uskoro-izbor-izvodjaca-radova\/#primaryimage"},"image":{"@id":"https:\/\/dmcsrb.com\/en\/ekonomija\/vukicevic-sa-fortom-deblokiran-proces-za-gradnju-medjudrzavnog-mosta-na-scepan-polju-uskoro-izbor-izvodjaca-radova\/#primaryimage"},"thumbnailUrl":"https:\/\/dmcsrb.com\/wp-content\/uploads\/2026\/01\/Maja-Vukicevic-u-BiH-foto-ministarstvo-saobracaja-klix.webp","datePublished":"2025-09-16T11:58:00+00:00","author":{"@id":"https:\/\/dmcsrb.com\/#\/schema\/person\/5c39170f12db1b8b457732d0b5c854e2"},"breadcrumb":{"@id":"https:\/\/dmcsrb.com\/en\/ekonomija\/vukicevic-sa-fortom-deblokiran-proces-za-gradnju-medjudrzavnog-mosta-na-scepan-polju-uskoro-izbor-izvodjaca-radova\/#breadcrumb"},"inLanguage":"en-GB","potentialAction":[{"@type":"ReadAction","target":["https:\/\/dmcsrb.com\/en\/ekonomija\/vukicevic-sa-fortom-deblokiran-proces-za-gradnju-medjudrzavnog-mosta-na-scepan-polju-uskoro-izbor-izvodjaca-radova\/"]}]},{"@type":"ImageObject","inLanguage":"en-GB","@id":"https:\/\/dmcsrb.com\/en\/ekonomija\/vukicevic-sa-fortom-deblokiran-proces-za-gradnju-medjudrzavnog-mosta-na-scepan-polju-uskoro-izbor-izvodjaca-radova\/#primaryimage","url":"https:\/\/dmcsrb.com\/wp-content\/uploads\/2026\/01\/Maja-Vukicevic-u-BiH-foto-ministarstvo-saobracaja-klix.webp","contentUrl":"https:\/\/dmcsrb.com\/wp-content\/uploads\/2026\/01\/Maja-Vukicevic-u-BiH-foto-ministarstvo-saobracaja-klix.webp","width":1164,"height":767},{"@type":"BreadcrumbList","@id":"https:\/\/dmcsrb.com\/en\/ekonomija\/vukicevic-sa-fortom-deblokiran-proces-za-gradnju-medjudrzavnog-mosta-na-scepan-polju-uskoro-izbor-izvodjaca-radova\/#breadcrumb","itemListElement":[{"@type":"ListItem","position":1,"name":"Home","item":"https:\/\/dmcsrb.com\/"},{"@type":"ListItem","position":2,"name":"Vuki\u0107evi\u0107 sa Fortom: Deblokiran proces za gradnju me\u0111udr\u017eavnog mosta na \u0160\u0107epan Polju, uskoro izbor izvo\u0111a\u010da radova"}]},{"@type":"WebSite","@id":"https:\/\/dmcsrb.com\/#website","url":"https:\/\/dmcsrb.com\/","name":"dmcsrb.com","description":"","potentialAction":[{"@type":"SearchAction","target":{"@type":"EntryPoint","urlTemplate":"https:\/\/dmcsrb.com\/?s={search_term_string}"},"query-input":{"@type":"PropertyValueSpecification","valueRequired":true,"valueName":"search_term_string"}}],"inLanguage":"en-GB"},{"@type":"Person","@id":"https:\/\/dmcsrb.com\/#\/schema\/person\/5c39170f12db1b8b457732d0b5c854e2","name":"dmcsrbija.com@gmail.com","image":{"@type":"ImageObject","inLanguage":"en-GB","@id":"https:\/\/dmcsrb.com\/#\/schema\/person\/image\/","url":"https:\/\/secure.gravatar.com\/avatar\/68592660ad6347fad0fb587f8d5d8f1a7b44961362f56e4f2cd524feb87e9069?s=96&d=mm&r=g","contentUrl":"https:\/\/secure.gravatar.com\/avatar\/68592660ad6347fad0fb587f8d5d8f1a7b44961362f56e4f2cd524feb87e9069?s=96&d=mm&r=g","caption":"dmcsrbija.com@gmail.com"},"sameAs":["https:\/\/dmcsrb.com"],"url":"https:\/\/dmcsrb.com\/en\/author\/dmcsrbija-comgmail-com\/"}]}},"_links":{"self":[{"href":"https:\/\/dmcsrb.com\/en\/wp-json\/wp\/v2\/posts\/952391","targetHints":{"allow":["GET"]}}],"collection":[{"href":"https:\/\/dmcsrb.com\/en\/wp-json\/wp\/v2\/posts"}],"about":[{"href":"https:\/\/dmcsrb.com\/en\/wp-json\/wp\/v2\/types\/post"}],"author":[{"embeddable":true,"href":"https:\/\/dmcsrb.com\/en\/wp-json\/wp\/v2\/users\/1"}],"replies":[{"embeddable":true,"href":"https:\/\/dmcsrb.com\/en\/wp-json\/wp\/v2\/comments?post=952391"}],"version-history":[{"count":0,"href":"https:\/\/dmcsrb.com\/en\/wp-json\/wp\/v2\/posts\/952391\/revisions"}],"wp:featuredmedia":[{"embeddable":true,"href":"https:\/\/dmcsrb.com\/en\/wp-json\/wp\/v2\/media\/952392"}],"wp:attachment":[{"href":"https:\/\/dmcsrb.com\/en\/wp-json\/wp\/v2\/media?parent=952391"}],"wp:term":[{"taxonomy":"category","embeddable":true,"href":"https:\/\/dmcsrb.com\/en\/wp-json\/wp\/v2\/categories?post=952391"},{"taxonomy":"post_tag","embeddable":true,"href":"https:\/\/dmcsrb.com\/en\/wp-json\/wp\/v2\/tags?post=952391"},{"taxonomy":"naslovna","embeddable":true,"href":"https:\/\/dmcsrb.com\/en\/wp-json\/wp\/v2\/naslovna?post=952391"}],"curies":[{"name":"wp","href":"https:\/\/api.w.org\/{rel}","templated":true}]}}