{"id":952382,"date":"2025-09-16T13:01:32","date_gmt":"2025-09-16T11:01:32","guid":{"rendered":"https:\/\/dmcsrb.com\/uncategorized\/mujovic-podgorica-je-grad-sampiona-i-rasadnik-talenata\/"},"modified":"2025-09-16T13:01:32","modified_gmt":"2025-09-16T11:01:32","slug":"mujovic-podgorica-je-grad-sampiona-i-rasadnik-talenata","status":"publish","type":"post","link":"https:\/\/dmcsrb.com\/en\/podgorica\/mujovic-podgorica-je-grad-sampiona-i-rasadnik-talenata\/","title":{"rendered":"Mujovi\u0107: Podgorica je grad \u0161ampiona i rasadnik talenata"},"content":{"rendered":"<p>Gradona\u010delnik Podgorice,&nbsp;<strong><em>prof. dr<\/em><\/strong>&nbsp;<strong><em>Sa\u0161a Mujovi\u0107<\/em><\/strong>, sa zamjenicom&nbsp;<strong><em>Na\u0111om Ljiljani\u0107<\/em><\/strong>, sekretarom za sport&nbsp;<strong><em>Darkom Nik\u010devi\u0107em<\/em><\/strong>&nbsp;i sekretarom za finansije&nbsp;<strong><em>Bal\u0161om \u0160padijerom<\/em><\/strong>, uprili\u010dio je danas sve\u010dani prijem za sportistkinje i sportiste koji su osvojili medalje na evropskim prvenstvima u 2025. godini. To je bila prilika da im u ime Glavnog grada upute \u010destitke, zahvalnost i uru\u010de prigodne poklone, kao izraz zahvalnosti za rezultate koje su ostvarili.<\/p>\n\n\n\n<p>Mujovi\u0107 je naglasio da su rukometa\u0161ice i vaterpolisti svojim uspjesima na najbolji na\u010din predstavili Podgoricu i Crnu Goru na me\u0111unarodnoj sportskoj sceni.<\/p>\n\n\n\n<figure class=\"wp-block-image\"><img decoding=\"async\" src=\"https:\/\/podgorica.me\/wp-content\/uploads\/2025\/09\/20250916_120815.jpg\" alt=\"\" class=\"wp-image-53118\"\/><\/figure>\n\n\n\n<p>\u201ePodgorica je grad \u0161ampiona i rasadnik talenata. Kada govorimo o rukometu, na\u0161a tradicija je duga i uspje\u0161na jo\u0161 od osamdesetih godina, dok su mladi vaterpolisti sada pokazali da ovaj grad ima ogroman pliva\u010dki potencijal. Glavni grad sna\u017eno podr\u017eava sport i uvjeren sam da \u0107emo zajedni\u010dki, kroz posve\u0107enost i dobru saradnju, napraviti velike iskorake za sport u Podgorici\u201d, poru\u010dio je Mujovi\u0107.<\/p>\n\n\n\n<p>\u010cestitke rukometa\u0161icama i vaterpolistima uputila je i zamjenica gradona\u010delnika&nbsp;<strong><em>Na\u0111a Ljiljani\u0107<\/em><\/strong>. Kako je naglasila, sa novim rukovodstvom, uz pomo\u0107 sponzora i podr\u0161ku Glavnog grada, sjajni rezultati ne\u0107e izostati ni u budu\u0107nosti.<\/p>\n\n\n\n<p>&nbsp;Sekretar sekretarijata za sport Glavnog grada&nbsp;<strong><em>Darko Nik\u010devi\u0107<\/em><\/strong>&nbsp;kazao je da su ovakvi povodi okupljanja prilika da iska\u017eemo zahvalnost mladim sportistima, ali i dodatan motiv za rad na stvaranju \u0161to boljih uslova za sportiste, sportske kolektive i rekreativce u Podgorici. Naglasio je da \u0107e Glavni grad uvijek podr\u017eati mlade ljude koji se bave sportom, te da je jedan od narednih koraka upravo izmjena Odluke o finansiranju sporta koja \u0107e uklju\u010divati i mla\u0111e kategorije.<\/p>\n\n\n\n<figure class=\"wp-block-image\"><img decoding=\"async\" src=\"https:\/\/podgorica.me\/wp-content\/uploads\/2025\/09\/20250916_120811.jpg\" alt=\"\" class=\"wp-image-53119\"\/><\/figure>\n\n\n\n<p>Sportski direktor Pliva\u010dko-vaterpolo kluba \u201eBudu\u0107nost\u201c&nbsp;<strong><em>Bojan \u0160ukovi\u0107<\/em><\/strong>&nbsp;zahvalio je gradona\u010delniku na prijemu i istakao da je medalja mladih vaterpolista rezultat ozbiljnog rada, odricanja i posve\u0107enosti. On je naglasio da podr\u0161ka Glavnog grada daje dodatni motiv i uvjerenje da klub ide u pravom smjeru.<\/p>\n\n\n\n<figure class=\"wp-block-image\"><img decoding=\"async\" src=\"https:\/\/podgorica.me\/wp-content\/uploads\/2025\/09\/20250916_120428.jpg\" alt=\"\" class=\"wp-image-53120\"\/><\/figure>\n\n\n\n<p>Trener \u017denskog rukometnog kluba \u201eBudu\u0107nost\u201c&nbsp;<strong><em>Ivan Terzi\u0107<\/em><\/strong>&nbsp;poru\u010dio je da rukometa\u0161ice osje\u0107aju sna\u017enu podr\u0161ku institucija, \u0161to im daje dodatnu obavezu da nastave da posti\u017eu vrhunske rezultate. On je naglasio da je saradnja sa Glavnim gradom va\u017ean stub u daljem razvoju \u017eenskog rukometa i da vjeruje da \u0107e i naredne generacije nastaviti da donose medalje Podgorici i Crnoj Gori.<\/p>","protected":false},"excerpt":{"rendered":"<p>Gradona\u010delnik Podgorice,&nbsp;prof. dr&nbsp;Sa\u0161a Mujovi\u0107, sa zamjenicom&nbsp;Na\u0111om Ljiljani\u0107, sekretarom za sport&nbsp;Darkom Nik\u010devi\u0107em&nbsp;i sekretarom za finansije&nbsp;Bal\u0161om \u0160padijerom, uprili\u010dio je danas sve\u010dani prijem za sportistkinje i sportiste koji su osvojili medalje na evropskim prvenstvima u 2025. godini. To je bila prilika da im u ime Glavnog grada upute \u010destitke, zahvalnost i uru\u010de prigodne poklone, kao izraz zahvalnosti za [&hellip;]<\/p>\n","protected":false},"author":1,"featured_media":952383,"comment_status":"open","ping_status":"open","sticky":false,"template":"","format":"standard","meta":{"_acf_changed":false,"footnotes":""},"categories":[56],"tags":[968,5241,6582],"naslovna":[],"class_list":["post-952382","post","type-post","status-publish","format-standard","has-post-thumbnail","hentry","category-podgorica","tag-mujovic","tag-sportisti","tag-svecani-prijem"],"acf":[],"yoast_head":"<!-- This site is optimized with the Yoast SEO plugin v27.0 - https:\/\/yoast.com\/product\/yoast-seo-wordpress\/ -->\n<title>Mujovi\u0107: Podgorica je grad \u0161ampiona i rasadnik talenata - dmcsrb.com<\/title>\n<meta name=\"robots\" content=\"index, follow, max-snippet:-1, max-image-preview:large, max-video-preview:-1\" \/>\n<link rel=\"canonical\" href=\"https:\/\/dmcsrb.com\/en\/podgorica\/mujovic-podgorica-je-grad-sampiona-i-rasadnik-talenata\/\" \/>\n<meta property=\"og:locale\" content=\"en_GB\" \/>\n<meta property=\"og:type\" content=\"article\" \/>\n<meta property=\"og:title\" content=\"Mujovi\u0107: Podgorica je grad \u0161ampiona i rasadnik talenata - dmcsrb.com\" \/>\n<meta property=\"og:description\" content=\"Gradona\u010delnik Podgorice,&nbsp;prof. dr&nbsp;Sa\u0161a Mujovi\u0107, sa zamjenicom&nbsp;Na\u0111om Ljiljani\u0107, sekretarom za sport&nbsp;Darkom Nik\u010devi\u0107em&nbsp;i sekretarom za finansije&nbsp;Bal\u0161om \u0160padijerom, uprili\u010dio je danas sve\u010dani prijem za sportistkinje i sportiste koji su osvojili medalje na evropskim prvenstvima u 2025. godini. To je bila prilika da im u ime Glavnog grada upute \u010destitke, zahvalnost i uru\u010de prigodne poklone, kao izraz zahvalnosti za [&hellip;]\" \/>\n<meta property=\"og:url\" content=\"https:\/\/dmcsrb.com\/en\/podgorica\/mujovic-podgorica-je-grad-sampiona-i-rasadnik-talenata\/\" \/>\n<meta property=\"og:site_name\" content=\"dmcsrb.com\" \/>\n<meta property=\"article:published_time\" content=\"2025-09-16T11:01:32+00:00\" \/>\n<meta property=\"og:image\" content=\"https:\/\/dmcsrb.com\/wp-content\/uploads\/2026\/01\/Mujovic1.webp\" \/>\n\t<meta property=\"og:image:width\" content=\"1000\" \/>\n\t<meta property=\"og:image:height\" content=\"750\" \/>\n\t<meta property=\"og:image:type\" content=\"image\/jpeg\" \/>\n<meta name=\"author\" content=\"dmcsrbija.com@gmail.com\" \/>\n<meta name=\"twitter:card\" content=\"summary_large_image\" \/>\n<meta name=\"twitter:label1\" content=\"Written by\" \/>\n\t<meta name=\"twitter:data1\" content=\"dmcsrbija.com@gmail.com\" \/>\n\t<meta name=\"twitter:label2\" content=\"Estimated reading time\" \/>\n\t<meta name=\"twitter:data2\" content=\"2 minutes\" \/>\n<script type=\"application\/ld+json\" class=\"yoast-schema-graph\">{\"@context\":\"https:\/\/schema.org\",\"@graph\":[{\"@type\":\"Article\",\"@id\":\"https:\/\/dmcsrb.com\/podgorica\/mujovic-podgorica-je-grad-sampiona-i-rasadnik-talenata\/#article\",\"isPartOf\":{\"@id\":\"https:\/\/dmcsrb.com\/podgorica\/mujovic-podgorica-je-grad-sampiona-i-rasadnik-talenata\/\"},\"author\":{\"name\":\"dmcsrbija.com@gmail.com\",\"@id\":\"https:\/\/dmcsrb.com\/#\/schema\/person\/5c39170f12db1b8b457732d0b5c854e2\"},\"headline\":\"Mujovi\u0107: Podgorica je grad \u0161ampiona i rasadnik talenata\",\"datePublished\":\"2025-09-16T11:01:32+00:00\",\"mainEntityOfPage\":{\"@id\":\"https:\/\/dmcsrb.com\/podgorica\/mujovic-podgorica-je-grad-sampiona-i-rasadnik-talenata\/\"},\"wordCount\":417,\"commentCount\":0,\"image\":{\"@id\":\"https:\/\/dmcsrb.com\/podgorica\/mujovic-podgorica-je-grad-sampiona-i-rasadnik-talenata\/#primaryimage\"},\"thumbnailUrl\":\"https:\/\/dmcsrb.com\/wp-content\/uploads\/2026\/01\/Mujovic1.webp\",\"keywords\":[\"mujovi\u0107\",\"sportisti\",\"Sve\u010dani prijem\"],\"articleSection\":[\"Podgorica\"],\"inLanguage\":\"en-GB\",\"potentialAction\":[{\"@type\":\"CommentAction\",\"name\":\"Comment\",\"target\":[\"https:\/\/dmcsrb.com\/podgorica\/mujovic-podgorica-je-grad-sampiona-i-rasadnik-talenata\/#respond\"]}]},{\"@type\":\"WebPage\",\"@id\":\"https:\/\/dmcsrb.com\/podgorica\/mujovic-podgorica-je-grad-sampiona-i-rasadnik-talenata\/\",\"url\":\"https:\/\/dmcsrb.com\/podgorica\/mujovic-podgorica-je-grad-sampiona-i-rasadnik-talenata\/\",\"name\":\"Mujovi\u0107: Podgorica je grad \u0161ampiona i rasadnik talenata - dmcsrb.com\",\"isPartOf\":{\"@id\":\"https:\/\/dmcsrb.com\/#website\"},\"primaryImageOfPage\":{\"@id\":\"https:\/\/dmcsrb.com\/podgorica\/mujovic-podgorica-je-grad-sampiona-i-rasadnik-talenata\/#primaryimage\"},\"image\":{\"@id\":\"https:\/\/dmcsrb.com\/podgorica\/mujovic-podgorica-je-grad-sampiona-i-rasadnik-talenata\/#primaryimage\"},\"thumbnailUrl\":\"https:\/\/dmcsrb.com\/wp-content\/uploads\/2026\/01\/Mujovic1.webp\",\"datePublished\":\"2025-09-16T11:01:32+00:00\",\"author\":{\"@id\":\"https:\/\/dmcsrb.com\/#\/schema\/person\/5c39170f12db1b8b457732d0b5c854e2\"},\"breadcrumb\":{\"@id\":\"https:\/\/dmcsrb.com\/podgorica\/mujovic-podgorica-je-grad-sampiona-i-rasadnik-talenata\/#breadcrumb\"},\"inLanguage\":\"en-GB\",\"potentialAction\":[{\"@type\":\"ReadAction\",\"target\":[\"https:\/\/dmcsrb.com\/podgorica\/mujovic-podgorica-je-grad-sampiona-i-rasadnik-talenata\/\"]}]},{\"@type\":\"ImageObject\",\"inLanguage\":\"en-GB\",\"@id\":\"https:\/\/dmcsrb.com\/podgorica\/mujovic-podgorica-je-grad-sampiona-i-rasadnik-talenata\/#primaryimage\",\"url\":\"https:\/\/dmcsrb.com\/wp-content\/uploads\/2026\/01\/Mujovic1.webp\",\"contentUrl\":\"https:\/\/dmcsrb.com\/wp-content\/uploads\/2026\/01\/Mujovic1.webp\",\"width\":1000,\"height\":750},{\"@type\":\"BreadcrumbList\",\"@id\":\"https:\/\/dmcsrb.com\/podgorica\/mujovic-podgorica-je-grad-sampiona-i-rasadnik-talenata\/#breadcrumb\",\"itemListElement\":[{\"@type\":\"ListItem\",\"position\":1,\"name\":\"Home\",\"item\":\"https:\/\/dmcsrb.com\/\"},{\"@type\":\"ListItem\",\"position\":2,\"name\":\"Mujovi\u0107: Podgorica je grad \u0161ampiona i rasadnik talenata\"}]},{\"@type\":\"WebSite\",\"@id\":\"https:\/\/dmcsrb.com\/#website\",\"url\":\"https:\/\/dmcsrb.com\/\",\"name\":\"dmcsrb.com\",\"description\":\"\",\"potentialAction\":[{\"@type\":\"SearchAction\",\"target\":{\"@type\":\"EntryPoint\",\"urlTemplate\":\"https:\/\/dmcsrb.com\/?s={search_term_string}\"},\"query-input\":{\"@type\":\"PropertyValueSpecification\",\"valueRequired\":true,\"valueName\":\"search_term_string\"}}],\"inLanguage\":\"en-GB\"},{\"@type\":\"Person\",\"@id\":\"https:\/\/dmcsrb.com\/#\/schema\/person\/5c39170f12db1b8b457732d0b5c854e2\",\"name\":\"dmcsrbija.com@gmail.com\",\"image\":{\"@type\":\"ImageObject\",\"inLanguage\":\"en-GB\",\"@id\":\"https:\/\/dmcsrb.com\/#\/schema\/person\/image\/\",\"url\":\"https:\/\/secure.gravatar.com\/avatar\/68592660ad6347fad0fb587f8d5d8f1a7b44961362f56e4f2cd524feb87e9069?s=96&d=mm&r=g\",\"contentUrl\":\"https:\/\/secure.gravatar.com\/avatar\/68592660ad6347fad0fb587f8d5d8f1a7b44961362f56e4f2cd524feb87e9069?s=96&d=mm&r=g\",\"caption\":\"dmcsrbija.com@gmail.com\"},\"sameAs\":[\"https:\/\/dmcsrb.com\"],\"url\":\"https:\/\/dmcsrb.com\/en\/author\/dmcsrbija-comgmail-com\/\"}]}<\/script>\n<!-- \/ Yoast SEO plugin. -->","yoast_head_json":{"title":"Mujovi\u0107: Podgorica je grad \u0161ampiona i rasadnik talenata - dmcsrb.com","robots":{"index":"index","follow":"follow","max-snippet":"max-snippet:-1","max-image-preview":"max-image-preview:large","max-video-preview":"max-video-preview:-1"},"canonical":"https:\/\/dmcsrb.com\/en\/podgorica\/mujovic-podgorica-je-grad-sampiona-i-rasadnik-talenata\/","og_locale":"en_GB","og_type":"article","og_title":"Mujovi\u0107: Podgorica je grad \u0161ampiona i rasadnik talenata - dmcsrb.com","og_description":"Gradona\u010delnik Podgorice,&nbsp;prof. dr&nbsp;Sa\u0161a Mujovi\u0107, sa zamjenicom&nbsp;Na\u0111om Ljiljani\u0107, sekretarom za sport&nbsp;Darkom Nik\u010devi\u0107em&nbsp;i sekretarom za finansije&nbsp;Bal\u0161om \u0160padijerom, uprili\u010dio je danas sve\u010dani prijem za sportistkinje i sportiste koji su osvojili medalje na evropskim prvenstvima u 2025. godini. To je bila prilika da im u ime Glavnog grada upute \u010destitke, zahvalnost i uru\u010de prigodne poklone, kao izraz zahvalnosti za [&hellip;]","og_url":"https:\/\/dmcsrb.com\/en\/podgorica\/mujovic-podgorica-je-grad-sampiona-i-rasadnik-talenata\/","og_site_name":"dmcsrb.com","article_published_time":"2025-09-16T11:01:32+00:00","og_image":[{"width":1000,"height":750,"url":"https:\/\/dmcsrb.com\/wp-content\/uploads\/2026\/01\/Mujovic1.webp","type":"image\/jpeg"}],"author":"dmcsrbija.com@gmail.com","twitter_card":"summary_large_image","twitter_misc":{"Written by":"dmcsrbija.com@gmail.com","Estimated reading time":"2 minutes"},"schema":{"@context":"https:\/\/schema.org","@graph":[{"@type":"Article","@id":"https:\/\/dmcsrb.com\/podgorica\/mujovic-podgorica-je-grad-sampiona-i-rasadnik-talenata\/#article","isPartOf":{"@id":"https:\/\/dmcsrb.com\/podgorica\/mujovic-podgorica-je-grad-sampiona-i-rasadnik-talenata\/"},"author":{"name":"dmcsrbija.com@gmail.com","@id":"https:\/\/dmcsrb.com\/#\/schema\/person\/5c39170f12db1b8b457732d0b5c854e2"},"headline":"Mujovi\u0107: Podgorica je grad \u0161ampiona i rasadnik talenata","datePublished":"2025-09-16T11:01:32+00:00","mainEntityOfPage":{"@id":"https:\/\/dmcsrb.com\/podgorica\/mujovic-podgorica-je-grad-sampiona-i-rasadnik-talenata\/"},"wordCount":417,"commentCount":0,"image":{"@id":"https:\/\/dmcsrb.com\/podgorica\/mujovic-podgorica-je-grad-sampiona-i-rasadnik-talenata\/#primaryimage"},"thumbnailUrl":"https:\/\/dmcsrb.com\/wp-content\/uploads\/2026\/01\/Mujovic1.webp","keywords":["mujovi\u0107","sportisti","Sve\u010dani prijem"],"articleSection":["Podgorica"],"inLanguage":"en-GB","potentialAction":[{"@type":"CommentAction","name":"Comment","target":["https:\/\/dmcsrb.com\/podgorica\/mujovic-podgorica-je-grad-sampiona-i-rasadnik-talenata\/#respond"]}]},{"@type":"WebPage","@id":"https:\/\/dmcsrb.com\/podgorica\/mujovic-podgorica-je-grad-sampiona-i-rasadnik-talenata\/","url":"https:\/\/dmcsrb.com\/podgorica\/mujovic-podgorica-je-grad-sampiona-i-rasadnik-talenata\/","name":"Mujovi\u0107: Podgorica je grad \u0161ampiona i rasadnik talenata - dmcsrb.com","isPartOf":{"@id":"https:\/\/dmcsrb.com\/#website"},"primaryImageOfPage":{"@id":"https:\/\/dmcsrb.com\/podgorica\/mujovic-podgorica-je-grad-sampiona-i-rasadnik-talenata\/#primaryimage"},"image":{"@id":"https:\/\/dmcsrb.com\/podgorica\/mujovic-podgorica-je-grad-sampiona-i-rasadnik-talenata\/#primaryimage"},"thumbnailUrl":"https:\/\/dmcsrb.com\/wp-content\/uploads\/2026\/01\/Mujovic1.webp","datePublished":"2025-09-16T11:01:32+00:00","author":{"@id":"https:\/\/dmcsrb.com\/#\/schema\/person\/5c39170f12db1b8b457732d0b5c854e2"},"breadcrumb":{"@id":"https:\/\/dmcsrb.com\/podgorica\/mujovic-podgorica-je-grad-sampiona-i-rasadnik-talenata\/#breadcrumb"},"inLanguage":"en-GB","potentialAction":[{"@type":"ReadAction","target":["https:\/\/dmcsrb.com\/podgorica\/mujovic-podgorica-je-grad-sampiona-i-rasadnik-talenata\/"]}]},{"@type":"ImageObject","inLanguage":"en-GB","@id":"https:\/\/dmcsrb.com\/podgorica\/mujovic-podgorica-je-grad-sampiona-i-rasadnik-talenata\/#primaryimage","url":"https:\/\/dmcsrb.com\/wp-content\/uploads\/2026\/01\/Mujovic1.webp","contentUrl":"https:\/\/dmcsrb.com\/wp-content\/uploads\/2026\/01\/Mujovic1.webp","width":1000,"height":750},{"@type":"BreadcrumbList","@id":"https:\/\/dmcsrb.com\/podgorica\/mujovic-podgorica-je-grad-sampiona-i-rasadnik-talenata\/#breadcrumb","itemListElement":[{"@type":"ListItem","position":1,"name":"Home","item":"https:\/\/dmcsrb.com\/"},{"@type":"ListItem","position":2,"name":"Mujovi\u0107: Podgorica je grad \u0161ampiona i rasadnik talenata"}]},{"@type":"WebSite","@id":"https:\/\/dmcsrb.com\/#website","url":"https:\/\/dmcsrb.com\/","name":"dmcsrb.com","description":"","potentialAction":[{"@type":"SearchAction","target":{"@type":"EntryPoint","urlTemplate":"https:\/\/dmcsrb.com\/?s={search_term_string}"},"query-input":{"@type":"PropertyValueSpecification","valueRequired":true,"valueName":"search_term_string"}}],"inLanguage":"en-GB"},{"@type":"Person","@id":"https:\/\/dmcsrb.com\/#\/schema\/person\/5c39170f12db1b8b457732d0b5c854e2","name":"dmcsrbija.com@gmail.com","image":{"@type":"ImageObject","inLanguage":"en-GB","@id":"https:\/\/dmcsrb.com\/#\/schema\/person\/image\/","url":"https:\/\/secure.gravatar.com\/avatar\/68592660ad6347fad0fb587f8d5d8f1a7b44961362f56e4f2cd524feb87e9069?s=96&d=mm&r=g","contentUrl":"https:\/\/secure.gravatar.com\/avatar\/68592660ad6347fad0fb587f8d5d8f1a7b44961362f56e4f2cd524feb87e9069?s=96&d=mm&r=g","caption":"dmcsrbija.com@gmail.com"},"sameAs":["https:\/\/dmcsrb.com"],"url":"https:\/\/dmcsrb.com\/en\/author\/dmcsrbija-comgmail-com\/"}]}},"_links":{"self":[{"href":"https:\/\/dmcsrb.com\/en\/wp-json\/wp\/v2\/posts\/952382","targetHints":{"allow":["GET"]}}],"collection":[{"href":"https:\/\/dmcsrb.com\/en\/wp-json\/wp\/v2\/posts"}],"about":[{"href":"https:\/\/dmcsrb.com\/en\/wp-json\/wp\/v2\/types\/post"}],"author":[{"embeddable":true,"href":"https:\/\/dmcsrb.com\/en\/wp-json\/wp\/v2\/users\/1"}],"replies":[{"embeddable":true,"href":"https:\/\/dmcsrb.com\/en\/wp-json\/wp\/v2\/comments?post=952382"}],"version-history":[{"count":0,"href":"https:\/\/dmcsrb.com\/en\/wp-json\/wp\/v2\/posts\/952382\/revisions"}],"wp:featuredmedia":[{"embeddable":true,"href":"https:\/\/dmcsrb.com\/en\/wp-json\/wp\/v2\/media\/952383"}],"wp:attachment":[{"href":"https:\/\/dmcsrb.com\/en\/wp-json\/wp\/v2\/media?parent=952382"}],"wp:term":[{"taxonomy":"category","embeddable":true,"href":"https:\/\/dmcsrb.com\/en\/wp-json\/wp\/v2\/categories?post=952382"},{"taxonomy":"post_tag","embeddable":true,"href":"https:\/\/dmcsrb.com\/en\/wp-json\/wp\/v2\/tags?post=952382"},{"taxonomy":"naslovna","embeddable":true,"href":"https:\/\/dmcsrb.com\/en\/wp-json\/wp\/v2\/naslovna?post=952382"}],"curies":[{"name":"wp","href":"https:\/\/api.w.org\/{rel}","templated":true}]}}