{"id":952376,"date":"2025-09-16T12:53:49","date_gmt":"2025-09-16T10:53:49","guid":{"rendered":"https:\/\/dmcsrb.com\/uncategorized\/acv-domacin-sastanka-vazduhoplovnih-vlasti-drzava-kandidata-za-eu\/"},"modified":"2025-09-16T12:53:49","modified_gmt":"2025-09-16T10:53:49","slug":"acv-domacin-sastanka-vazduhoplovnih-vlasti-drzava-kandidata-za-eu","status":"publish","type":"post","link":"https:\/\/dmcsrb.com\/en\/ekonomija\/acv-domacin-sastanka-vazduhoplovnih-vlasti-drzava-kandidata-za-eu\/","title":{"rendered":"ACV doma\u0107in sastanka vazduhoplovnih vlasti dr\u017eava kandidata za EU"},"content":{"rendered":"<p><\/p>\n\n\n\n<p><\/p>\n\n\n\n<p><\/p>\n\n\n\n<p>&#8220;Doma\u0107in skupa je crnogorska Agencija za civilno vazduhoplovstvo (ACV), na osnovu Memoranduma o razumijevanju o me\u0111usobnoj saradnji. Direktori agencija civilnog vazduhoplovstva Crne Gore, Srbije, Sjeverne Makedonije, Bosne i Hercegovine i Albanije saglasni su da udru\u017eeno planiranje i koordinacija doprinose efikasnijem uskla\u0111ivanju i primjeni evropskih i me\u0111unarodnih standarda. U\u010desnici sastanka su razgovarali o koordinaciji aktivnosti za u\u010de\u0161\u0107e na predstoje\u0107oj Skup\u0161tini Me\u0111unarodne organizacije civilnog vazduhoplovstva (ICAO), koja \u0107e u Montrealu od 23. septembra do 3. oktobra okupiti predstavnike dr\u017eava iz cijelog svijeta. Jedna od tema je bila i koordinacija aktivnosti uo\u010di narednog Zajedni\u010dkog komiteta Sporazuma o evropskom zajedni\u010dkom vazduhoplovnom prostoru (ECAA JC). Ova platforma je od velikog zna\u010daja za dr\u017eave kandidate EU, jer predstavlja most ka potpunom uklju\u010divanju u evropski vazduhoplovni sistem. Zna\u010dajnim je ocijenjen nastavak obuke i razvoj stru\u010dnog kadra, kao i me\u0111usobna podr\u0161ka eksperata da bi se omogu\u0107ila br\u017ea razmjena znanja i iskustava. Sagovornici su se dotakli, pored ostalog, i ideje o formiranju regionalnog Trening centra za obuku stru\u010dnjaka iz oblasti civilnog vazduhoplovstva, uspostavljanju baze eksperata, koji bi bili na raspolaganju svim dr\u017eavama regiona radi efikasnije primjene najvi\u0161ih standarda. Direktor ACV-a, Ivan \u0160\u0107eki\u0107, sa saradnicima, ugostio je direktore vazduhoplovnih vlasti Mirjanu \u010cizmarov (Srbija), sa saradnicima, Zorislava Ivanovi\u0107a (BiH), Maksima Et\u2019hemaja (Albanija) i Dragog Stojanoskog (Sjeverna Makedonija)&#8221;, kazali su u saop\u0161trenju.<\/p>","protected":false},"excerpt":{"rendered":"<p>Predstavnici vrha vazduhoplovnih vlasti zemalja regiona, kandidata za \u010dlanstvo u Evropskoj uniji, razgovarali su danas u Podgorici o brojnim zajedni\u010dkim temama iz oblasti civilnog vazduhoplovstva i produbljuvanju regionalnog partnerstva, saop\u0161teno je iz Agencije za icvilno vazduhoplovstvo.<\/p>","protected":false},"author":1,"featured_media":952377,"comment_status":"open","ping_status":"open","sticky":false,"template":"","format":"standard","meta":{"_acf_changed":false,"footnotes":""},"categories":[27],"tags":[1568,8216],"naslovna":[],"class_list":["post-952376","post","type-post","status-publish","format-standard","has-post-thumbnail","hentry","category-ekonomija","tag-acv","tag-kandidati"],"acf":[],"yoast_head":"<!-- This site is optimized with the Yoast SEO plugin v27.4 - https:\/\/yoast.com\/product\/yoast-seo-wordpress\/ -->\n<title>ACV doma\u0107in sastanka vazduhoplovnih vlasti dr\u017eava kandidata za EU - dmcsrb.com<\/title>\n<meta name=\"robots\" content=\"index, follow, max-snippet:-1, max-image-preview:large, max-video-preview:-1\" \/>\n<link rel=\"canonical\" href=\"https:\/\/dmcsrb.com\/en\/ekonomija\/acv-domacin-sastanka-vazduhoplovnih-vlasti-drzava-kandidata-za-eu\/\" \/>\n<meta property=\"og:locale\" content=\"en_GB\" \/>\n<meta property=\"og:type\" content=\"article\" \/>\n<meta property=\"og:title\" content=\"ACV doma\u0107in sastanka vazduhoplovnih vlasti dr\u017eava kandidata za EU - dmcsrb.com\" \/>\n<meta property=\"og:description\" content=\"Predstavnici vrha vazduhoplovnih vlasti zemalja regiona, kandidata za \u010dlanstvo u Evropskoj uniji, razgovarali su danas u Podgorici o brojnim zajedni\u010dkim temama iz oblasti civilnog vazduhoplovstva i produbljuvanju regionalnog partnerstva, saop\u0161teno je iz Agencije za icvilno vazduhoplovstvo.\" \/>\n<meta property=\"og:url\" content=\"https:\/\/dmcsrb.com\/en\/ekonomija\/acv-domacin-sastanka-vazduhoplovnih-vlasti-drzava-kandidata-za-eu\/\" \/>\n<meta property=\"og:site_name\" content=\"dmcsrb.com\" \/>\n<meta property=\"article:published_time\" content=\"2025-09-16T10:53:49+00:00\" \/>\n<meta property=\"og:image\" content=\"https:\/\/dmcsrb.com\/wp-content\/uploads\/2026\/01\/Direktori-regiona-scaled-1.webp\" \/>\n\t<meta property=\"og:image:width\" content=\"2560\" \/>\n\t<meta property=\"og:image:height\" content=\"1609\" \/>\n\t<meta property=\"og:image:type\" content=\"image\/jpeg\" \/>\n<meta name=\"author\" content=\"dmcsrbija.com@gmail.com\" \/>\n<meta name=\"twitter:card\" content=\"summary_large_image\" \/>\n<meta name=\"twitter:label1\" content=\"Written by\" \/>\n\t<meta name=\"twitter:data1\" content=\"dmcsrbija.com@gmail.com\" \/>\n\t<meta name=\"twitter:label2\" content=\"Estimated reading time\" \/>\n\t<meta name=\"twitter:data2\" content=\"1 minute\" \/>\n<script type=\"application\/ld+json\" class=\"yoast-schema-graph\">{\"@context\":\"https:\\\/\\\/schema.org\",\"@graph\":[{\"@type\":\"Article\",\"@id\":\"https:\\\/\\\/dmcsrb.com\\\/ekonomija\\\/acv-domacin-sastanka-vazduhoplovnih-vlasti-drzava-kandidata-za-eu\\\/#article\",\"isPartOf\":{\"@id\":\"https:\\\/\\\/dmcsrb.com\\\/ekonomija\\\/acv-domacin-sastanka-vazduhoplovnih-vlasti-drzava-kandidata-za-eu\\\/\"},\"author\":{\"name\":\"dmcsrbija.com@gmail.com\",\"@id\":\"https:\\\/\\\/dmcsrb.com\\\/#\\\/schema\\\/person\\\/5c39170f12db1b8b457732d0b5c854e2\"},\"headline\":\"ACV doma\u0107in sastanka vazduhoplovnih vlasti dr\u017eava kandidata za EU\",\"datePublished\":\"2025-09-16T10:53:49+00:00\",\"mainEntityOfPage\":{\"@id\":\"https:\\\/\\\/dmcsrb.com\\\/ekonomija\\\/acv-domacin-sastanka-vazduhoplovnih-vlasti-drzava-kandidata-za-eu\\\/\"},\"wordCount\":249,\"commentCount\":0,\"image\":{\"@id\":\"https:\\\/\\\/dmcsrb.com\\\/ekonomija\\\/acv-domacin-sastanka-vazduhoplovnih-vlasti-drzava-kandidata-za-eu\\\/#primaryimage\"},\"thumbnailUrl\":\"https:\\\/\\\/dmcsrb.com\\\/wp-content\\\/uploads\\\/2026\\\/01\\\/Direktori-regiona-scaled-1.webp\",\"keywords\":[\"ACV\",\"kandidati\"],\"articleSection\":[\"Ekonomija\"],\"inLanguage\":\"en-GB\",\"potentialAction\":[{\"@type\":\"CommentAction\",\"name\":\"Comment\",\"target\":[\"https:\\\/\\\/dmcsrb.com\\\/ekonomija\\\/acv-domacin-sastanka-vazduhoplovnih-vlasti-drzava-kandidata-za-eu\\\/#respond\"]}]},{\"@type\":\"WebPage\",\"@id\":\"https:\\\/\\\/dmcsrb.com\\\/ekonomija\\\/acv-domacin-sastanka-vazduhoplovnih-vlasti-drzava-kandidata-za-eu\\\/\",\"url\":\"https:\\\/\\\/dmcsrb.com\\\/ekonomija\\\/acv-domacin-sastanka-vazduhoplovnih-vlasti-drzava-kandidata-za-eu\\\/\",\"name\":\"ACV doma\u0107in sastanka vazduhoplovnih vlasti dr\u017eava kandidata za EU - dmcsrb.com\",\"isPartOf\":{\"@id\":\"https:\\\/\\\/dmcsrb.com\\\/#website\"},\"primaryImageOfPage\":{\"@id\":\"https:\\\/\\\/dmcsrb.com\\\/ekonomija\\\/acv-domacin-sastanka-vazduhoplovnih-vlasti-drzava-kandidata-za-eu\\\/#primaryimage\"},\"image\":{\"@id\":\"https:\\\/\\\/dmcsrb.com\\\/ekonomija\\\/acv-domacin-sastanka-vazduhoplovnih-vlasti-drzava-kandidata-za-eu\\\/#primaryimage\"},\"thumbnailUrl\":\"https:\\\/\\\/dmcsrb.com\\\/wp-content\\\/uploads\\\/2026\\\/01\\\/Direktori-regiona-scaled-1.webp\",\"datePublished\":\"2025-09-16T10:53:49+00:00\",\"author\":{\"@id\":\"https:\\\/\\\/dmcsrb.com\\\/#\\\/schema\\\/person\\\/5c39170f12db1b8b457732d0b5c854e2\"},\"breadcrumb\":{\"@id\":\"https:\\\/\\\/dmcsrb.com\\\/ekonomija\\\/acv-domacin-sastanka-vazduhoplovnih-vlasti-drzava-kandidata-za-eu\\\/#breadcrumb\"},\"inLanguage\":\"en-GB\",\"potentialAction\":[{\"@type\":\"ReadAction\",\"target\":[\"https:\\\/\\\/dmcsrb.com\\\/ekonomija\\\/acv-domacin-sastanka-vazduhoplovnih-vlasti-drzava-kandidata-za-eu\\\/\"]}]},{\"@type\":\"ImageObject\",\"inLanguage\":\"en-GB\",\"@id\":\"https:\\\/\\\/dmcsrb.com\\\/ekonomija\\\/acv-domacin-sastanka-vazduhoplovnih-vlasti-drzava-kandidata-za-eu\\\/#primaryimage\",\"url\":\"https:\\\/\\\/dmcsrb.com\\\/wp-content\\\/uploads\\\/2026\\\/01\\\/Direktori-regiona-scaled-1.webp\",\"contentUrl\":\"https:\\\/\\\/dmcsrb.com\\\/wp-content\\\/uploads\\\/2026\\\/01\\\/Direktori-regiona-scaled-1.webp\",\"width\":2560,\"height\":1609},{\"@type\":\"BreadcrumbList\",\"@id\":\"https:\\\/\\\/dmcsrb.com\\\/ekonomija\\\/acv-domacin-sastanka-vazduhoplovnih-vlasti-drzava-kandidata-za-eu\\\/#breadcrumb\",\"itemListElement\":[{\"@type\":\"ListItem\",\"position\":1,\"name\":\"Home\",\"item\":\"https:\\\/\\\/dmcsrb.com\\\/\"},{\"@type\":\"ListItem\",\"position\":2,\"name\":\"ACV doma\u0107in sastanka vazduhoplovnih vlasti dr\u017eava kandidata za EU\"}]},{\"@type\":\"WebSite\",\"@id\":\"https:\\\/\\\/dmcsrb.com\\\/#website\",\"url\":\"https:\\\/\\\/dmcsrb.com\\\/\",\"name\":\"dmcsrb.com\",\"description\":\"\",\"potentialAction\":[{\"@type\":\"SearchAction\",\"target\":{\"@type\":\"EntryPoint\",\"urlTemplate\":\"https:\\\/\\\/dmcsrb.com\\\/?s={search_term_string}\"},\"query-input\":{\"@type\":\"PropertyValueSpecification\",\"valueRequired\":true,\"valueName\":\"search_term_string\"}}],\"inLanguage\":\"en-GB\"},{\"@type\":\"Person\",\"@id\":\"https:\\\/\\\/dmcsrb.com\\\/#\\\/schema\\\/person\\\/5c39170f12db1b8b457732d0b5c854e2\",\"name\":\"dmcsrbija.com@gmail.com\",\"image\":{\"@type\":\"ImageObject\",\"inLanguage\":\"en-GB\",\"@id\":\"https:\\\/\\\/secure.gravatar.com\\\/avatar\\\/68592660ad6347fad0fb587f8d5d8f1a7b44961362f56e4f2cd524feb87e9069?s=96&d=mm&r=g\",\"url\":\"https:\\\/\\\/secure.gravatar.com\\\/avatar\\\/68592660ad6347fad0fb587f8d5d8f1a7b44961362f56e4f2cd524feb87e9069?s=96&d=mm&r=g\",\"contentUrl\":\"https:\\\/\\\/secure.gravatar.com\\\/avatar\\\/68592660ad6347fad0fb587f8d5d8f1a7b44961362f56e4f2cd524feb87e9069?s=96&d=mm&r=g\",\"caption\":\"dmcsrbija.com@gmail.com\"},\"sameAs\":[\"https:\\\/\\\/dmcsrb.com\"],\"url\":\"https:\\\/\\\/dmcsrb.com\\\/en\\\/author\\\/dmcsrbija-comgmail-com\\\/\"}]}<\/script>\n<!-- \/ Yoast SEO plugin. -->","yoast_head_json":{"title":"ACV doma\u0107in sastanka vazduhoplovnih vlasti dr\u017eava kandidata za EU - dmcsrb.com","robots":{"index":"index","follow":"follow","max-snippet":"max-snippet:-1","max-image-preview":"max-image-preview:large","max-video-preview":"max-video-preview:-1"},"canonical":"https:\/\/dmcsrb.com\/en\/ekonomija\/acv-domacin-sastanka-vazduhoplovnih-vlasti-drzava-kandidata-za-eu\/","og_locale":"en_GB","og_type":"article","og_title":"ACV doma\u0107in sastanka vazduhoplovnih vlasti dr\u017eava kandidata za EU - dmcsrb.com","og_description":"Predstavnici vrha vazduhoplovnih vlasti zemalja regiona, kandidata za \u010dlanstvo u Evropskoj uniji, razgovarali su danas u Podgorici o brojnim zajedni\u010dkim temama iz oblasti civilnog vazduhoplovstva i produbljuvanju regionalnog partnerstva, saop\u0161teno je iz Agencije za icvilno vazduhoplovstvo.","og_url":"https:\/\/dmcsrb.com\/en\/ekonomija\/acv-domacin-sastanka-vazduhoplovnih-vlasti-drzava-kandidata-za-eu\/","og_site_name":"dmcsrb.com","article_published_time":"2025-09-16T10:53:49+00:00","og_image":[{"width":2560,"height":1609,"url":"https:\/\/dmcsrb.com\/wp-content\/uploads\/2026\/01\/Direktori-regiona-scaled-1.webp","type":"image\/jpeg"}],"author":"dmcsrbija.com@gmail.com","twitter_card":"summary_large_image","twitter_misc":{"Written by":"dmcsrbija.com@gmail.com","Estimated reading time":"1 minute"},"schema":{"@context":"https:\/\/schema.org","@graph":[{"@type":"Article","@id":"https:\/\/dmcsrb.com\/ekonomija\/acv-domacin-sastanka-vazduhoplovnih-vlasti-drzava-kandidata-za-eu\/#article","isPartOf":{"@id":"https:\/\/dmcsrb.com\/ekonomija\/acv-domacin-sastanka-vazduhoplovnih-vlasti-drzava-kandidata-za-eu\/"},"author":{"name":"dmcsrbija.com@gmail.com","@id":"https:\/\/dmcsrb.com\/#\/schema\/person\/5c39170f12db1b8b457732d0b5c854e2"},"headline":"ACV doma\u0107in sastanka vazduhoplovnih vlasti dr\u017eava kandidata za EU","datePublished":"2025-09-16T10:53:49+00:00","mainEntityOfPage":{"@id":"https:\/\/dmcsrb.com\/ekonomija\/acv-domacin-sastanka-vazduhoplovnih-vlasti-drzava-kandidata-za-eu\/"},"wordCount":249,"commentCount":0,"image":{"@id":"https:\/\/dmcsrb.com\/ekonomija\/acv-domacin-sastanka-vazduhoplovnih-vlasti-drzava-kandidata-za-eu\/#primaryimage"},"thumbnailUrl":"https:\/\/dmcsrb.com\/wp-content\/uploads\/2026\/01\/Direktori-regiona-scaled-1.webp","keywords":["ACV","kandidati"],"articleSection":["Ekonomija"],"inLanguage":"en-GB","potentialAction":[{"@type":"CommentAction","name":"Comment","target":["https:\/\/dmcsrb.com\/ekonomija\/acv-domacin-sastanka-vazduhoplovnih-vlasti-drzava-kandidata-za-eu\/#respond"]}]},{"@type":"WebPage","@id":"https:\/\/dmcsrb.com\/ekonomija\/acv-domacin-sastanka-vazduhoplovnih-vlasti-drzava-kandidata-za-eu\/","url":"https:\/\/dmcsrb.com\/ekonomija\/acv-domacin-sastanka-vazduhoplovnih-vlasti-drzava-kandidata-za-eu\/","name":"ACV doma\u0107in sastanka vazduhoplovnih vlasti dr\u017eava kandidata za EU - dmcsrb.com","isPartOf":{"@id":"https:\/\/dmcsrb.com\/#website"},"primaryImageOfPage":{"@id":"https:\/\/dmcsrb.com\/ekonomija\/acv-domacin-sastanka-vazduhoplovnih-vlasti-drzava-kandidata-za-eu\/#primaryimage"},"image":{"@id":"https:\/\/dmcsrb.com\/ekonomija\/acv-domacin-sastanka-vazduhoplovnih-vlasti-drzava-kandidata-za-eu\/#primaryimage"},"thumbnailUrl":"https:\/\/dmcsrb.com\/wp-content\/uploads\/2026\/01\/Direktori-regiona-scaled-1.webp","datePublished":"2025-09-16T10:53:49+00:00","author":{"@id":"https:\/\/dmcsrb.com\/#\/schema\/person\/5c39170f12db1b8b457732d0b5c854e2"},"breadcrumb":{"@id":"https:\/\/dmcsrb.com\/ekonomija\/acv-domacin-sastanka-vazduhoplovnih-vlasti-drzava-kandidata-za-eu\/#breadcrumb"},"inLanguage":"en-GB","potentialAction":[{"@type":"ReadAction","target":["https:\/\/dmcsrb.com\/ekonomija\/acv-domacin-sastanka-vazduhoplovnih-vlasti-drzava-kandidata-za-eu\/"]}]},{"@type":"ImageObject","inLanguage":"en-GB","@id":"https:\/\/dmcsrb.com\/ekonomija\/acv-domacin-sastanka-vazduhoplovnih-vlasti-drzava-kandidata-za-eu\/#primaryimage","url":"https:\/\/dmcsrb.com\/wp-content\/uploads\/2026\/01\/Direktori-regiona-scaled-1.webp","contentUrl":"https:\/\/dmcsrb.com\/wp-content\/uploads\/2026\/01\/Direktori-regiona-scaled-1.webp","width":2560,"height":1609},{"@type":"BreadcrumbList","@id":"https:\/\/dmcsrb.com\/ekonomija\/acv-domacin-sastanka-vazduhoplovnih-vlasti-drzava-kandidata-za-eu\/#breadcrumb","itemListElement":[{"@type":"ListItem","position":1,"name":"Home","item":"https:\/\/dmcsrb.com\/"},{"@type":"ListItem","position":2,"name":"ACV doma\u0107in sastanka vazduhoplovnih vlasti dr\u017eava kandidata za EU"}]},{"@type":"WebSite","@id":"https:\/\/dmcsrb.com\/#website","url":"https:\/\/dmcsrb.com\/","name":"dmcsrb.com","description":"","potentialAction":[{"@type":"SearchAction","target":{"@type":"EntryPoint","urlTemplate":"https:\/\/dmcsrb.com\/?s={search_term_string}"},"query-input":{"@type":"PropertyValueSpecification","valueRequired":true,"valueName":"search_term_string"}}],"inLanguage":"en-GB"},{"@type":"Person","@id":"https:\/\/dmcsrb.com\/#\/schema\/person\/5c39170f12db1b8b457732d0b5c854e2","name":"dmcsrbija.com@gmail.com","image":{"@type":"ImageObject","inLanguage":"en-GB","@id":"https:\/\/secure.gravatar.com\/avatar\/68592660ad6347fad0fb587f8d5d8f1a7b44961362f56e4f2cd524feb87e9069?s=96&d=mm&r=g","url":"https:\/\/secure.gravatar.com\/avatar\/68592660ad6347fad0fb587f8d5d8f1a7b44961362f56e4f2cd524feb87e9069?s=96&d=mm&r=g","contentUrl":"https:\/\/secure.gravatar.com\/avatar\/68592660ad6347fad0fb587f8d5d8f1a7b44961362f56e4f2cd524feb87e9069?s=96&d=mm&r=g","caption":"dmcsrbija.com@gmail.com"},"sameAs":["https:\/\/dmcsrb.com"],"url":"https:\/\/dmcsrb.com\/en\/author\/dmcsrbija-comgmail-com\/"}]}},"_links":{"self":[{"href":"https:\/\/dmcsrb.com\/en\/wp-json\/wp\/v2\/posts\/952376","targetHints":{"allow":["GET"]}}],"collection":[{"href":"https:\/\/dmcsrb.com\/en\/wp-json\/wp\/v2\/posts"}],"about":[{"href":"https:\/\/dmcsrb.com\/en\/wp-json\/wp\/v2\/types\/post"}],"author":[{"embeddable":true,"href":"https:\/\/dmcsrb.com\/en\/wp-json\/wp\/v2\/users\/1"}],"replies":[{"embeddable":true,"href":"https:\/\/dmcsrb.com\/en\/wp-json\/wp\/v2\/comments?post=952376"}],"version-history":[{"count":0,"href":"https:\/\/dmcsrb.com\/en\/wp-json\/wp\/v2\/posts\/952376\/revisions"}],"wp:featuredmedia":[{"embeddable":true,"href":"https:\/\/dmcsrb.com\/en\/wp-json\/wp\/v2\/media\/952377"}],"wp:attachment":[{"href":"https:\/\/dmcsrb.com\/en\/wp-json\/wp\/v2\/media?parent=952376"}],"wp:term":[{"taxonomy":"category","embeddable":true,"href":"https:\/\/dmcsrb.com\/en\/wp-json\/wp\/v2\/categories?post=952376"},{"taxonomy":"post_tag","embeddable":true,"href":"https:\/\/dmcsrb.com\/en\/wp-json\/wp\/v2\/tags?post=952376"},{"taxonomy":"naslovna","embeddable":true,"href":"https:\/\/dmcsrb.com\/en\/wp-json\/wp\/v2\/naslovna?post=952376"}],"curies":[{"name":"wp","href":"https:\/\/api.w.org\/{rel}","templated":true}]}}