{"id":952349,"date":"2025-09-16T14:55:00","date_gmt":"2025-09-16T12:55:00","guid":{"rendered":"https:\/\/dmcsrb.com\/uncategorized\/cedem-sloboda-govora-i-pravo-gradjanki-i-gradjana-na-informisanost-ne-smiju-biti-dovedeni-u-pitanje\/"},"modified":"2025-09-16T14:55:00","modified_gmt":"2025-09-16T12:55:00","slug":"cedem-sloboda-govora-i-pravo-gradjanki-i-gradjana-na-informisanost-ne-smiju-biti-dovedeni-u-pitanje","status":"publish","type":"post","link":"https:\/\/dmcsrb.com\/en\/drustvo\/cedem-sloboda-govora-i-pravo-gradjanki-i-gradjana-na-informisanost-ne-smiju-biti-dovedeni-u-pitanje\/","title":{"rendered":"CEDEM: Sloboda govora i pravo gra\u0111anki i gra\u0111ana na informisanost ne smiju biti dovedeni u pitanje"},"content":{"rendered":"<p><\/p>\n\n\n\n<p><\/p>\n\n\n\n<p><\/p>\n\n\n\n<p>&#8220;Zakon o medijima jasno propisuje da se akreditacija novinarima ne mo\u017ee uskratiti kada se radi o doga\u0111ajima koje organizuju javne institucije i koji su otvoreni za medije. Svako postupanje suprotno ovoj odredbi ne \u0161teti samo medijima, ve\u0107 i svim gra\u0111ankama i gra\u0111anima kojima se uskra\u0107uje pristup informacijama od javnog interesa&#8221;, kazali su iz CEDEM-a.<\/p>\n\n\n\n<p>Onemogu\u0107avanje rada, kako navode, novinarkama i novinarima podriva povjerenje javnosti u institucije i \u0161alje zabrinjavaju\u0107u poruku o odnosu vlasti prema transparentnosti. Posebno je va\u017eno naglasiti da ne smije postojati revan\u0161izam prema medijima, jer se time ugro\u017eavaju osnovna demokratska na\u010dela i odgovornost javnih vlasti.<\/p>\n\n\n\n<p>&#8220;Podsje\u0107amo i da ovakva praksa nije u skladu sa evropskim vrijednostima i standardima kojima na\u0161e dru\u0161tvo te\u017ei. Sloboda medija, jednak pristup informacijama i transparentnost u radu institucija predstavljaju temelje demokratskih dru\u0161tava i osnovne kriterijume u procesu evropskih integracija. Svako odstupanje od tih principa udaljava nas od izgradnje sistema u kojem se po\u0161tuju prava svih gra\u0111anki i gra\u0111ana i ja\u010da sumnju u spremnost vlasti da se istinski posveti evropskom putu.<\/p>\n\n\n\n<p>Pozivamo Ministarstvo odbrane da ispravi u\u010dinjenu gre\u0161ku i omogu\u0107i jednaka prava svim medijima u skladu sa zakonskim obavezama, kako bi se sa\u010duvala transparentnost i odgovornost institucija prema gra\u0111anima&#8221;, dodaju u saop\u0161tenje.<\/p>","protected":false},"excerpt":{"rendered":"<p>Odluka Ministarstva odbrane da uskrati akreditacije odre\u0111enim medijima predstavlja opasan primjer naru\u0161avanja principe slobode govora i prava gra\u0111ana da budu informisani o pitanjima od javnog zna\u010daja, saop\u0161teno je iz CEDEM-a.<\/p>","protected":false},"author":1,"featured_media":952350,"comment_status":"open","ping_status":"open","sticky":false,"template":"","format":"standard","meta":{"_acf_changed":false,"footnotes":""},"categories":[2],"tags":[5480,3593],"naslovna":[],"class_list":["post-952349","post","type-post","status-publish","format-standard","has-post-thumbnail","hentry","category-drustvo","tag-cedem","tag-reagovanja"],"acf":[],"yoast_head":"<!-- This site is optimized with the Yoast SEO plugin v27.4 - https:\/\/yoast.com\/product\/yoast-seo-wordpress\/ -->\n<title>CEDEM: Sloboda govora i pravo gra\u0111anki i gra\u0111ana na informisanost ne smiju biti dovedeni u pitanje - dmcsrb.com<\/title>\n<meta name=\"robots\" content=\"index, follow, max-snippet:-1, max-image-preview:large, max-video-preview:-1\" \/>\n<link rel=\"canonical\" href=\"https:\/\/dmcsrb.com\/en\/drustvo\/cedem-sloboda-govora-i-pravo-gradjanki-i-gradjana-na-informisanost-ne-smiju-biti-dovedeni-u-pitanje\/\" \/>\n<meta property=\"og:locale\" content=\"en_GB\" \/>\n<meta property=\"og:type\" content=\"article\" \/>\n<meta property=\"og:title\" content=\"CEDEM: Sloboda govora i pravo gra\u0111anki i gra\u0111ana na informisanost ne smiju biti dovedeni u pitanje - dmcsrb.com\" \/>\n<meta property=\"og:description\" content=\"Odluka Ministarstva odbrane da uskrati akreditacije odre\u0111enim medijima predstavlja opasan primjer naru\u0161avanja principe slobode govora i prava gra\u0111ana da budu informisani o pitanjima od javnog zna\u010daja, saop\u0161teno je iz CEDEM-a.\" \/>\n<meta property=\"og:url\" content=\"https:\/\/dmcsrb.com\/en\/drustvo\/cedem-sloboda-govora-i-pravo-gradjanki-i-gradjana-na-informisanost-ne-smiju-biti-dovedeni-u-pitanje\/\" \/>\n<meta property=\"og:site_name\" content=\"dmcsrb.com\" \/>\n<meta property=\"article:published_time\" content=\"2025-09-16T12:55:00+00:00\" \/>\n<meta property=\"og:image\" content=\"https:\/\/dmcsrb.com\/wp-content\/uploads\/2026\/01\/cedemmm_394x900.jpg.webp\" \/>\n\t<meta property=\"og:image:width\" content=\"899\" \/>\n\t<meta property=\"og:image:height\" content=\"394\" \/>\n\t<meta property=\"og:image:type\" content=\"image\/webp\" \/>\n<meta name=\"author\" content=\"dmcsrbija.com@gmail.com\" \/>\n<meta name=\"twitter:card\" content=\"summary_large_image\" \/>\n<meta name=\"twitter:label1\" content=\"Written by\" \/>\n\t<meta name=\"twitter:data1\" content=\"dmcsrbija.com@gmail.com\" \/>\n\t<meta name=\"twitter:label2\" content=\"Estimated reading time\" \/>\n\t<meta name=\"twitter:data2\" content=\"1 minute\" \/>\n<script type=\"application\/ld+json\" class=\"yoast-schema-graph\">{\"@context\":\"https:\\\/\\\/schema.org\",\"@graph\":[{\"@type\":\"Article\",\"@id\":\"https:\\\/\\\/dmcsrb.com\\\/en\\\/drustvo\\\/cedem-sloboda-govora-i-pravo-gradjanki-i-gradjana-na-informisanost-ne-smiju-biti-dovedeni-u-pitanje\\\/#article\",\"isPartOf\":{\"@id\":\"https:\\\/\\\/dmcsrb.com\\\/en\\\/drustvo\\\/cedem-sloboda-govora-i-pravo-gradjanki-i-gradjana-na-informisanost-ne-smiju-biti-dovedeni-u-pitanje\\\/\"},\"author\":{\"name\":\"dmcsrbija.com@gmail.com\",\"@id\":\"https:\\\/\\\/dmcsrb.com\\\/#\\\/schema\\\/person\\\/5c39170f12db1b8b457732d0b5c854e2\"},\"headline\":\"CEDEM: Sloboda govora i pravo gra\u0111anki i gra\u0111ana na informisanost ne smiju biti dovedeni u pitanje\",\"datePublished\":\"2025-09-16T12:55:00+00:00\",\"mainEntityOfPage\":{\"@id\":\"https:\\\/\\\/dmcsrb.com\\\/en\\\/drustvo\\\/cedem-sloboda-govora-i-pravo-gradjanki-i-gradjana-na-informisanost-ne-smiju-biti-dovedeni-u-pitanje\\\/\"},\"wordCount\":241,\"commentCount\":0,\"image\":{\"@id\":\"https:\\\/\\\/dmcsrb.com\\\/en\\\/drustvo\\\/cedem-sloboda-govora-i-pravo-gradjanki-i-gradjana-na-informisanost-ne-smiju-biti-dovedeni-u-pitanje\\\/#primaryimage\"},\"thumbnailUrl\":\"https:\\\/\\\/dmcsrb.com\\\/wp-content\\\/uploads\\\/2026\\\/01\\\/cedemmm_394x900.jpg.webp\",\"keywords\":[\"CEDEM\",\"reagovanja\"],\"articleSection\":[\"Dru\u0161tvo\"],\"inLanguage\":\"en-GB\",\"potentialAction\":[{\"@type\":\"CommentAction\",\"name\":\"Comment\",\"target\":[\"https:\\\/\\\/dmcsrb.com\\\/en\\\/drustvo\\\/cedem-sloboda-govora-i-pravo-gradjanki-i-gradjana-na-informisanost-ne-smiju-biti-dovedeni-u-pitanje\\\/#respond\"]}]},{\"@type\":\"WebPage\",\"@id\":\"https:\\\/\\\/dmcsrb.com\\\/en\\\/drustvo\\\/cedem-sloboda-govora-i-pravo-gradjanki-i-gradjana-na-informisanost-ne-smiju-biti-dovedeni-u-pitanje\\\/\",\"url\":\"https:\\\/\\\/dmcsrb.com\\\/en\\\/drustvo\\\/cedem-sloboda-govora-i-pravo-gradjanki-i-gradjana-na-informisanost-ne-smiju-biti-dovedeni-u-pitanje\\\/\",\"name\":\"CEDEM: Sloboda govora i pravo gra\u0111anki i gra\u0111ana na informisanost ne smiju biti dovedeni u pitanje - dmcsrb.com\",\"isPartOf\":{\"@id\":\"https:\\\/\\\/dmcsrb.com\\\/#website\"},\"primaryImageOfPage\":{\"@id\":\"https:\\\/\\\/dmcsrb.com\\\/en\\\/drustvo\\\/cedem-sloboda-govora-i-pravo-gradjanki-i-gradjana-na-informisanost-ne-smiju-biti-dovedeni-u-pitanje\\\/#primaryimage\"},\"image\":{\"@id\":\"https:\\\/\\\/dmcsrb.com\\\/en\\\/drustvo\\\/cedem-sloboda-govora-i-pravo-gradjanki-i-gradjana-na-informisanost-ne-smiju-biti-dovedeni-u-pitanje\\\/#primaryimage\"},\"thumbnailUrl\":\"https:\\\/\\\/dmcsrb.com\\\/wp-content\\\/uploads\\\/2026\\\/01\\\/cedemmm_394x900.jpg.webp\",\"datePublished\":\"2025-09-16T12:55:00+00:00\",\"author\":{\"@id\":\"https:\\\/\\\/dmcsrb.com\\\/#\\\/schema\\\/person\\\/5c39170f12db1b8b457732d0b5c854e2\"},\"breadcrumb\":{\"@id\":\"https:\\\/\\\/dmcsrb.com\\\/en\\\/drustvo\\\/cedem-sloboda-govora-i-pravo-gradjanki-i-gradjana-na-informisanost-ne-smiju-biti-dovedeni-u-pitanje\\\/#breadcrumb\"},\"inLanguage\":\"en-GB\",\"potentialAction\":[{\"@type\":\"ReadAction\",\"target\":[\"https:\\\/\\\/dmcsrb.com\\\/en\\\/drustvo\\\/cedem-sloboda-govora-i-pravo-gradjanki-i-gradjana-na-informisanost-ne-smiju-biti-dovedeni-u-pitanje\\\/\"]}]},{\"@type\":\"ImageObject\",\"inLanguage\":\"en-GB\",\"@id\":\"https:\\\/\\\/dmcsrb.com\\\/en\\\/drustvo\\\/cedem-sloboda-govora-i-pravo-gradjanki-i-gradjana-na-informisanost-ne-smiju-biti-dovedeni-u-pitanje\\\/#primaryimage\",\"url\":\"https:\\\/\\\/dmcsrb.com\\\/wp-content\\\/uploads\\\/2026\\\/01\\\/cedemmm_394x900.jpg.webp\",\"contentUrl\":\"https:\\\/\\\/dmcsrb.com\\\/wp-content\\\/uploads\\\/2026\\\/01\\\/cedemmm_394x900.jpg.webp\",\"width\":899,\"height\":394},{\"@type\":\"BreadcrumbList\",\"@id\":\"https:\\\/\\\/dmcsrb.com\\\/en\\\/drustvo\\\/cedem-sloboda-govora-i-pravo-gradjanki-i-gradjana-na-informisanost-ne-smiju-biti-dovedeni-u-pitanje\\\/#breadcrumb\",\"itemListElement\":[{\"@type\":\"ListItem\",\"position\":1,\"name\":\"Home\",\"item\":\"https:\\\/\\\/dmcsrb.com\\\/\"},{\"@type\":\"ListItem\",\"position\":2,\"name\":\"CEDEM: Sloboda govora i pravo gra\u0111anki i gra\u0111ana na informisanost ne smiju biti dovedeni u pitanje\"}]},{\"@type\":\"WebSite\",\"@id\":\"https:\\\/\\\/dmcsrb.com\\\/#website\",\"url\":\"https:\\\/\\\/dmcsrb.com\\\/\",\"name\":\"dmcsrb.com\",\"description\":\"\",\"potentialAction\":[{\"@type\":\"SearchAction\",\"target\":{\"@type\":\"EntryPoint\",\"urlTemplate\":\"https:\\\/\\\/dmcsrb.com\\\/?s={search_term_string}\"},\"query-input\":{\"@type\":\"PropertyValueSpecification\",\"valueRequired\":true,\"valueName\":\"search_term_string\"}}],\"inLanguage\":\"en-GB\"},{\"@type\":\"Person\",\"@id\":\"https:\\\/\\\/dmcsrb.com\\\/#\\\/schema\\\/person\\\/5c39170f12db1b8b457732d0b5c854e2\",\"name\":\"dmcsrbija.com@gmail.com\",\"image\":{\"@type\":\"ImageObject\",\"inLanguage\":\"en-GB\",\"@id\":\"https:\\\/\\\/secure.gravatar.com\\\/avatar\\\/68592660ad6347fad0fb587f8d5d8f1a7b44961362f56e4f2cd524feb87e9069?s=96&d=mm&r=g\",\"url\":\"https:\\\/\\\/secure.gravatar.com\\\/avatar\\\/68592660ad6347fad0fb587f8d5d8f1a7b44961362f56e4f2cd524feb87e9069?s=96&d=mm&r=g\",\"contentUrl\":\"https:\\\/\\\/secure.gravatar.com\\\/avatar\\\/68592660ad6347fad0fb587f8d5d8f1a7b44961362f56e4f2cd524feb87e9069?s=96&d=mm&r=g\",\"caption\":\"dmcsrbija.com@gmail.com\"},\"sameAs\":[\"https:\\\/\\\/dmcsrb.com\"],\"url\":\"https:\\\/\\\/dmcsrb.com\\\/en\\\/author\\\/dmcsrbija-comgmail-com\\\/\"}]}<\/script>\n<!-- \/ Yoast SEO plugin. -->","yoast_head_json":{"title":"CEDEM: Sloboda govora i pravo gra\u0111anki i gra\u0111ana na informisanost ne smiju biti dovedeni u pitanje - dmcsrb.com","robots":{"index":"index","follow":"follow","max-snippet":"max-snippet:-1","max-image-preview":"max-image-preview:large","max-video-preview":"max-video-preview:-1"},"canonical":"https:\/\/dmcsrb.com\/en\/drustvo\/cedem-sloboda-govora-i-pravo-gradjanki-i-gradjana-na-informisanost-ne-smiju-biti-dovedeni-u-pitanje\/","og_locale":"en_GB","og_type":"article","og_title":"CEDEM: Sloboda govora i pravo gra\u0111anki i gra\u0111ana na informisanost ne smiju biti dovedeni u pitanje - dmcsrb.com","og_description":"Odluka Ministarstva odbrane da uskrati akreditacije odre\u0111enim medijima predstavlja opasan primjer naru\u0161avanja principe slobode govora i prava gra\u0111ana da budu informisani o pitanjima od javnog zna\u010daja, saop\u0161teno je iz CEDEM-a.","og_url":"https:\/\/dmcsrb.com\/en\/drustvo\/cedem-sloboda-govora-i-pravo-gradjanki-i-gradjana-na-informisanost-ne-smiju-biti-dovedeni-u-pitanje\/","og_site_name":"dmcsrb.com","article_published_time":"2025-09-16T12:55:00+00:00","og_image":[{"width":899,"height":394,"url":"https:\/\/dmcsrb.com\/wp-content\/uploads\/2026\/01\/cedemmm_394x900.jpg.webp","type":"image\/webp"}],"author":"dmcsrbija.com@gmail.com","twitter_card":"summary_large_image","twitter_misc":{"Written by":"dmcsrbija.com@gmail.com","Estimated reading time":"1 minute"},"schema":{"@context":"https:\/\/schema.org","@graph":[{"@type":"Article","@id":"https:\/\/dmcsrb.com\/en\/drustvo\/cedem-sloboda-govora-i-pravo-gradjanki-i-gradjana-na-informisanost-ne-smiju-biti-dovedeni-u-pitanje\/#article","isPartOf":{"@id":"https:\/\/dmcsrb.com\/en\/drustvo\/cedem-sloboda-govora-i-pravo-gradjanki-i-gradjana-na-informisanost-ne-smiju-biti-dovedeni-u-pitanje\/"},"author":{"name":"dmcsrbija.com@gmail.com","@id":"https:\/\/dmcsrb.com\/#\/schema\/person\/5c39170f12db1b8b457732d0b5c854e2"},"headline":"CEDEM: Sloboda govora i pravo gra\u0111anki i gra\u0111ana na informisanost ne smiju biti dovedeni u pitanje","datePublished":"2025-09-16T12:55:00+00:00","mainEntityOfPage":{"@id":"https:\/\/dmcsrb.com\/en\/drustvo\/cedem-sloboda-govora-i-pravo-gradjanki-i-gradjana-na-informisanost-ne-smiju-biti-dovedeni-u-pitanje\/"},"wordCount":241,"commentCount":0,"image":{"@id":"https:\/\/dmcsrb.com\/en\/drustvo\/cedem-sloboda-govora-i-pravo-gradjanki-i-gradjana-na-informisanost-ne-smiju-biti-dovedeni-u-pitanje\/#primaryimage"},"thumbnailUrl":"https:\/\/dmcsrb.com\/wp-content\/uploads\/2026\/01\/cedemmm_394x900.jpg.webp","keywords":["CEDEM","reagovanja"],"articleSection":["Dru\u0161tvo"],"inLanguage":"en-GB","potentialAction":[{"@type":"CommentAction","name":"Comment","target":["https:\/\/dmcsrb.com\/en\/drustvo\/cedem-sloboda-govora-i-pravo-gradjanki-i-gradjana-na-informisanost-ne-smiju-biti-dovedeni-u-pitanje\/#respond"]}]},{"@type":"WebPage","@id":"https:\/\/dmcsrb.com\/en\/drustvo\/cedem-sloboda-govora-i-pravo-gradjanki-i-gradjana-na-informisanost-ne-smiju-biti-dovedeni-u-pitanje\/","url":"https:\/\/dmcsrb.com\/en\/drustvo\/cedem-sloboda-govora-i-pravo-gradjanki-i-gradjana-na-informisanost-ne-smiju-biti-dovedeni-u-pitanje\/","name":"CEDEM: Sloboda govora i pravo gra\u0111anki i gra\u0111ana na informisanost ne smiju biti dovedeni u pitanje - dmcsrb.com","isPartOf":{"@id":"https:\/\/dmcsrb.com\/#website"},"primaryImageOfPage":{"@id":"https:\/\/dmcsrb.com\/en\/drustvo\/cedem-sloboda-govora-i-pravo-gradjanki-i-gradjana-na-informisanost-ne-smiju-biti-dovedeni-u-pitanje\/#primaryimage"},"image":{"@id":"https:\/\/dmcsrb.com\/en\/drustvo\/cedem-sloboda-govora-i-pravo-gradjanki-i-gradjana-na-informisanost-ne-smiju-biti-dovedeni-u-pitanje\/#primaryimage"},"thumbnailUrl":"https:\/\/dmcsrb.com\/wp-content\/uploads\/2026\/01\/cedemmm_394x900.jpg.webp","datePublished":"2025-09-16T12:55:00+00:00","author":{"@id":"https:\/\/dmcsrb.com\/#\/schema\/person\/5c39170f12db1b8b457732d0b5c854e2"},"breadcrumb":{"@id":"https:\/\/dmcsrb.com\/en\/drustvo\/cedem-sloboda-govora-i-pravo-gradjanki-i-gradjana-na-informisanost-ne-smiju-biti-dovedeni-u-pitanje\/#breadcrumb"},"inLanguage":"en-GB","potentialAction":[{"@type":"ReadAction","target":["https:\/\/dmcsrb.com\/en\/drustvo\/cedem-sloboda-govora-i-pravo-gradjanki-i-gradjana-na-informisanost-ne-smiju-biti-dovedeni-u-pitanje\/"]}]},{"@type":"ImageObject","inLanguage":"en-GB","@id":"https:\/\/dmcsrb.com\/en\/drustvo\/cedem-sloboda-govora-i-pravo-gradjanki-i-gradjana-na-informisanost-ne-smiju-biti-dovedeni-u-pitanje\/#primaryimage","url":"https:\/\/dmcsrb.com\/wp-content\/uploads\/2026\/01\/cedemmm_394x900.jpg.webp","contentUrl":"https:\/\/dmcsrb.com\/wp-content\/uploads\/2026\/01\/cedemmm_394x900.jpg.webp","width":899,"height":394},{"@type":"BreadcrumbList","@id":"https:\/\/dmcsrb.com\/en\/drustvo\/cedem-sloboda-govora-i-pravo-gradjanki-i-gradjana-na-informisanost-ne-smiju-biti-dovedeni-u-pitanje\/#breadcrumb","itemListElement":[{"@type":"ListItem","position":1,"name":"Home","item":"https:\/\/dmcsrb.com\/"},{"@type":"ListItem","position":2,"name":"CEDEM: Sloboda govora i pravo gra\u0111anki i gra\u0111ana na informisanost ne smiju biti dovedeni u pitanje"}]},{"@type":"WebSite","@id":"https:\/\/dmcsrb.com\/#website","url":"https:\/\/dmcsrb.com\/","name":"dmcsrb.com","description":"","potentialAction":[{"@type":"SearchAction","target":{"@type":"EntryPoint","urlTemplate":"https:\/\/dmcsrb.com\/?s={search_term_string}"},"query-input":{"@type":"PropertyValueSpecification","valueRequired":true,"valueName":"search_term_string"}}],"inLanguage":"en-GB"},{"@type":"Person","@id":"https:\/\/dmcsrb.com\/#\/schema\/person\/5c39170f12db1b8b457732d0b5c854e2","name":"dmcsrbija.com@gmail.com","image":{"@type":"ImageObject","inLanguage":"en-GB","@id":"https:\/\/secure.gravatar.com\/avatar\/68592660ad6347fad0fb587f8d5d8f1a7b44961362f56e4f2cd524feb87e9069?s=96&d=mm&r=g","url":"https:\/\/secure.gravatar.com\/avatar\/68592660ad6347fad0fb587f8d5d8f1a7b44961362f56e4f2cd524feb87e9069?s=96&d=mm&r=g","contentUrl":"https:\/\/secure.gravatar.com\/avatar\/68592660ad6347fad0fb587f8d5d8f1a7b44961362f56e4f2cd524feb87e9069?s=96&d=mm&r=g","caption":"dmcsrbija.com@gmail.com"},"sameAs":["https:\/\/dmcsrb.com"],"url":"https:\/\/dmcsrb.com\/en\/author\/dmcsrbija-comgmail-com\/"}]}},"_links":{"self":[{"href":"https:\/\/dmcsrb.com\/en\/wp-json\/wp\/v2\/posts\/952349","targetHints":{"allow":["GET"]}}],"collection":[{"href":"https:\/\/dmcsrb.com\/en\/wp-json\/wp\/v2\/posts"}],"about":[{"href":"https:\/\/dmcsrb.com\/en\/wp-json\/wp\/v2\/types\/post"}],"author":[{"embeddable":true,"href":"https:\/\/dmcsrb.com\/en\/wp-json\/wp\/v2\/users\/1"}],"replies":[{"embeddable":true,"href":"https:\/\/dmcsrb.com\/en\/wp-json\/wp\/v2\/comments?post=952349"}],"version-history":[{"count":0,"href":"https:\/\/dmcsrb.com\/en\/wp-json\/wp\/v2\/posts\/952349\/revisions"}],"wp:featuredmedia":[{"embeddable":true,"href":"https:\/\/dmcsrb.com\/en\/wp-json\/wp\/v2\/media\/952350"}],"wp:attachment":[{"href":"https:\/\/dmcsrb.com\/en\/wp-json\/wp\/v2\/media?parent=952349"}],"wp:term":[{"taxonomy":"category","embeddable":true,"href":"https:\/\/dmcsrb.com\/en\/wp-json\/wp\/v2\/categories?post=952349"},{"taxonomy":"post_tag","embeddable":true,"href":"https:\/\/dmcsrb.com\/en\/wp-json\/wp\/v2\/tags?post=952349"},{"taxonomy":"naslovna","embeddable":true,"href":"https:\/\/dmcsrb.com\/en\/wp-json\/wp\/v2\/naslovna?post=952349"}],"curies":[{"name":"wp","href":"https:\/\/api.w.org\/{rel}","templated":true}]}}