{"id":952329,"date":"2025-09-16T11:06:00","date_gmt":"2025-09-16T09:06:00","guid":{"rendered":"https:\/\/dmcsrb.com\/uncategorized\/nagrada-oslobodjenja-niksica-andriji-delibasicu-slavisi-djurkovicu-i-dnevnom-centru\/"},"modified":"2025-09-16T11:06:00","modified_gmt":"2025-09-16T09:06:00","slug":"nagrada-oslobodjenja-niksica-andriji-delibasicu-slavisi-djurkovicu-i-dnevnom-centru","status":"publish","type":"post","link":"https:\/\/dmcsrb.com\/en\/drustvo\/nagrada-oslobodjenja-niksica-andriji-delibasicu-slavisi-djurkovicu-i-dnevnom-centru\/","title":{"rendered":"Nagrada oslobo\u0111enja Nik\u0161i\u0107a Andriji Deliba\u0161i\u0107u, Slavi\u0161i \u0110urkovi\u0107u i Dnevnom centru"},"content":{"rendered":"<p><\/p>\n\n\n\n<p>Kako su istakli, nagrada Deliba\u0161i\u0107u i \u0110urkovi\u0107u nagrada je pripala za izvanredne rezultate u oblasti sporta, dok je Dnevni centar nagra\u0111en zbog ostvarenih rezultata u oblasti socijalne i dje\u010dije za\u0161tite.<\/p>\n\n\n\n<p>\u201cNagrade \u0107e uru\u010diti predsjednica Skup\u0161tine op\u0161tine Nik\u0161i\u0107, Milica Lalatovi\u0107 \u017di\u017ei\u0107, 18. septembra na Sve\u010danoj sjednici SO\u201d, zaklju\u010duju u saop\u0161tenju.<\/p>","protected":false},"excerpt":{"rendered":"<p>Na drugoj sjednici \u017dirija za dodjelu Nagrade oslobo\u0111enja Nik\u0161i\u0107a za 2025. godinu donesena je Odluka da se Nagrada dodijeli posthumno Andriji Deliba\u0161i\u0107u i Slavi\u0161i \u0110urkovi\u0107u, kao i JU Dnevni centar za djecu sa smetnjama u razvoju i osobe sa invaliditetom Nik\u0161i\u0107, saop\u0161teno je iz Op\u0161tine Nik\u0161i\u0107.<\/p>","protected":false},"author":1,"featured_media":952330,"comment_status":"open","ping_status":"open","sticky":false,"template":"","format":"standard","meta":{"_acf_changed":false,"footnotes":""},"categories":[2],"tags":[2171,8151,8199,491,8200],"naslovna":[],"class_list":["post-952329","post","type-post","status-publish","format-standard","has-post-thumbnail","hentry","category-drustvo","tag-andrija-delibasic","tag-dnevni-centar","tag-nagrada-oslobodjenja","tag-niksic-4","tag-slavisa-djurkovic"],"acf":[],"yoast_head":"<!-- This site is optimized with the Yoast SEO plugin v27.0 - https:\/\/yoast.com\/product\/yoast-seo-wordpress\/ -->\n<title>Nagrada oslobo\u0111enja Nik\u0161i\u0107a Andriji Deliba\u0161i\u0107u, Slavi\u0161i \u0110urkovi\u0107u i Dnevnom centru - dmcsrb.com<\/title>\n<meta name=\"robots\" content=\"index, follow, max-snippet:-1, max-image-preview:large, max-video-preview:-1\" \/>\n<link rel=\"canonical\" href=\"https:\/\/dmcsrb.com\/en\/drustvo\/nagrada-oslobodjenja-niksica-andriji-delibasicu-slavisi-djurkovicu-i-dnevnom-centru\/\" \/>\n<meta property=\"og:locale\" content=\"en_GB\" \/>\n<meta property=\"og:type\" content=\"article\" \/>\n<meta property=\"og:title\" content=\"Nagrada oslobo\u0111enja Nik\u0161i\u0107a Andriji Deliba\u0161i\u0107u, Slavi\u0161i \u0110urkovi\u0107u i Dnevnom centru - dmcsrb.com\" \/>\n<meta property=\"og:description\" content=\"Na drugoj sjednici \u017dirija za dodjelu Nagrade oslobo\u0111enja Nik\u0161i\u0107a za 2025. godinu donesena je Odluka da se Nagrada dodijeli posthumno Andriji Deliba\u0161i\u0107u i Slavi\u0161i \u0110urkovi\u0107u, kao i JU Dnevni centar za djecu sa smetnjama u razvoju i osobe sa invaliditetom Nik\u0161i\u0107, saop\u0161teno je iz Op\u0161tine Nik\u0161i\u0107.\" \/>\n<meta property=\"og:url\" content=\"https:\/\/dmcsrb.com\/en\/drustvo\/nagrada-oslobodjenja-niksica-andriji-delibasicu-slavisi-djurkovicu-i-dnevnom-centru\/\" \/>\n<meta property=\"og:site_name\" content=\"dmcsrb.com\" \/>\n<meta property=\"article:published_time\" content=\"2025-09-16T09:06:00+00:00\" \/>\n<meta property=\"og:image\" content=\"https:\/\/dmcsrb.com\/wp-content\/uploads\/2026\/01\/niksic-rtcg.webp\" \/>\n\t<meta property=\"og:image:width\" content=\"829\" \/>\n\t<meta property=\"og:image:height\" content=\"511\" \/>\n\t<meta property=\"og:image:type\" content=\"image\/jpeg\" \/>\n<meta name=\"author\" content=\"dmcsrbija.com@gmail.com\" \/>\n<meta name=\"twitter:card\" content=\"summary_large_image\" \/>\n<meta name=\"twitter:label1\" content=\"Written by\" \/>\n\t<meta name=\"twitter:data1\" content=\"dmcsrbija.com@gmail.com\" \/>\n<script type=\"application\/ld+json\" class=\"yoast-schema-graph\">{\"@context\":\"https:\/\/schema.org\",\"@graph\":[{\"@type\":\"Article\",\"@id\":\"https:\/\/dmcsrb.com\/drustvo\/nagrada-oslobodjenja-niksica-andriji-delibasicu-slavisi-djurkovicu-i-dnevnom-centru\/#article\",\"isPartOf\":{\"@id\":\"https:\/\/dmcsrb.com\/drustvo\/nagrada-oslobodjenja-niksica-andriji-delibasicu-slavisi-djurkovicu-i-dnevnom-centru\/\"},\"author\":{\"name\":\"dmcsrbija.com@gmail.com\",\"@id\":\"https:\/\/dmcsrb.com\/#\/schema\/person\/5c39170f12db1b8b457732d0b5c854e2\"},\"headline\":\"Nagrada oslobo\u0111enja Nik\u0161i\u0107a Andriji Deliba\u0161i\u0107u, Slavi\u0161i \u0110urkovi\u0107u i Dnevnom centru\",\"datePublished\":\"2025-09-16T09:06:00+00:00\",\"mainEntityOfPage\":{\"@id\":\"https:\/\/dmcsrb.com\/drustvo\/nagrada-oslobodjenja-niksica-andriji-delibasicu-slavisi-djurkovicu-i-dnevnom-centru\/\"},\"wordCount\":79,\"commentCount\":0,\"image\":{\"@id\":\"https:\/\/dmcsrb.com\/drustvo\/nagrada-oslobodjenja-niksica-andriji-delibasicu-slavisi-djurkovicu-i-dnevnom-centru\/#primaryimage\"},\"thumbnailUrl\":\"https:\/\/dmcsrb.com\/wp-content\/uploads\/2026\/01\/niksic-rtcg.webp\",\"keywords\":[\"Andrija Deliba\u0161i\u0107\",\"dnevni centar\",\"Nagrada oslobo\u0111enja\",\"Niksic\",\"Slavi\u0161a \u0110urkovi\u0107\"],\"articleSection\":[\"Dru\u0161tvo\"],\"inLanguage\":\"en-GB\",\"potentialAction\":[{\"@type\":\"CommentAction\",\"name\":\"Comment\",\"target\":[\"https:\/\/dmcsrb.com\/drustvo\/nagrada-oslobodjenja-niksica-andriji-delibasicu-slavisi-djurkovicu-i-dnevnom-centru\/#respond\"]}]},{\"@type\":\"WebPage\",\"@id\":\"https:\/\/dmcsrb.com\/drustvo\/nagrada-oslobodjenja-niksica-andriji-delibasicu-slavisi-djurkovicu-i-dnevnom-centru\/\",\"url\":\"https:\/\/dmcsrb.com\/drustvo\/nagrada-oslobodjenja-niksica-andriji-delibasicu-slavisi-djurkovicu-i-dnevnom-centru\/\",\"name\":\"Nagrada oslobo\u0111enja Nik\u0161i\u0107a Andriji Deliba\u0161i\u0107u, Slavi\u0161i \u0110urkovi\u0107u i Dnevnom centru - dmcsrb.com\",\"isPartOf\":{\"@id\":\"https:\/\/dmcsrb.com\/#website\"},\"primaryImageOfPage\":{\"@id\":\"https:\/\/dmcsrb.com\/drustvo\/nagrada-oslobodjenja-niksica-andriji-delibasicu-slavisi-djurkovicu-i-dnevnom-centru\/#primaryimage\"},\"image\":{\"@id\":\"https:\/\/dmcsrb.com\/drustvo\/nagrada-oslobodjenja-niksica-andriji-delibasicu-slavisi-djurkovicu-i-dnevnom-centru\/#primaryimage\"},\"thumbnailUrl\":\"https:\/\/dmcsrb.com\/wp-content\/uploads\/2026\/01\/niksic-rtcg.webp\",\"datePublished\":\"2025-09-16T09:06:00+00:00\",\"author\":{\"@id\":\"https:\/\/dmcsrb.com\/#\/schema\/person\/5c39170f12db1b8b457732d0b5c854e2\"},\"breadcrumb\":{\"@id\":\"https:\/\/dmcsrb.com\/drustvo\/nagrada-oslobodjenja-niksica-andriji-delibasicu-slavisi-djurkovicu-i-dnevnom-centru\/#breadcrumb\"},\"inLanguage\":\"en-GB\",\"potentialAction\":[{\"@type\":\"ReadAction\",\"target\":[\"https:\/\/dmcsrb.com\/drustvo\/nagrada-oslobodjenja-niksica-andriji-delibasicu-slavisi-djurkovicu-i-dnevnom-centru\/\"]}]},{\"@type\":\"ImageObject\",\"inLanguage\":\"en-GB\",\"@id\":\"https:\/\/dmcsrb.com\/drustvo\/nagrada-oslobodjenja-niksica-andriji-delibasicu-slavisi-djurkovicu-i-dnevnom-centru\/#primaryimage\",\"url\":\"https:\/\/dmcsrb.com\/wp-content\/uploads\/2026\/01\/niksic-rtcg.webp\",\"contentUrl\":\"https:\/\/dmcsrb.com\/wp-content\/uploads\/2026\/01\/niksic-rtcg.webp\",\"width\":829,\"height\":511},{\"@type\":\"BreadcrumbList\",\"@id\":\"https:\/\/dmcsrb.com\/drustvo\/nagrada-oslobodjenja-niksica-andriji-delibasicu-slavisi-djurkovicu-i-dnevnom-centru\/#breadcrumb\",\"itemListElement\":[{\"@type\":\"ListItem\",\"position\":1,\"name\":\"Home\",\"item\":\"https:\/\/dmcsrb.com\/\"},{\"@type\":\"ListItem\",\"position\":2,\"name\":\"Nagrada oslobo\u0111enja Nik\u0161i\u0107a Andriji Deliba\u0161i\u0107u, Slavi\u0161i \u0110urkovi\u0107u i Dnevnom centru\"}]},{\"@type\":\"WebSite\",\"@id\":\"https:\/\/dmcsrb.com\/#website\",\"url\":\"https:\/\/dmcsrb.com\/\",\"name\":\"dmcsrb.com\",\"description\":\"\",\"potentialAction\":[{\"@type\":\"SearchAction\",\"target\":{\"@type\":\"EntryPoint\",\"urlTemplate\":\"https:\/\/dmcsrb.com\/?s={search_term_string}\"},\"query-input\":{\"@type\":\"PropertyValueSpecification\",\"valueRequired\":true,\"valueName\":\"search_term_string\"}}],\"inLanguage\":\"en-GB\"},{\"@type\":\"Person\",\"@id\":\"https:\/\/dmcsrb.com\/#\/schema\/person\/5c39170f12db1b8b457732d0b5c854e2\",\"name\":\"dmcsrbija.com@gmail.com\",\"image\":{\"@type\":\"ImageObject\",\"inLanguage\":\"en-GB\",\"@id\":\"https:\/\/dmcsrb.com\/#\/schema\/person\/image\/\",\"url\":\"https:\/\/secure.gravatar.com\/avatar\/68592660ad6347fad0fb587f8d5d8f1a7b44961362f56e4f2cd524feb87e9069?s=96&d=mm&r=g\",\"contentUrl\":\"https:\/\/secure.gravatar.com\/avatar\/68592660ad6347fad0fb587f8d5d8f1a7b44961362f56e4f2cd524feb87e9069?s=96&d=mm&r=g\",\"caption\":\"dmcsrbija.com@gmail.com\"},\"sameAs\":[\"https:\/\/dmcsrb.com\"],\"url\":\"https:\/\/dmcsrb.com\/en\/author\/dmcsrbija-comgmail-com\/\"}]}<\/script>\n<!-- \/ Yoast SEO plugin. -->","yoast_head_json":{"title":"Nagrada oslobo\u0111enja Nik\u0161i\u0107a Andriji Deliba\u0161i\u0107u, Slavi\u0161i \u0110urkovi\u0107u i Dnevnom centru - dmcsrb.com","robots":{"index":"index","follow":"follow","max-snippet":"max-snippet:-1","max-image-preview":"max-image-preview:large","max-video-preview":"max-video-preview:-1"},"canonical":"https:\/\/dmcsrb.com\/en\/drustvo\/nagrada-oslobodjenja-niksica-andriji-delibasicu-slavisi-djurkovicu-i-dnevnom-centru\/","og_locale":"en_GB","og_type":"article","og_title":"Nagrada oslobo\u0111enja Nik\u0161i\u0107a Andriji Deliba\u0161i\u0107u, Slavi\u0161i \u0110urkovi\u0107u i Dnevnom centru - dmcsrb.com","og_description":"Na drugoj sjednici \u017dirija za dodjelu Nagrade oslobo\u0111enja Nik\u0161i\u0107a za 2025. godinu donesena je Odluka da se Nagrada dodijeli posthumno Andriji Deliba\u0161i\u0107u i Slavi\u0161i \u0110urkovi\u0107u, kao i JU Dnevni centar za djecu sa smetnjama u razvoju i osobe sa invaliditetom Nik\u0161i\u0107, saop\u0161teno je iz Op\u0161tine Nik\u0161i\u0107.","og_url":"https:\/\/dmcsrb.com\/en\/drustvo\/nagrada-oslobodjenja-niksica-andriji-delibasicu-slavisi-djurkovicu-i-dnevnom-centru\/","og_site_name":"dmcsrb.com","article_published_time":"2025-09-16T09:06:00+00:00","og_image":[{"width":829,"height":511,"url":"https:\/\/dmcsrb.com\/wp-content\/uploads\/2026\/01\/niksic-rtcg.webp","type":"image\/jpeg"}],"author":"dmcsrbija.com@gmail.com","twitter_card":"summary_large_image","twitter_misc":{"Written by":"dmcsrbija.com@gmail.com"},"schema":{"@context":"https:\/\/schema.org","@graph":[{"@type":"Article","@id":"https:\/\/dmcsrb.com\/drustvo\/nagrada-oslobodjenja-niksica-andriji-delibasicu-slavisi-djurkovicu-i-dnevnom-centru\/#article","isPartOf":{"@id":"https:\/\/dmcsrb.com\/drustvo\/nagrada-oslobodjenja-niksica-andriji-delibasicu-slavisi-djurkovicu-i-dnevnom-centru\/"},"author":{"name":"dmcsrbija.com@gmail.com","@id":"https:\/\/dmcsrb.com\/#\/schema\/person\/5c39170f12db1b8b457732d0b5c854e2"},"headline":"Nagrada oslobo\u0111enja Nik\u0161i\u0107a Andriji Deliba\u0161i\u0107u, Slavi\u0161i \u0110urkovi\u0107u i Dnevnom centru","datePublished":"2025-09-16T09:06:00+00:00","mainEntityOfPage":{"@id":"https:\/\/dmcsrb.com\/drustvo\/nagrada-oslobodjenja-niksica-andriji-delibasicu-slavisi-djurkovicu-i-dnevnom-centru\/"},"wordCount":79,"commentCount":0,"image":{"@id":"https:\/\/dmcsrb.com\/drustvo\/nagrada-oslobodjenja-niksica-andriji-delibasicu-slavisi-djurkovicu-i-dnevnom-centru\/#primaryimage"},"thumbnailUrl":"https:\/\/dmcsrb.com\/wp-content\/uploads\/2026\/01\/niksic-rtcg.webp","keywords":["Andrija Deliba\u0161i\u0107","dnevni centar","Nagrada oslobo\u0111enja","Niksic","Slavi\u0161a \u0110urkovi\u0107"],"articleSection":["Dru\u0161tvo"],"inLanguage":"en-GB","potentialAction":[{"@type":"CommentAction","name":"Comment","target":["https:\/\/dmcsrb.com\/drustvo\/nagrada-oslobodjenja-niksica-andriji-delibasicu-slavisi-djurkovicu-i-dnevnom-centru\/#respond"]}]},{"@type":"WebPage","@id":"https:\/\/dmcsrb.com\/drustvo\/nagrada-oslobodjenja-niksica-andriji-delibasicu-slavisi-djurkovicu-i-dnevnom-centru\/","url":"https:\/\/dmcsrb.com\/drustvo\/nagrada-oslobodjenja-niksica-andriji-delibasicu-slavisi-djurkovicu-i-dnevnom-centru\/","name":"Nagrada oslobo\u0111enja Nik\u0161i\u0107a Andriji Deliba\u0161i\u0107u, Slavi\u0161i \u0110urkovi\u0107u i Dnevnom centru - dmcsrb.com","isPartOf":{"@id":"https:\/\/dmcsrb.com\/#website"},"primaryImageOfPage":{"@id":"https:\/\/dmcsrb.com\/drustvo\/nagrada-oslobodjenja-niksica-andriji-delibasicu-slavisi-djurkovicu-i-dnevnom-centru\/#primaryimage"},"image":{"@id":"https:\/\/dmcsrb.com\/drustvo\/nagrada-oslobodjenja-niksica-andriji-delibasicu-slavisi-djurkovicu-i-dnevnom-centru\/#primaryimage"},"thumbnailUrl":"https:\/\/dmcsrb.com\/wp-content\/uploads\/2026\/01\/niksic-rtcg.webp","datePublished":"2025-09-16T09:06:00+00:00","author":{"@id":"https:\/\/dmcsrb.com\/#\/schema\/person\/5c39170f12db1b8b457732d0b5c854e2"},"breadcrumb":{"@id":"https:\/\/dmcsrb.com\/drustvo\/nagrada-oslobodjenja-niksica-andriji-delibasicu-slavisi-djurkovicu-i-dnevnom-centru\/#breadcrumb"},"inLanguage":"en-GB","potentialAction":[{"@type":"ReadAction","target":["https:\/\/dmcsrb.com\/drustvo\/nagrada-oslobodjenja-niksica-andriji-delibasicu-slavisi-djurkovicu-i-dnevnom-centru\/"]}]},{"@type":"ImageObject","inLanguage":"en-GB","@id":"https:\/\/dmcsrb.com\/drustvo\/nagrada-oslobodjenja-niksica-andriji-delibasicu-slavisi-djurkovicu-i-dnevnom-centru\/#primaryimage","url":"https:\/\/dmcsrb.com\/wp-content\/uploads\/2026\/01\/niksic-rtcg.webp","contentUrl":"https:\/\/dmcsrb.com\/wp-content\/uploads\/2026\/01\/niksic-rtcg.webp","width":829,"height":511},{"@type":"BreadcrumbList","@id":"https:\/\/dmcsrb.com\/drustvo\/nagrada-oslobodjenja-niksica-andriji-delibasicu-slavisi-djurkovicu-i-dnevnom-centru\/#breadcrumb","itemListElement":[{"@type":"ListItem","position":1,"name":"Home","item":"https:\/\/dmcsrb.com\/"},{"@type":"ListItem","position":2,"name":"Nagrada oslobo\u0111enja Nik\u0161i\u0107a Andriji Deliba\u0161i\u0107u, Slavi\u0161i \u0110urkovi\u0107u i Dnevnom centru"}]},{"@type":"WebSite","@id":"https:\/\/dmcsrb.com\/#website","url":"https:\/\/dmcsrb.com\/","name":"dmcsrb.com","description":"","potentialAction":[{"@type":"SearchAction","target":{"@type":"EntryPoint","urlTemplate":"https:\/\/dmcsrb.com\/?s={search_term_string}"},"query-input":{"@type":"PropertyValueSpecification","valueRequired":true,"valueName":"search_term_string"}}],"inLanguage":"en-GB"},{"@type":"Person","@id":"https:\/\/dmcsrb.com\/#\/schema\/person\/5c39170f12db1b8b457732d0b5c854e2","name":"dmcsrbija.com@gmail.com","image":{"@type":"ImageObject","inLanguage":"en-GB","@id":"https:\/\/dmcsrb.com\/#\/schema\/person\/image\/","url":"https:\/\/secure.gravatar.com\/avatar\/68592660ad6347fad0fb587f8d5d8f1a7b44961362f56e4f2cd524feb87e9069?s=96&d=mm&r=g","contentUrl":"https:\/\/secure.gravatar.com\/avatar\/68592660ad6347fad0fb587f8d5d8f1a7b44961362f56e4f2cd524feb87e9069?s=96&d=mm&r=g","caption":"dmcsrbija.com@gmail.com"},"sameAs":["https:\/\/dmcsrb.com"],"url":"https:\/\/dmcsrb.com\/en\/author\/dmcsrbija-comgmail-com\/"}]}},"_links":{"self":[{"href":"https:\/\/dmcsrb.com\/en\/wp-json\/wp\/v2\/posts\/952329","targetHints":{"allow":["GET"]}}],"collection":[{"href":"https:\/\/dmcsrb.com\/en\/wp-json\/wp\/v2\/posts"}],"about":[{"href":"https:\/\/dmcsrb.com\/en\/wp-json\/wp\/v2\/types\/post"}],"author":[{"embeddable":true,"href":"https:\/\/dmcsrb.com\/en\/wp-json\/wp\/v2\/users\/1"}],"replies":[{"embeddable":true,"href":"https:\/\/dmcsrb.com\/en\/wp-json\/wp\/v2\/comments?post=952329"}],"version-history":[{"count":0,"href":"https:\/\/dmcsrb.com\/en\/wp-json\/wp\/v2\/posts\/952329\/revisions"}],"wp:featuredmedia":[{"embeddable":true,"href":"https:\/\/dmcsrb.com\/en\/wp-json\/wp\/v2\/media\/952330"}],"wp:attachment":[{"href":"https:\/\/dmcsrb.com\/en\/wp-json\/wp\/v2\/media?parent=952329"}],"wp:term":[{"taxonomy":"category","embeddable":true,"href":"https:\/\/dmcsrb.com\/en\/wp-json\/wp\/v2\/categories?post=952329"},{"taxonomy":"post_tag","embeddable":true,"href":"https:\/\/dmcsrb.com\/en\/wp-json\/wp\/v2\/tags?post=952329"},{"taxonomy":"naslovna","embeddable":true,"href":"https:\/\/dmcsrb.com\/en\/wp-json\/wp\/v2\/naslovna?post=952329"}],"curies":[{"name":"wp","href":"https:\/\/api.w.org\/{rel}","templated":true}]}}