{"id":952317,"date":"2025-09-16T12:06:00","date_gmt":"2025-09-16T10:06:00","guid":{"rendered":"https:\/\/dmcsrb.com\/uncategorized\/albanija-otvorila-peti-klaster-u-pregovorima-o-prikljucenju-eu\/"},"modified":"2025-09-16T12:06:00","modified_gmt":"2025-09-16T10:06:00","slug":"albanija-otvorila-peti-klaster-u-pregovorima-o-prikljucenju-eu","status":"publish","type":"post","link":"https:\/\/dmcsrb.com\/en\/region\/albanija-otvorila-peti-klaster-u-pregovorima-o-prikljucenju-eu\/","title":{"rendered":"Albanija otvorila peti klaster u pregovorima o priklju\u010denju EU"},"content":{"rendered":"<p><a href=\"https:\/\/gradski.me\/wp-admin\/edit.php?post_type=post\"><\/a><\/p>\n\n\n\n<p><br><br><\/p>\n\n\n\n<p>\u201cAlbanija radi impresivan posao. Ako nastavi ovim tempom, otvori\u0107e sve klastere ove godine,\u201c rekla je komesarka za pro\u0161irenje EU Marta Kos uo\u010di \u0161este konferencije o priklju\u010denju te zemlje Uniji.<\/p>\n\n\n\n<p>Od kako je otvorila pregovore u julu 2022. godine, ta dr\u017eava je zna\u010dajno ubrzala sprovo\u0111enje reformi.<\/p>\n\n\n\n<p>Nakon skrininga tokom te i naredne godine, Albanija je pripremila teren za ubrzavanje procesa.<\/p>\n\n\n\n<p>U oktobru pro\u0161le godine otvoren je Klaster 1 koji se odnosi na osnovna prava, a u decembru Klaster 6 koji obuhvata spoljne odnose, dok su u aprilu i martu ove godine otvorena jo\u0161 dva: Klaster 2 koji obuhvata unutra\u0161nje tr\u017ei\u0161te i Klaster 3 koji podrazumijeva konkurentnost i inkluzivni rast.<\/p>\n\n\n\n<p>Ukoliko se prognoze Marte Kos ostvare, do kraja godine Albanija bi morala da otvori jo\u0161 samo jedan \u2013 klaster 5 koji pokriva resurse, poljoprivredu i koheziju.<\/p>\n\n\n\n<p>Marta Kos podsje\u0107a da je proces pro\u0161irenja zasnovan na rezultatima.<\/p>\n\n\n\n<p>\u201cAlbanija pokazuje da su pozitivne promjene mogu\u0107e uz sna\u017eno vo\u0111stvo. A ako oni urade svoj dio posla i Evropska Komisija \u0107e uraditi svoj deo i sa svoje strane pru\u017eiti podr\u0161ku,\u201c rekla je ona.<\/p>\n\n\n\n<p>Komesarka za pro\u0161irenje iskoristila je priliku da po\u0161alje poruku i drugim dr\u017eavama regiona, ukazuju\u0107i da je uloga vlasti klju\u010dna za proces priklju\u010denja Evropskoj Uniji.<\/p>\n\n\n\n<p>\u201cVidimo da postoje razlike u dr\u017eavama kandidatima i jedna od klju\u010dnih uloga u procesu pro\u0161irenja je ona koju ima vlast jedne zemlje. Ako vlast zaista pokazuje proevropsku orjentaciju, tada gra\u0111ani dobijaju osje\u0107aj da se dr\u017eava kre\u0107e u pravom smjeru,\u201c rekla je Kos novinarima uo\u010di po\u010detka konferencije sa Albanijom.<\/p>\n\n\n\n<p>Ona je dodala da EK podr\u017eava viziju Vlade Albanije koju predvodi Edi Rama da ta dr\u017eava zavr\u0161i pregovore o priklju\u010denju do kraja 2027. godine.<\/p>\n\n\n\n<p>\u201cAlbanija radi impresivan posao. Danas \u0107emo otvoriti, peti od ukupno od 6 klastera \u2013 o zelenoj agendi i odr\u017eivoj povezivosti. To je veoma va\u017eno, jer ako nastavi ovim tempom, Albanija \u0107e otvoriti sve klastere ove godine. Albaija pokazuje da su pozitivne promjene mogu\u0107e uz sna\u017eno vo\u0111stvo, a ako oni imaju rezultate, evropska komsija \u0107e imati svoje rezultate i sa svoje strane pru\u017eiti podr\u0161ku.<\/p>\n\n\n\n<p>Naravno da se sve vrjednuje po principu zasluga. Jedna od izuzetno va\u017enih stvair je sljede\u0107a, vidimo razlike u dr\u017eavama kandidatima, a jedna od klju\u010dnih uloga u procesu pro\u0161irenja je ona koju ima vlast jedne zemlje. Ako vlast zaista pokazuje proevropsku orjentaciju, tada gra\u0111ani dobijaju osje\u0107aj da se dr\u017eava kre\u0107e u pravom smjeru. Cilj vlade Albanije je da zavr\u0161i pregovore sa tehni\u010dke procese do kraja 2027. i EK podrzava tu viziju vlade Edija Rame\u201c.<\/p>\n\n\n\n<p><\/p>\n\n\n\n<p><\/p>","protected":false},"excerpt":{"rendered":"<p>Albanija je danas otvorila peti od ukupno \u0161est klastera u pregovorima o priklju\u010denju EU. Radi se o klasteru \u010detiri koji se odnosi na zelenu agendu i odr\u017eivu povezanost i obuhvata \u010detiri pregovara\u010dka poglavlja: transport (14), energetika (15), transevropske mre\u017ee (21) i klimatske promene (27), prenosi N1 Beograd.<\/p>","protected":false},"author":1,"featured_media":945904,"comment_status":"open","ping_status":"open","sticky":false,"template":"","format":"standard","meta":{"_acf_changed":false,"footnotes":""},"categories":[103],"tags":[1937,8191],"naslovna":[],"class_list":["post-952317","post","type-post","status-publish","format-standard","has-post-thumbnail","hentry","category-region","tag-albanija","tag-peti-klaster"],"acf":[],"yoast_head":"<!-- This site is optimized with the Yoast SEO plugin v27.4 - https:\/\/yoast.com\/product\/yoast-seo-wordpress\/ -->\n<title>Albanija otvorila peti klaster u pregovorima o priklju\u010denju EU - dmcsrb.com<\/title>\n<meta name=\"robots\" content=\"index, follow, max-snippet:-1, max-image-preview:large, max-video-preview:-1\" \/>\n<link rel=\"canonical\" href=\"https:\/\/dmcsrb.com\/en\/region\/albanija-otvorila-peti-klaster-u-pregovorima-o-prikljucenju-eu\/\" \/>\n<meta property=\"og:locale\" content=\"en_GB\" \/>\n<meta property=\"og:type\" content=\"article\" \/>\n<meta property=\"og:title\" content=\"Albanija otvorila peti klaster u pregovorima o priklju\u010denju EU - dmcsrb.com\" \/>\n<meta property=\"og:description\" content=\"Albanija je danas otvorila peti od ukupno \u0161est klastera u pregovorima o priklju\u010denju EU. Radi se o klasteru \u010detiri koji se odnosi na zelenu agendu i odr\u017eivu povezanost i obuhvata \u010detiri pregovara\u010dka poglavlja: transport (14), energetika (15), transevropske mre\u017ee (21) i klimatske promene (27), prenosi N1 Beograd.\" \/>\n<meta property=\"og:url\" content=\"https:\/\/dmcsrb.com\/en\/region\/albanija-otvorila-peti-klaster-u-pregovorima-o-prikljucenju-eu\/\" \/>\n<meta property=\"og:site_name\" content=\"dmcsrb.com\" \/>\n<meta property=\"article:published_time\" content=\"2025-09-16T10:06:00+00:00\" \/>\n<meta property=\"og:image\" content=\"https:\/\/dmcsrb.com\/wp-content\/uploads\/2026\/01\/albanija.webp\" \/>\n\t<meta property=\"og:image:width\" content=\"1280\" \/>\n\t<meta property=\"og:image:height\" content=\"960\" \/>\n\t<meta property=\"og:image:type\" content=\"image\/jpeg\" \/>\n<meta name=\"author\" content=\"dmcsrbija.com@gmail.com\" \/>\n<meta name=\"twitter:card\" content=\"summary_large_image\" \/>\n<meta name=\"twitter:label1\" content=\"Written by\" \/>\n\t<meta name=\"twitter:data1\" content=\"dmcsrbija.com@gmail.com\" \/>\n\t<meta name=\"twitter:label2\" content=\"Estimated reading time\" \/>\n\t<meta name=\"twitter:data2\" content=\"2 minutes\" \/>\n<script type=\"application\/ld+json\" class=\"yoast-schema-graph\">{\"@context\":\"https:\\\/\\\/schema.org\",\"@graph\":[{\"@type\":\"Article\",\"@id\":\"https:\\\/\\\/dmcsrb.com\\\/region\\\/albanija-otvorila-peti-klaster-u-pregovorima-o-prikljucenju-eu\\\/#article\",\"isPartOf\":{\"@id\":\"https:\\\/\\\/dmcsrb.com\\\/region\\\/albanija-otvorila-peti-klaster-u-pregovorima-o-prikljucenju-eu\\\/\"},\"author\":{\"name\":\"dmcsrbija.com@gmail.com\",\"@id\":\"https:\\\/\\\/dmcsrb.com\\\/#\\\/schema\\\/person\\\/5c39170f12db1b8b457732d0b5c854e2\"},\"headline\":\"Albanija otvorila peti klaster u pregovorima o priklju\u010denju EU\",\"datePublished\":\"2025-09-16T10:06:00+00:00\",\"mainEntityOfPage\":{\"@id\":\"https:\\\/\\\/dmcsrb.com\\\/region\\\/albanija-otvorila-peti-klaster-u-pregovorima-o-prikljucenju-eu\\\/\"},\"wordCount\":463,\"commentCount\":0,\"image\":{\"@id\":\"https:\\\/\\\/dmcsrb.com\\\/region\\\/albanija-otvorila-peti-klaster-u-pregovorima-o-prikljucenju-eu\\\/#primaryimage\"},\"thumbnailUrl\":\"https:\\\/\\\/dmcsrb.com\\\/wp-content\\\/uploads\\\/2026\\\/01\\\/albanija.webp\",\"keywords\":[\"Albanija\",\"peti klaster\"],\"articleSection\":[\"Region\"],\"inLanguage\":\"en-GB\",\"potentialAction\":[{\"@type\":\"CommentAction\",\"name\":\"Comment\",\"target\":[\"https:\\\/\\\/dmcsrb.com\\\/region\\\/albanija-otvorila-peti-klaster-u-pregovorima-o-prikljucenju-eu\\\/#respond\"]}]},{\"@type\":\"WebPage\",\"@id\":\"https:\\\/\\\/dmcsrb.com\\\/region\\\/albanija-otvorila-peti-klaster-u-pregovorima-o-prikljucenju-eu\\\/\",\"url\":\"https:\\\/\\\/dmcsrb.com\\\/region\\\/albanija-otvorila-peti-klaster-u-pregovorima-o-prikljucenju-eu\\\/\",\"name\":\"Albanija otvorila peti klaster u pregovorima o priklju\u010denju EU - dmcsrb.com\",\"isPartOf\":{\"@id\":\"https:\\\/\\\/dmcsrb.com\\\/#website\"},\"primaryImageOfPage\":{\"@id\":\"https:\\\/\\\/dmcsrb.com\\\/region\\\/albanija-otvorila-peti-klaster-u-pregovorima-o-prikljucenju-eu\\\/#primaryimage\"},\"image\":{\"@id\":\"https:\\\/\\\/dmcsrb.com\\\/region\\\/albanija-otvorila-peti-klaster-u-pregovorima-o-prikljucenju-eu\\\/#primaryimage\"},\"thumbnailUrl\":\"https:\\\/\\\/dmcsrb.com\\\/wp-content\\\/uploads\\\/2026\\\/01\\\/albanija.webp\",\"datePublished\":\"2025-09-16T10:06:00+00:00\",\"author\":{\"@id\":\"https:\\\/\\\/dmcsrb.com\\\/#\\\/schema\\\/person\\\/5c39170f12db1b8b457732d0b5c854e2\"},\"breadcrumb\":{\"@id\":\"https:\\\/\\\/dmcsrb.com\\\/region\\\/albanija-otvorila-peti-klaster-u-pregovorima-o-prikljucenju-eu\\\/#breadcrumb\"},\"inLanguage\":\"en-GB\",\"potentialAction\":[{\"@type\":\"ReadAction\",\"target\":[\"https:\\\/\\\/dmcsrb.com\\\/region\\\/albanija-otvorila-peti-klaster-u-pregovorima-o-prikljucenju-eu\\\/\"]}]},{\"@type\":\"ImageObject\",\"inLanguage\":\"en-GB\",\"@id\":\"https:\\\/\\\/dmcsrb.com\\\/region\\\/albanija-otvorila-peti-klaster-u-pregovorima-o-prikljucenju-eu\\\/#primaryimage\",\"url\":\"https:\\\/\\\/dmcsrb.com\\\/wp-content\\\/uploads\\\/2026\\\/01\\\/albanija.webp\",\"contentUrl\":\"https:\\\/\\\/dmcsrb.com\\\/wp-content\\\/uploads\\\/2026\\\/01\\\/albanija.webp\",\"width\":1280,\"height\":960},{\"@type\":\"BreadcrumbList\",\"@id\":\"https:\\\/\\\/dmcsrb.com\\\/region\\\/albanija-otvorila-peti-klaster-u-pregovorima-o-prikljucenju-eu\\\/#breadcrumb\",\"itemListElement\":[{\"@type\":\"ListItem\",\"position\":1,\"name\":\"Home\",\"item\":\"https:\\\/\\\/dmcsrb.com\\\/\"},{\"@type\":\"ListItem\",\"position\":2,\"name\":\"Albanija otvorila peti klaster u pregovorima o priklju\u010denju EU\"}]},{\"@type\":\"WebSite\",\"@id\":\"https:\\\/\\\/dmcsrb.com\\\/#website\",\"url\":\"https:\\\/\\\/dmcsrb.com\\\/\",\"name\":\"dmcsrb.com\",\"description\":\"\",\"potentialAction\":[{\"@type\":\"SearchAction\",\"target\":{\"@type\":\"EntryPoint\",\"urlTemplate\":\"https:\\\/\\\/dmcsrb.com\\\/?s={search_term_string}\"},\"query-input\":{\"@type\":\"PropertyValueSpecification\",\"valueRequired\":true,\"valueName\":\"search_term_string\"}}],\"inLanguage\":\"en-GB\"},{\"@type\":\"Person\",\"@id\":\"https:\\\/\\\/dmcsrb.com\\\/#\\\/schema\\\/person\\\/5c39170f12db1b8b457732d0b5c854e2\",\"name\":\"dmcsrbija.com@gmail.com\",\"image\":{\"@type\":\"ImageObject\",\"inLanguage\":\"en-GB\",\"@id\":\"https:\\\/\\\/secure.gravatar.com\\\/avatar\\\/68592660ad6347fad0fb587f8d5d8f1a7b44961362f56e4f2cd524feb87e9069?s=96&d=mm&r=g\",\"url\":\"https:\\\/\\\/secure.gravatar.com\\\/avatar\\\/68592660ad6347fad0fb587f8d5d8f1a7b44961362f56e4f2cd524feb87e9069?s=96&d=mm&r=g\",\"contentUrl\":\"https:\\\/\\\/secure.gravatar.com\\\/avatar\\\/68592660ad6347fad0fb587f8d5d8f1a7b44961362f56e4f2cd524feb87e9069?s=96&d=mm&r=g\",\"caption\":\"dmcsrbija.com@gmail.com\"},\"sameAs\":[\"https:\\\/\\\/dmcsrb.com\"],\"url\":\"https:\\\/\\\/dmcsrb.com\\\/en\\\/author\\\/dmcsrbija-comgmail-com\\\/\"}]}<\/script>\n<!-- \/ Yoast SEO plugin. -->","yoast_head_json":{"title":"Albanija otvorila peti klaster u pregovorima o priklju\u010denju EU - dmcsrb.com","robots":{"index":"index","follow":"follow","max-snippet":"max-snippet:-1","max-image-preview":"max-image-preview:large","max-video-preview":"max-video-preview:-1"},"canonical":"https:\/\/dmcsrb.com\/en\/region\/albanija-otvorila-peti-klaster-u-pregovorima-o-prikljucenju-eu\/","og_locale":"en_GB","og_type":"article","og_title":"Albanija otvorila peti klaster u pregovorima o priklju\u010denju EU - dmcsrb.com","og_description":"Albanija je danas otvorila peti od ukupno \u0161est klastera u pregovorima o priklju\u010denju EU. Radi se o klasteru \u010detiri koji se odnosi na zelenu agendu i odr\u017eivu povezanost i obuhvata \u010detiri pregovara\u010dka poglavlja: transport (14), energetika (15), transevropske mre\u017ee (21) i klimatske promene (27), prenosi N1 Beograd.","og_url":"https:\/\/dmcsrb.com\/en\/region\/albanija-otvorila-peti-klaster-u-pregovorima-o-prikljucenju-eu\/","og_site_name":"dmcsrb.com","article_published_time":"2025-09-16T10:06:00+00:00","og_image":[{"width":1280,"height":960,"url":"https:\/\/dmcsrb.com\/wp-content\/uploads\/2026\/01\/albanija.webp","type":"image\/jpeg"}],"author":"dmcsrbija.com@gmail.com","twitter_card":"summary_large_image","twitter_misc":{"Written by":"dmcsrbija.com@gmail.com","Estimated reading time":"2 minutes"},"schema":{"@context":"https:\/\/schema.org","@graph":[{"@type":"Article","@id":"https:\/\/dmcsrb.com\/region\/albanija-otvorila-peti-klaster-u-pregovorima-o-prikljucenju-eu\/#article","isPartOf":{"@id":"https:\/\/dmcsrb.com\/region\/albanija-otvorila-peti-klaster-u-pregovorima-o-prikljucenju-eu\/"},"author":{"name":"dmcsrbija.com@gmail.com","@id":"https:\/\/dmcsrb.com\/#\/schema\/person\/5c39170f12db1b8b457732d0b5c854e2"},"headline":"Albanija otvorila peti klaster u pregovorima o priklju\u010denju EU","datePublished":"2025-09-16T10:06:00+00:00","mainEntityOfPage":{"@id":"https:\/\/dmcsrb.com\/region\/albanija-otvorila-peti-klaster-u-pregovorima-o-prikljucenju-eu\/"},"wordCount":463,"commentCount":0,"image":{"@id":"https:\/\/dmcsrb.com\/region\/albanija-otvorila-peti-klaster-u-pregovorima-o-prikljucenju-eu\/#primaryimage"},"thumbnailUrl":"https:\/\/dmcsrb.com\/wp-content\/uploads\/2026\/01\/albanija.webp","keywords":["Albanija","peti klaster"],"articleSection":["Region"],"inLanguage":"en-GB","potentialAction":[{"@type":"CommentAction","name":"Comment","target":["https:\/\/dmcsrb.com\/region\/albanija-otvorila-peti-klaster-u-pregovorima-o-prikljucenju-eu\/#respond"]}]},{"@type":"WebPage","@id":"https:\/\/dmcsrb.com\/region\/albanija-otvorila-peti-klaster-u-pregovorima-o-prikljucenju-eu\/","url":"https:\/\/dmcsrb.com\/region\/albanija-otvorila-peti-klaster-u-pregovorima-o-prikljucenju-eu\/","name":"Albanija otvorila peti klaster u pregovorima o priklju\u010denju EU - dmcsrb.com","isPartOf":{"@id":"https:\/\/dmcsrb.com\/#website"},"primaryImageOfPage":{"@id":"https:\/\/dmcsrb.com\/region\/albanija-otvorila-peti-klaster-u-pregovorima-o-prikljucenju-eu\/#primaryimage"},"image":{"@id":"https:\/\/dmcsrb.com\/region\/albanija-otvorila-peti-klaster-u-pregovorima-o-prikljucenju-eu\/#primaryimage"},"thumbnailUrl":"https:\/\/dmcsrb.com\/wp-content\/uploads\/2026\/01\/albanija.webp","datePublished":"2025-09-16T10:06:00+00:00","author":{"@id":"https:\/\/dmcsrb.com\/#\/schema\/person\/5c39170f12db1b8b457732d0b5c854e2"},"breadcrumb":{"@id":"https:\/\/dmcsrb.com\/region\/albanija-otvorila-peti-klaster-u-pregovorima-o-prikljucenju-eu\/#breadcrumb"},"inLanguage":"en-GB","potentialAction":[{"@type":"ReadAction","target":["https:\/\/dmcsrb.com\/region\/albanija-otvorila-peti-klaster-u-pregovorima-o-prikljucenju-eu\/"]}]},{"@type":"ImageObject","inLanguage":"en-GB","@id":"https:\/\/dmcsrb.com\/region\/albanija-otvorila-peti-klaster-u-pregovorima-o-prikljucenju-eu\/#primaryimage","url":"https:\/\/dmcsrb.com\/wp-content\/uploads\/2026\/01\/albanija.webp","contentUrl":"https:\/\/dmcsrb.com\/wp-content\/uploads\/2026\/01\/albanija.webp","width":1280,"height":960},{"@type":"BreadcrumbList","@id":"https:\/\/dmcsrb.com\/region\/albanija-otvorila-peti-klaster-u-pregovorima-o-prikljucenju-eu\/#breadcrumb","itemListElement":[{"@type":"ListItem","position":1,"name":"Home","item":"https:\/\/dmcsrb.com\/"},{"@type":"ListItem","position":2,"name":"Albanija otvorila peti klaster u pregovorima o priklju\u010denju EU"}]},{"@type":"WebSite","@id":"https:\/\/dmcsrb.com\/#website","url":"https:\/\/dmcsrb.com\/","name":"dmcsrb.com","description":"","potentialAction":[{"@type":"SearchAction","target":{"@type":"EntryPoint","urlTemplate":"https:\/\/dmcsrb.com\/?s={search_term_string}"},"query-input":{"@type":"PropertyValueSpecification","valueRequired":true,"valueName":"search_term_string"}}],"inLanguage":"en-GB"},{"@type":"Person","@id":"https:\/\/dmcsrb.com\/#\/schema\/person\/5c39170f12db1b8b457732d0b5c854e2","name":"dmcsrbija.com@gmail.com","image":{"@type":"ImageObject","inLanguage":"en-GB","@id":"https:\/\/secure.gravatar.com\/avatar\/68592660ad6347fad0fb587f8d5d8f1a7b44961362f56e4f2cd524feb87e9069?s=96&d=mm&r=g","url":"https:\/\/secure.gravatar.com\/avatar\/68592660ad6347fad0fb587f8d5d8f1a7b44961362f56e4f2cd524feb87e9069?s=96&d=mm&r=g","contentUrl":"https:\/\/secure.gravatar.com\/avatar\/68592660ad6347fad0fb587f8d5d8f1a7b44961362f56e4f2cd524feb87e9069?s=96&d=mm&r=g","caption":"dmcsrbija.com@gmail.com"},"sameAs":["https:\/\/dmcsrb.com"],"url":"https:\/\/dmcsrb.com\/en\/author\/dmcsrbija-comgmail-com\/"}]}},"_links":{"self":[{"href":"https:\/\/dmcsrb.com\/en\/wp-json\/wp\/v2\/posts\/952317","targetHints":{"allow":["GET"]}}],"collection":[{"href":"https:\/\/dmcsrb.com\/en\/wp-json\/wp\/v2\/posts"}],"about":[{"href":"https:\/\/dmcsrb.com\/en\/wp-json\/wp\/v2\/types\/post"}],"author":[{"embeddable":true,"href":"https:\/\/dmcsrb.com\/en\/wp-json\/wp\/v2\/users\/1"}],"replies":[{"embeddable":true,"href":"https:\/\/dmcsrb.com\/en\/wp-json\/wp\/v2\/comments?post=952317"}],"version-history":[{"count":0,"href":"https:\/\/dmcsrb.com\/en\/wp-json\/wp\/v2\/posts\/952317\/revisions"}],"wp:featuredmedia":[{"embeddable":true,"href":"https:\/\/dmcsrb.com\/en\/wp-json\/wp\/v2\/media\/945904"}],"wp:attachment":[{"href":"https:\/\/dmcsrb.com\/en\/wp-json\/wp\/v2\/media?parent=952317"}],"wp:term":[{"taxonomy":"category","embeddable":true,"href":"https:\/\/dmcsrb.com\/en\/wp-json\/wp\/v2\/categories?post=952317"},{"taxonomy":"post_tag","embeddable":true,"href":"https:\/\/dmcsrb.com\/en\/wp-json\/wp\/v2\/tags?post=952317"},{"taxonomy":"naslovna","embeddable":true,"href":"https:\/\/dmcsrb.com\/en\/wp-json\/wp\/v2\/naslovna?post=952317"}],"curies":[{"name":"wp","href":"https:\/\/api.w.org\/{rel}","templated":true}]}}