{"id":952286,"date":"2025-09-16T07:44:39","date_gmt":"2025-09-16T05:44:39","guid":{"rendered":"https:\/\/dmcsrb.com\/uncategorized\/adzovic-fon-der-lajen-u-crnoj-gori-14-i-15-oktobra-do-kraja-godine-ocekujemo-izradjen-projekat-za-velje-brdo\/"},"modified":"2025-09-16T07:44:39","modified_gmt":"2025-09-16T05:44:39","slug":"adzovic-fon-der-lajen-u-crnoj-gori-14-i-15-oktobra-do-kraja-godine-ocekujemo-izradjen-projekat-za-velje-brdo","status":"publish","type":"post","link":"https:\/\/dmcsrb.com\/en\/ekonomija\/adzovic-fon-der-lajen-u-crnoj-gori-14-i-15-oktobra-do-kraja-godine-ocekujemo-izradjen-projekat-za-velje-brdo\/","title":{"rendered":"Ad\u017eovi\u0107: Fon der Lajen u Crnoj Gori 14. i 15. oktobra, do kraja godine o\u010dekujemo izra\u0111en projekat za Velje brdo"},"content":{"rendered":"<p><\/p>\n\n\n\n<p>Konferencija, pod nazivom \u201cPametni rast, zelena budu\u0107nost \u2013 ubrzanje investicija u Crnoj Gori\u201d, ima za cilj predstavljanje mogu\u0107nosti ulaganja u klju\u010dne sektore: obnovljive izvore energije, IT, transport i poljoprivredu.<\/p>\n\n\n\n<p>Ad\u017eovi\u0107 je u \u201cBojama jutra\u201d kazala da je, od planiranih 115 miliona eura kapitalnog bud\u017eeta za 2025, do sada realizovano oko 58 miliona, a na terenu je vi\u0161e od stotinu gradili\u0161ta, me\u0111u njima 15 vrti\u0107a, 29 \u0161kola i pet bolnica.<\/p>\n\n\n\n<p>Govore\u0107i o projektu Velje brdo, Ad\u017eovi\u0107 je navela da je ve\u0107 raspisan tender za projektovanje saobra\u0107ajnice, \u0161to ozna\u010dava po\u010detak samog projekta.<\/p>\n\n\n\n<p>\u201c\u0160to se ti\u010de Veljeg Brda, to je projekat u koji ja zaista iskreno vjerujem. Da ne vjerujem, ne bih bila na ovom mjestu, a naro\u010dito imaju\u0107i u vidu da je realizacija samog projekta povjerena mom ministarstvu. O\u010dekujemo da \u0107emo do kraja godine imati kako izra\u0111en projekat, tako i sproveden tender za izvo\u0111enje radova \u0161to se ti\u010de Veljeg Brda\u201d, naglasila je ona.<\/p>\n\n\n\n<p>Kada je rije\u010d o autoputu, izgradnju druge dionice sprovodi dr\u017eavna kompanija Monteput, a u toku su evaluacije tehni\u010dkih i finansijskih ponuda pet odabranih kompanija i konzorcijuma, mahom iz Kine i Turske.<\/p>\n\n\n\n<p>\u201c\u0160to se ti\u010de izgradnje druge dionice autoputa, proces sprovodi dr\u017eavna kompanija Monteput, imamo pet kompanija i konzorcijuma koji su pozvani da dostave tehni\u010dku i finansijsku ponudu. Nakon otvaranja tehni\u010dkih ponuda kre\u0107e evaluacija i zaklju\u010divanje ugovora sa prvorangiranom firmom, a proces projektovanja i po\u010detka radova je u toku. Svi koji su uklju\u010deni u ovaj proces daju maksimum, jer putna infrastruktura jeste u fokusu rada ove vlade i prioritet svih prioriteta\u201d, dodala je ministarka.<\/p>","protected":false},"excerpt":{"rendered":"<p>Ministarka javnih radova\u00a0Majda Ad\u017eovi\u0107\u00a0saop\u0161tila je da \u0107e predsjednica Evropske komisije\u00a0Ursula fon der Lajen\u00a0boraviti u Crnoj Gori u okviru investicione konferencije na Lu\u0161tici 14. i 15. oktobra.<\/p>","protected":false},"author":1,"featured_media":909576,"comment_status":"open","ping_status":"open","sticky":false,"template":"","format":"standard","meta":{"_acf_changed":false,"footnotes":""},"categories":[27],"tags":[3219,5372,2049],"naslovna":[],"class_list":["post-952286","post","type-post","status-publish","format-standard","has-post-thumbnail","hentry","category-ekonomija","tag-majda-adzovic","tag-ursula-fon-der-lajen","tag-velje-brdo"],"acf":[],"yoast_head":"<!-- This site is optimized with the Yoast SEO plugin v27.4 - https:\/\/yoast.com\/product\/yoast-seo-wordpress\/ -->\n<title>Ad\u017eovi\u0107: Fon der Lajen u Crnoj Gori 14. i 15. oktobra, do kraja godine o\u010dekujemo izra\u0111en projekat za Velje brdo - dmcsrb.com<\/title>\n<meta name=\"robots\" content=\"index, follow, max-snippet:-1, max-image-preview:large, max-video-preview:-1\" \/>\n<link rel=\"canonical\" href=\"https:\/\/dmcsrb.com\/en\/ekonomija\/adzovic-fon-der-lajen-u-crnoj-gori-14-i-15-oktobra-do-kraja-godine-ocekujemo-izradjen-projekat-za-velje-brdo\/\" \/>\n<meta property=\"og:locale\" content=\"en_GB\" \/>\n<meta property=\"og:type\" content=\"article\" \/>\n<meta property=\"og:title\" content=\"Ad\u017eovi\u0107: Fon der Lajen u Crnoj Gori 14. i 15. oktobra, do kraja godine o\u010dekujemo izra\u0111en projekat za Velje brdo - dmcsrb.com\" \/>\n<meta property=\"og:description\" content=\"Ministarka javnih radova\u00a0Majda Ad\u017eovi\u0107\u00a0saop\u0161tila je da \u0107e predsjednica Evropske komisije\u00a0Ursula fon der Lajen\u00a0boraviti u Crnoj Gori u okviru investicione konferencije na Lu\u0161tici 14. i 15. oktobra.\" \/>\n<meta property=\"og:url\" content=\"https:\/\/dmcsrb.com\/en\/ekonomija\/adzovic-fon-der-lajen-u-crnoj-gori-14-i-15-oktobra-do-kraja-godine-ocekujemo-izradjen-projekat-za-velje-brdo\/\" \/>\n<meta property=\"og:site_name\" content=\"dmcsrb.com\" \/>\n<meta property=\"article:published_time\" content=\"2025-09-16T05:44:39+00:00\" \/>\n<meta property=\"og:image\" content=\"https:\/\/dmcsrb.com\/wp-content\/uploads\/2026\/01\/Majda-Adzovic-PES-822x556-1.jpg\" \/>\n\t<meta property=\"og:image:width\" content=\"822\" \/>\n\t<meta property=\"og:image:height\" content=\"556\" \/>\n\t<meta property=\"og:image:type\" content=\"image\/jpeg\" \/>\n<meta name=\"author\" content=\"dmcsrbija.com@gmail.com\" \/>\n<meta name=\"twitter:card\" content=\"summary_large_image\" \/>\n<meta name=\"twitter:label1\" content=\"Written by\" \/>\n\t<meta name=\"twitter:data1\" content=\"dmcsrbija.com@gmail.com\" \/>\n\t<meta name=\"twitter:label2\" content=\"Estimated reading time\" \/>\n\t<meta name=\"twitter:data2\" content=\"1 minute\" \/>\n<script type=\"application\/ld+json\" class=\"yoast-schema-graph\">{\"@context\":\"https:\\\/\\\/schema.org\",\"@graph\":[{\"@type\":\"Article\",\"@id\":\"https:\\\/\\\/dmcsrb.com\\\/ekonomija\\\/adzovic-fon-der-lajen-u-crnoj-gori-14-i-15-oktobra-do-kraja-godine-ocekujemo-izradjen-projekat-za-velje-brdo\\\/#article\",\"isPartOf\":{\"@id\":\"https:\\\/\\\/dmcsrb.com\\\/ekonomija\\\/adzovic-fon-der-lajen-u-crnoj-gori-14-i-15-oktobra-do-kraja-godine-ocekujemo-izradjen-projekat-za-velje-brdo\\\/\"},\"author\":{\"name\":\"dmcsrbija.com@gmail.com\",\"@id\":\"https:\\\/\\\/dmcsrb.com\\\/#\\\/schema\\\/person\\\/5c39170f12db1b8b457732d0b5c854e2\"},\"headline\":\"Ad\u017eovi\u0107: Fon der Lajen u Crnoj Gori 14. i 15. oktobra, do kraja godine o\u010dekujemo izra\u0111en projekat za Velje brdo\",\"datePublished\":\"2025-09-16T05:44:39+00:00\",\"mainEntityOfPage\":{\"@id\":\"https:\\\/\\\/dmcsrb.com\\\/ekonomija\\\/adzovic-fon-der-lajen-u-crnoj-gori-14-i-15-oktobra-do-kraja-godine-ocekujemo-izradjen-projekat-za-velje-brdo\\\/\"},\"wordCount\":300,\"commentCount\":0,\"image\":{\"@id\":\"https:\\\/\\\/dmcsrb.com\\\/ekonomija\\\/adzovic-fon-der-lajen-u-crnoj-gori-14-i-15-oktobra-do-kraja-godine-ocekujemo-izradjen-projekat-za-velje-brdo\\\/#primaryimage\"},\"thumbnailUrl\":\"https:\\\/\\\/dmcsrb.com\\\/wp-content\\\/uploads\\\/2026\\\/01\\\/Majda-Adzovic-PES-822x556-1.jpg\",\"keywords\":[\"Majda Ad\u017eovi\u0107\",\"Ursula fon der Lajen\",\"Velje brdo\"],\"articleSection\":[\"Ekonomija\"],\"inLanguage\":\"en-GB\",\"potentialAction\":[{\"@type\":\"CommentAction\",\"name\":\"Comment\",\"target\":[\"https:\\\/\\\/dmcsrb.com\\\/ekonomija\\\/adzovic-fon-der-lajen-u-crnoj-gori-14-i-15-oktobra-do-kraja-godine-ocekujemo-izradjen-projekat-za-velje-brdo\\\/#respond\"]}]},{\"@type\":\"WebPage\",\"@id\":\"https:\\\/\\\/dmcsrb.com\\\/ekonomija\\\/adzovic-fon-der-lajen-u-crnoj-gori-14-i-15-oktobra-do-kraja-godine-ocekujemo-izradjen-projekat-za-velje-brdo\\\/\",\"url\":\"https:\\\/\\\/dmcsrb.com\\\/ekonomija\\\/adzovic-fon-der-lajen-u-crnoj-gori-14-i-15-oktobra-do-kraja-godine-ocekujemo-izradjen-projekat-za-velje-brdo\\\/\",\"name\":\"Ad\u017eovi\u0107: Fon der Lajen u Crnoj Gori 14. i 15. oktobra, do kraja godine o\u010dekujemo izra\u0111en projekat za Velje brdo - dmcsrb.com\",\"isPartOf\":{\"@id\":\"https:\\\/\\\/dmcsrb.com\\\/#website\"},\"primaryImageOfPage\":{\"@id\":\"https:\\\/\\\/dmcsrb.com\\\/ekonomija\\\/adzovic-fon-der-lajen-u-crnoj-gori-14-i-15-oktobra-do-kraja-godine-ocekujemo-izradjen-projekat-za-velje-brdo\\\/#primaryimage\"},\"image\":{\"@id\":\"https:\\\/\\\/dmcsrb.com\\\/ekonomija\\\/adzovic-fon-der-lajen-u-crnoj-gori-14-i-15-oktobra-do-kraja-godine-ocekujemo-izradjen-projekat-za-velje-brdo\\\/#primaryimage\"},\"thumbnailUrl\":\"https:\\\/\\\/dmcsrb.com\\\/wp-content\\\/uploads\\\/2026\\\/01\\\/Majda-Adzovic-PES-822x556-1.jpg\",\"datePublished\":\"2025-09-16T05:44:39+00:00\",\"author\":{\"@id\":\"https:\\\/\\\/dmcsrb.com\\\/#\\\/schema\\\/person\\\/5c39170f12db1b8b457732d0b5c854e2\"},\"breadcrumb\":{\"@id\":\"https:\\\/\\\/dmcsrb.com\\\/ekonomija\\\/adzovic-fon-der-lajen-u-crnoj-gori-14-i-15-oktobra-do-kraja-godine-ocekujemo-izradjen-projekat-za-velje-brdo\\\/#breadcrumb\"},\"inLanguage\":\"en-GB\",\"potentialAction\":[{\"@type\":\"ReadAction\",\"target\":[\"https:\\\/\\\/dmcsrb.com\\\/ekonomija\\\/adzovic-fon-der-lajen-u-crnoj-gori-14-i-15-oktobra-do-kraja-godine-ocekujemo-izradjen-projekat-za-velje-brdo\\\/\"]}]},{\"@type\":\"ImageObject\",\"inLanguage\":\"en-GB\",\"@id\":\"https:\\\/\\\/dmcsrb.com\\\/ekonomija\\\/adzovic-fon-der-lajen-u-crnoj-gori-14-i-15-oktobra-do-kraja-godine-ocekujemo-izradjen-projekat-za-velje-brdo\\\/#primaryimage\",\"url\":\"https:\\\/\\\/dmcsrb.com\\\/wp-content\\\/uploads\\\/2026\\\/01\\\/Majda-Adzovic-PES-822x556-1.jpg\",\"contentUrl\":\"https:\\\/\\\/dmcsrb.com\\\/wp-content\\\/uploads\\\/2026\\\/01\\\/Majda-Adzovic-PES-822x556-1.jpg\",\"width\":822,\"height\":556},{\"@type\":\"BreadcrumbList\",\"@id\":\"https:\\\/\\\/dmcsrb.com\\\/ekonomija\\\/adzovic-fon-der-lajen-u-crnoj-gori-14-i-15-oktobra-do-kraja-godine-ocekujemo-izradjen-projekat-za-velje-brdo\\\/#breadcrumb\",\"itemListElement\":[{\"@type\":\"ListItem\",\"position\":1,\"name\":\"Home\",\"item\":\"https:\\\/\\\/dmcsrb.com\\\/\"},{\"@type\":\"ListItem\",\"position\":2,\"name\":\"Ad\u017eovi\u0107: Fon der Lajen u Crnoj Gori 14. i 15. oktobra, do kraja godine o\u010dekujemo izra\u0111en projekat za Velje brdo\"}]},{\"@type\":\"WebSite\",\"@id\":\"https:\\\/\\\/dmcsrb.com\\\/#website\",\"url\":\"https:\\\/\\\/dmcsrb.com\\\/\",\"name\":\"dmcsrb.com\",\"description\":\"\",\"potentialAction\":[{\"@type\":\"SearchAction\",\"target\":{\"@type\":\"EntryPoint\",\"urlTemplate\":\"https:\\\/\\\/dmcsrb.com\\\/?s={search_term_string}\"},\"query-input\":{\"@type\":\"PropertyValueSpecification\",\"valueRequired\":true,\"valueName\":\"search_term_string\"}}],\"inLanguage\":\"en-GB\"},{\"@type\":\"Person\",\"@id\":\"https:\\\/\\\/dmcsrb.com\\\/#\\\/schema\\\/person\\\/5c39170f12db1b8b457732d0b5c854e2\",\"name\":\"dmcsrbija.com@gmail.com\",\"image\":{\"@type\":\"ImageObject\",\"inLanguage\":\"en-GB\",\"@id\":\"https:\\\/\\\/secure.gravatar.com\\\/avatar\\\/68592660ad6347fad0fb587f8d5d8f1a7b44961362f56e4f2cd524feb87e9069?s=96&d=mm&r=g\",\"url\":\"https:\\\/\\\/secure.gravatar.com\\\/avatar\\\/68592660ad6347fad0fb587f8d5d8f1a7b44961362f56e4f2cd524feb87e9069?s=96&d=mm&r=g\",\"contentUrl\":\"https:\\\/\\\/secure.gravatar.com\\\/avatar\\\/68592660ad6347fad0fb587f8d5d8f1a7b44961362f56e4f2cd524feb87e9069?s=96&d=mm&r=g\",\"caption\":\"dmcsrbija.com@gmail.com\"},\"sameAs\":[\"https:\\\/\\\/dmcsrb.com\"],\"url\":\"https:\\\/\\\/dmcsrb.com\\\/en\\\/author\\\/dmcsrbija-comgmail-com\\\/\"}]}<\/script>\n<!-- \/ Yoast SEO plugin. -->","yoast_head_json":{"title":"Ad\u017eovi\u0107: Fon der Lajen u Crnoj Gori 14. i 15. oktobra, do kraja godine o\u010dekujemo izra\u0111en projekat za Velje brdo - dmcsrb.com","robots":{"index":"index","follow":"follow","max-snippet":"max-snippet:-1","max-image-preview":"max-image-preview:large","max-video-preview":"max-video-preview:-1"},"canonical":"https:\/\/dmcsrb.com\/en\/ekonomija\/adzovic-fon-der-lajen-u-crnoj-gori-14-i-15-oktobra-do-kraja-godine-ocekujemo-izradjen-projekat-za-velje-brdo\/","og_locale":"en_GB","og_type":"article","og_title":"Ad\u017eovi\u0107: Fon der Lajen u Crnoj Gori 14. i 15. oktobra, do kraja godine o\u010dekujemo izra\u0111en projekat za Velje brdo - dmcsrb.com","og_description":"Ministarka javnih radova\u00a0Majda Ad\u017eovi\u0107\u00a0saop\u0161tila je da \u0107e predsjednica Evropske komisije\u00a0Ursula fon der Lajen\u00a0boraviti u Crnoj Gori u okviru investicione konferencije na Lu\u0161tici 14. i 15. oktobra.","og_url":"https:\/\/dmcsrb.com\/en\/ekonomija\/adzovic-fon-der-lajen-u-crnoj-gori-14-i-15-oktobra-do-kraja-godine-ocekujemo-izradjen-projekat-za-velje-brdo\/","og_site_name":"dmcsrb.com","article_published_time":"2025-09-16T05:44:39+00:00","og_image":[{"width":822,"height":556,"url":"https:\/\/dmcsrb.com\/wp-content\/uploads\/2026\/01\/Majda-Adzovic-PES-822x556-1.jpg","type":"image\/jpeg"}],"author":"dmcsrbija.com@gmail.com","twitter_card":"summary_large_image","twitter_misc":{"Written by":"dmcsrbija.com@gmail.com","Estimated reading time":"1 minute"},"schema":{"@context":"https:\/\/schema.org","@graph":[{"@type":"Article","@id":"https:\/\/dmcsrb.com\/ekonomija\/adzovic-fon-der-lajen-u-crnoj-gori-14-i-15-oktobra-do-kraja-godine-ocekujemo-izradjen-projekat-za-velje-brdo\/#article","isPartOf":{"@id":"https:\/\/dmcsrb.com\/ekonomija\/adzovic-fon-der-lajen-u-crnoj-gori-14-i-15-oktobra-do-kraja-godine-ocekujemo-izradjen-projekat-za-velje-brdo\/"},"author":{"name":"dmcsrbija.com@gmail.com","@id":"https:\/\/dmcsrb.com\/#\/schema\/person\/5c39170f12db1b8b457732d0b5c854e2"},"headline":"Ad\u017eovi\u0107: Fon der Lajen u Crnoj Gori 14. i 15. oktobra, do kraja godine o\u010dekujemo izra\u0111en projekat za Velje brdo","datePublished":"2025-09-16T05:44:39+00:00","mainEntityOfPage":{"@id":"https:\/\/dmcsrb.com\/ekonomija\/adzovic-fon-der-lajen-u-crnoj-gori-14-i-15-oktobra-do-kraja-godine-ocekujemo-izradjen-projekat-za-velje-brdo\/"},"wordCount":300,"commentCount":0,"image":{"@id":"https:\/\/dmcsrb.com\/ekonomija\/adzovic-fon-der-lajen-u-crnoj-gori-14-i-15-oktobra-do-kraja-godine-ocekujemo-izradjen-projekat-za-velje-brdo\/#primaryimage"},"thumbnailUrl":"https:\/\/dmcsrb.com\/wp-content\/uploads\/2026\/01\/Majda-Adzovic-PES-822x556-1.jpg","keywords":["Majda Ad\u017eovi\u0107","Ursula fon der Lajen","Velje brdo"],"articleSection":["Ekonomija"],"inLanguage":"en-GB","potentialAction":[{"@type":"CommentAction","name":"Comment","target":["https:\/\/dmcsrb.com\/ekonomija\/adzovic-fon-der-lajen-u-crnoj-gori-14-i-15-oktobra-do-kraja-godine-ocekujemo-izradjen-projekat-za-velje-brdo\/#respond"]}]},{"@type":"WebPage","@id":"https:\/\/dmcsrb.com\/ekonomija\/adzovic-fon-der-lajen-u-crnoj-gori-14-i-15-oktobra-do-kraja-godine-ocekujemo-izradjen-projekat-za-velje-brdo\/","url":"https:\/\/dmcsrb.com\/ekonomija\/adzovic-fon-der-lajen-u-crnoj-gori-14-i-15-oktobra-do-kraja-godine-ocekujemo-izradjen-projekat-za-velje-brdo\/","name":"Ad\u017eovi\u0107: Fon der Lajen u Crnoj Gori 14. i 15. oktobra, do kraja godine o\u010dekujemo izra\u0111en projekat za Velje brdo - dmcsrb.com","isPartOf":{"@id":"https:\/\/dmcsrb.com\/#website"},"primaryImageOfPage":{"@id":"https:\/\/dmcsrb.com\/ekonomija\/adzovic-fon-der-lajen-u-crnoj-gori-14-i-15-oktobra-do-kraja-godine-ocekujemo-izradjen-projekat-za-velje-brdo\/#primaryimage"},"image":{"@id":"https:\/\/dmcsrb.com\/ekonomija\/adzovic-fon-der-lajen-u-crnoj-gori-14-i-15-oktobra-do-kraja-godine-ocekujemo-izradjen-projekat-za-velje-brdo\/#primaryimage"},"thumbnailUrl":"https:\/\/dmcsrb.com\/wp-content\/uploads\/2026\/01\/Majda-Adzovic-PES-822x556-1.jpg","datePublished":"2025-09-16T05:44:39+00:00","author":{"@id":"https:\/\/dmcsrb.com\/#\/schema\/person\/5c39170f12db1b8b457732d0b5c854e2"},"breadcrumb":{"@id":"https:\/\/dmcsrb.com\/ekonomija\/adzovic-fon-der-lajen-u-crnoj-gori-14-i-15-oktobra-do-kraja-godine-ocekujemo-izradjen-projekat-za-velje-brdo\/#breadcrumb"},"inLanguage":"en-GB","potentialAction":[{"@type":"ReadAction","target":["https:\/\/dmcsrb.com\/ekonomija\/adzovic-fon-der-lajen-u-crnoj-gori-14-i-15-oktobra-do-kraja-godine-ocekujemo-izradjen-projekat-za-velje-brdo\/"]}]},{"@type":"ImageObject","inLanguage":"en-GB","@id":"https:\/\/dmcsrb.com\/ekonomija\/adzovic-fon-der-lajen-u-crnoj-gori-14-i-15-oktobra-do-kraja-godine-ocekujemo-izradjen-projekat-za-velje-brdo\/#primaryimage","url":"https:\/\/dmcsrb.com\/wp-content\/uploads\/2026\/01\/Majda-Adzovic-PES-822x556-1.jpg","contentUrl":"https:\/\/dmcsrb.com\/wp-content\/uploads\/2026\/01\/Majda-Adzovic-PES-822x556-1.jpg","width":822,"height":556},{"@type":"BreadcrumbList","@id":"https:\/\/dmcsrb.com\/ekonomija\/adzovic-fon-der-lajen-u-crnoj-gori-14-i-15-oktobra-do-kraja-godine-ocekujemo-izradjen-projekat-za-velje-brdo\/#breadcrumb","itemListElement":[{"@type":"ListItem","position":1,"name":"Home","item":"https:\/\/dmcsrb.com\/"},{"@type":"ListItem","position":2,"name":"Ad\u017eovi\u0107: Fon der Lajen u Crnoj Gori 14. i 15. oktobra, do kraja godine o\u010dekujemo izra\u0111en projekat za Velje brdo"}]},{"@type":"WebSite","@id":"https:\/\/dmcsrb.com\/#website","url":"https:\/\/dmcsrb.com\/","name":"dmcsrb.com","description":"","potentialAction":[{"@type":"SearchAction","target":{"@type":"EntryPoint","urlTemplate":"https:\/\/dmcsrb.com\/?s={search_term_string}"},"query-input":{"@type":"PropertyValueSpecification","valueRequired":true,"valueName":"search_term_string"}}],"inLanguage":"en-GB"},{"@type":"Person","@id":"https:\/\/dmcsrb.com\/#\/schema\/person\/5c39170f12db1b8b457732d0b5c854e2","name":"dmcsrbija.com@gmail.com","image":{"@type":"ImageObject","inLanguage":"en-GB","@id":"https:\/\/secure.gravatar.com\/avatar\/68592660ad6347fad0fb587f8d5d8f1a7b44961362f56e4f2cd524feb87e9069?s=96&d=mm&r=g","url":"https:\/\/secure.gravatar.com\/avatar\/68592660ad6347fad0fb587f8d5d8f1a7b44961362f56e4f2cd524feb87e9069?s=96&d=mm&r=g","contentUrl":"https:\/\/secure.gravatar.com\/avatar\/68592660ad6347fad0fb587f8d5d8f1a7b44961362f56e4f2cd524feb87e9069?s=96&d=mm&r=g","caption":"dmcsrbija.com@gmail.com"},"sameAs":["https:\/\/dmcsrb.com"],"url":"https:\/\/dmcsrb.com\/en\/author\/dmcsrbija-comgmail-com\/"}]}},"_links":{"self":[{"href":"https:\/\/dmcsrb.com\/en\/wp-json\/wp\/v2\/posts\/952286","targetHints":{"allow":["GET"]}}],"collection":[{"href":"https:\/\/dmcsrb.com\/en\/wp-json\/wp\/v2\/posts"}],"about":[{"href":"https:\/\/dmcsrb.com\/en\/wp-json\/wp\/v2\/types\/post"}],"author":[{"embeddable":true,"href":"https:\/\/dmcsrb.com\/en\/wp-json\/wp\/v2\/users\/1"}],"replies":[{"embeddable":true,"href":"https:\/\/dmcsrb.com\/en\/wp-json\/wp\/v2\/comments?post=952286"}],"version-history":[{"count":0,"href":"https:\/\/dmcsrb.com\/en\/wp-json\/wp\/v2\/posts\/952286\/revisions"}],"wp:featuredmedia":[{"embeddable":true,"href":"https:\/\/dmcsrb.com\/en\/wp-json\/wp\/v2\/media\/909576"}],"wp:attachment":[{"href":"https:\/\/dmcsrb.com\/en\/wp-json\/wp\/v2\/media?parent=952286"}],"wp:term":[{"taxonomy":"category","embeddable":true,"href":"https:\/\/dmcsrb.com\/en\/wp-json\/wp\/v2\/categories?post=952286"},{"taxonomy":"post_tag","embeddable":true,"href":"https:\/\/dmcsrb.com\/en\/wp-json\/wp\/v2\/tags?post=952286"},{"taxonomy":"naslovna","embeddable":true,"href":"https:\/\/dmcsrb.com\/en\/wp-json\/wp\/v2\/naslovna?post=952286"}],"curies":[{"name":"wp","href":"https:\/\/api.w.org\/{rel}","templated":true}]}}