{"id":952243,"date":"2025-09-15T18:40:06","date_gmt":"2025-09-15T16:40:06","guid":{"rendered":"https:\/\/dmcsrb.com\/uncategorized\/scekic-potvrda-da-vjerujemo-u-omladinu-mladi-stvaraju-grad\/"},"modified":"2025-09-15T18:40:06","modified_gmt":"2025-09-15T16:40:06","slug":"scekic-potvrda-da-vjerujemo-u-omladinu-mladi-stvaraju-grad","status":"publish","type":"post","link":"https:\/\/dmcsrb.com\/en\/drustvo\/scekic-potvrda-da-vjerujemo-u-omladinu-mladi-stvaraju-grad\/","title":{"rendered":"\u0160\u0107eki\u0107: Potvrda da vjerujemo u omladinu, mladi stvaraju grad"},"content":{"rendered":"<p>Ministarstvo sporta i mladih nastavlja da pru\u017ea sna\u017enu podr\u0161ku projektu&nbsp;<strong>EYC 2028 \u2013 Mladi stvaraju grad!<\/strong><\/p>\n\n\n\n<p>Kako su istakli, ovaj projekat pokazuje koliko vjeruju u omladinu, njihovu kreativnost i hrabrost da mijenjaju grad i dru\u0161tvo.<\/p>\n\n\n\n<p>&#8220;Kandidatura je poziv na djelovanje. Ona je obaveza da nastavimo da gradimo dru\u0161tvo u kojem su mladi u centru pa\u017enje, dru\u0161tvo u kojem imaju prostor za razvoj, podr\u0161ku za inovacije, mogu\u0107nosti za obrazovanje, zapo\u0161ljavanje, sport i kulturu. Zajedno gradimo Podgoricu u kojoj mladi stvaraju i vode, jer \u2013\u00a0Mladi stvaraju grad!&#8221;,  poru\u010dio je ministar \u0160\u0107eki\u0107.<\/p>\n\n\n\n<p><\/p>","protected":false},"excerpt":{"rendered":"<p>Na prvom sastanku Upravnog odbora projekta\u00a0Evropska prijestonica mladih 2028, u\u010destvovali su ministar sporta i mladih\u00a0Dragoslav \u0160\u0107eki\u0107\u00a0i direktor Direktorata za mlade i saradnju sa NVO\u00a0Darko Stojanovi\u0107, saop\u0161teno je iz Ministarstva sporta i mladih.<\/p>","protected":false},"author":1,"featured_media":952244,"comment_status":"open","ping_status":"open","sticky":false,"template":"","format":"standard","meta":{"_acf_changed":false,"footnotes":""},"categories":[2],"tags":[1079,1088],"naslovna":[],"class_list":["post-952243","post","type-post","status-publish","format-standard","has-post-thumbnail","hentry","category-drustvo","tag-dragoslav-scekic","tag-ministarstvo-sporta-i-mladih"],"acf":[],"yoast_head":"<!-- This site is optimized with the Yoast SEO plugin v27.4 - https:\/\/yoast.com\/product\/yoast-seo-wordpress\/ -->\n<title>\u0160\u0107eki\u0107: Potvrda da vjerujemo u omladinu, mladi stvaraju grad - dmcsrb.com<\/title>\n<meta name=\"robots\" content=\"index, follow, max-snippet:-1, max-image-preview:large, max-video-preview:-1\" \/>\n<link rel=\"canonical\" href=\"https:\/\/dmcsrb.com\/en\/drustvo\/scekic-potvrda-da-vjerujemo-u-omladinu-mladi-stvaraju-grad\/\" \/>\n<meta property=\"og:locale\" content=\"en_GB\" \/>\n<meta property=\"og:type\" content=\"article\" \/>\n<meta property=\"og:title\" content=\"\u0160\u0107eki\u0107: Potvrda da vjerujemo u omladinu, mladi stvaraju grad - dmcsrb.com\" \/>\n<meta property=\"og:description\" content=\"Na prvom sastanku Upravnog odbora projekta\u00a0Evropska prijestonica mladih 2028, u\u010destvovali su ministar sporta i mladih\u00a0Dragoslav \u0160\u0107eki\u0107\u00a0i direktor Direktorata za mlade i saradnju sa NVO\u00a0Darko Stojanovi\u0107, saop\u0161teno je iz Ministarstva sporta i mladih.\" \/>\n<meta property=\"og:url\" content=\"https:\/\/dmcsrb.com\/en\/drustvo\/scekic-potvrda-da-vjerujemo-u-omladinu-mladi-stvaraju-grad\/\" \/>\n<meta property=\"og:site_name\" content=\"dmcsrb.com\" \/>\n<meta property=\"article:published_time\" content=\"2025-09-15T16:40:06+00:00\" \/>\n<meta property=\"og:image\" content=\"https:\/\/dmcsrb.com\/wp-content\/uploads\/2026\/01\/Photo-credit-Gruja-Milosevic-5-scaled-1.webp\" \/>\n\t<meta property=\"og:image:width\" content=\"2560\" \/>\n\t<meta property=\"og:image:height\" content=\"1703\" \/>\n\t<meta property=\"og:image:type\" content=\"image\/jpeg\" \/>\n<meta name=\"author\" content=\"dmcsrbija.com@gmail.com\" \/>\n<meta name=\"twitter:card\" content=\"summary_large_image\" \/>\n<meta name=\"twitter:label1\" content=\"Written by\" \/>\n\t<meta name=\"twitter:data1\" content=\"dmcsrbija.com@gmail.com\" \/>\n<script type=\"application\/ld+json\" class=\"yoast-schema-graph\">{\"@context\":\"https:\\\/\\\/schema.org\",\"@graph\":[{\"@type\":\"Article\",\"@id\":\"https:\\\/\\\/dmcsrb.com\\\/drustvo\\\/scekic-potvrda-da-vjerujemo-u-omladinu-mladi-stvaraju-grad\\\/#article\",\"isPartOf\":{\"@id\":\"https:\\\/\\\/dmcsrb.com\\\/drustvo\\\/scekic-potvrda-da-vjerujemo-u-omladinu-mladi-stvaraju-grad\\\/\"},\"author\":{\"name\":\"dmcsrbija.com@gmail.com\",\"@id\":\"https:\\\/\\\/dmcsrb.com\\\/#\\\/schema\\\/person\\\/5c39170f12db1b8b457732d0b5c854e2\"},\"headline\":\"\u0160\u0107eki\u0107: Potvrda da vjerujemo u omladinu, mladi stvaraju grad\",\"datePublished\":\"2025-09-15T16:40:06+00:00\",\"mainEntityOfPage\":{\"@id\":\"https:\\\/\\\/dmcsrb.com\\\/drustvo\\\/scekic-potvrda-da-vjerujemo-u-omladinu-mladi-stvaraju-grad\\\/\"},\"wordCount\":108,\"commentCount\":0,\"image\":{\"@id\":\"https:\\\/\\\/dmcsrb.com\\\/drustvo\\\/scekic-potvrda-da-vjerujemo-u-omladinu-mladi-stvaraju-grad\\\/#primaryimage\"},\"thumbnailUrl\":\"https:\\\/\\\/dmcsrb.com\\\/wp-content\\\/uploads\\\/2026\\\/01\\\/Photo-credit-Gruja-Milosevic-5-scaled-1.webp\",\"keywords\":[\"Dragoslav \u0160\u0107eki\u0107\",\"Ministarstvo sporta i mladih\"],\"articleSection\":[\"Dru\u0161tvo\"],\"inLanguage\":\"en-GB\",\"potentialAction\":[{\"@type\":\"CommentAction\",\"name\":\"Comment\",\"target\":[\"https:\\\/\\\/dmcsrb.com\\\/drustvo\\\/scekic-potvrda-da-vjerujemo-u-omladinu-mladi-stvaraju-grad\\\/#respond\"]}]},{\"@type\":\"WebPage\",\"@id\":\"https:\\\/\\\/dmcsrb.com\\\/drustvo\\\/scekic-potvrda-da-vjerujemo-u-omladinu-mladi-stvaraju-grad\\\/\",\"url\":\"https:\\\/\\\/dmcsrb.com\\\/drustvo\\\/scekic-potvrda-da-vjerujemo-u-omladinu-mladi-stvaraju-grad\\\/\",\"name\":\"\u0160\u0107eki\u0107: Potvrda da vjerujemo u omladinu, mladi stvaraju grad - dmcsrb.com\",\"isPartOf\":{\"@id\":\"https:\\\/\\\/dmcsrb.com\\\/#website\"},\"primaryImageOfPage\":{\"@id\":\"https:\\\/\\\/dmcsrb.com\\\/drustvo\\\/scekic-potvrda-da-vjerujemo-u-omladinu-mladi-stvaraju-grad\\\/#primaryimage\"},\"image\":{\"@id\":\"https:\\\/\\\/dmcsrb.com\\\/drustvo\\\/scekic-potvrda-da-vjerujemo-u-omladinu-mladi-stvaraju-grad\\\/#primaryimage\"},\"thumbnailUrl\":\"https:\\\/\\\/dmcsrb.com\\\/wp-content\\\/uploads\\\/2026\\\/01\\\/Photo-credit-Gruja-Milosevic-5-scaled-1.webp\",\"datePublished\":\"2025-09-15T16:40:06+00:00\",\"author\":{\"@id\":\"https:\\\/\\\/dmcsrb.com\\\/#\\\/schema\\\/person\\\/5c39170f12db1b8b457732d0b5c854e2\"},\"breadcrumb\":{\"@id\":\"https:\\\/\\\/dmcsrb.com\\\/drustvo\\\/scekic-potvrda-da-vjerujemo-u-omladinu-mladi-stvaraju-grad\\\/#breadcrumb\"},\"inLanguage\":\"en-GB\",\"potentialAction\":[{\"@type\":\"ReadAction\",\"target\":[\"https:\\\/\\\/dmcsrb.com\\\/drustvo\\\/scekic-potvrda-da-vjerujemo-u-omladinu-mladi-stvaraju-grad\\\/\"]}]},{\"@type\":\"ImageObject\",\"inLanguage\":\"en-GB\",\"@id\":\"https:\\\/\\\/dmcsrb.com\\\/drustvo\\\/scekic-potvrda-da-vjerujemo-u-omladinu-mladi-stvaraju-grad\\\/#primaryimage\",\"url\":\"https:\\\/\\\/dmcsrb.com\\\/wp-content\\\/uploads\\\/2026\\\/01\\\/Photo-credit-Gruja-Milosevic-5-scaled-1.webp\",\"contentUrl\":\"https:\\\/\\\/dmcsrb.com\\\/wp-content\\\/uploads\\\/2026\\\/01\\\/Photo-credit-Gruja-Milosevic-5-scaled-1.webp\",\"width\":2560,\"height\":1703},{\"@type\":\"BreadcrumbList\",\"@id\":\"https:\\\/\\\/dmcsrb.com\\\/drustvo\\\/scekic-potvrda-da-vjerujemo-u-omladinu-mladi-stvaraju-grad\\\/#breadcrumb\",\"itemListElement\":[{\"@type\":\"ListItem\",\"position\":1,\"name\":\"Home\",\"item\":\"https:\\\/\\\/dmcsrb.com\\\/\"},{\"@type\":\"ListItem\",\"position\":2,\"name\":\"\u0160\u0107eki\u0107: Potvrda da vjerujemo u omladinu, mladi stvaraju grad\"}]},{\"@type\":\"WebSite\",\"@id\":\"https:\\\/\\\/dmcsrb.com\\\/#website\",\"url\":\"https:\\\/\\\/dmcsrb.com\\\/\",\"name\":\"dmcsrb.com\",\"description\":\"\",\"potentialAction\":[{\"@type\":\"SearchAction\",\"target\":{\"@type\":\"EntryPoint\",\"urlTemplate\":\"https:\\\/\\\/dmcsrb.com\\\/?s={search_term_string}\"},\"query-input\":{\"@type\":\"PropertyValueSpecification\",\"valueRequired\":true,\"valueName\":\"search_term_string\"}}],\"inLanguage\":\"en-GB\"},{\"@type\":\"Person\",\"@id\":\"https:\\\/\\\/dmcsrb.com\\\/#\\\/schema\\\/person\\\/5c39170f12db1b8b457732d0b5c854e2\",\"name\":\"dmcsrbija.com@gmail.com\",\"image\":{\"@type\":\"ImageObject\",\"inLanguage\":\"en-GB\",\"@id\":\"https:\\\/\\\/secure.gravatar.com\\\/avatar\\\/68592660ad6347fad0fb587f8d5d8f1a7b44961362f56e4f2cd524feb87e9069?s=96&d=mm&r=g\",\"url\":\"https:\\\/\\\/secure.gravatar.com\\\/avatar\\\/68592660ad6347fad0fb587f8d5d8f1a7b44961362f56e4f2cd524feb87e9069?s=96&d=mm&r=g\",\"contentUrl\":\"https:\\\/\\\/secure.gravatar.com\\\/avatar\\\/68592660ad6347fad0fb587f8d5d8f1a7b44961362f56e4f2cd524feb87e9069?s=96&d=mm&r=g\",\"caption\":\"dmcsrbija.com@gmail.com\"},\"sameAs\":[\"https:\\\/\\\/dmcsrb.com\"],\"url\":\"https:\\\/\\\/dmcsrb.com\\\/en\\\/author\\\/dmcsrbija-comgmail-com\\\/\"}]}<\/script>\n<!-- \/ Yoast SEO plugin. -->","yoast_head_json":{"title":"\u0160\u0107eki\u0107: Potvrda da vjerujemo u omladinu, mladi stvaraju grad - dmcsrb.com","robots":{"index":"index","follow":"follow","max-snippet":"max-snippet:-1","max-image-preview":"max-image-preview:large","max-video-preview":"max-video-preview:-1"},"canonical":"https:\/\/dmcsrb.com\/en\/drustvo\/scekic-potvrda-da-vjerujemo-u-omladinu-mladi-stvaraju-grad\/","og_locale":"en_GB","og_type":"article","og_title":"\u0160\u0107eki\u0107: Potvrda da vjerujemo u omladinu, mladi stvaraju grad - dmcsrb.com","og_description":"Na prvom sastanku Upravnog odbora projekta\u00a0Evropska prijestonica mladih 2028, u\u010destvovali su ministar sporta i mladih\u00a0Dragoslav \u0160\u0107eki\u0107\u00a0i direktor Direktorata za mlade i saradnju sa NVO\u00a0Darko Stojanovi\u0107, saop\u0161teno je iz Ministarstva sporta i mladih.","og_url":"https:\/\/dmcsrb.com\/en\/drustvo\/scekic-potvrda-da-vjerujemo-u-omladinu-mladi-stvaraju-grad\/","og_site_name":"dmcsrb.com","article_published_time":"2025-09-15T16:40:06+00:00","og_image":[{"width":2560,"height":1703,"url":"https:\/\/dmcsrb.com\/wp-content\/uploads\/2026\/01\/Photo-credit-Gruja-Milosevic-5-scaled-1.webp","type":"image\/jpeg"}],"author":"dmcsrbija.com@gmail.com","twitter_card":"summary_large_image","twitter_misc":{"Written by":"dmcsrbija.com@gmail.com"},"schema":{"@context":"https:\/\/schema.org","@graph":[{"@type":"Article","@id":"https:\/\/dmcsrb.com\/drustvo\/scekic-potvrda-da-vjerujemo-u-omladinu-mladi-stvaraju-grad\/#article","isPartOf":{"@id":"https:\/\/dmcsrb.com\/drustvo\/scekic-potvrda-da-vjerujemo-u-omladinu-mladi-stvaraju-grad\/"},"author":{"name":"dmcsrbija.com@gmail.com","@id":"https:\/\/dmcsrb.com\/#\/schema\/person\/5c39170f12db1b8b457732d0b5c854e2"},"headline":"\u0160\u0107eki\u0107: Potvrda da vjerujemo u omladinu, mladi stvaraju grad","datePublished":"2025-09-15T16:40:06+00:00","mainEntityOfPage":{"@id":"https:\/\/dmcsrb.com\/drustvo\/scekic-potvrda-da-vjerujemo-u-omladinu-mladi-stvaraju-grad\/"},"wordCount":108,"commentCount":0,"image":{"@id":"https:\/\/dmcsrb.com\/drustvo\/scekic-potvrda-da-vjerujemo-u-omladinu-mladi-stvaraju-grad\/#primaryimage"},"thumbnailUrl":"https:\/\/dmcsrb.com\/wp-content\/uploads\/2026\/01\/Photo-credit-Gruja-Milosevic-5-scaled-1.webp","keywords":["Dragoslav \u0160\u0107eki\u0107","Ministarstvo sporta i mladih"],"articleSection":["Dru\u0161tvo"],"inLanguage":"en-GB","potentialAction":[{"@type":"CommentAction","name":"Comment","target":["https:\/\/dmcsrb.com\/drustvo\/scekic-potvrda-da-vjerujemo-u-omladinu-mladi-stvaraju-grad\/#respond"]}]},{"@type":"WebPage","@id":"https:\/\/dmcsrb.com\/drustvo\/scekic-potvrda-da-vjerujemo-u-omladinu-mladi-stvaraju-grad\/","url":"https:\/\/dmcsrb.com\/drustvo\/scekic-potvrda-da-vjerujemo-u-omladinu-mladi-stvaraju-grad\/","name":"\u0160\u0107eki\u0107: Potvrda da vjerujemo u omladinu, mladi stvaraju grad - dmcsrb.com","isPartOf":{"@id":"https:\/\/dmcsrb.com\/#website"},"primaryImageOfPage":{"@id":"https:\/\/dmcsrb.com\/drustvo\/scekic-potvrda-da-vjerujemo-u-omladinu-mladi-stvaraju-grad\/#primaryimage"},"image":{"@id":"https:\/\/dmcsrb.com\/drustvo\/scekic-potvrda-da-vjerujemo-u-omladinu-mladi-stvaraju-grad\/#primaryimage"},"thumbnailUrl":"https:\/\/dmcsrb.com\/wp-content\/uploads\/2026\/01\/Photo-credit-Gruja-Milosevic-5-scaled-1.webp","datePublished":"2025-09-15T16:40:06+00:00","author":{"@id":"https:\/\/dmcsrb.com\/#\/schema\/person\/5c39170f12db1b8b457732d0b5c854e2"},"breadcrumb":{"@id":"https:\/\/dmcsrb.com\/drustvo\/scekic-potvrda-da-vjerujemo-u-omladinu-mladi-stvaraju-grad\/#breadcrumb"},"inLanguage":"en-GB","potentialAction":[{"@type":"ReadAction","target":["https:\/\/dmcsrb.com\/drustvo\/scekic-potvrda-da-vjerujemo-u-omladinu-mladi-stvaraju-grad\/"]}]},{"@type":"ImageObject","inLanguage":"en-GB","@id":"https:\/\/dmcsrb.com\/drustvo\/scekic-potvrda-da-vjerujemo-u-omladinu-mladi-stvaraju-grad\/#primaryimage","url":"https:\/\/dmcsrb.com\/wp-content\/uploads\/2026\/01\/Photo-credit-Gruja-Milosevic-5-scaled-1.webp","contentUrl":"https:\/\/dmcsrb.com\/wp-content\/uploads\/2026\/01\/Photo-credit-Gruja-Milosevic-5-scaled-1.webp","width":2560,"height":1703},{"@type":"BreadcrumbList","@id":"https:\/\/dmcsrb.com\/drustvo\/scekic-potvrda-da-vjerujemo-u-omladinu-mladi-stvaraju-grad\/#breadcrumb","itemListElement":[{"@type":"ListItem","position":1,"name":"Home","item":"https:\/\/dmcsrb.com\/"},{"@type":"ListItem","position":2,"name":"\u0160\u0107eki\u0107: Potvrda da vjerujemo u omladinu, mladi stvaraju grad"}]},{"@type":"WebSite","@id":"https:\/\/dmcsrb.com\/#website","url":"https:\/\/dmcsrb.com\/","name":"dmcsrb.com","description":"","potentialAction":[{"@type":"SearchAction","target":{"@type":"EntryPoint","urlTemplate":"https:\/\/dmcsrb.com\/?s={search_term_string}"},"query-input":{"@type":"PropertyValueSpecification","valueRequired":true,"valueName":"search_term_string"}}],"inLanguage":"en-GB"},{"@type":"Person","@id":"https:\/\/dmcsrb.com\/#\/schema\/person\/5c39170f12db1b8b457732d0b5c854e2","name":"dmcsrbija.com@gmail.com","image":{"@type":"ImageObject","inLanguage":"en-GB","@id":"https:\/\/secure.gravatar.com\/avatar\/68592660ad6347fad0fb587f8d5d8f1a7b44961362f56e4f2cd524feb87e9069?s=96&d=mm&r=g","url":"https:\/\/secure.gravatar.com\/avatar\/68592660ad6347fad0fb587f8d5d8f1a7b44961362f56e4f2cd524feb87e9069?s=96&d=mm&r=g","contentUrl":"https:\/\/secure.gravatar.com\/avatar\/68592660ad6347fad0fb587f8d5d8f1a7b44961362f56e4f2cd524feb87e9069?s=96&d=mm&r=g","caption":"dmcsrbija.com@gmail.com"},"sameAs":["https:\/\/dmcsrb.com"],"url":"https:\/\/dmcsrb.com\/en\/author\/dmcsrbija-comgmail-com\/"}]}},"_links":{"self":[{"href":"https:\/\/dmcsrb.com\/en\/wp-json\/wp\/v2\/posts\/952243","targetHints":{"allow":["GET"]}}],"collection":[{"href":"https:\/\/dmcsrb.com\/en\/wp-json\/wp\/v2\/posts"}],"about":[{"href":"https:\/\/dmcsrb.com\/en\/wp-json\/wp\/v2\/types\/post"}],"author":[{"embeddable":true,"href":"https:\/\/dmcsrb.com\/en\/wp-json\/wp\/v2\/users\/1"}],"replies":[{"embeddable":true,"href":"https:\/\/dmcsrb.com\/en\/wp-json\/wp\/v2\/comments?post=952243"}],"version-history":[{"count":0,"href":"https:\/\/dmcsrb.com\/en\/wp-json\/wp\/v2\/posts\/952243\/revisions"}],"wp:featuredmedia":[{"embeddable":true,"href":"https:\/\/dmcsrb.com\/en\/wp-json\/wp\/v2\/media\/952244"}],"wp:attachment":[{"href":"https:\/\/dmcsrb.com\/en\/wp-json\/wp\/v2\/media?parent=952243"}],"wp:term":[{"taxonomy":"category","embeddable":true,"href":"https:\/\/dmcsrb.com\/en\/wp-json\/wp\/v2\/categories?post=952243"},{"taxonomy":"post_tag","embeddable":true,"href":"https:\/\/dmcsrb.com\/en\/wp-json\/wp\/v2\/tags?post=952243"},{"taxonomy":"naslovna","embeddable":true,"href":"https:\/\/dmcsrb.com\/en\/wp-json\/wp\/v2\/naslovna?post=952243"}],"curies":[{"name":"wp","href":"https:\/\/api.w.org\/{rel}","templated":true}]}}