{"id":952236,"date":"2025-09-15T18:50:00","date_gmt":"2025-09-15T16:50:00","guid":{"rendered":"https:\/\/dmcsrb.com\/uncategorized\/radulovic-the-ocean-race-europe-2025-je-vise-od-sportske-regate-ona-je-simbol-povezivanja-ljudi-i-kultura\/"},"modified":"2025-09-15T18:50:00","modified_gmt":"2025-09-15T16:50:00","slug":"radulovic-the-ocean-race-europe-2025-je-vise-od-sportske-regate-ona-je-simbol-povezivanja-ljudi-i-kultura","status":"publish","type":"post","link":"https:\/\/dmcsrb.com\/en\/drustvo\/radulovic-the-ocean-race-europe-2025-je-vise-od-sportske-regate-ona-je-simbol-povezivanja-ljudi-i-kultura\/","title":{"rendered":"Radulovi\u0107: The Ocean Race Europe 2025 je vi\u0161e od sportske regate, ona je simbol povezivanja ljudi i kultura"},"content":{"rendered":"<p><br><\/p>\n\n\n\n<p><\/p>\n\n\n\n<p>Edukativni program Ocean Live Parka realizuje se u saradnji sa Pomorskim fakultetom i Institutom za biologiju mora, dok kulturni segment donosi raznovrsne umjetni\u010dke sadr\u017eaje na vi\u0161e lokacija. Na otvaranju su govorili predstavnici dr\u017eavnih i lokalnih institucija, nagla\u0161avaju\u0107i va\u017enost jednog ovako presti\u017enog jedrili\u010darskog doga\u0111aja za promociju pomorske tradicije Crne Gore, ali i pozicioniranje Tivta i Boke Kotorske na mapi svjetskog nautizma.<\/p>\n\n\n\n<p>Kako je naveo ministar pomorstva Filip Radulovi\u0107, The Ocean Race Europe 2025 je vi\u0161e od sportske regate, ona je simbol povezivanja kulture, ljudi i tradicije.<\/p>\n\n\n\n<p>\u201eDolazak najpresti\u017enijih svjetskih timova u na\u0161e zalivske vode predstavlja istorijski trenutak i potvrdu me\u0111unarodnog ugleda Crne Gore. Vlada Crne Gore ovu priliku vidi ne samo kao podsticaj za ekonomski razvoj i nova radna mjesta, ve\u0107 i kao na\u010din ja\u010danja turisti\u010dkog identiteta na\u0161e zemlje. The Ocean Race Europe 2025 nosi sna\u017enu poruku o o\u010duvanju mora i prirodnih resursa, vrijednosti kojoj je Crna Gora duboko posve\u0107ena. Sigurni smo da \u0107e Boka Kotorska zasijati u punom sjaju i pokazati svijetu svoju ljepotu, kulturu i gostoprimstvo\u201c, kazao je Radulovi\u0107.<\/p>\n\n\n\n<p>Predsjednik op\u0161tine \u017deljko Komnenovi\u0107, izrazio je zadovoljstvo \u0161to je Tivat doma\u0107in finala trke, \u010dime je ujedno postao i sportski epicentar Evrope.<\/p>\n\n\n\n<p>\u201eOvo je prilika da svi zajedno u\u017eivamo u jedrenju, u lijepom septembarskom vremenu, u brojnim sadr\u017eajima koje su organizatori pripremili. Prilika je ovo i da se dodatno edukujemo, da osvijestimo zna\u010daj brige o moru i specifi\u010dnoj zalivskoj sredini, kao vrijednom resursu koji smo naslijedili, kojim raspola\u017eemo i koji netaknut moramo predati slede\u0107im generacijama\u201c, poru\u010dio je Komnenovi\u0107, pozivaju\u0107i sve gra\u0111ane Crne Gore da posjete Tivat za vrijeme trajanja manifestacije.<\/p>\n\n\n\n<p>U Ocean Live Parku, predstavi\u0107e se i Misija Ujedinjenih nacija kroz sadr\u017eaj sa fokusom na odr\u017eivi razvoj, za\u0161titu podmorja i priobalja. Rezidentna koordinatorka UN Karolin Tiso naglasila je da je crnogorska obala vi\u0161e od predivnog pejza\u017ea \u2013 ona je linija \u017eivota.<\/p>\n\n\n\n<p>\u201eIako mala po veli\u010dini, Crna Gora ima ogromno prirodno bogatstvo. Svaka obalska dr\u017eava \u2013 velika ili mala \u2013 ima ulogu u o\u010duvanju na\u0161ih mora i okeana\u201c, kazala je Tiso, isti\u010du\u0107i da se mora i okeani suo\u010davaju sa do sada nezabilje\u017eenim pritiskom.<\/p>\n\n\n\n<p>\u201eRastu\u0107e temperature, zaga\u0111enje i plasti\u010dni otpad ubrzano sve ozbiljnije ugro\u017eavaju opstanak morskih ekosistema. Vrijeme je za odlu\u010dnu, udru\u017eenu akciju. Okeani pripadaju cijelom \u010dovje\u010danstvu i moraju se zajedni\u010dki \u0161tititi. Kao \u0161to mornari rade zajedno da bi savladali talase, tako i dr\u017eave i zajednice moraju da se ujedine kako bi za\u0161titile na\u0161u zajedni\u010dku liniju \u017eivota \u2013 na\u0161a mora i okeane\u201c, kazala je Tiso.<\/p>\n\n\n\n<p>Prema rije\u010dima Ri\u010darda Brisijusa, direktora trke, The Ocean Race Europe je od 1973. bio najtje\u017ei test za timove, a ve\u0107 50 godina ona ujedno istra\u017euje i pronalazi nove na\u010dine da pove\u017ee svijet.<\/p>\n\n\n\n<p>\u201cU Ocean Race-u \u010dvrsto smo posve\u0107eni obnovi zdravlja okeana. Kao \u0161to nas podsje\u0107a ambasador Piter Tomson, specijalni izaslanik Ujedinjenih nacija za okean &#8211; ne mo\u017eemo imati zdravu planetu bez zdravog okeana. Zajedno smo u Boku donijeli ne samo trku, ve\u0107 i misiju da za\u0161titimo okean i ujedinimo ljude \u0161irom svijeta. U dana\u0161njem svijetu, koji to treba vi\u0161e nego ikada, to je naslje\u0111e koje \u0107emo ovdje graditi zajedno\u201c, naglasio je Brisijus.<\/p>\n\n\n\n<p>U ime organizatora, kapetan Vladimir \u0160parovi\u0107 i predsjednik organizacionog odbora The Ocean Race Boka Bay pozvao je sve gra\u0111ane i posjetioce da u narednim danima obi\u0111u Ocean Live Park.<\/p>\n\n\n\n<p>\u201eOvo je najve\u0107i sportski doga\u0111aj koji je ikada odr\u017ean u na\u0161oj zemlji. Ali ne samo to, ovo je i doga\u0111aj koji promovi\u0161e me\u0111unarodnu borbu za za\u0161titu svjetskih mora. I iz tog razloga, on je od velikog zna\u010daja za na\u0161u zemlju kao priobalnu dr\u017eavu. U\u017eivajte u narednih sedam dana u jedinstvenim atrakcijama koje Ocean Race priprema za vas, u Ocean Live Parku, kao i na regatnom polju u tivatskom zalivu, gdje \u0107ete mo\u0107i da vidite najbr\u017ea svjetska jedra u akciji\u201c, zaklju\u010dio je \u0160parovi\u0107.<\/p>\n\n\n\n<p>Vrpcu kojom je ozvani\u010deno otvaranje Ocean Live Parka presjekli su ministar pomorstva Filip Radulovi\u0107 i ambasador finalne trke, na\u0161 jedrili\u010dar Milivoj Duki\u0107. Program Parka u narednih sedam dana uklju\u010diva\u0107e nau\u010dne prezentacije, dje\u010dije radionice, izlo\u017ebe, koncerte, filmske projekcije i razgovore sa istra\u017eiva\u010dima.<\/p>\n\n\n\n<p><\/p>","protected":false},"excerpt":{"rendered":"<p>Na \u0161etali\u0161tu Pine u Tivtu danas je sve\u010dano otvoren Ocean Live Park, centralni segment finalne etape presti\u017ene evropske regate The Ocean Race Europe 2025. Tokom narednih sedam dana, posjetioci \u0107e imati priliku da u\u010destvuju u vi\u0161e od 50 programskih cjelina &#8211; od nau\u010dnih radionica i univerzitetskih prezentacija, do koncerata, filmskih projekcija i pozori\u0161nih predstava.<\/p>","protected":false},"author":1,"featured_media":952237,"comment_status":"open","ping_status":"open","sticky":false,"template":"","format":"standard","meta":{"_acf_changed":false,"footnotes":""},"categories":[2],"tags":[1279,8155,460],"naslovna":[],"class_list":["post-952236","post","type-post","status-publish","format-standard","has-post-thumbnail","hentry","category-drustvo","tag-filip-radulovic-2","tag-ocean-race-europe-2025","tag-tivat"],"acf":[],"yoast_head":"<!-- This site is optimized with the Yoast SEO plugin v27.0 - https:\/\/yoast.com\/product\/yoast-seo-wordpress\/ -->\n<title>Radulovi\u0107: The Ocean Race Europe 2025 je vi\u0161e od sportske regate, ona je simbol povezivanja ljudi i kultura - dmcsrb.com<\/title>\n<meta name=\"robots\" content=\"index, follow, max-snippet:-1, max-image-preview:large, max-video-preview:-1\" \/>\n<link rel=\"canonical\" href=\"https:\/\/dmcsrb.com\/en\/drustvo\/radulovic-the-ocean-race-europe-2025-je-vise-od-sportske-regate-ona-je-simbol-povezivanja-ljudi-i-kultura\/\" \/>\n<meta property=\"og:locale\" content=\"en_GB\" \/>\n<meta property=\"og:type\" content=\"article\" \/>\n<meta property=\"og:title\" content=\"Radulovi\u0107: The Ocean Race Europe 2025 je vi\u0161e od sportske regate, ona je simbol povezivanja ljudi i kultura - dmcsrb.com\" \/>\n<meta property=\"og:description\" content=\"Na \u0161etali\u0161tu Pine u Tivtu danas je sve\u010dano otvoren Ocean Live Park, centralni segment finalne etape presti\u017ene evropske regate The Ocean Race Europe 2025. Tokom narednih sedam dana, posjetioci \u0107e imati priliku da u\u010destvuju u vi\u0161e od 50 programskih cjelina - od nau\u010dnih radionica i univerzitetskih prezentacija, do koncerata, filmskih projekcija i pozori\u0161nih predstava.\" \/>\n<meta property=\"og:url\" content=\"https:\/\/dmcsrb.com\/en\/drustvo\/radulovic-the-ocean-race-europe-2025-je-vise-od-sportske-regate-ona-je-simbol-povezivanja-ljudi-i-kultura\/\" \/>\n<meta property=\"og:site_name\" content=\"dmcsrb.com\" \/>\n<meta property=\"article:published_time\" content=\"2025-09-15T16:50:00+00:00\" \/>\n<meta property=\"og:image\" content=\"https:\/\/dmcsrb.com\/wp-content\/uploads\/2026\/01\/golubovic1.webp\" \/>\n\t<meta property=\"og:image:width\" content=\"2048\" \/>\n\t<meta property=\"og:image:height\" content=\"1536\" \/>\n\t<meta property=\"og:image:type\" content=\"image\/jpeg\" \/>\n<meta name=\"author\" content=\"dmcsrbija.com@gmail.com\" \/>\n<meta name=\"twitter:card\" content=\"summary_large_image\" \/>\n<meta name=\"twitter:label1\" content=\"Written by\" \/>\n\t<meta name=\"twitter:data1\" content=\"dmcsrbija.com@gmail.com\" \/>\n\t<meta name=\"twitter:label2\" content=\"Estimated reading time\" \/>\n\t<meta name=\"twitter:data2\" content=\"4 minutes\" \/>\n<script type=\"application\/ld+json\" class=\"yoast-schema-graph\">{\"@context\":\"https:\/\/schema.org\",\"@graph\":[{\"@type\":\"Article\",\"@id\":\"https:\/\/dmcsrb.com\/drustvo\/radulovic-the-ocean-race-europe-2025-je-vise-od-sportske-regate-ona-je-simbol-povezivanja-ljudi-i-kultura\/#article\",\"isPartOf\":{\"@id\":\"https:\/\/dmcsrb.com\/drustvo\/radulovic-the-ocean-race-europe-2025-je-vise-od-sportske-regate-ona-je-simbol-povezivanja-ljudi-i-kultura\/\"},\"author\":{\"name\":\"dmcsrbija.com@gmail.com\",\"@id\":\"https:\/\/dmcsrb.com\/#\/schema\/person\/5c39170f12db1b8b457732d0b5c854e2\"},\"headline\":\"Radulovi\u0107: The Ocean Race Europe 2025 je vi\u0161e od sportske regate, ona je simbol povezivanja ljudi i kultura\",\"datePublished\":\"2025-09-15T16:50:00+00:00\",\"mainEntityOfPage\":{\"@id\":\"https:\/\/dmcsrb.com\/drustvo\/radulovic-the-ocean-race-europe-2025-je-vise-od-sportske-regate-ona-je-simbol-povezivanja-ljudi-i-kultura\/\"},\"wordCount\":764,\"commentCount\":0,\"image\":{\"@id\":\"https:\/\/dmcsrb.com\/drustvo\/radulovic-the-ocean-race-europe-2025-je-vise-od-sportske-regate-ona-je-simbol-povezivanja-ljudi-i-kultura\/#primaryimage\"},\"thumbnailUrl\":\"https:\/\/dmcsrb.com\/wp-content\/uploads\/2026\/01\/golubovic1.webp\",\"keywords\":[\"Filip Radulovi\u0107\",\"Ocean race Europe 2025\",\"Tivat\"],\"articleSection\":[\"Dru\u0161tvo\"],\"inLanguage\":\"en-GB\",\"potentialAction\":[{\"@type\":\"CommentAction\",\"name\":\"Comment\",\"target\":[\"https:\/\/dmcsrb.com\/drustvo\/radulovic-the-ocean-race-europe-2025-je-vise-od-sportske-regate-ona-je-simbol-povezivanja-ljudi-i-kultura\/#respond\"]}]},{\"@type\":\"WebPage\",\"@id\":\"https:\/\/dmcsrb.com\/drustvo\/radulovic-the-ocean-race-europe-2025-je-vise-od-sportske-regate-ona-je-simbol-povezivanja-ljudi-i-kultura\/\",\"url\":\"https:\/\/dmcsrb.com\/drustvo\/radulovic-the-ocean-race-europe-2025-je-vise-od-sportske-regate-ona-je-simbol-povezivanja-ljudi-i-kultura\/\",\"name\":\"Radulovi\u0107: The Ocean Race Europe 2025 je vi\u0161e od sportske regate, ona je simbol povezivanja ljudi i kultura - dmcsrb.com\",\"isPartOf\":{\"@id\":\"https:\/\/dmcsrb.com\/#website\"},\"primaryImageOfPage\":{\"@id\":\"https:\/\/dmcsrb.com\/drustvo\/radulovic-the-ocean-race-europe-2025-je-vise-od-sportske-regate-ona-je-simbol-povezivanja-ljudi-i-kultura\/#primaryimage\"},\"image\":{\"@id\":\"https:\/\/dmcsrb.com\/drustvo\/radulovic-the-ocean-race-europe-2025-je-vise-od-sportske-regate-ona-je-simbol-povezivanja-ljudi-i-kultura\/#primaryimage\"},\"thumbnailUrl\":\"https:\/\/dmcsrb.com\/wp-content\/uploads\/2026\/01\/golubovic1.webp\",\"datePublished\":\"2025-09-15T16:50:00+00:00\",\"author\":{\"@id\":\"https:\/\/dmcsrb.com\/#\/schema\/person\/5c39170f12db1b8b457732d0b5c854e2\"},\"breadcrumb\":{\"@id\":\"https:\/\/dmcsrb.com\/drustvo\/radulovic-the-ocean-race-europe-2025-je-vise-od-sportske-regate-ona-je-simbol-povezivanja-ljudi-i-kultura\/#breadcrumb\"},\"inLanguage\":\"en-GB\",\"potentialAction\":[{\"@type\":\"ReadAction\",\"target\":[\"https:\/\/dmcsrb.com\/drustvo\/radulovic-the-ocean-race-europe-2025-je-vise-od-sportske-regate-ona-je-simbol-povezivanja-ljudi-i-kultura\/\"]}]},{\"@type\":\"ImageObject\",\"inLanguage\":\"en-GB\",\"@id\":\"https:\/\/dmcsrb.com\/drustvo\/radulovic-the-ocean-race-europe-2025-je-vise-od-sportske-regate-ona-je-simbol-povezivanja-ljudi-i-kultura\/#primaryimage\",\"url\":\"https:\/\/dmcsrb.com\/wp-content\/uploads\/2026\/01\/golubovic1.webp\",\"contentUrl\":\"https:\/\/dmcsrb.com\/wp-content\/uploads\/2026\/01\/golubovic1.webp\",\"width\":2048,\"height\":1536},{\"@type\":\"BreadcrumbList\",\"@id\":\"https:\/\/dmcsrb.com\/drustvo\/radulovic-the-ocean-race-europe-2025-je-vise-od-sportske-regate-ona-je-simbol-povezivanja-ljudi-i-kultura\/#breadcrumb\",\"itemListElement\":[{\"@type\":\"ListItem\",\"position\":1,\"name\":\"Home\",\"item\":\"https:\/\/dmcsrb.com\/\"},{\"@type\":\"ListItem\",\"position\":2,\"name\":\"Radulovi\u0107: The Ocean Race Europe 2025 je vi\u0161e od sportske regate, ona je simbol povezivanja ljudi i kultura\"}]},{\"@type\":\"WebSite\",\"@id\":\"https:\/\/dmcsrb.com\/#website\",\"url\":\"https:\/\/dmcsrb.com\/\",\"name\":\"dmcsrb.com\",\"description\":\"\",\"potentialAction\":[{\"@type\":\"SearchAction\",\"target\":{\"@type\":\"EntryPoint\",\"urlTemplate\":\"https:\/\/dmcsrb.com\/?s={search_term_string}\"},\"query-input\":{\"@type\":\"PropertyValueSpecification\",\"valueRequired\":true,\"valueName\":\"search_term_string\"}}],\"inLanguage\":\"en-GB\"},{\"@type\":\"Person\",\"@id\":\"https:\/\/dmcsrb.com\/#\/schema\/person\/5c39170f12db1b8b457732d0b5c854e2\",\"name\":\"dmcsrbija.com@gmail.com\",\"image\":{\"@type\":\"ImageObject\",\"inLanguage\":\"en-GB\",\"@id\":\"https:\/\/dmcsrb.com\/#\/schema\/person\/image\/\",\"url\":\"https:\/\/secure.gravatar.com\/avatar\/68592660ad6347fad0fb587f8d5d8f1a7b44961362f56e4f2cd524feb87e9069?s=96&d=mm&r=g\",\"contentUrl\":\"https:\/\/secure.gravatar.com\/avatar\/68592660ad6347fad0fb587f8d5d8f1a7b44961362f56e4f2cd524feb87e9069?s=96&d=mm&r=g\",\"caption\":\"dmcsrbija.com@gmail.com\"},\"sameAs\":[\"https:\/\/dmcsrb.com\"],\"url\":\"https:\/\/dmcsrb.com\/en\/author\/dmcsrbija-comgmail-com\/\"}]}<\/script>\n<!-- \/ Yoast SEO plugin. -->","yoast_head_json":{"title":"Radulovi\u0107: The Ocean Race Europe 2025 je vi\u0161e od sportske regate, ona je simbol povezivanja ljudi i kultura - dmcsrb.com","robots":{"index":"index","follow":"follow","max-snippet":"max-snippet:-1","max-image-preview":"max-image-preview:large","max-video-preview":"max-video-preview:-1"},"canonical":"https:\/\/dmcsrb.com\/en\/drustvo\/radulovic-the-ocean-race-europe-2025-je-vise-od-sportske-regate-ona-je-simbol-povezivanja-ljudi-i-kultura\/","og_locale":"en_GB","og_type":"article","og_title":"Radulovi\u0107: The Ocean Race Europe 2025 je vi\u0161e od sportske regate, ona je simbol povezivanja ljudi i kultura - dmcsrb.com","og_description":"Na \u0161etali\u0161tu Pine u Tivtu danas je sve\u010dano otvoren Ocean Live Park, centralni segment finalne etape presti\u017ene evropske regate The Ocean Race Europe 2025. Tokom narednih sedam dana, posjetioci \u0107e imati priliku da u\u010destvuju u vi\u0161e od 50 programskih cjelina - od nau\u010dnih radionica i univerzitetskih prezentacija, do koncerata, filmskih projekcija i pozori\u0161nih predstava.","og_url":"https:\/\/dmcsrb.com\/en\/drustvo\/radulovic-the-ocean-race-europe-2025-je-vise-od-sportske-regate-ona-je-simbol-povezivanja-ljudi-i-kultura\/","og_site_name":"dmcsrb.com","article_published_time":"2025-09-15T16:50:00+00:00","og_image":[{"width":2048,"height":1536,"url":"https:\/\/dmcsrb.com\/wp-content\/uploads\/2026\/01\/golubovic1.webp","type":"image\/jpeg"}],"author":"dmcsrbija.com@gmail.com","twitter_card":"summary_large_image","twitter_misc":{"Written by":"dmcsrbija.com@gmail.com","Estimated reading time":"4 minutes"},"schema":{"@context":"https:\/\/schema.org","@graph":[{"@type":"Article","@id":"https:\/\/dmcsrb.com\/drustvo\/radulovic-the-ocean-race-europe-2025-je-vise-od-sportske-regate-ona-je-simbol-povezivanja-ljudi-i-kultura\/#article","isPartOf":{"@id":"https:\/\/dmcsrb.com\/drustvo\/radulovic-the-ocean-race-europe-2025-je-vise-od-sportske-regate-ona-je-simbol-povezivanja-ljudi-i-kultura\/"},"author":{"name":"dmcsrbija.com@gmail.com","@id":"https:\/\/dmcsrb.com\/#\/schema\/person\/5c39170f12db1b8b457732d0b5c854e2"},"headline":"Radulovi\u0107: The Ocean Race Europe 2025 je vi\u0161e od sportske regate, ona je simbol povezivanja ljudi i kultura","datePublished":"2025-09-15T16:50:00+00:00","mainEntityOfPage":{"@id":"https:\/\/dmcsrb.com\/drustvo\/radulovic-the-ocean-race-europe-2025-je-vise-od-sportske-regate-ona-je-simbol-povezivanja-ljudi-i-kultura\/"},"wordCount":764,"commentCount":0,"image":{"@id":"https:\/\/dmcsrb.com\/drustvo\/radulovic-the-ocean-race-europe-2025-je-vise-od-sportske-regate-ona-je-simbol-povezivanja-ljudi-i-kultura\/#primaryimage"},"thumbnailUrl":"https:\/\/dmcsrb.com\/wp-content\/uploads\/2026\/01\/golubovic1.webp","keywords":["Filip Radulovi\u0107","Ocean race Europe 2025","Tivat"],"articleSection":["Dru\u0161tvo"],"inLanguage":"en-GB","potentialAction":[{"@type":"CommentAction","name":"Comment","target":["https:\/\/dmcsrb.com\/drustvo\/radulovic-the-ocean-race-europe-2025-je-vise-od-sportske-regate-ona-je-simbol-povezivanja-ljudi-i-kultura\/#respond"]}]},{"@type":"WebPage","@id":"https:\/\/dmcsrb.com\/drustvo\/radulovic-the-ocean-race-europe-2025-je-vise-od-sportske-regate-ona-je-simbol-povezivanja-ljudi-i-kultura\/","url":"https:\/\/dmcsrb.com\/drustvo\/radulovic-the-ocean-race-europe-2025-je-vise-od-sportske-regate-ona-je-simbol-povezivanja-ljudi-i-kultura\/","name":"Radulovi\u0107: The Ocean Race Europe 2025 je vi\u0161e od sportske regate, ona je simbol povezivanja ljudi i kultura - dmcsrb.com","isPartOf":{"@id":"https:\/\/dmcsrb.com\/#website"},"primaryImageOfPage":{"@id":"https:\/\/dmcsrb.com\/drustvo\/radulovic-the-ocean-race-europe-2025-je-vise-od-sportske-regate-ona-je-simbol-povezivanja-ljudi-i-kultura\/#primaryimage"},"image":{"@id":"https:\/\/dmcsrb.com\/drustvo\/radulovic-the-ocean-race-europe-2025-je-vise-od-sportske-regate-ona-je-simbol-povezivanja-ljudi-i-kultura\/#primaryimage"},"thumbnailUrl":"https:\/\/dmcsrb.com\/wp-content\/uploads\/2026\/01\/golubovic1.webp","datePublished":"2025-09-15T16:50:00+00:00","author":{"@id":"https:\/\/dmcsrb.com\/#\/schema\/person\/5c39170f12db1b8b457732d0b5c854e2"},"breadcrumb":{"@id":"https:\/\/dmcsrb.com\/drustvo\/radulovic-the-ocean-race-europe-2025-je-vise-od-sportske-regate-ona-je-simbol-povezivanja-ljudi-i-kultura\/#breadcrumb"},"inLanguage":"en-GB","potentialAction":[{"@type":"ReadAction","target":["https:\/\/dmcsrb.com\/drustvo\/radulovic-the-ocean-race-europe-2025-je-vise-od-sportske-regate-ona-je-simbol-povezivanja-ljudi-i-kultura\/"]}]},{"@type":"ImageObject","inLanguage":"en-GB","@id":"https:\/\/dmcsrb.com\/drustvo\/radulovic-the-ocean-race-europe-2025-je-vise-od-sportske-regate-ona-je-simbol-povezivanja-ljudi-i-kultura\/#primaryimage","url":"https:\/\/dmcsrb.com\/wp-content\/uploads\/2026\/01\/golubovic1.webp","contentUrl":"https:\/\/dmcsrb.com\/wp-content\/uploads\/2026\/01\/golubovic1.webp","width":2048,"height":1536},{"@type":"BreadcrumbList","@id":"https:\/\/dmcsrb.com\/drustvo\/radulovic-the-ocean-race-europe-2025-je-vise-od-sportske-regate-ona-je-simbol-povezivanja-ljudi-i-kultura\/#breadcrumb","itemListElement":[{"@type":"ListItem","position":1,"name":"Home","item":"https:\/\/dmcsrb.com\/"},{"@type":"ListItem","position":2,"name":"Radulovi\u0107: The Ocean Race Europe 2025 je vi\u0161e od sportske regate, ona je simbol povezivanja ljudi i kultura"}]},{"@type":"WebSite","@id":"https:\/\/dmcsrb.com\/#website","url":"https:\/\/dmcsrb.com\/","name":"dmcsrb.com","description":"","potentialAction":[{"@type":"SearchAction","target":{"@type":"EntryPoint","urlTemplate":"https:\/\/dmcsrb.com\/?s={search_term_string}"},"query-input":{"@type":"PropertyValueSpecification","valueRequired":true,"valueName":"search_term_string"}}],"inLanguage":"en-GB"},{"@type":"Person","@id":"https:\/\/dmcsrb.com\/#\/schema\/person\/5c39170f12db1b8b457732d0b5c854e2","name":"dmcsrbija.com@gmail.com","image":{"@type":"ImageObject","inLanguage":"en-GB","@id":"https:\/\/dmcsrb.com\/#\/schema\/person\/image\/","url":"https:\/\/secure.gravatar.com\/avatar\/68592660ad6347fad0fb587f8d5d8f1a7b44961362f56e4f2cd524feb87e9069?s=96&d=mm&r=g","contentUrl":"https:\/\/secure.gravatar.com\/avatar\/68592660ad6347fad0fb587f8d5d8f1a7b44961362f56e4f2cd524feb87e9069?s=96&d=mm&r=g","caption":"dmcsrbija.com@gmail.com"},"sameAs":["https:\/\/dmcsrb.com"],"url":"https:\/\/dmcsrb.com\/en\/author\/dmcsrbija-comgmail-com\/"}]}},"_links":{"self":[{"href":"https:\/\/dmcsrb.com\/en\/wp-json\/wp\/v2\/posts\/952236","targetHints":{"allow":["GET"]}}],"collection":[{"href":"https:\/\/dmcsrb.com\/en\/wp-json\/wp\/v2\/posts"}],"about":[{"href":"https:\/\/dmcsrb.com\/en\/wp-json\/wp\/v2\/types\/post"}],"author":[{"embeddable":true,"href":"https:\/\/dmcsrb.com\/en\/wp-json\/wp\/v2\/users\/1"}],"replies":[{"embeddable":true,"href":"https:\/\/dmcsrb.com\/en\/wp-json\/wp\/v2\/comments?post=952236"}],"version-history":[{"count":0,"href":"https:\/\/dmcsrb.com\/en\/wp-json\/wp\/v2\/posts\/952236\/revisions"}],"wp:featuredmedia":[{"embeddable":true,"href":"https:\/\/dmcsrb.com\/en\/wp-json\/wp\/v2\/media\/952237"}],"wp:attachment":[{"href":"https:\/\/dmcsrb.com\/en\/wp-json\/wp\/v2\/media?parent=952236"}],"wp:term":[{"taxonomy":"category","embeddable":true,"href":"https:\/\/dmcsrb.com\/en\/wp-json\/wp\/v2\/categories?post=952236"},{"taxonomy":"post_tag","embeddable":true,"href":"https:\/\/dmcsrb.com\/en\/wp-json\/wp\/v2\/tags?post=952236"},{"taxonomy":"naslovna","embeddable":true,"href":"https:\/\/dmcsrb.com\/en\/wp-json\/wp\/v2\/naslovna?post=952236"}],"curies":[{"name":"wp","href":"https:\/\/api.w.org\/{rel}","templated":true}]}}