{"id":952199,"date":"2025-09-15T16:33:00","date_gmt":"2025-09-15T14:33:00","guid":{"rendered":"https:\/\/dmcsrb.com\/uncategorized\/cetinje-u-toku-radovi-na-projektu-kanalisanje-i-odvodjenje-poplavnih-atmosferskih-i-fekalnih-voda\/"},"modified":"2025-09-15T16:33:00","modified_gmt":"2025-09-15T14:33:00","slug":"cetinje-u-toku-radovi-na-projektu-kanalisanje-i-odvodjenje-poplavnih-atmosferskih-i-fekalnih-voda","status":"publish","type":"post","link":"https:\/\/dmcsrb.com\/en\/drustvo\/cetinje-u-toku-radovi-na-projektu-kanalisanje-i-odvodjenje-poplavnih-atmosferskih-i-fekalnih-voda\/","title":{"rendered":"Cetinje: U toku radovi na projektu &#8220;Kanalisanje i odvo\u0111enje poplavnih, atmosferskih i fekalnih voda&#8221;"},"content":{"rendered":"<p><\/p>\n\n\n\n<p>&#8220;Do sada je izgra\u0111eno oko sto metara hidrotehni\u010dkog kanala koji \u0107e sakupljati atomosferske i poplavne vode, \u010dime \u0107e se zna\u010dajno unaprijediti sistem za\u0161tite od poplava na ovom podru\u010dju. Istovremeno sa ovim projektom, izvode se radovi na rekonstrukciji Vu\u010dedolske ulice, od \u010dega je zavr\u0161en prvi dio ulice u du\u017eini od 150 metara sa svim neophodnim instalacijama: atmosferskim, vodovodnim, TK i slaba struja&#8221;, naveli su u saop\u0161tenju.<\/p>\n\n\n\n<p>Kako zaklju\u010duju, izvo\u0111a\u010d radova je \u201eMet&amp;alu Plast\u201c d.o.o. iz Danilovgrada, a predvi\u0111eno vrijeme izvo\u0111enja radova je dvije i po godine. Prijestonica Cetinje \u0107e i u narednom periodu nastaviti sa realizacijom infrastrukturnih projekata koji su od klju\u010dnog zna\u010daja za unapre\u0111enje komunalne infrastrukture i pobolj\u0161anje uslova \u017eivota svih gra\u0111ana.<\/p>\n\n\n\n<p><\/p>","protected":false},"excerpt":{"rendered":"<p>U toku je realizacija projekta \u201eKanalisanje i odvo\u0111enje poplavnih, atmosferskih i fekalnih voda od Glavnog ponora u Donjem Polju do tunela Belveder, sa sanacijom Glavnog ponora\u201c, saop\u0161teno je iz prijestonice Cetinje.<\/p>","protected":false},"author":1,"featured_media":945295,"comment_status":"open","ping_status":"open","sticky":false,"template":"","format":"standard","meta":{"_acf_changed":false,"footnotes":""},"categories":[2],"tags":[5249,4181],"naslovna":[],"class_list":["post-952199","post","type-post","status-publish","format-standard","has-post-thumbnail","hentry","category-drustvo","tag-prijestonica-cetinje","tag-radovi"],"acf":[],"yoast_head":"<!-- This site is optimized with the Yoast SEO plugin v27.0 - https:\/\/yoast.com\/product\/yoast-seo-wordpress\/ -->\n<title>Cetinje: U toku radovi na projektu &quot;Kanalisanje i odvo\u0111enje poplavnih, atmosferskih i fekalnih voda&quot; - dmcsrb.com<\/title>\n<meta name=\"robots\" content=\"index, follow, max-snippet:-1, max-image-preview:large, max-video-preview:-1\" \/>\n<link rel=\"canonical\" href=\"https:\/\/dmcsrb.com\/en\/drustvo\/cetinje-u-toku-radovi-na-projektu-kanalisanje-i-odvodjenje-poplavnih-atmosferskih-i-fekalnih-voda\/\" \/>\n<meta property=\"og:locale\" content=\"en_GB\" \/>\n<meta property=\"og:type\" content=\"article\" \/>\n<meta property=\"og:title\" content=\"Cetinje: U toku radovi na projektu &quot;Kanalisanje i odvo\u0111enje poplavnih, atmosferskih i fekalnih voda&quot; - dmcsrb.com\" \/>\n<meta property=\"og:description\" content=\"U toku je realizacija projekta \u201eKanalisanje i odvo\u0111enje poplavnih, atmosferskih i fekalnih voda od Glavnog ponora u Donjem Polju do tunela Belveder, sa sanacijom Glavnog ponora\u201c, saop\u0161teno je iz prijestonice Cetinje.\" \/>\n<meta property=\"og:url\" content=\"https:\/\/dmcsrb.com\/en\/drustvo\/cetinje-u-toku-radovi-na-projektu-kanalisanje-i-odvodjenje-poplavnih-atmosferskih-i-fekalnih-voda\/\" \/>\n<meta property=\"og:site_name\" content=\"dmcsrb.com\" \/>\n<meta property=\"article:published_time\" content=\"2025-09-15T14:33:00+00:00\" \/>\n<meta property=\"og:image\" content=\"https:\/\/dmcsrb.com\/wp-content\/uploads\/2026\/01\/cetinje1-1.webp\" \/>\n\t<meta property=\"og:image:width\" content=\"1000\" \/>\n\t<meta property=\"og:image:height\" content=\"538\" \/>\n\t<meta property=\"og:image:type\" content=\"image\/jpeg\" \/>\n<meta name=\"author\" content=\"dmcsrbija.com@gmail.com\" \/>\n<meta name=\"twitter:card\" content=\"summary_large_image\" \/>\n<meta name=\"twitter:label1\" content=\"Written by\" \/>\n\t<meta name=\"twitter:data1\" content=\"dmcsrbija.com@gmail.com\" \/>\n\t<meta name=\"twitter:label2\" content=\"Estimated reading time\" \/>\n\t<meta name=\"twitter:data2\" content=\"1 minute\" \/>\n<script type=\"application\/ld+json\" class=\"yoast-schema-graph\">{\"@context\":\"https:\/\/schema.org\",\"@graph\":[{\"@type\":\"Article\",\"@id\":\"https:\/\/dmcsrb.com\/en\/drustvo\/cetinje-u-toku-radovi-na-projektu-kanalisanje-i-odvodjenje-poplavnih-atmosferskih-i-fekalnih-voda\/#article\",\"isPartOf\":{\"@id\":\"https:\/\/dmcsrb.com\/en\/drustvo\/cetinje-u-toku-radovi-na-projektu-kanalisanje-i-odvodjenje-poplavnih-atmosferskih-i-fekalnih-voda\/\"},\"author\":{\"name\":\"dmcsrbija.com@gmail.com\",\"@id\":\"https:\/\/dmcsrb.com\/#\/schema\/person\/5c39170f12db1b8b457732d0b5c854e2\"},\"headline\":\"Cetinje: U toku radovi na projektu &#8220;Kanalisanje i odvo\u0111enje poplavnih, atmosferskih i fekalnih voda&#8221;\",\"datePublished\":\"2025-09-15T14:33:00+00:00\",\"mainEntityOfPage\":{\"@id\":\"https:\/\/dmcsrb.com\/en\/drustvo\/cetinje-u-toku-radovi-na-projektu-kanalisanje-i-odvodjenje-poplavnih-atmosferskih-i-fekalnih-voda\/\"},\"wordCount\":148,\"commentCount\":0,\"image\":{\"@id\":\"https:\/\/dmcsrb.com\/en\/drustvo\/cetinje-u-toku-radovi-na-projektu-kanalisanje-i-odvodjenje-poplavnih-atmosferskih-i-fekalnih-voda\/#primaryimage\"},\"thumbnailUrl\":\"https:\/\/dmcsrb.com\/wp-content\/uploads\/2026\/01\/cetinje1-1.webp\",\"keywords\":[\"Prijestonica Cetinje\",\"radovi\"],\"articleSection\":[\"Dru\u0161tvo\"],\"inLanguage\":\"en-GB\",\"potentialAction\":[{\"@type\":\"CommentAction\",\"name\":\"Comment\",\"target\":[\"https:\/\/dmcsrb.com\/en\/drustvo\/cetinje-u-toku-radovi-na-projektu-kanalisanje-i-odvodjenje-poplavnih-atmosferskih-i-fekalnih-voda\/#respond\"]}]},{\"@type\":\"WebPage\",\"@id\":\"https:\/\/dmcsrb.com\/en\/drustvo\/cetinje-u-toku-radovi-na-projektu-kanalisanje-i-odvodjenje-poplavnih-atmosferskih-i-fekalnih-voda\/\",\"url\":\"https:\/\/dmcsrb.com\/en\/drustvo\/cetinje-u-toku-radovi-na-projektu-kanalisanje-i-odvodjenje-poplavnih-atmosferskih-i-fekalnih-voda\/\",\"name\":\"Cetinje: U toku radovi na projektu \\\"Kanalisanje i odvo\u0111enje poplavnih, atmosferskih i fekalnih voda\\\" - dmcsrb.com\",\"isPartOf\":{\"@id\":\"https:\/\/dmcsrb.com\/#website\"},\"primaryImageOfPage\":{\"@id\":\"https:\/\/dmcsrb.com\/en\/drustvo\/cetinje-u-toku-radovi-na-projektu-kanalisanje-i-odvodjenje-poplavnih-atmosferskih-i-fekalnih-voda\/#primaryimage\"},\"image\":{\"@id\":\"https:\/\/dmcsrb.com\/en\/drustvo\/cetinje-u-toku-radovi-na-projektu-kanalisanje-i-odvodjenje-poplavnih-atmosferskih-i-fekalnih-voda\/#primaryimage\"},\"thumbnailUrl\":\"https:\/\/dmcsrb.com\/wp-content\/uploads\/2026\/01\/cetinje1-1.webp\",\"datePublished\":\"2025-09-15T14:33:00+00:00\",\"author\":{\"@id\":\"https:\/\/dmcsrb.com\/#\/schema\/person\/5c39170f12db1b8b457732d0b5c854e2\"},\"breadcrumb\":{\"@id\":\"https:\/\/dmcsrb.com\/en\/drustvo\/cetinje-u-toku-radovi-na-projektu-kanalisanje-i-odvodjenje-poplavnih-atmosferskih-i-fekalnih-voda\/#breadcrumb\"},\"inLanguage\":\"en-GB\",\"potentialAction\":[{\"@type\":\"ReadAction\",\"target\":[\"https:\/\/dmcsrb.com\/en\/drustvo\/cetinje-u-toku-radovi-na-projektu-kanalisanje-i-odvodjenje-poplavnih-atmosferskih-i-fekalnih-voda\/\"]}]},{\"@type\":\"ImageObject\",\"inLanguage\":\"en-GB\",\"@id\":\"https:\/\/dmcsrb.com\/en\/drustvo\/cetinje-u-toku-radovi-na-projektu-kanalisanje-i-odvodjenje-poplavnih-atmosferskih-i-fekalnih-voda\/#primaryimage\",\"url\":\"https:\/\/dmcsrb.com\/wp-content\/uploads\/2026\/01\/cetinje1-1.webp\",\"contentUrl\":\"https:\/\/dmcsrb.com\/wp-content\/uploads\/2026\/01\/cetinje1-1.webp\",\"width\":1000,\"height\":538},{\"@type\":\"BreadcrumbList\",\"@id\":\"https:\/\/dmcsrb.com\/en\/drustvo\/cetinje-u-toku-radovi-na-projektu-kanalisanje-i-odvodjenje-poplavnih-atmosferskih-i-fekalnih-voda\/#breadcrumb\",\"itemListElement\":[{\"@type\":\"ListItem\",\"position\":1,\"name\":\"Home\",\"item\":\"https:\/\/dmcsrb.com\/\"},{\"@type\":\"ListItem\",\"position\":2,\"name\":\"Cetinje: U toku radovi na projektu &#8220;Kanalisanje i odvo\u0111enje poplavnih, atmosferskih i fekalnih voda&#8221;\"}]},{\"@type\":\"WebSite\",\"@id\":\"https:\/\/dmcsrb.com\/#website\",\"url\":\"https:\/\/dmcsrb.com\/\",\"name\":\"dmcsrb.com\",\"description\":\"\",\"potentialAction\":[{\"@type\":\"SearchAction\",\"target\":{\"@type\":\"EntryPoint\",\"urlTemplate\":\"https:\/\/dmcsrb.com\/?s={search_term_string}\"},\"query-input\":{\"@type\":\"PropertyValueSpecification\",\"valueRequired\":true,\"valueName\":\"search_term_string\"}}],\"inLanguage\":\"en-GB\"},{\"@type\":\"Person\",\"@id\":\"https:\/\/dmcsrb.com\/#\/schema\/person\/5c39170f12db1b8b457732d0b5c854e2\",\"name\":\"dmcsrbija.com@gmail.com\",\"image\":{\"@type\":\"ImageObject\",\"inLanguage\":\"en-GB\",\"@id\":\"https:\/\/dmcsrb.com\/#\/schema\/person\/image\/\",\"url\":\"https:\/\/secure.gravatar.com\/avatar\/68592660ad6347fad0fb587f8d5d8f1a7b44961362f56e4f2cd524feb87e9069?s=96&d=mm&r=g\",\"contentUrl\":\"https:\/\/secure.gravatar.com\/avatar\/68592660ad6347fad0fb587f8d5d8f1a7b44961362f56e4f2cd524feb87e9069?s=96&d=mm&r=g\",\"caption\":\"dmcsrbija.com@gmail.com\"},\"sameAs\":[\"https:\/\/dmcsrb.com\"],\"url\":\"https:\/\/dmcsrb.com\/en\/author\/dmcsrbija-comgmail-com\/\"}]}<\/script>\n<!-- \/ Yoast SEO plugin. -->","yoast_head_json":{"title":"Cetinje: U toku radovi na projektu \"Kanalisanje i odvo\u0111enje poplavnih, atmosferskih i fekalnih voda\" - dmcsrb.com","robots":{"index":"index","follow":"follow","max-snippet":"max-snippet:-1","max-image-preview":"max-image-preview:large","max-video-preview":"max-video-preview:-1"},"canonical":"https:\/\/dmcsrb.com\/en\/drustvo\/cetinje-u-toku-radovi-na-projektu-kanalisanje-i-odvodjenje-poplavnih-atmosferskih-i-fekalnih-voda\/","og_locale":"en_GB","og_type":"article","og_title":"Cetinje: U toku radovi na projektu \"Kanalisanje i odvo\u0111enje poplavnih, atmosferskih i fekalnih voda\" - dmcsrb.com","og_description":"U toku je realizacija projekta \u201eKanalisanje i odvo\u0111enje poplavnih, atmosferskih i fekalnih voda od Glavnog ponora u Donjem Polju do tunela Belveder, sa sanacijom Glavnog ponora\u201c, saop\u0161teno je iz prijestonice Cetinje.","og_url":"https:\/\/dmcsrb.com\/en\/drustvo\/cetinje-u-toku-radovi-na-projektu-kanalisanje-i-odvodjenje-poplavnih-atmosferskih-i-fekalnih-voda\/","og_site_name":"dmcsrb.com","article_published_time":"2025-09-15T14:33:00+00:00","og_image":[{"width":1000,"height":538,"url":"https:\/\/dmcsrb.com\/wp-content\/uploads\/2026\/01\/cetinje1-1.webp","type":"image\/jpeg"}],"author":"dmcsrbija.com@gmail.com","twitter_card":"summary_large_image","twitter_misc":{"Written by":"dmcsrbija.com@gmail.com","Estimated reading time":"1 minute"},"schema":{"@context":"https:\/\/schema.org","@graph":[{"@type":"Article","@id":"https:\/\/dmcsrb.com\/en\/drustvo\/cetinje-u-toku-radovi-na-projektu-kanalisanje-i-odvodjenje-poplavnih-atmosferskih-i-fekalnih-voda\/#article","isPartOf":{"@id":"https:\/\/dmcsrb.com\/en\/drustvo\/cetinje-u-toku-radovi-na-projektu-kanalisanje-i-odvodjenje-poplavnih-atmosferskih-i-fekalnih-voda\/"},"author":{"name":"dmcsrbija.com@gmail.com","@id":"https:\/\/dmcsrb.com\/#\/schema\/person\/5c39170f12db1b8b457732d0b5c854e2"},"headline":"Cetinje: U toku radovi na projektu &#8220;Kanalisanje i odvo\u0111enje poplavnih, atmosferskih i fekalnih voda&#8221;","datePublished":"2025-09-15T14:33:00+00:00","mainEntityOfPage":{"@id":"https:\/\/dmcsrb.com\/en\/drustvo\/cetinje-u-toku-radovi-na-projektu-kanalisanje-i-odvodjenje-poplavnih-atmosferskih-i-fekalnih-voda\/"},"wordCount":148,"commentCount":0,"image":{"@id":"https:\/\/dmcsrb.com\/en\/drustvo\/cetinje-u-toku-radovi-na-projektu-kanalisanje-i-odvodjenje-poplavnih-atmosferskih-i-fekalnih-voda\/#primaryimage"},"thumbnailUrl":"https:\/\/dmcsrb.com\/wp-content\/uploads\/2026\/01\/cetinje1-1.webp","keywords":["Prijestonica Cetinje","radovi"],"articleSection":["Dru\u0161tvo"],"inLanguage":"en-GB","potentialAction":[{"@type":"CommentAction","name":"Comment","target":["https:\/\/dmcsrb.com\/en\/drustvo\/cetinje-u-toku-radovi-na-projektu-kanalisanje-i-odvodjenje-poplavnih-atmosferskih-i-fekalnih-voda\/#respond"]}]},{"@type":"WebPage","@id":"https:\/\/dmcsrb.com\/en\/drustvo\/cetinje-u-toku-radovi-na-projektu-kanalisanje-i-odvodjenje-poplavnih-atmosferskih-i-fekalnih-voda\/","url":"https:\/\/dmcsrb.com\/en\/drustvo\/cetinje-u-toku-radovi-na-projektu-kanalisanje-i-odvodjenje-poplavnih-atmosferskih-i-fekalnih-voda\/","name":"Cetinje: U toku radovi na projektu \"Kanalisanje i odvo\u0111enje poplavnih, atmosferskih i fekalnih voda\" - dmcsrb.com","isPartOf":{"@id":"https:\/\/dmcsrb.com\/#website"},"primaryImageOfPage":{"@id":"https:\/\/dmcsrb.com\/en\/drustvo\/cetinje-u-toku-radovi-na-projektu-kanalisanje-i-odvodjenje-poplavnih-atmosferskih-i-fekalnih-voda\/#primaryimage"},"image":{"@id":"https:\/\/dmcsrb.com\/en\/drustvo\/cetinje-u-toku-radovi-na-projektu-kanalisanje-i-odvodjenje-poplavnih-atmosferskih-i-fekalnih-voda\/#primaryimage"},"thumbnailUrl":"https:\/\/dmcsrb.com\/wp-content\/uploads\/2026\/01\/cetinje1-1.webp","datePublished":"2025-09-15T14:33:00+00:00","author":{"@id":"https:\/\/dmcsrb.com\/#\/schema\/person\/5c39170f12db1b8b457732d0b5c854e2"},"breadcrumb":{"@id":"https:\/\/dmcsrb.com\/en\/drustvo\/cetinje-u-toku-radovi-na-projektu-kanalisanje-i-odvodjenje-poplavnih-atmosferskih-i-fekalnih-voda\/#breadcrumb"},"inLanguage":"en-GB","potentialAction":[{"@type":"ReadAction","target":["https:\/\/dmcsrb.com\/en\/drustvo\/cetinje-u-toku-radovi-na-projektu-kanalisanje-i-odvodjenje-poplavnih-atmosferskih-i-fekalnih-voda\/"]}]},{"@type":"ImageObject","inLanguage":"en-GB","@id":"https:\/\/dmcsrb.com\/en\/drustvo\/cetinje-u-toku-radovi-na-projektu-kanalisanje-i-odvodjenje-poplavnih-atmosferskih-i-fekalnih-voda\/#primaryimage","url":"https:\/\/dmcsrb.com\/wp-content\/uploads\/2026\/01\/cetinje1-1.webp","contentUrl":"https:\/\/dmcsrb.com\/wp-content\/uploads\/2026\/01\/cetinje1-1.webp","width":1000,"height":538},{"@type":"BreadcrumbList","@id":"https:\/\/dmcsrb.com\/en\/drustvo\/cetinje-u-toku-radovi-na-projektu-kanalisanje-i-odvodjenje-poplavnih-atmosferskih-i-fekalnih-voda\/#breadcrumb","itemListElement":[{"@type":"ListItem","position":1,"name":"Home","item":"https:\/\/dmcsrb.com\/"},{"@type":"ListItem","position":2,"name":"Cetinje: U toku radovi na projektu &#8220;Kanalisanje i odvo\u0111enje poplavnih, atmosferskih i fekalnih voda&#8221;"}]},{"@type":"WebSite","@id":"https:\/\/dmcsrb.com\/#website","url":"https:\/\/dmcsrb.com\/","name":"dmcsrb.com","description":"","potentialAction":[{"@type":"SearchAction","target":{"@type":"EntryPoint","urlTemplate":"https:\/\/dmcsrb.com\/?s={search_term_string}"},"query-input":{"@type":"PropertyValueSpecification","valueRequired":true,"valueName":"search_term_string"}}],"inLanguage":"en-GB"},{"@type":"Person","@id":"https:\/\/dmcsrb.com\/#\/schema\/person\/5c39170f12db1b8b457732d0b5c854e2","name":"dmcsrbija.com@gmail.com","image":{"@type":"ImageObject","inLanguage":"en-GB","@id":"https:\/\/dmcsrb.com\/#\/schema\/person\/image\/","url":"https:\/\/secure.gravatar.com\/avatar\/68592660ad6347fad0fb587f8d5d8f1a7b44961362f56e4f2cd524feb87e9069?s=96&d=mm&r=g","contentUrl":"https:\/\/secure.gravatar.com\/avatar\/68592660ad6347fad0fb587f8d5d8f1a7b44961362f56e4f2cd524feb87e9069?s=96&d=mm&r=g","caption":"dmcsrbija.com@gmail.com"},"sameAs":["https:\/\/dmcsrb.com"],"url":"https:\/\/dmcsrb.com\/en\/author\/dmcsrbija-comgmail-com\/"}]}},"_links":{"self":[{"href":"https:\/\/dmcsrb.com\/en\/wp-json\/wp\/v2\/posts\/952199","targetHints":{"allow":["GET"]}}],"collection":[{"href":"https:\/\/dmcsrb.com\/en\/wp-json\/wp\/v2\/posts"}],"about":[{"href":"https:\/\/dmcsrb.com\/en\/wp-json\/wp\/v2\/types\/post"}],"author":[{"embeddable":true,"href":"https:\/\/dmcsrb.com\/en\/wp-json\/wp\/v2\/users\/1"}],"replies":[{"embeddable":true,"href":"https:\/\/dmcsrb.com\/en\/wp-json\/wp\/v2\/comments?post=952199"}],"version-history":[{"count":0,"href":"https:\/\/dmcsrb.com\/en\/wp-json\/wp\/v2\/posts\/952199\/revisions"}],"wp:featuredmedia":[{"embeddable":true,"href":"https:\/\/dmcsrb.com\/en\/wp-json\/wp\/v2\/media\/945295"}],"wp:attachment":[{"href":"https:\/\/dmcsrb.com\/en\/wp-json\/wp\/v2\/media?parent=952199"}],"wp:term":[{"taxonomy":"category","embeddable":true,"href":"https:\/\/dmcsrb.com\/en\/wp-json\/wp\/v2\/categories?post=952199"},{"taxonomy":"post_tag","embeddable":true,"href":"https:\/\/dmcsrb.com\/en\/wp-json\/wp\/v2\/tags?post=952199"},{"taxonomy":"naslovna","embeddable":true,"href":"https:\/\/dmcsrb.com\/en\/wp-json\/wp\/v2\/naslovna?post=952199"}],"curies":[{"name":"wp","href":"https:\/\/api.w.org\/{rel}","templated":true}]}}