{"id":952197,"date":"2025-09-15T15:37:00","date_gmt":"2025-09-15T13:37:00","guid":{"rendered":"https:\/\/dmcsrb.com\/uncategorized\/orban-svedskom-premijeru-zabrinuti-smo-za-vas-boze-blagoslovi-svedsku\/"},"modified":"2025-09-15T15:37:00","modified_gmt":"2025-09-15T13:37:00","slug":"orban-svedskom-premijeru-zabrinuti-smo-za-vas-boze-blagoslovi-svedsku","status":"publish","type":"post","link":"https:\/\/dmcsrb.com\/en\/svijet\/orban-svedskom-premijeru-zabrinuti-smo-za-vas-boze-blagoslovi-svedsku\/","title":{"rendered":"Orban \u0161vedskom premijeru: Zabrinuti smo za vas, Bo\u017ee blagoslovi \u0160vedsku"},"content":{"rendered":"<p><\/p>\n\n\n\n<p>&#8220;Napu\u0161tanje tradicionalnih vrijednosti, zanemarivanje zdravog razuma i slabo upravljanje doveli su do toga da se varvarstvo ukorijeni u domovini jedne od najve\u0107ih evropskih nacija. Kriminalne bande koriste maloljetne djevoj\u010dice kao instrumente ubijanja.<\/p>\n\n\n\n<p>Misija vladavine prava je osigurati bezbjednost na\u0161ih ljudi. Tamo gdje se maloljetne djevoj\u010dice sistemski koriste za ubistvo, vladavina prava je mrtva. \u0160vedska je na\u0161 prijatelj, a \u0161vedski narod je velika i plemenita nacija. Zabrinuti smo za vas! Bo\u017ee blagoslovi \u0160vedsku&#8221;, napisao je Orban na X-u, pi\u0161e <strong>Index.hr<\/strong>.\u00a0<\/p>\n\n\n\n<figure class=\"wp-block-embed is-type-rich is-provider-twitter wp-block-embed-twitter\"><div class=\"wp-block-embed__wrapper\">\n<blockquote class=\"twitter-tweet\" data-width=\"500\" data-dnt=\"true\"><p lang=\"en\" dir=\"ltr\">The abandonment of traditional values, the neglect of common sense, and weak governance have led to barbarism taking root in the home of one of Europe\u2019s greatest nations. Criminal gangs are using underage girls as instruments of killing.<br><br>The mission of the rule of law is to\u2026 <a href=\"https:\/\/t.co\/X2X1Buh60Y\">https:\/\/t.co\/X2X1Buh60Y<\/a><\/p>&mdash; Orb\u00e1n Viktor (@PM_ViktorOrban) <a href=\"https:\/\/twitter.com\/PM_ViktorOrban\/status\/1967544725390410203?ref_src=twsrc%5Etfw\">September 15, 2025<\/a><\/blockquote><script async src=\"https:\/\/platform.twitter.com\/widgets.js\" charset=\"utf-8\"><\/script>\n<\/div><\/figure>\n\n\n\n<h3 class=\"wp-block-heading\">Orban se pozvao na tekst u Die Weltu<\/h3>\n\n\n\n<p>Podsjetimo, Orban je nai\u0161ao na neuobi\u010dajeno o\u0161tre kritike \u0160vedske nakon \u0161to je kritikovao zakon i poredak u zemlji, kazav\u0161i da se sistem &#8220;uru\u0161ava&#8221;. Orban je u predizbornom videu objavljenom na X-u kritikovao tu zemlju EU-a, rekav\u0161i da \u0161vedska vlada dr\u017ei Ma\u0111arskoj lekcije o vladavini prava dok se njen vlastiti javni red uru\u0161ava.<\/p>\n\n\n\n<p>Ma\u0111arski premijer je aludirao na zlo\u010dine bandi u \u0160vedskoj, u kojima \u010desto sudjeluju tinejd\u017eeri vrbovani od strane mre\u017ea organizovanog kriminala.<\/p>\n\n\n\n<p>Pozivaju\u0107i se na tekst u njema\u010dkom dnevnom listu Die Welt, Orban je uz snimak napisao: &#8220;Kriminalne mre\u017ee iskori\u0161tavaju \u0161vedsku djecu za ubice, znaju\u0107i da ih sistem ne\u0107e osuditi. Zemlja nekada poznata po javnom redu i bezbjednosti se uru\u0161ava&#8221;.\u00a0<\/p>\n\n\n\n<p>Orban je naveo da su u \u0160vedskoj zbog ubistva uhap\u0161ene 284 maloljetnice, no \u0161vedski premijer Ulf Kristerson je to nazvao &#8220;ne\u010duvenim la\u017eima&#8221;. &#8220;Ni\u0161ta iznena\u0111uju\u0107e od \u010dovjeka koji demontira vladavinu prava u vlastitoj zemlji\u201c, napisao je Kristerson, dodaju\u0107i da Orban o\u010dajni\u010dki poku\u0161ava osigurati glasove prije ma\u0111arskih izbora sljede\u0107e godine.<\/p>\n\n\n\n<p>Prema \u010dlanku u Die Weltu, pro\u0161le su godine pokrenute preliminarne istrage protiv oko 280 djevoj\u010dica uzrasta izme\u0111u 15 i 17 godina zbog ubistva, ubistva iz nehaja ili drugih nasilnih zlo\u010dina, ostavljaju\u0107i nejasnim kako se ukupan broj odnosi na pojedina\u010dna kaznena djela.\u00a0<\/p>","protected":false},"excerpt":{"rendered":"<p>Na dru\u0161tvenim mre\u017eama nastavlja se rasprava izme\u0111u ma\u0111arskog premijera Viktora Orbana i \u0161vedskog premijera Ulfa Kristersona.<\/p>","protected":false},"author":1,"featured_media":948780,"comment_status":"open","ping_status":"open","sticky":false,"template":"","format":"standard","meta":{"_acf_changed":false,"footnotes":""},"categories":[144],"tags":[8136,5660,2823,8137,1844],"naslovna":[],"class_list":["post-952197","post","type-post","status-publish","format-standard","has-post-thumbnail","hentry","category-svijet","tag-blagoslov","tag-bog","tag-svedska-2","tag-svedski-premijer","tag-viktor-orban"],"acf":[],"yoast_head":"<!-- This site is optimized with the Yoast SEO plugin v27.0 - https:\/\/yoast.com\/product\/yoast-seo-wordpress\/ -->\n<title>Orban \u0161vedskom premijeru: Zabrinuti smo za vas, Bo\u017ee blagoslovi \u0160vedsku - dmcsrb.com<\/title>\n<meta name=\"robots\" content=\"index, follow, max-snippet:-1, max-image-preview:large, max-video-preview:-1\" \/>\n<link rel=\"canonical\" href=\"https:\/\/dmcsrb.com\/en\/svijet\/orban-svedskom-premijeru-zabrinuti-smo-za-vas-boze-blagoslovi-svedsku\/\" \/>\n<meta property=\"og:locale\" content=\"en_GB\" \/>\n<meta property=\"og:type\" content=\"article\" \/>\n<meta property=\"og:title\" content=\"Orban \u0161vedskom premijeru: Zabrinuti smo za vas, Bo\u017ee blagoslovi \u0160vedsku - dmcsrb.com\" \/>\n<meta property=\"og:description\" content=\"Na dru\u0161tvenim mre\u017eama nastavlja se rasprava izme\u0111u ma\u0111arskog premijera Viktora Orbana i \u0161vedskog premijera Ulfa Kristersona.\" \/>\n<meta property=\"og:url\" content=\"https:\/\/dmcsrb.com\/en\/svijet\/orban-svedskom-premijeru-zabrinuti-smo-za-vas-boze-blagoslovi-svedsku\/\" \/>\n<meta property=\"og:site_name\" content=\"dmcsrb.com\" \/>\n<meta property=\"article:published_time\" content=\"2025-09-15T13:37:00+00:00\" \/>\n<meta property=\"og:image\" content=\"https:\/\/dmcsrb.com\/wp-content\/uploads\/2026\/01\/Orban.webp\" \/>\n\t<meta property=\"og:image:width\" content=\"1280\" \/>\n\t<meta property=\"og:image:height\" content=\"670\" \/>\n\t<meta property=\"og:image:type\" content=\"image\/jpeg\" \/>\n<meta name=\"author\" content=\"dmcsrbija.com@gmail.com\" \/>\n<meta name=\"twitter:card\" content=\"summary_large_image\" \/>\n<meta name=\"twitter:label1\" content=\"Written by\" \/>\n\t<meta name=\"twitter:data1\" content=\"dmcsrbija.com@gmail.com\" \/>\n\t<meta name=\"twitter:label2\" content=\"Estimated reading time\" \/>\n\t<meta name=\"twitter:data2\" content=\"2 minutes\" \/>\n<script type=\"application\/ld+json\" class=\"yoast-schema-graph\">{\"@context\":\"https:\/\/schema.org\",\"@graph\":[{\"@type\":\"Article\",\"@id\":\"https:\/\/dmcsrb.com\/svijet\/orban-svedskom-premijeru-zabrinuti-smo-za-vas-boze-blagoslovi-svedsku\/#article\",\"isPartOf\":{\"@id\":\"https:\/\/dmcsrb.com\/svijet\/orban-svedskom-premijeru-zabrinuti-smo-za-vas-boze-blagoslovi-svedsku\/\"},\"author\":{\"name\":\"dmcsrbija.com@gmail.com\",\"@id\":\"https:\/\/dmcsrb.com\/#\/schema\/person\/5c39170f12db1b8b457732d0b5c854e2\"},\"headline\":\"Orban \u0161vedskom premijeru: Zabrinuti smo za vas, Bo\u017ee blagoslovi \u0160vedsku\",\"datePublished\":\"2025-09-15T13:37:00+00:00\",\"mainEntityOfPage\":{\"@id\":\"https:\/\/dmcsrb.com\/svijet\/orban-svedskom-premijeru-zabrinuti-smo-za-vas-boze-blagoslovi-svedsku\/\"},\"wordCount\":345,\"commentCount\":0,\"image\":{\"@id\":\"https:\/\/dmcsrb.com\/svijet\/orban-svedskom-premijeru-zabrinuti-smo-za-vas-boze-blagoslovi-svedsku\/#primaryimage\"},\"thumbnailUrl\":\"https:\/\/dmcsrb.com\/wp-content\/uploads\/2026\/01\/Orban.webp\",\"keywords\":[\"Blagoslov\",\"Bog\",\"\u0160vedska\",\"\u0160vedski premijer\",\"Viktor Orban\"],\"articleSection\":[\"Svijet\"],\"inLanguage\":\"en-GB\",\"potentialAction\":[{\"@type\":\"CommentAction\",\"name\":\"Comment\",\"target\":[\"https:\/\/dmcsrb.com\/svijet\/orban-svedskom-premijeru-zabrinuti-smo-za-vas-boze-blagoslovi-svedsku\/#respond\"]}]},{\"@type\":\"WebPage\",\"@id\":\"https:\/\/dmcsrb.com\/svijet\/orban-svedskom-premijeru-zabrinuti-smo-za-vas-boze-blagoslovi-svedsku\/\",\"url\":\"https:\/\/dmcsrb.com\/svijet\/orban-svedskom-premijeru-zabrinuti-smo-za-vas-boze-blagoslovi-svedsku\/\",\"name\":\"Orban \u0161vedskom premijeru: Zabrinuti smo za vas, Bo\u017ee blagoslovi \u0160vedsku - dmcsrb.com\",\"isPartOf\":{\"@id\":\"https:\/\/dmcsrb.com\/#website\"},\"primaryImageOfPage\":{\"@id\":\"https:\/\/dmcsrb.com\/svijet\/orban-svedskom-premijeru-zabrinuti-smo-za-vas-boze-blagoslovi-svedsku\/#primaryimage\"},\"image\":{\"@id\":\"https:\/\/dmcsrb.com\/svijet\/orban-svedskom-premijeru-zabrinuti-smo-za-vas-boze-blagoslovi-svedsku\/#primaryimage\"},\"thumbnailUrl\":\"https:\/\/dmcsrb.com\/wp-content\/uploads\/2026\/01\/Orban.webp\",\"datePublished\":\"2025-09-15T13:37:00+00:00\",\"author\":{\"@id\":\"https:\/\/dmcsrb.com\/#\/schema\/person\/5c39170f12db1b8b457732d0b5c854e2\"},\"breadcrumb\":{\"@id\":\"https:\/\/dmcsrb.com\/svijet\/orban-svedskom-premijeru-zabrinuti-smo-za-vas-boze-blagoslovi-svedsku\/#breadcrumb\"},\"inLanguage\":\"en-GB\",\"potentialAction\":[{\"@type\":\"ReadAction\",\"target\":[\"https:\/\/dmcsrb.com\/svijet\/orban-svedskom-premijeru-zabrinuti-smo-za-vas-boze-blagoslovi-svedsku\/\"]}]},{\"@type\":\"ImageObject\",\"inLanguage\":\"en-GB\",\"@id\":\"https:\/\/dmcsrb.com\/svijet\/orban-svedskom-premijeru-zabrinuti-smo-za-vas-boze-blagoslovi-svedsku\/#primaryimage\",\"url\":\"https:\/\/dmcsrb.com\/wp-content\/uploads\/2026\/01\/Orban.webp\",\"contentUrl\":\"https:\/\/dmcsrb.com\/wp-content\/uploads\/2026\/01\/Orban.webp\",\"width\":1280,\"height\":670},{\"@type\":\"BreadcrumbList\",\"@id\":\"https:\/\/dmcsrb.com\/svijet\/orban-svedskom-premijeru-zabrinuti-smo-za-vas-boze-blagoslovi-svedsku\/#breadcrumb\",\"itemListElement\":[{\"@type\":\"ListItem\",\"position\":1,\"name\":\"Home\",\"item\":\"https:\/\/dmcsrb.com\/\"},{\"@type\":\"ListItem\",\"position\":2,\"name\":\"Orban \u0161vedskom premijeru: Zabrinuti smo za vas, Bo\u017ee blagoslovi \u0160vedsku\"}]},{\"@type\":\"WebSite\",\"@id\":\"https:\/\/dmcsrb.com\/#website\",\"url\":\"https:\/\/dmcsrb.com\/\",\"name\":\"dmcsrb.com\",\"description\":\"\",\"potentialAction\":[{\"@type\":\"SearchAction\",\"target\":{\"@type\":\"EntryPoint\",\"urlTemplate\":\"https:\/\/dmcsrb.com\/?s={search_term_string}\"},\"query-input\":{\"@type\":\"PropertyValueSpecification\",\"valueRequired\":true,\"valueName\":\"search_term_string\"}}],\"inLanguage\":\"en-GB\"},{\"@type\":\"Person\",\"@id\":\"https:\/\/dmcsrb.com\/#\/schema\/person\/5c39170f12db1b8b457732d0b5c854e2\",\"name\":\"dmcsrbija.com@gmail.com\",\"image\":{\"@type\":\"ImageObject\",\"inLanguage\":\"en-GB\",\"@id\":\"https:\/\/dmcsrb.com\/#\/schema\/person\/image\/\",\"url\":\"https:\/\/secure.gravatar.com\/avatar\/68592660ad6347fad0fb587f8d5d8f1a7b44961362f56e4f2cd524feb87e9069?s=96&d=mm&r=g\",\"contentUrl\":\"https:\/\/secure.gravatar.com\/avatar\/68592660ad6347fad0fb587f8d5d8f1a7b44961362f56e4f2cd524feb87e9069?s=96&d=mm&r=g\",\"caption\":\"dmcsrbija.com@gmail.com\"},\"sameAs\":[\"https:\/\/dmcsrb.com\"],\"url\":\"https:\/\/dmcsrb.com\/en\/author\/dmcsrbija-comgmail-com\/\"}]}<\/script>\n<!-- \/ Yoast SEO plugin. -->","yoast_head_json":{"title":"Orban \u0161vedskom premijeru: Zabrinuti smo za vas, Bo\u017ee blagoslovi \u0160vedsku - dmcsrb.com","robots":{"index":"index","follow":"follow","max-snippet":"max-snippet:-1","max-image-preview":"max-image-preview:large","max-video-preview":"max-video-preview:-1"},"canonical":"https:\/\/dmcsrb.com\/en\/svijet\/orban-svedskom-premijeru-zabrinuti-smo-za-vas-boze-blagoslovi-svedsku\/","og_locale":"en_GB","og_type":"article","og_title":"Orban \u0161vedskom premijeru: Zabrinuti smo za vas, Bo\u017ee blagoslovi \u0160vedsku - dmcsrb.com","og_description":"Na dru\u0161tvenim mre\u017eama nastavlja se rasprava izme\u0111u ma\u0111arskog premijera Viktora Orbana i \u0161vedskog premijera Ulfa Kristersona.","og_url":"https:\/\/dmcsrb.com\/en\/svijet\/orban-svedskom-premijeru-zabrinuti-smo-za-vas-boze-blagoslovi-svedsku\/","og_site_name":"dmcsrb.com","article_published_time":"2025-09-15T13:37:00+00:00","og_image":[{"width":1280,"height":670,"url":"https:\/\/dmcsrb.com\/wp-content\/uploads\/2026\/01\/Orban.webp","type":"image\/jpeg"}],"author":"dmcsrbija.com@gmail.com","twitter_card":"summary_large_image","twitter_misc":{"Written by":"dmcsrbija.com@gmail.com","Estimated reading time":"2 minutes"},"schema":{"@context":"https:\/\/schema.org","@graph":[{"@type":"Article","@id":"https:\/\/dmcsrb.com\/svijet\/orban-svedskom-premijeru-zabrinuti-smo-za-vas-boze-blagoslovi-svedsku\/#article","isPartOf":{"@id":"https:\/\/dmcsrb.com\/svijet\/orban-svedskom-premijeru-zabrinuti-smo-za-vas-boze-blagoslovi-svedsku\/"},"author":{"name":"dmcsrbija.com@gmail.com","@id":"https:\/\/dmcsrb.com\/#\/schema\/person\/5c39170f12db1b8b457732d0b5c854e2"},"headline":"Orban \u0161vedskom premijeru: Zabrinuti smo za vas, Bo\u017ee blagoslovi \u0160vedsku","datePublished":"2025-09-15T13:37:00+00:00","mainEntityOfPage":{"@id":"https:\/\/dmcsrb.com\/svijet\/orban-svedskom-premijeru-zabrinuti-smo-za-vas-boze-blagoslovi-svedsku\/"},"wordCount":345,"commentCount":0,"image":{"@id":"https:\/\/dmcsrb.com\/svijet\/orban-svedskom-premijeru-zabrinuti-smo-za-vas-boze-blagoslovi-svedsku\/#primaryimage"},"thumbnailUrl":"https:\/\/dmcsrb.com\/wp-content\/uploads\/2026\/01\/Orban.webp","keywords":["Blagoslov","Bog","\u0160vedska","\u0160vedski premijer","Viktor Orban"],"articleSection":["Svijet"],"inLanguage":"en-GB","potentialAction":[{"@type":"CommentAction","name":"Comment","target":["https:\/\/dmcsrb.com\/svijet\/orban-svedskom-premijeru-zabrinuti-smo-za-vas-boze-blagoslovi-svedsku\/#respond"]}]},{"@type":"WebPage","@id":"https:\/\/dmcsrb.com\/svijet\/orban-svedskom-premijeru-zabrinuti-smo-za-vas-boze-blagoslovi-svedsku\/","url":"https:\/\/dmcsrb.com\/svijet\/orban-svedskom-premijeru-zabrinuti-smo-za-vas-boze-blagoslovi-svedsku\/","name":"Orban \u0161vedskom premijeru: Zabrinuti smo za vas, Bo\u017ee blagoslovi \u0160vedsku - dmcsrb.com","isPartOf":{"@id":"https:\/\/dmcsrb.com\/#website"},"primaryImageOfPage":{"@id":"https:\/\/dmcsrb.com\/svijet\/orban-svedskom-premijeru-zabrinuti-smo-za-vas-boze-blagoslovi-svedsku\/#primaryimage"},"image":{"@id":"https:\/\/dmcsrb.com\/svijet\/orban-svedskom-premijeru-zabrinuti-smo-za-vas-boze-blagoslovi-svedsku\/#primaryimage"},"thumbnailUrl":"https:\/\/dmcsrb.com\/wp-content\/uploads\/2026\/01\/Orban.webp","datePublished":"2025-09-15T13:37:00+00:00","author":{"@id":"https:\/\/dmcsrb.com\/#\/schema\/person\/5c39170f12db1b8b457732d0b5c854e2"},"breadcrumb":{"@id":"https:\/\/dmcsrb.com\/svijet\/orban-svedskom-premijeru-zabrinuti-smo-za-vas-boze-blagoslovi-svedsku\/#breadcrumb"},"inLanguage":"en-GB","potentialAction":[{"@type":"ReadAction","target":["https:\/\/dmcsrb.com\/svijet\/orban-svedskom-premijeru-zabrinuti-smo-za-vas-boze-blagoslovi-svedsku\/"]}]},{"@type":"ImageObject","inLanguage":"en-GB","@id":"https:\/\/dmcsrb.com\/svijet\/orban-svedskom-premijeru-zabrinuti-smo-za-vas-boze-blagoslovi-svedsku\/#primaryimage","url":"https:\/\/dmcsrb.com\/wp-content\/uploads\/2026\/01\/Orban.webp","contentUrl":"https:\/\/dmcsrb.com\/wp-content\/uploads\/2026\/01\/Orban.webp","width":1280,"height":670},{"@type":"BreadcrumbList","@id":"https:\/\/dmcsrb.com\/svijet\/orban-svedskom-premijeru-zabrinuti-smo-za-vas-boze-blagoslovi-svedsku\/#breadcrumb","itemListElement":[{"@type":"ListItem","position":1,"name":"Home","item":"https:\/\/dmcsrb.com\/"},{"@type":"ListItem","position":2,"name":"Orban \u0161vedskom premijeru: Zabrinuti smo za vas, Bo\u017ee blagoslovi \u0160vedsku"}]},{"@type":"WebSite","@id":"https:\/\/dmcsrb.com\/#website","url":"https:\/\/dmcsrb.com\/","name":"dmcsrb.com","description":"","potentialAction":[{"@type":"SearchAction","target":{"@type":"EntryPoint","urlTemplate":"https:\/\/dmcsrb.com\/?s={search_term_string}"},"query-input":{"@type":"PropertyValueSpecification","valueRequired":true,"valueName":"search_term_string"}}],"inLanguage":"en-GB"},{"@type":"Person","@id":"https:\/\/dmcsrb.com\/#\/schema\/person\/5c39170f12db1b8b457732d0b5c854e2","name":"dmcsrbija.com@gmail.com","image":{"@type":"ImageObject","inLanguage":"en-GB","@id":"https:\/\/dmcsrb.com\/#\/schema\/person\/image\/","url":"https:\/\/secure.gravatar.com\/avatar\/68592660ad6347fad0fb587f8d5d8f1a7b44961362f56e4f2cd524feb87e9069?s=96&d=mm&r=g","contentUrl":"https:\/\/secure.gravatar.com\/avatar\/68592660ad6347fad0fb587f8d5d8f1a7b44961362f56e4f2cd524feb87e9069?s=96&d=mm&r=g","caption":"dmcsrbija.com@gmail.com"},"sameAs":["https:\/\/dmcsrb.com"],"url":"https:\/\/dmcsrb.com\/en\/author\/dmcsrbija-comgmail-com\/"}]}},"_links":{"self":[{"href":"https:\/\/dmcsrb.com\/en\/wp-json\/wp\/v2\/posts\/952197","targetHints":{"allow":["GET"]}}],"collection":[{"href":"https:\/\/dmcsrb.com\/en\/wp-json\/wp\/v2\/posts"}],"about":[{"href":"https:\/\/dmcsrb.com\/en\/wp-json\/wp\/v2\/types\/post"}],"author":[{"embeddable":true,"href":"https:\/\/dmcsrb.com\/en\/wp-json\/wp\/v2\/users\/1"}],"replies":[{"embeddable":true,"href":"https:\/\/dmcsrb.com\/en\/wp-json\/wp\/v2\/comments?post=952197"}],"version-history":[{"count":0,"href":"https:\/\/dmcsrb.com\/en\/wp-json\/wp\/v2\/posts\/952197\/revisions"}],"wp:featuredmedia":[{"embeddable":true,"href":"https:\/\/dmcsrb.com\/en\/wp-json\/wp\/v2\/media\/948780"}],"wp:attachment":[{"href":"https:\/\/dmcsrb.com\/en\/wp-json\/wp\/v2\/media?parent=952197"}],"wp:term":[{"taxonomy":"category","embeddable":true,"href":"https:\/\/dmcsrb.com\/en\/wp-json\/wp\/v2\/categories?post=952197"},{"taxonomy":"post_tag","embeddable":true,"href":"https:\/\/dmcsrb.com\/en\/wp-json\/wp\/v2\/tags?post=952197"},{"taxonomy":"naslovna","embeddable":true,"href":"https:\/\/dmcsrb.com\/en\/wp-json\/wp\/v2\/naslovna?post=952197"}],"curies":[{"name":"wp","href":"https:\/\/api.w.org\/{rel}","templated":true}]}}