{"id":952171,"date":"2025-09-15T13:38:00","date_gmt":"2025-09-15T11:38:00","guid":{"rendered":"https:\/\/dmcsrb.com\/uncategorized\/spektakularan-zavrsetak-maratona-i-zlato-za-simbu-u-foto-finisu\/"},"modified":"2025-09-15T13:38:00","modified_gmt":"2025-09-15T11:38:00","slug":"spektakularan-zavrsetak-maratona-i-zlato-za-simbu-u-foto-finisu","status":"publish","type":"post","link":"https:\/\/dmcsrb.com\/en\/sport\/spektakularan-zavrsetak-maratona-i-zlato-za-simbu-u-foto-finisu\/","title":{"rendered":"Spektakularan zavr\u0161etak maratona i zlato za Simbu u foto-fini\u0161u"},"content":{"rendered":"<h1 class=\"wp-block-heading\"><\/h1>\n\n\n\n<p><\/p>\n\n\n\n<p><\/p>\n\n\n\n<p>Tamo gdje se noge obi\u010dno pretvaraju u olovo, Alfons Feliks Simbu prona\u0161ao je jo\u0161 jedan trk. Ispisao je istoriju.<\/p>\n\n\n\n<p>Tanzanijac je u cilj u\u0161ao sa identi\u010dnim vremenom kao i Amanal Petros iz Njema\u010dke \u2013 2:09:48. Ali foto-fini\u0161 je pokazao da je Simbu bio br\u017ei za tri stotinke. Dovoljno da postane prvi osvaja\u010d zlatne medalje za Tanzaniju na svjetskim prvenstvima.<\/p>\n\n\n\n<p>&#8220;Danas sam ispisao istoriju \u2013 prva tanzanijska zlatna medalja na svjetskom prvenstvu\u201c, rekao je kroz osmijeh i nevjericu. Italijan Ilijas Aouani stigao je tre\u0107i, pet sekundi kasnije.<\/p>\n\n\n\n<p>Trka je krenula sa 88 takmi\u010dara iz 47 zemalja, ali je vru\u0107e i sparno jutro lomilo i najja\u010de. \u010cak 22 maratonca nije do\u0161lo do cilja. Najve\u0107e iznena\u0111enje bio je Tadese Takele, Etiopljanin koji je u martu osvojio Tokijski maraton sa vremenom 2:03:23 i stigao u Japan kao najbr\u017ei u\u010desnik. Na 33. kilometru stao je, isklju\u010dio sat i presko\u010dio ogradu \u2013 bol je bio ja\u010di. Nedugo zatim, odustao je i njegov sunarodnik Deresa Geleta, drugi na istom maratonu.<\/p>\n\n\n\n<p>Do tada, ritam je dr\u017eao Ugandanac Abel \u010celangat. Vodio je ve\u0107inu trke, \u010dak povukao odlu\u010duju\u0107e ubrzanje na 39,5 km koje je vode\u0107u grupu svelo na petoricu. Tu su ostali i svi kasniji osvaja\u010di medalja.<\/p>\n\n\n\n<h3 class=\"wp-block-heading\">Posljednji krug za pam\u0107enje<\/h3>\n\n\n\n<p>Na ulasku na stadion, \u010celangat i Izraelac Hajmro Alame otpali su iz borbe. Ostali su Petros, Simbu i Aouani. Nijemac je izgledao kao pobjednik \u2013 na zadnjoj ravnini otvorio je korak, gledao samo ka cilju. Ali iz drugog plana pojavio se Simbu, \u010dovjek koji je u aprilu bio drugi u Bostonu sa 2:05:05.<\/p>\n\n\n\n<p>Metar po metar, smanjivao je razmak. Petros je u nevjerici pogledao preko ramena, ali tijelo mu je zakazalo ba\u0161 tada. Tanzanijac je presjekao liniju prije njega, dok je Nijemac posrnuo i pao. \u201eNikada nisam vidio ne\u0161to ovakvo u maratonu \u2013 kao sprint na 100 metara\u201c, rekao je Petros, dodaju\u0107i da je tu\u017ean \u0161to je izgubio zlato u posljednja tri metra, ali i sre\u0107an zbog rivala.<\/p>\n\n\n\n<figure class=\"wp-block-embed is-type-rich is-provider-dr-a-ugne-ivanja wp-block-embed-dr-a-ugne-ivanja wp-embed-aspect-16-9 wp-has-aspect-ratio\"><div class=\"wp-block-embed__wrapper\">\n<iframe loading=\"lazy\" title=\"Simbu and Petros sprint to photo finish for marathon gold | World Athletics Championships Tokyo 25\" width=\"500\" height=\"281\" src=\"https:\/\/www.youtube.com\/embed\/ED_3d6f-Fxg?feature=oembed\" frameborder=\"0\" allow=\"accelerometer; autoplay; clipboard-write; encrypted-media; gyroscope; picture-in-picture; web-share\" referrerpolicy=\"strict-origin-when-cross-origin\" allowfullscreen><\/iframe>\n<\/div><\/figure>\n\n\n\n<p>Za Simbua, ovo nije pri\u010da o iznenadnom junaku. On ve\u0107 ima bronzu iz Londona 2017. Sada, sa 33 godine, pokazao je da upornost i strpljenje mogu da nadja\u010daju i najte\u017ee uslove. Njegova pobjeda je simbol \u2013 za malu atletsku naciju koja je \u010dekala trenutak ponosa na najve\u0107oj sceni.<\/p>\n\n\n\n<p>Dok se maraton pretvarao u sprinterski spektakl, na stazi su svoje zadatke obavljali i drugi. Holan\u0111anka Femke Bol rutinski je pro\u0161la kvalifikacije na 400 m s preponama i sada je prva favoritkinja za zlato, u odsustvu Sidni Meklaflin-Levrone. U skoku s motkom, Kejti Mun, dvostruka svjetska \u0161ampionka i olimpijska pobjednica, predvodila je grupu od 14 atleti\u010darki koje su presko\u010dile 4,60 m. Me\u0111u njima su i Amerikanke Sendi Moris i Hana Mol.<\/p>\n\n\n\n<p>Lo\u0161a vijest stigla je iz britanskog tabora \u2013 Moli Kodri povrijedila je \u010dlanak tokom zagrijavanja i morala da odustane. Olimpijska \u0161ampionka Nina Kenedi iz Australije uop\u0161te nije ni doputovala u Tokio, jer se oporavlja od povrede zadnje lo\u017ee.<\/p>","protected":false},"excerpt":{"rendered":"<p>Maraton je obi\u010dno pri\u010da o izdr\u017eljivosti, o tome ko bolje rasporedi snagu kroz 42 kilometra. Ali jutro u Tokiju donijelo je ne\u0161to druga\u010dije \u2013 sprint u posljednjim metrima, kao da se radi o trci na 100 metara.<\/p>","protected":false},"author":1,"featured_media":952172,"comment_status":"open","ping_status":"open","sticky":false,"template":"","format":"standard","meta":{"_acf_changed":false,"footnotes":""},"categories":[148],"tags":[5058,707],"naslovna":[],"class_list":["post-952171","post","type-post","status-publish","format-standard","has-post-thumbnail","hentry","category-sport","tag-atletika","tag-sport"],"acf":[],"yoast_head":"<!-- This site is optimized with the Yoast SEO plugin v27.4 - https:\/\/yoast.com\/product\/yoast-seo-wordpress\/ -->\n<title>Spektakularan zavr\u0161etak maratona i zlato za Simbu u foto-fini\u0161u - dmcsrb.com<\/title>\n<meta name=\"robots\" content=\"index, follow, max-snippet:-1, max-image-preview:large, max-video-preview:-1\" \/>\n<link rel=\"canonical\" href=\"https:\/\/dmcsrb.com\/en\/sport\/spektakularan-zavrsetak-maratona-i-zlato-za-simbu-u-foto-finisu\/\" \/>\n<meta property=\"og:locale\" content=\"en_GB\" \/>\n<meta property=\"og:type\" content=\"article\" \/>\n<meta property=\"og:title\" content=\"Spektakularan zavr\u0161etak maratona i zlato za Simbu u foto-fini\u0161u - dmcsrb.com\" \/>\n<meta property=\"og:description\" content=\"Maraton je obi\u010dno pri\u010da o izdr\u017eljivosti, o tome ko bolje rasporedi snagu kroz 42 kilometra. Ali jutro u Tokiju donijelo je ne\u0161to druga\u010dije \u2013 sprint u posljednjim metrima, kao da se radi o trci na 100 metara.\" \/>\n<meta property=\"og:url\" content=\"https:\/\/dmcsrb.com\/en\/sport\/spektakularan-zavrsetak-maratona-i-zlato-za-simbu-u-foto-finisu\/\" \/>\n<meta property=\"og:site_name\" content=\"dmcsrb.com\" \/>\n<meta property=\"article:published_time\" content=\"2025-09-15T11:38:00+00:00\" \/>\n<meta property=\"og:image\" content=\"https:\/\/dmcsrb.com\/wp-content\/uploads\/2026\/01\/atletika-1.webp\" \/>\n\t<meta property=\"og:image:width\" content=\"958\" \/>\n\t<meta property=\"og:image:height\" content=\"392\" \/>\n\t<meta property=\"og:image:type\" content=\"image\/jpeg\" \/>\n<meta name=\"author\" content=\"dmcsrbija.com@gmail.com\" \/>\n<meta name=\"twitter:card\" content=\"summary_large_image\" \/>\n<meta name=\"twitter:label1\" content=\"Written by\" \/>\n\t<meta name=\"twitter:data1\" content=\"dmcsrbija.com@gmail.com\" \/>\n\t<meta name=\"twitter:label2\" content=\"Estimated reading time\" \/>\n\t<meta name=\"twitter:data2\" content=\"3 minutes\" \/>\n<script type=\"application\/ld+json\" class=\"yoast-schema-graph\">{\"@context\":\"https:\\\/\\\/schema.org\",\"@graph\":[{\"@type\":\"Article\",\"@id\":\"https:\\\/\\\/dmcsrb.com\\\/sport\\\/spektakularan-zavrsetak-maratona-i-zlato-za-simbu-u-foto-finisu\\\/#article\",\"isPartOf\":{\"@id\":\"https:\\\/\\\/dmcsrb.com\\\/sport\\\/spektakularan-zavrsetak-maratona-i-zlato-za-simbu-u-foto-finisu\\\/\"},\"author\":{\"name\":\"dmcsrbija.com@gmail.com\",\"@id\":\"https:\\\/\\\/dmcsrb.com\\\/#\\\/schema\\\/person\\\/5c39170f12db1b8b457732d0b5c854e2\"},\"headline\":\"Spektakularan zavr\u0161etak maratona i zlato za Simbu u foto-fini\u0161u\",\"datePublished\":\"2025-09-15T11:38:00+00:00\",\"mainEntityOfPage\":{\"@id\":\"https:\\\/\\\/dmcsrb.com\\\/sport\\\/spektakularan-zavrsetak-maratona-i-zlato-za-simbu-u-foto-finisu\\\/\"},\"wordCount\":515,\"commentCount\":0,\"image\":{\"@id\":\"https:\\\/\\\/dmcsrb.com\\\/sport\\\/spektakularan-zavrsetak-maratona-i-zlato-za-simbu-u-foto-finisu\\\/#primaryimage\"},\"thumbnailUrl\":\"https:\\\/\\\/dmcsrb.com\\\/wp-content\\\/uploads\\\/2026\\\/01\\\/atletika-1.webp\",\"keywords\":[\"Atletika\",\"Sport\"],\"articleSection\":[\"Sport\"],\"inLanguage\":\"en-GB\",\"potentialAction\":[{\"@type\":\"CommentAction\",\"name\":\"Comment\",\"target\":[\"https:\\\/\\\/dmcsrb.com\\\/sport\\\/spektakularan-zavrsetak-maratona-i-zlato-za-simbu-u-foto-finisu\\\/#respond\"]}]},{\"@type\":\"WebPage\",\"@id\":\"https:\\\/\\\/dmcsrb.com\\\/sport\\\/spektakularan-zavrsetak-maratona-i-zlato-za-simbu-u-foto-finisu\\\/\",\"url\":\"https:\\\/\\\/dmcsrb.com\\\/sport\\\/spektakularan-zavrsetak-maratona-i-zlato-za-simbu-u-foto-finisu\\\/\",\"name\":\"Spektakularan zavr\u0161etak maratona i zlato za Simbu u foto-fini\u0161u - dmcsrb.com\",\"isPartOf\":{\"@id\":\"https:\\\/\\\/dmcsrb.com\\\/#website\"},\"primaryImageOfPage\":{\"@id\":\"https:\\\/\\\/dmcsrb.com\\\/sport\\\/spektakularan-zavrsetak-maratona-i-zlato-za-simbu-u-foto-finisu\\\/#primaryimage\"},\"image\":{\"@id\":\"https:\\\/\\\/dmcsrb.com\\\/sport\\\/spektakularan-zavrsetak-maratona-i-zlato-za-simbu-u-foto-finisu\\\/#primaryimage\"},\"thumbnailUrl\":\"https:\\\/\\\/dmcsrb.com\\\/wp-content\\\/uploads\\\/2026\\\/01\\\/atletika-1.webp\",\"datePublished\":\"2025-09-15T11:38:00+00:00\",\"author\":{\"@id\":\"https:\\\/\\\/dmcsrb.com\\\/#\\\/schema\\\/person\\\/5c39170f12db1b8b457732d0b5c854e2\"},\"breadcrumb\":{\"@id\":\"https:\\\/\\\/dmcsrb.com\\\/sport\\\/spektakularan-zavrsetak-maratona-i-zlato-za-simbu-u-foto-finisu\\\/#breadcrumb\"},\"inLanguage\":\"en-GB\",\"potentialAction\":[{\"@type\":\"ReadAction\",\"target\":[\"https:\\\/\\\/dmcsrb.com\\\/sport\\\/spektakularan-zavrsetak-maratona-i-zlato-za-simbu-u-foto-finisu\\\/\"]}]},{\"@type\":\"ImageObject\",\"inLanguage\":\"en-GB\",\"@id\":\"https:\\\/\\\/dmcsrb.com\\\/sport\\\/spektakularan-zavrsetak-maratona-i-zlato-za-simbu-u-foto-finisu\\\/#primaryimage\",\"url\":\"https:\\\/\\\/dmcsrb.com\\\/wp-content\\\/uploads\\\/2026\\\/01\\\/atletika-1.webp\",\"contentUrl\":\"https:\\\/\\\/dmcsrb.com\\\/wp-content\\\/uploads\\\/2026\\\/01\\\/atletika-1.webp\",\"width\":958,\"height\":392},{\"@type\":\"BreadcrumbList\",\"@id\":\"https:\\\/\\\/dmcsrb.com\\\/sport\\\/spektakularan-zavrsetak-maratona-i-zlato-za-simbu-u-foto-finisu\\\/#breadcrumb\",\"itemListElement\":[{\"@type\":\"ListItem\",\"position\":1,\"name\":\"Home\",\"item\":\"https:\\\/\\\/dmcsrb.com\\\/\"},{\"@type\":\"ListItem\",\"position\":2,\"name\":\"Spektakularan zavr\u0161etak maratona i zlato za Simbu u foto-fini\u0161u\"}]},{\"@type\":\"WebSite\",\"@id\":\"https:\\\/\\\/dmcsrb.com\\\/#website\",\"url\":\"https:\\\/\\\/dmcsrb.com\\\/\",\"name\":\"dmcsrb.com\",\"description\":\"\",\"potentialAction\":[{\"@type\":\"SearchAction\",\"target\":{\"@type\":\"EntryPoint\",\"urlTemplate\":\"https:\\\/\\\/dmcsrb.com\\\/?s={search_term_string}\"},\"query-input\":{\"@type\":\"PropertyValueSpecification\",\"valueRequired\":true,\"valueName\":\"search_term_string\"}}],\"inLanguage\":\"en-GB\"},{\"@type\":\"Person\",\"@id\":\"https:\\\/\\\/dmcsrb.com\\\/#\\\/schema\\\/person\\\/5c39170f12db1b8b457732d0b5c854e2\",\"name\":\"dmcsrbija.com@gmail.com\",\"image\":{\"@type\":\"ImageObject\",\"inLanguage\":\"en-GB\",\"@id\":\"https:\\\/\\\/secure.gravatar.com\\\/avatar\\\/68592660ad6347fad0fb587f8d5d8f1a7b44961362f56e4f2cd524feb87e9069?s=96&d=mm&r=g\",\"url\":\"https:\\\/\\\/secure.gravatar.com\\\/avatar\\\/68592660ad6347fad0fb587f8d5d8f1a7b44961362f56e4f2cd524feb87e9069?s=96&d=mm&r=g\",\"contentUrl\":\"https:\\\/\\\/secure.gravatar.com\\\/avatar\\\/68592660ad6347fad0fb587f8d5d8f1a7b44961362f56e4f2cd524feb87e9069?s=96&d=mm&r=g\",\"caption\":\"dmcsrbija.com@gmail.com\"},\"sameAs\":[\"https:\\\/\\\/dmcsrb.com\"],\"url\":\"https:\\\/\\\/dmcsrb.com\\\/en\\\/author\\\/dmcsrbija-comgmail-com\\\/\"}]}<\/script>\n<!-- \/ Yoast SEO plugin. -->","yoast_head_json":{"title":"Spektakularan zavr\u0161etak maratona i zlato za Simbu u foto-fini\u0161u - dmcsrb.com","robots":{"index":"index","follow":"follow","max-snippet":"max-snippet:-1","max-image-preview":"max-image-preview:large","max-video-preview":"max-video-preview:-1"},"canonical":"https:\/\/dmcsrb.com\/en\/sport\/spektakularan-zavrsetak-maratona-i-zlato-za-simbu-u-foto-finisu\/","og_locale":"en_GB","og_type":"article","og_title":"Spektakularan zavr\u0161etak maratona i zlato za Simbu u foto-fini\u0161u - dmcsrb.com","og_description":"Maraton je obi\u010dno pri\u010da o izdr\u017eljivosti, o tome ko bolje rasporedi snagu kroz 42 kilometra. Ali jutro u Tokiju donijelo je ne\u0161to druga\u010dije \u2013 sprint u posljednjim metrima, kao da se radi o trci na 100 metara.","og_url":"https:\/\/dmcsrb.com\/en\/sport\/spektakularan-zavrsetak-maratona-i-zlato-za-simbu-u-foto-finisu\/","og_site_name":"dmcsrb.com","article_published_time":"2025-09-15T11:38:00+00:00","og_image":[{"width":958,"height":392,"url":"https:\/\/dmcsrb.com\/wp-content\/uploads\/2026\/01\/atletika-1.webp","type":"image\/jpeg"}],"author":"dmcsrbija.com@gmail.com","twitter_card":"summary_large_image","twitter_misc":{"Written by":"dmcsrbija.com@gmail.com","Estimated reading time":"3 minutes"},"schema":{"@context":"https:\/\/schema.org","@graph":[{"@type":"Article","@id":"https:\/\/dmcsrb.com\/sport\/spektakularan-zavrsetak-maratona-i-zlato-za-simbu-u-foto-finisu\/#article","isPartOf":{"@id":"https:\/\/dmcsrb.com\/sport\/spektakularan-zavrsetak-maratona-i-zlato-za-simbu-u-foto-finisu\/"},"author":{"name":"dmcsrbija.com@gmail.com","@id":"https:\/\/dmcsrb.com\/#\/schema\/person\/5c39170f12db1b8b457732d0b5c854e2"},"headline":"Spektakularan zavr\u0161etak maratona i zlato za Simbu u foto-fini\u0161u","datePublished":"2025-09-15T11:38:00+00:00","mainEntityOfPage":{"@id":"https:\/\/dmcsrb.com\/sport\/spektakularan-zavrsetak-maratona-i-zlato-za-simbu-u-foto-finisu\/"},"wordCount":515,"commentCount":0,"image":{"@id":"https:\/\/dmcsrb.com\/sport\/spektakularan-zavrsetak-maratona-i-zlato-za-simbu-u-foto-finisu\/#primaryimage"},"thumbnailUrl":"https:\/\/dmcsrb.com\/wp-content\/uploads\/2026\/01\/atletika-1.webp","keywords":["Atletika","Sport"],"articleSection":["Sport"],"inLanguage":"en-GB","potentialAction":[{"@type":"CommentAction","name":"Comment","target":["https:\/\/dmcsrb.com\/sport\/spektakularan-zavrsetak-maratona-i-zlato-za-simbu-u-foto-finisu\/#respond"]}]},{"@type":"WebPage","@id":"https:\/\/dmcsrb.com\/sport\/spektakularan-zavrsetak-maratona-i-zlato-za-simbu-u-foto-finisu\/","url":"https:\/\/dmcsrb.com\/sport\/spektakularan-zavrsetak-maratona-i-zlato-za-simbu-u-foto-finisu\/","name":"Spektakularan zavr\u0161etak maratona i zlato za Simbu u foto-fini\u0161u - dmcsrb.com","isPartOf":{"@id":"https:\/\/dmcsrb.com\/#website"},"primaryImageOfPage":{"@id":"https:\/\/dmcsrb.com\/sport\/spektakularan-zavrsetak-maratona-i-zlato-za-simbu-u-foto-finisu\/#primaryimage"},"image":{"@id":"https:\/\/dmcsrb.com\/sport\/spektakularan-zavrsetak-maratona-i-zlato-za-simbu-u-foto-finisu\/#primaryimage"},"thumbnailUrl":"https:\/\/dmcsrb.com\/wp-content\/uploads\/2026\/01\/atletika-1.webp","datePublished":"2025-09-15T11:38:00+00:00","author":{"@id":"https:\/\/dmcsrb.com\/#\/schema\/person\/5c39170f12db1b8b457732d0b5c854e2"},"breadcrumb":{"@id":"https:\/\/dmcsrb.com\/sport\/spektakularan-zavrsetak-maratona-i-zlato-za-simbu-u-foto-finisu\/#breadcrumb"},"inLanguage":"en-GB","potentialAction":[{"@type":"ReadAction","target":["https:\/\/dmcsrb.com\/sport\/spektakularan-zavrsetak-maratona-i-zlato-za-simbu-u-foto-finisu\/"]}]},{"@type":"ImageObject","inLanguage":"en-GB","@id":"https:\/\/dmcsrb.com\/sport\/spektakularan-zavrsetak-maratona-i-zlato-za-simbu-u-foto-finisu\/#primaryimage","url":"https:\/\/dmcsrb.com\/wp-content\/uploads\/2026\/01\/atletika-1.webp","contentUrl":"https:\/\/dmcsrb.com\/wp-content\/uploads\/2026\/01\/atletika-1.webp","width":958,"height":392},{"@type":"BreadcrumbList","@id":"https:\/\/dmcsrb.com\/sport\/spektakularan-zavrsetak-maratona-i-zlato-za-simbu-u-foto-finisu\/#breadcrumb","itemListElement":[{"@type":"ListItem","position":1,"name":"Home","item":"https:\/\/dmcsrb.com\/"},{"@type":"ListItem","position":2,"name":"Spektakularan zavr\u0161etak maratona i zlato za Simbu u foto-fini\u0161u"}]},{"@type":"WebSite","@id":"https:\/\/dmcsrb.com\/#website","url":"https:\/\/dmcsrb.com\/","name":"dmcsrb.com","description":"","potentialAction":[{"@type":"SearchAction","target":{"@type":"EntryPoint","urlTemplate":"https:\/\/dmcsrb.com\/?s={search_term_string}"},"query-input":{"@type":"PropertyValueSpecification","valueRequired":true,"valueName":"search_term_string"}}],"inLanguage":"en-GB"},{"@type":"Person","@id":"https:\/\/dmcsrb.com\/#\/schema\/person\/5c39170f12db1b8b457732d0b5c854e2","name":"dmcsrbija.com@gmail.com","image":{"@type":"ImageObject","inLanguage":"en-GB","@id":"https:\/\/secure.gravatar.com\/avatar\/68592660ad6347fad0fb587f8d5d8f1a7b44961362f56e4f2cd524feb87e9069?s=96&d=mm&r=g","url":"https:\/\/secure.gravatar.com\/avatar\/68592660ad6347fad0fb587f8d5d8f1a7b44961362f56e4f2cd524feb87e9069?s=96&d=mm&r=g","contentUrl":"https:\/\/secure.gravatar.com\/avatar\/68592660ad6347fad0fb587f8d5d8f1a7b44961362f56e4f2cd524feb87e9069?s=96&d=mm&r=g","caption":"dmcsrbija.com@gmail.com"},"sameAs":["https:\/\/dmcsrb.com"],"url":"https:\/\/dmcsrb.com\/en\/author\/dmcsrbija-comgmail-com\/"}]}},"_links":{"self":[{"href":"https:\/\/dmcsrb.com\/en\/wp-json\/wp\/v2\/posts\/952171","targetHints":{"allow":["GET"]}}],"collection":[{"href":"https:\/\/dmcsrb.com\/en\/wp-json\/wp\/v2\/posts"}],"about":[{"href":"https:\/\/dmcsrb.com\/en\/wp-json\/wp\/v2\/types\/post"}],"author":[{"embeddable":true,"href":"https:\/\/dmcsrb.com\/en\/wp-json\/wp\/v2\/users\/1"}],"replies":[{"embeddable":true,"href":"https:\/\/dmcsrb.com\/en\/wp-json\/wp\/v2\/comments?post=952171"}],"version-history":[{"count":0,"href":"https:\/\/dmcsrb.com\/en\/wp-json\/wp\/v2\/posts\/952171\/revisions"}],"wp:featuredmedia":[{"embeddable":true,"href":"https:\/\/dmcsrb.com\/en\/wp-json\/wp\/v2\/media\/952172"}],"wp:attachment":[{"href":"https:\/\/dmcsrb.com\/en\/wp-json\/wp\/v2\/media?parent=952171"}],"wp:term":[{"taxonomy":"category","embeddable":true,"href":"https:\/\/dmcsrb.com\/en\/wp-json\/wp\/v2\/categories?post=952171"},{"taxonomy":"post_tag","embeddable":true,"href":"https:\/\/dmcsrb.com\/en\/wp-json\/wp\/v2\/tags?post=952171"},{"taxonomy":"naslovna","embeddable":true,"href":"https:\/\/dmcsrb.com\/en\/wp-json\/wp\/v2\/naslovna?post=952171"}],"curies":[{"name":"wp","href":"https:\/\/api.w.org\/{rel}","templated":true}]}}