{"id":952102,"date":"2025-09-15T07:54:54","date_gmt":"2025-09-15T05:54:54","guid":{"rendered":"https:\/\/dmcsrb.com\/uncategorized\/knezevic-dao-izjavu-po-prijavi-dragicevica-osjecam-se-kao-tramp-ostalo-je-jos-da-pucaju-na-mene\/"},"modified":"2025-09-15T07:54:54","modified_gmt":"2025-09-15T05:54:54","slug":"knezevic-dao-izjavu-po-prijavi-dragicevica-osjecam-se-kao-tramp-ostalo-je-jos-da-pucaju-na-mene","status":"publish","type":"post","link":"https:\/\/dmcsrb.com\/en\/politika\/knezevic-dao-izjavu-po-prijavi-dragicevica-osjecam-se-kao-tramp-ostalo-je-jos-da-pucaju-na-mene\/","title":{"rendered":"Kne\u017eevi\u0107 dao izjavu po prijavi Dragi\u0107evi\u0107a: Osje\u0107am se kao Tramp, ostalo je jo\u0161 da pucaju na mene"},"content":{"rendered":"<p><\/p>\n\n\n\n<p><\/p>\n\n\n\n<p>Kne\u017eevi\u0107a je prijavio ekolo\u0161ki aktivista Aleksandar Dragi\u0107evi\u0107, tvrde\u0107i da mu je ugro\u017eena sigurnost nakon govora lidera DNP-a.<\/p>\n\n\n\n<p>Kne\u017eevi\u0107 je rekao da\u00a0slu\u017ebenici policije bili korektni te da o\u010dekuje da \u0107e saslu\u0161ati i Dragi\u0107evi\u0107a zbog govora mr\u017enje jer je, navodi Kne\u017eevi\u0107, nazvao Ze\u0107ane narkomanima, pijanicima, budalama, kradljivcima \u0161ljunka.<\/p>\n\n\n\n<p>Nakon \u0161to je dao izjavu, Kne\u017eevi\u0107 je kazao novinarima da se osje\u0107a kao Donald Tramp.<\/p>\n\n\n\n<p>&#8220;Ostalo je jo\u0161 da pucaju na mene pa da se u potpunosti zaokru\u017ei jedan medijski-politi\u010dki-nvo projekat koji je usmjeren protiv mene i partije koju predvodim&#8221;, kazao je Kne\u017eevi\u0107.<\/p>\n\n\n\n<p>Kne\u017eevi\u0107a je prijavio ekolo\u0161ki aktivista Aleksandar Dragi\u0107evi\u0107, tvrde\u0107i da mu je ugro\u017eena sigurnost nakon govora lidera DNP-a.<\/p>\n\n\n\n<p><\/p>\n\n\n\n<p><\/p>","protected":false},"excerpt":{"rendered":"<p>Predsjednik i poslanik Demokratske narodne partije Milan Kne\u017eevi\u0107 dao je izjavu u policiji zbog djelova govora koji je odr\u017eao u Botunu, na protestu protiv gradnje kolektora.<\/p>","protected":false},"author":1,"featured_media":952103,"comment_status":"open","ping_status":"open","sticky":false,"template":"","format":"standard","meta":{"_acf_changed":false,"footnotes":""},"categories":[12],"tags":[511,1281],"naslovna":[],"class_list":["post-952102","post","type-post","status-publish","format-standard","has-post-thumbnail","hentry","category-politika","tag-dnp","tag-knezevic"],"acf":[],"yoast_head":"<!-- This site is optimized with the Yoast SEO plugin v27.4 - https:\/\/yoast.com\/product\/yoast-seo-wordpress\/ -->\n<title>Kne\u017eevi\u0107 dao izjavu po prijavi Dragi\u0107evi\u0107a: Osje\u0107am se kao Tramp, ostalo je jo\u0161 da pucaju na mene - dmcsrb.com<\/title>\n<meta name=\"robots\" content=\"index, follow, max-snippet:-1, max-image-preview:large, max-video-preview:-1\" \/>\n<link rel=\"canonical\" href=\"https:\/\/dmcsrb.com\/en\/politika\/knezevic-dao-izjavu-po-prijavi-dragicevica-osjecam-se-kao-tramp-ostalo-je-jos-da-pucaju-na-mene\/\" \/>\n<meta property=\"og:locale\" content=\"en_GB\" \/>\n<meta property=\"og:type\" content=\"article\" \/>\n<meta property=\"og:title\" content=\"Kne\u017eevi\u0107 dao izjavu po prijavi Dragi\u0107evi\u0107a: Osje\u0107am se kao Tramp, ostalo je jo\u0161 da pucaju na mene - dmcsrb.com\" \/>\n<meta property=\"og:description\" content=\"Predsjednik i poslanik Demokratske narodne partije Milan Kne\u017eevi\u0107 dao je izjavu u policiji zbog djelova govora koji je odr\u017eao u Botunu, na protestu protiv gradnje kolektora.\" \/>\n<meta property=\"og:url\" content=\"https:\/\/dmcsrb.com\/en\/politika\/knezevic-dao-izjavu-po-prijavi-dragicevica-osjecam-se-kao-tramp-ostalo-je-jos-da-pucaju-na-mene\/\" \/>\n<meta property=\"og:site_name\" content=\"dmcsrb.com\" \/>\n<meta property=\"article:published_time\" content=\"2025-09-15T05:54:54+00:00\" \/>\n<meta property=\"og:image\" content=\"https:\/\/dmcsrb.com\/wp-content\/uploads\/2026\/01\/viber_image_2025-09-15_09-44-25-628_405x900.webp\" \/>\n\t<meta property=\"og:image:width\" content=\"900\" \/>\n\t<meta property=\"og:image:height\" content=\"405\" \/>\n\t<meta property=\"og:image:type\" content=\"image\/jpeg\" \/>\n<meta name=\"author\" content=\"dmcsrbija.com@gmail.com\" \/>\n<meta name=\"twitter:card\" content=\"summary_large_image\" \/>\n<meta name=\"twitter:label1\" content=\"Written by\" \/>\n\t<meta name=\"twitter:data1\" content=\"dmcsrbija.com@gmail.com\" \/>\n\t<meta name=\"twitter:label2\" content=\"Estimated reading time\" \/>\n\t<meta name=\"twitter:data2\" content=\"1 minute\" \/>\n<script type=\"application\/ld+json\" class=\"yoast-schema-graph\">{\"@context\":\"https:\\\/\\\/schema.org\",\"@graph\":[{\"@type\":\"Article\",\"@id\":\"https:\\\/\\\/dmcsrb.com\\\/politika\\\/knezevic-dao-izjavu-po-prijavi-dragicevica-osjecam-se-kao-tramp-ostalo-je-jos-da-pucaju-na-mene\\\/#article\",\"isPartOf\":{\"@id\":\"https:\\\/\\\/dmcsrb.com\\\/politika\\\/knezevic-dao-izjavu-po-prijavi-dragicevica-osjecam-se-kao-tramp-ostalo-je-jos-da-pucaju-na-mene\\\/\"},\"author\":{\"name\":\"dmcsrbija.com@gmail.com\",\"@id\":\"https:\\\/\\\/dmcsrb.com\\\/#\\\/schema\\\/person\\\/5c39170f12db1b8b457732d0b5c854e2\"},\"headline\":\"Kne\u017eevi\u0107 dao izjavu po prijavi Dragi\u0107evi\u0107a: Osje\u0107am se kao Tramp, ostalo je jo\u0161 da pucaju na mene\",\"datePublished\":\"2025-09-15T05:54:54+00:00\",\"mainEntityOfPage\":{\"@id\":\"https:\\\/\\\/dmcsrb.com\\\/politika\\\/knezevic-dao-izjavu-po-prijavi-dragicevica-osjecam-se-kao-tramp-ostalo-je-jos-da-pucaju-na-mene\\\/\"},\"wordCount\":154,\"commentCount\":0,\"image\":{\"@id\":\"https:\\\/\\\/dmcsrb.com\\\/politika\\\/knezevic-dao-izjavu-po-prijavi-dragicevica-osjecam-se-kao-tramp-ostalo-je-jos-da-pucaju-na-mene\\\/#primaryimage\"},\"thumbnailUrl\":\"https:\\\/\\\/dmcsrb.com\\\/wp-content\\\/uploads\\\/2026\\\/01\\\/viber_image_2025-09-15_09-44-25-628_405x900.webp\",\"keywords\":[\"dnp\",\"Kne\u017eevi\u0107\"],\"articleSection\":[\"Politika\"],\"inLanguage\":\"en-GB\",\"potentialAction\":[{\"@type\":\"CommentAction\",\"name\":\"Comment\",\"target\":[\"https:\\\/\\\/dmcsrb.com\\\/politika\\\/knezevic-dao-izjavu-po-prijavi-dragicevica-osjecam-se-kao-tramp-ostalo-je-jos-da-pucaju-na-mene\\\/#respond\"]}]},{\"@type\":\"WebPage\",\"@id\":\"https:\\\/\\\/dmcsrb.com\\\/politika\\\/knezevic-dao-izjavu-po-prijavi-dragicevica-osjecam-se-kao-tramp-ostalo-je-jos-da-pucaju-na-mene\\\/\",\"url\":\"https:\\\/\\\/dmcsrb.com\\\/politika\\\/knezevic-dao-izjavu-po-prijavi-dragicevica-osjecam-se-kao-tramp-ostalo-je-jos-da-pucaju-na-mene\\\/\",\"name\":\"Kne\u017eevi\u0107 dao izjavu po prijavi Dragi\u0107evi\u0107a: Osje\u0107am se kao Tramp, ostalo je jo\u0161 da pucaju na mene - dmcsrb.com\",\"isPartOf\":{\"@id\":\"https:\\\/\\\/dmcsrb.com\\\/#website\"},\"primaryImageOfPage\":{\"@id\":\"https:\\\/\\\/dmcsrb.com\\\/politika\\\/knezevic-dao-izjavu-po-prijavi-dragicevica-osjecam-se-kao-tramp-ostalo-je-jos-da-pucaju-na-mene\\\/#primaryimage\"},\"image\":{\"@id\":\"https:\\\/\\\/dmcsrb.com\\\/politika\\\/knezevic-dao-izjavu-po-prijavi-dragicevica-osjecam-se-kao-tramp-ostalo-je-jos-da-pucaju-na-mene\\\/#primaryimage\"},\"thumbnailUrl\":\"https:\\\/\\\/dmcsrb.com\\\/wp-content\\\/uploads\\\/2026\\\/01\\\/viber_image_2025-09-15_09-44-25-628_405x900.webp\",\"datePublished\":\"2025-09-15T05:54:54+00:00\",\"author\":{\"@id\":\"https:\\\/\\\/dmcsrb.com\\\/#\\\/schema\\\/person\\\/5c39170f12db1b8b457732d0b5c854e2\"},\"breadcrumb\":{\"@id\":\"https:\\\/\\\/dmcsrb.com\\\/politika\\\/knezevic-dao-izjavu-po-prijavi-dragicevica-osjecam-se-kao-tramp-ostalo-je-jos-da-pucaju-na-mene\\\/#breadcrumb\"},\"inLanguage\":\"en-GB\",\"potentialAction\":[{\"@type\":\"ReadAction\",\"target\":[\"https:\\\/\\\/dmcsrb.com\\\/politika\\\/knezevic-dao-izjavu-po-prijavi-dragicevica-osjecam-se-kao-tramp-ostalo-je-jos-da-pucaju-na-mene\\\/\"]}]},{\"@type\":\"ImageObject\",\"inLanguage\":\"en-GB\",\"@id\":\"https:\\\/\\\/dmcsrb.com\\\/politika\\\/knezevic-dao-izjavu-po-prijavi-dragicevica-osjecam-se-kao-tramp-ostalo-je-jos-da-pucaju-na-mene\\\/#primaryimage\",\"url\":\"https:\\\/\\\/dmcsrb.com\\\/wp-content\\\/uploads\\\/2026\\\/01\\\/viber_image_2025-09-15_09-44-25-628_405x900.webp\",\"contentUrl\":\"https:\\\/\\\/dmcsrb.com\\\/wp-content\\\/uploads\\\/2026\\\/01\\\/viber_image_2025-09-15_09-44-25-628_405x900.webp\",\"width\":900,\"height\":405},{\"@type\":\"BreadcrumbList\",\"@id\":\"https:\\\/\\\/dmcsrb.com\\\/politika\\\/knezevic-dao-izjavu-po-prijavi-dragicevica-osjecam-se-kao-tramp-ostalo-je-jos-da-pucaju-na-mene\\\/#breadcrumb\",\"itemListElement\":[{\"@type\":\"ListItem\",\"position\":1,\"name\":\"Home\",\"item\":\"https:\\\/\\\/dmcsrb.com\\\/\"},{\"@type\":\"ListItem\",\"position\":2,\"name\":\"Kne\u017eevi\u0107 dao izjavu po prijavi Dragi\u0107evi\u0107a: Osje\u0107am se kao Tramp, ostalo je jo\u0161 da pucaju na mene\"}]},{\"@type\":\"WebSite\",\"@id\":\"https:\\\/\\\/dmcsrb.com\\\/#website\",\"url\":\"https:\\\/\\\/dmcsrb.com\\\/\",\"name\":\"dmcsrb.com\",\"description\":\"\",\"potentialAction\":[{\"@type\":\"SearchAction\",\"target\":{\"@type\":\"EntryPoint\",\"urlTemplate\":\"https:\\\/\\\/dmcsrb.com\\\/?s={search_term_string}\"},\"query-input\":{\"@type\":\"PropertyValueSpecification\",\"valueRequired\":true,\"valueName\":\"search_term_string\"}}],\"inLanguage\":\"en-GB\"},{\"@type\":\"Person\",\"@id\":\"https:\\\/\\\/dmcsrb.com\\\/#\\\/schema\\\/person\\\/5c39170f12db1b8b457732d0b5c854e2\",\"name\":\"dmcsrbija.com@gmail.com\",\"image\":{\"@type\":\"ImageObject\",\"inLanguage\":\"en-GB\",\"@id\":\"https:\\\/\\\/secure.gravatar.com\\\/avatar\\\/68592660ad6347fad0fb587f8d5d8f1a7b44961362f56e4f2cd524feb87e9069?s=96&d=mm&r=g\",\"url\":\"https:\\\/\\\/secure.gravatar.com\\\/avatar\\\/68592660ad6347fad0fb587f8d5d8f1a7b44961362f56e4f2cd524feb87e9069?s=96&d=mm&r=g\",\"contentUrl\":\"https:\\\/\\\/secure.gravatar.com\\\/avatar\\\/68592660ad6347fad0fb587f8d5d8f1a7b44961362f56e4f2cd524feb87e9069?s=96&d=mm&r=g\",\"caption\":\"dmcsrbija.com@gmail.com\"},\"sameAs\":[\"https:\\\/\\\/dmcsrb.com\"],\"url\":\"https:\\\/\\\/dmcsrb.com\\\/en\\\/author\\\/dmcsrbija-comgmail-com\\\/\"}]}<\/script>\n<!-- \/ Yoast SEO plugin. -->","yoast_head_json":{"title":"Kne\u017eevi\u0107 dao izjavu po prijavi Dragi\u0107evi\u0107a: Osje\u0107am se kao Tramp, ostalo je jo\u0161 da pucaju na mene - dmcsrb.com","robots":{"index":"index","follow":"follow","max-snippet":"max-snippet:-1","max-image-preview":"max-image-preview:large","max-video-preview":"max-video-preview:-1"},"canonical":"https:\/\/dmcsrb.com\/en\/politika\/knezevic-dao-izjavu-po-prijavi-dragicevica-osjecam-se-kao-tramp-ostalo-je-jos-da-pucaju-na-mene\/","og_locale":"en_GB","og_type":"article","og_title":"Kne\u017eevi\u0107 dao izjavu po prijavi Dragi\u0107evi\u0107a: Osje\u0107am se kao Tramp, ostalo je jo\u0161 da pucaju na mene - dmcsrb.com","og_description":"Predsjednik i poslanik Demokratske narodne partije Milan Kne\u017eevi\u0107 dao je izjavu u policiji zbog djelova govora koji je odr\u017eao u Botunu, na protestu protiv gradnje kolektora.","og_url":"https:\/\/dmcsrb.com\/en\/politika\/knezevic-dao-izjavu-po-prijavi-dragicevica-osjecam-se-kao-tramp-ostalo-je-jos-da-pucaju-na-mene\/","og_site_name":"dmcsrb.com","article_published_time":"2025-09-15T05:54:54+00:00","og_image":[{"width":900,"height":405,"url":"https:\/\/dmcsrb.com\/wp-content\/uploads\/2026\/01\/viber_image_2025-09-15_09-44-25-628_405x900.webp","type":"image\/jpeg"}],"author":"dmcsrbija.com@gmail.com","twitter_card":"summary_large_image","twitter_misc":{"Written by":"dmcsrbija.com@gmail.com","Estimated reading time":"1 minute"},"schema":{"@context":"https:\/\/schema.org","@graph":[{"@type":"Article","@id":"https:\/\/dmcsrb.com\/politika\/knezevic-dao-izjavu-po-prijavi-dragicevica-osjecam-se-kao-tramp-ostalo-je-jos-da-pucaju-na-mene\/#article","isPartOf":{"@id":"https:\/\/dmcsrb.com\/politika\/knezevic-dao-izjavu-po-prijavi-dragicevica-osjecam-se-kao-tramp-ostalo-je-jos-da-pucaju-na-mene\/"},"author":{"name":"dmcsrbija.com@gmail.com","@id":"https:\/\/dmcsrb.com\/#\/schema\/person\/5c39170f12db1b8b457732d0b5c854e2"},"headline":"Kne\u017eevi\u0107 dao izjavu po prijavi Dragi\u0107evi\u0107a: Osje\u0107am se kao Tramp, ostalo je jo\u0161 da pucaju na mene","datePublished":"2025-09-15T05:54:54+00:00","mainEntityOfPage":{"@id":"https:\/\/dmcsrb.com\/politika\/knezevic-dao-izjavu-po-prijavi-dragicevica-osjecam-se-kao-tramp-ostalo-je-jos-da-pucaju-na-mene\/"},"wordCount":154,"commentCount":0,"image":{"@id":"https:\/\/dmcsrb.com\/politika\/knezevic-dao-izjavu-po-prijavi-dragicevica-osjecam-se-kao-tramp-ostalo-je-jos-da-pucaju-na-mene\/#primaryimage"},"thumbnailUrl":"https:\/\/dmcsrb.com\/wp-content\/uploads\/2026\/01\/viber_image_2025-09-15_09-44-25-628_405x900.webp","keywords":["dnp","Kne\u017eevi\u0107"],"articleSection":["Politika"],"inLanguage":"en-GB","potentialAction":[{"@type":"CommentAction","name":"Comment","target":["https:\/\/dmcsrb.com\/politika\/knezevic-dao-izjavu-po-prijavi-dragicevica-osjecam-se-kao-tramp-ostalo-je-jos-da-pucaju-na-mene\/#respond"]}]},{"@type":"WebPage","@id":"https:\/\/dmcsrb.com\/politika\/knezevic-dao-izjavu-po-prijavi-dragicevica-osjecam-se-kao-tramp-ostalo-je-jos-da-pucaju-na-mene\/","url":"https:\/\/dmcsrb.com\/politika\/knezevic-dao-izjavu-po-prijavi-dragicevica-osjecam-se-kao-tramp-ostalo-je-jos-da-pucaju-na-mene\/","name":"Kne\u017eevi\u0107 dao izjavu po prijavi Dragi\u0107evi\u0107a: Osje\u0107am se kao Tramp, ostalo je jo\u0161 da pucaju na mene - dmcsrb.com","isPartOf":{"@id":"https:\/\/dmcsrb.com\/#website"},"primaryImageOfPage":{"@id":"https:\/\/dmcsrb.com\/politika\/knezevic-dao-izjavu-po-prijavi-dragicevica-osjecam-se-kao-tramp-ostalo-je-jos-da-pucaju-na-mene\/#primaryimage"},"image":{"@id":"https:\/\/dmcsrb.com\/politika\/knezevic-dao-izjavu-po-prijavi-dragicevica-osjecam-se-kao-tramp-ostalo-je-jos-da-pucaju-na-mene\/#primaryimage"},"thumbnailUrl":"https:\/\/dmcsrb.com\/wp-content\/uploads\/2026\/01\/viber_image_2025-09-15_09-44-25-628_405x900.webp","datePublished":"2025-09-15T05:54:54+00:00","author":{"@id":"https:\/\/dmcsrb.com\/#\/schema\/person\/5c39170f12db1b8b457732d0b5c854e2"},"breadcrumb":{"@id":"https:\/\/dmcsrb.com\/politika\/knezevic-dao-izjavu-po-prijavi-dragicevica-osjecam-se-kao-tramp-ostalo-je-jos-da-pucaju-na-mene\/#breadcrumb"},"inLanguage":"en-GB","potentialAction":[{"@type":"ReadAction","target":["https:\/\/dmcsrb.com\/politika\/knezevic-dao-izjavu-po-prijavi-dragicevica-osjecam-se-kao-tramp-ostalo-je-jos-da-pucaju-na-mene\/"]}]},{"@type":"ImageObject","inLanguage":"en-GB","@id":"https:\/\/dmcsrb.com\/politika\/knezevic-dao-izjavu-po-prijavi-dragicevica-osjecam-se-kao-tramp-ostalo-je-jos-da-pucaju-na-mene\/#primaryimage","url":"https:\/\/dmcsrb.com\/wp-content\/uploads\/2026\/01\/viber_image_2025-09-15_09-44-25-628_405x900.webp","contentUrl":"https:\/\/dmcsrb.com\/wp-content\/uploads\/2026\/01\/viber_image_2025-09-15_09-44-25-628_405x900.webp","width":900,"height":405},{"@type":"BreadcrumbList","@id":"https:\/\/dmcsrb.com\/politika\/knezevic-dao-izjavu-po-prijavi-dragicevica-osjecam-se-kao-tramp-ostalo-je-jos-da-pucaju-na-mene\/#breadcrumb","itemListElement":[{"@type":"ListItem","position":1,"name":"Home","item":"https:\/\/dmcsrb.com\/"},{"@type":"ListItem","position":2,"name":"Kne\u017eevi\u0107 dao izjavu po prijavi Dragi\u0107evi\u0107a: Osje\u0107am se kao Tramp, ostalo je jo\u0161 da pucaju na mene"}]},{"@type":"WebSite","@id":"https:\/\/dmcsrb.com\/#website","url":"https:\/\/dmcsrb.com\/","name":"dmcsrb.com","description":"","potentialAction":[{"@type":"SearchAction","target":{"@type":"EntryPoint","urlTemplate":"https:\/\/dmcsrb.com\/?s={search_term_string}"},"query-input":{"@type":"PropertyValueSpecification","valueRequired":true,"valueName":"search_term_string"}}],"inLanguage":"en-GB"},{"@type":"Person","@id":"https:\/\/dmcsrb.com\/#\/schema\/person\/5c39170f12db1b8b457732d0b5c854e2","name":"dmcsrbija.com@gmail.com","image":{"@type":"ImageObject","inLanguage":"en-GB","@id":"https:\/\/secure.gravatar.com\/avatar\/68592660ad6347fad0fb587f8d5d8f1a7b44961362f56e4f2cd524feb87e9069?s=96&d=mm&r=g","url":"https:\/\/secure.gravatar.com\/avatar\/68592660ad6347fad0fb587f8d5d8f1a7b44961362f56e4f2cd524feb87e9069?s=96&d=mm&r=g","contentUrl":"https:\/\/secure.gravatar.com\/avatar\/68592660ad6347fad0fb587f8d5d8f1a7b44961362f56e4f2cd524feb87e9069?s=96&d=mm&r=g","caption":"dmcsrbija.com@gmail.com"},"sameAs":["https:\/\/dmcsrb.com"],"url":"https:\/\/dmcsrb.com\/en\/author\/dmcsrbija-comgmail-com\/"}]}},"_links":{"self":[{"href":"https:\/\/dmcsrb.com\/en\/wp-json\/wp\/v2\/posts\/952102","targetHints":{"allow":["GET"]}}],"collection":[{"href":"https:\/\/dmcsrb.com\/en\/wp-json\/wp\/v2\/posts"}],"about":[{"href":"https:\/\/dmcsrb.com\/en\/wp-json\/wp\/v2\/types\/post"}],"author":[{"embeddable":true,"href":"https:\/\/dmcsrb.com\/en\/wp-json\/wp\/v2\/users\/1"}],"replies":[{"embeddable":true,"href":"https:\/\/dmcsrb.com\/en\/wp-json\/wp\/v2\/comments?post=952102"}],"version-history":[{"count":0,"href":"https:\/\/dmcsrb.com\/en\/wp-json\/wp\/v2\/posts\/952102\/revisions"}],"wp:featuredmedia":[{"embeddable":true,"href":"https:\/\/dmcsrb.com\/en\/wp-json\/wp\/v2\/media\/952103"}],"wp:attachment":[{"href":"https:\/\/dmcsrb.com\/en\/wp-json\/wp\/v2\/media?parent=952102"}],"wp:term":[{"taxonomy":"category","embeddable":true,"href":"https:\/\/dmcsrb.com\/en\/wp-json\/wp\/v2\/categories?post=952102"},{"taxonomy":"post_tag","embeddable":true,"href":"https:\/\/dmcsrb.com\/en\/wp-json\/wp\/v2\/tags?post=952102"},{"taxonomy":"naslovna","embeddable":true,"href":"https:\/\/dmcsrb.com\/en\/wp-json\/wp\/v2\/naslovna?post=952102"}],"curies":[{"name":"wp","href":"https:\/\/api.w.org\/{rel}","templated":true}]}}