{"id":952054,"date":"2025-09-14T18:34:00","date_gmt":"2025-09-14T16:34:00","guid":{"rendered":"https:\/\/dmcsrb.com\/uncategorized\/manjinski-akcionari-radoja-dakica-traze-20-miliona-od-prodaje-gradjevinskog-zemljista\/"},"modified":"2025-09-14T18:34:00","modified_gmt":"2025-09-14T16:34:00","slug":"manjinski-akcionari-radoja-dakica-traze-20-miliona-od-prodaje-gradjevinskog-zemljista","status":"publish","type":"post","link":"https:\/\/dmcsrb.com\/en\/ekonomija\/manjinski-akcionari-radoja-dakica-traze-20-miliona-od-prodaje-gradjevinskog-zemljista\/","title":{"rendered":"Manjinski akcionari &#8220;Radoja Daki\u0107a&#8221; tra\u017ee 20 miliona od prodaje gra\u0111evinskog zemlji\u0161ta"},"content":{"rendered":"<p><\/p>\n\n\n\n<p>Kako su precizirali, rije\u010d je o 3.340 akcionara koji su imali pravo glasa, odnosno 34,53 odsto vlasni\u0161tva.<\/p>\n\n\n\n<p>Oni u pismu Spaji\u0107u i Mandi\u0107u zahtijevaju da se otvori sva dokumentacija u vezi sa otu\u0111enjem dr\u017eavne i njihove imovine, uz podsje\u0107anje da su se istim zahtjevom Skup\u0161tini obra\u0107ali 14. januara, a Vladi, odnosno premijeru, 6. decembra 2024. godine.<\/p>\n\n\n\n<p>\u2013 Zahtijevali smo odgovore po predmetu shodno \u010dlanu 57 Ustava Crne Gore i da se otvori sva dokumentacija u vezi sa otu\u0111enjem dr\u017eavne i na\u0161e imovine. Kako je mogu\u0107e da niko od institucija ne reaguje na problem koji tretiramo kao tihi dr\u017eavni udar, \u010dime je uzdrman ustavni poredak (debakl)? \u010cinjenjem i ne\u010dinjenjem nije ispo\u0161tovan \u010dlan 58 Ustava, \u0161to je svojom odlukom potvrdio Ustavni sud Crne Gore. Prekr\u0161en je \u010dl. 1.6 Evropske konvencije o ljudskim pravima \u2013 ukazali su manjinski akcionari &#8220;Radoja Daki\u0107a&#8221; Spaji\u0107u i Mandi\u0107u.<\/p>\n\n\n\n<p>Kako su podsjetili, na iste stvari ukazali su u u prethodna dva zahtjeva, isti\u010du\u0107i da ne tra\u017ee ni\u0161ta drugo osim onoga \u0161to su im svojim odlukama dali Ustavni sud i Evropski sud.<\/p>\n\n\n\n<p>\u2013 Ovo nije pitanje samo za biv\u0161e radnike &#8220;Radoja Daki\u0107a&#8221;, ve\u0107 i za gra\u0111ane Crne Gore koji imaju vau\u010dere kod emitenta &#8220;Radoje Daki\u0107&#8221; u ste\u010daju a.d. Ostali smo bez odgovora iako su odr\u017eavani sastanci sa nekima na ni\u017eem nivou \u2013 naveli su manjinski akcionari.<a href=\"https:\/\/dan.co.me\/vijesti\/ekonomija\/akcionari-radoja-dakica-traze-od-vlade-jos-novca-firma-u-stecaju-imovina-prodata-a-akcije-porasle-5270025\"><\/a><a href=\"https:\/\/dan.co.me\/vijesti\/ekonomija\/akcionari-radoja-dakica-traze-od-vlade-jos-novca-firma-u-stecaju-imovina-prodata-a-akcije-porasle-5270025\"><\/a><\/p>\n\n\n\n<p>Kako tvrde, u kontaktima im je obe\u0107avano na \u010dasnu rije\u010d da treba da do\u0111e do sastanka sa premijerom i predsjednikom Skup\u0161tine.<\/p>\n\n\n\n<p>Nagla\u0161avaju da tra\u017ee ono \u0161to im pripada na osnovu izvoda o vlasni\u0161tvu HOV iz baze podataka Centralnog klirin\u0161kog depozitarnog dru\u0161tva, koji su zavedeni pod djelovodnim brojem, potpisani i pe\u010datirani na njihovom memorandumu.<\/p>\n\n\n\n<p>Ukazali su da odbijanje da se akcionarima isplate zaostala dugovanja nije u skladu sa obavezama iz pregovara\u010dkih poglavlja 23 i 24, \u010dime se \u0161alje negativna poruka EU.<\/p>\n\n\n\n<p>Kako su najavili, ukoliko ne ostvare ono \u0161to im zakonom pripada, tra\u017ei\u0107e svoja prava na ulici. Pozvali su sve akcionare \u2013 fizi\u010dka lica da se priklju\u010de mirnim protestima koje organizuju svake srijede u 10 \u010dasova.<\/p>\n\n\n\n<p>Podsje\u0107aju da je prije uvo\u0111enja ste\u010daja 19.12.2016. godine od prodaje nepokretnosti dobijeno 12,65 miliona. Kako su naveli u obra\u0107anju premijeru krajem 2024. godine, vrijednost preostalih nepokretnosti &#8220;Radoja Daki\u0107a&#8221; procijenjena je na 66,8 miliona.<\/p>\n\n\n\n<p>Tra\u017eili 7,5 miliona u bud\u017eetu<\/p>\n\n\n\n<p>U obra\u0107anju premijeru krajem pro\u0161le godine, manjinski akcionari &#8220;Radoja Daki\u0107a&#8221; naveli su da je njih 1.296 dobilo podatke o vlasnicima ra\u010duna koji su pokazali da su uskra\u0107eni za ono \u0161to im pripada, \u010dime je prethodna vlast sru\u0161ila ustavni poredak.<\/p>\n\n\n\n<p>Oni su to predo\u010dili ministru finansija Novici Vukovi\u0107u, potkrepljuju\u0107i svoje tvrdnje primjerkom izvoda o vlasni\u0161tvu HOV, izdatog od strane Centralnog klirin\u0161kog depozitarnog dru\u0161tva.<\/p>\n\n\n\n<p>Manjinski akcionari su predlo\u017eili ministru finansija da iznos vrijednosti prodate imovine, za koju smatraju da pripada njima, u\u0111e u bud\u017eet za 2025. godinu, o \u010demu je &#8220;Dan&#8221; pisao, ali to nije uva\u017eeno. Naime, manjinski akcionari tada su predlagali da u redovni plan rashoda bud\u017eeta za akcije 1.296 akcionara u\u0111e 7,5 miliona eura.<\/p>\n\n\n\n<p><\/p>","protected":false},"excerpt":{"rendered":"<p>Manjinski akcionari fabrike &#8220;Radoje Daki\u0107&#8221; uputili su zahtjev predsjedniku Vlade Milojku Spaji\u0107u i predsjedniku Skup\u0161tine Crne Gore Andriji Mandi\u0107u da se pozabave prodajom imovine fizi\u010dkih lica radi naplate li\u010dnih dohodaka biv\u0161ih radnika &#8220;Radoja Daki\u0107a&#8221;, pi\u0161e Dan.<\/p>","protected":false},"author":1,"featured_media":952055,"comment_status":"open","ping_status":"open","sticky":false,"template":"","format":"standard","meta":{"_acf_changed":false,"footnotes":""},"categories":[27],"tags":[8035,8036],"naslovna":[],"class_list":["post-952054","post","type-post","status-publish","format-standard","has-post-thumbnail","hentry","category-ekonomija","tag-akcionari","tag-radoje-dakic"],"acf":[],"yoast_head":"<!-- This site is optimized with the Yoast SEO plugin v27.4 - https:\/\/yoast.com\/product\/yoast-seo-wordpress\/ -->\n<title>Manjinski akcionari &quot;Radoja Daki\u0107a&quot; tra\u017ee 20 miliona od prodaje gra\u0111evinskog zemlji\u0161ta - dmcsrb.com<\/title>\n<meta name=\"robots\" content=\"index, follow, max-snippet:-1, max-image-preview:large, max-video-preview:-1\" \/>\n<link rel=\"canonical\" href=\"https:\/\/dmcsrb.com\/en\/ekonomija\/manjinski-akcionari-radoja-dakica-traze-20-miliona-od-prodaje-gradjevinskog-zemljista\/\" \/>\n<meta property=\"og:locale\" content=\"en_GB\" \/>\n<meta property=\"og:type\" content=\"article\" \/>\n<meta property=\"og:title\" content=\"Manjinski akcionari &quot;Radoja Daki\u0107a&quot; tra\u017ee 20 miliona od prodaje gra\u0111evinskog zemlji\u0161ta - dmcsrb.com\" \/>\n<meta property=\"og:description\" content=\"Manjinski akcionari fabrike &quot;Radoje Daki\u0107&quot; uputili su zahtjev predsjedniku Vlade Milojku Spaji\u0107u i predsjedniku Skup\u0161tine Crne Gore Andriji Mandi\u0107u da se pozabave prodajom imovine fizi\u010dkih lica radi naplate li\u010dnih dohodaka biv\u0161ih radnika &quot;Radoja Daki\u0107a&quot;, pi\u0161e Dan.\" \/>\n<meta property=\"og:url\" content=\"https:\/\/dmcsrb.com\/en\/ekonomija\/manjinski-akcionari-radoja-dakica-traze-20-miliona-od-prodaje-gradjevinskog-zemljista\/\" \/>\n<meta property=\"og:site_name\" content=\"dmcsrb.com\" \/>\n<meta property=\"article:published_time\" content=\"2025-09-14T16:34:00+00:00\" \/>\n<meta property=\"og:image\" content=\"https:\/\/dmcsrb.com\/wp-content\/uploads\/2026\/01\/Radoje-Dakic.webp\" \/>\n\t<meta property=\"og:image:width\" content=\"780\" \/>\n\t<meta property=\"og:image:height\" content=\"470\" \/>\n\t<meta property=\"og:image:type\" content=\"image\/png\" \/>\n<meta name=\"author\" content=\"dmcsrbija.com@gmail.com\" \/>\n<meta name=\"twitter:card\" content=\"summary_large_image\" \/>\n<meta name=\"twitter:label1\" content=\"Written by\" \/>\n\t<meta name=\"twitter:data1\" content=\"dmcsrbija.com@gmail.com\" \/>\n\t<meta name=\"twitter:label2\" content=\"Estimated reading time\" \/>\n\t<meta name=\"twitter:data2\" content=\"3 minutes\" \/>\n<script type=\"application\/ld+json\" class=\"yoast-schema-graph\">{\"@context\":\"https:\\\/\\\/schema.org\",\"@graph\":[{\"@type\":\"Article\",\"@id\":\"https:\\\/\\\/dmcsrb.com\\\/ekonomija\\\/manjinski-akcionari-radoja-dakica-traze-20-miliona-od-prodaje-gradjevinskog-zemljista\\\/#article\",\"isPartOf\":{\"@id\":\"https:\\\/\\\/dmcsrb.com\\\/ekonomija\\\/manjinski-akcionari-radoja-dakica-traze-20-miliona-od-prodaje-gradjevinskog-zemljista\\\/\"},\"author\":{\"name\":\"dmcsrbija.com@gmail.com\",\"@id\":\"https:\\\/\\\/dmcsrb.com\\\/#\\\/schema\\\/person\\\/5c39170f12db1b8b457732d0b5c854e2\"},\"headline\":\"Manjinski akcionari &#8220;Radoja Daki\u0107a&#8221; tra\u017ee 20 miliona od prodaje gra\u0111evinskog zemlji\u0161ta\",\"datePublished\":\"2025-09-14T16:34:00+00:00\",\"mainEntityOfPage\":{\"@id\":\"https:\\\/\\\/dmcsrb.com\\\/ekonomija\\\/manjinski-akcionari-radoja-dakica-traze-20-miliona-od-prodaje-gradjevinskog-zemljista\\\/\"},\"wordCount\":543,\"commentCount\":0,\"image\":{\"@id\":\"https:\\\/\\\/dmcsrb.com\\\/ekonomija\\\/manjinski-akcionari-radoja-dakica-traze-20-miliona-od-prodaje-gradjevinskog-zemljista\\\/#primaryimage\"},\"thumbnailUrl\":\"https:\\\/\\\/dmcsrb.com\\\/wp-content\\\/uploads\\\/2026\\\/01\\\/Radoje-Dakic.webp\",\"keywords\":[\"akcionari\",\"Radoje Dakic\"],\"articleSection\":[\"Ekonomija\"],\"inLanguage\":\"en-GB\",\"potentialAction\":[{\"@type\":\"CommentAction\",\"name\":\"Comment\",\"target\":[\"https:\\\/\\\/dmcsrb.com\\\/ekonomija\\\/manjinski-akcionari-radoja-dakica-traze-20-miliona-od-prodaje-gradjevinskog-zemljista\\\/#respond\"]}]},{\"@type\":\"WebPage\",\"@id\":\"https:\\\/\\\/dmcsrb.com\\\/ekonomija\\\/manjinski-akcionari-radoja-dakica-traze-20-miliona-od-prodaje-gradjevinskog-zemljista\\\/\",\"url\":\"https:\\\/\\\/dmcsrb.com\\\/ekonomija\\\/manjinski-akcionari-radoja-dakica-traze-20-miliona-od-prodaje-gradjevinskog-zemljista\\\/\",\"name\":\"Manjinski akcionari \\\"Radoja Daki\u0107a\\\" tra\u017ee 20 miliona od prodaje gra\u0111evinskog zemlji\u0161ta - dmcsrb.com\",\"isPartOf\":{\"@id\":\"https:\\\/\\\/dmcsrb.com\\\/#website\"},\"primaryImageOfPage\":{\"@id\":\"https:\\\/\\\/dmcsrb.com\\\/ekonomija\\\/manjinski-akcionari-radoja-dakica-traze-20-miliona-od-prodaje-gradjevinskog-zemljista\\\/#primaryimage\"},\"image\":{\"@id\":\"https:\\\/\\\/dmcsrb.com\\\/ekonomija\\\/manjinski-akcionari-radoja-dakica-traze-20-miliona-od-prodaje-gradjevinskog-zemljista\\\/#primaryimage\"},\"thumbnailUrl\":\"https:\\\/\\\/dmcsrb.com\\\/wp-content\\\/uploads\\\/2026\\\/01\\\/Radoje-Dakic.webp\",\"datePublished\":\"2025-09-14T16:34:00+00:00\",\"author\":{\"@id\":\"https:\\\/\\\/dmcsrb.com\\\/#\\\/schema\\\/person\\\/5c39170f12db1b8b457732d0b5c854e2\"},\"breadcrumb\":{\"@id\":\"https:\\\/\\\/dmcsrb.com\\\/ekonomija\\\/manjinski-akcionari-radoja-dakica-traze-20-miliona-od-prodaje-gradjevinskog-zemljista\\\/#breadcrumb\"},\"inLanguage\":\"en-GB\",\"potentialAction\":[{\"@type\":\"ReadAction\",\"target\":[\"https:\\\/\\\/dmcsrb.com\\\/ekonomija\\\/manjinski-akcionari-radoja-dakica-traze-20-miliona-od-prodaje-gradjevinskog-zemljista\\\/\"]}]},{\"@type\":\"ImageObject\",\"inLanguage\":\"en-GB\",\"@id\":\"https:\\\/\\\/dmcsrb.com\\\/ekonomija\\\/manjinski-akcionari-radoja-dakica-traze-20-miliona-od-prodaje-gradjevinskog-zemljista\\\/#primaryimage\",\"url\":\"https:\\\/\\\/dmcsrb.com\\\/wp-content\\\/uploads\\\/2026\\\/01\\\/Radoje-Dakic.webp\",\"contentUrl\":\"https:\\\/\\\/dmcsrb.com\\\/wp-content\\\/uploads\\\/2026\\\/01\\\/Radoje-Dakic.webp\",\"width\":780,\"height\":470},{\"@type\":\"BreadcrumbList\",\"@id\":\"https:\\\/\\\/dmcsrb.com\\\/ekonomija\\\/manjinski-akcionari-radoja-dakica-traze-20-miliona-od-prodaje-gradjevinskog-zemljista\\\/#breadcrumb\",\"itemListElement\":[{\"@type\":\"ListItem\",\"position\":1,\"name\":\"Home\",\"item\":\"https:\\\/\\\/dmcsrb.com\\\/\"},{\"@type\":\"ListItem\",\"position\":2,\"name\":\"Manjinski akcionari &#8220;Radoja Daki\u0107a&#8221; tra\u017ee 20 miliona od prodaje gra\u0111evinskog zemlji\u0161ta\"}]},{\"@type\":\"WebSite\",\"@id\":\"https:\\\/\\\/dmcsrb.com\\\/#website\",\"url\":\"https:\\\/\\\/dmcsrb.com\\\/\",\"name\":\"dmcsrb.com\",\"description\":\"\",\"potentialAction\":[{\"@type\":\"SearchAction\",\"target\":{\"@type\":\"EntryPoint\",\"urlTemplate\":\"https:\\\/\\\/dmcsrb.com\\\/?s={search_term_string}\"},\"query-input\":{\"@type\":\"PropertyValueSpecification\",\"valueRequired\":true,\"valueName\":\"search_term_string\"}}],\"inLanguage\":\"en-GB\"},{\"@type\":\"Person\",\"@id\":\"https:\\\/\\\/dmcsrb.com\\\/#\\\/schema\\\/person\\\/5c39170f12db1b8b457732d0b5c854e2\",\"name\":\"dmcsrbija.com@gmail.com\",\"image\":{\"@type\":\"ImageObject\",\"inLanguage\":\"en-GB\",\"@id\":\"https:\\\/\\\/secure.gravatar.com\\\/avatar\\\/68592660ad6347fad0fb587f8d5d8f1a7b44961362f56e4f2cd524feb87e9069?s=96&d=mm&r=g\",\"url\":\"https:\\\/\\\/secure.gravatar.com\\\/avatar\\\/68592660ad6347fad0fb587f8d5d8f1a7b44961362f56e4f2cd524feb87e9069?s=96&d=mm&r=g\",\"contentUrl\":\"https:\\\/\\\/secure.gravatar.com\\\/avatar\\\/68592660ad6347fad0fb587f8d5d8f1a7b44961362f56e4f2cd524feb87e9069?s=96&d=mm&r=g\",\"caption\":\"dmcsrbija.com@gmail.com\"},\"sameAs\":[\"https:\\\/\\\/dmcsrb.com\"],\"url\":\"https:\\\/\\\/dmcsrb.com\\\/en\\\/author\\\/dmcsrbija-comgmail-com\\\/\"}]}<\/script>\n<!-- \/ Yoast SEO plugin. -->","yoast_head_json":{"title":"Manjinski akcionari \"Radoja Daki\u0107a\" tra\u017ee 20 miliona od prodaje gra\u0111evinskog zemlji\u0161ta - dmcsrb.com","robots":{"index":"index","follow":"follow","max-snippet":"max-snippet:-1","max-image-preview":"max-image-preview:large","max-video-preview":"max-video-preview:-1"},"canonical":"https:\/\/dmcsrb.com\/en\/ekonomija\/manjinski-akcionari-radoja-dakica-traze-20-miliona-od-prodaje-gradjevinskog-zemljista\/","og_locale":"en_GB","og_type":"article","og_title":"Manjinski akcionari \"Radoja Daki\u0107a\" tra\u017ee 20 miliona od prodaje gra\u0111evinskog zemlji\u0161ta - dmcsrb.com","og_description":"Manjinski akcionari fabrike \"Radoje Daki\u0107\" uputili su zahtjev predsjedniku Vlade Milojku Spaji\u0107u i predsjedniku Skup\u0161tine Crne Gore Andriji Mandi\u0107u da se pozabave prodajom imovine fizi\u010dkih lica radi naplate li\u010dnih dohodaka biv\u0161ih radnika \"Radoja Daki\u0107a\", pi\u0161e Dan.","og_url":"https:\/\/dmcsrb.com\/en\/ekonomija\/manjinski-akcionari-radoja-dakica-traze-20-miliona-od-prodaje-gradjevinskog-zemljista\/","og_site_name":"dmcsrb.com","article_published_time":"2025-09-14T16:34:00+00:00","og_image":[{"width":780,"height":470,"url":"https:\/\/dmcsrb.com\/wp-content\/uploads\/2026\/01\/Radoje-Dakic.webp","type":"image\/png"}],"author":"dmcsrbija.com@gmail.com","twitter_card":"summary_large_image","twitter_misc":{"Written by":"dmcsrbija.com@gmail.com","Estimated reading time":"3 minutes"},"schema":{"@context":"https:\/\/schema.org","@graph":[{"@type":"Article","@id":"https:\/\/dmcsrb.com\/ekonomija\/manjinski-akcionari-radoja-dakica-traze-20-miliona-od-prodaje-gradjevinskog-zemljista\/#article","isPartOf":{"@id":"https:\/\/dmcsrb.com\/ekonomija\/manjinski-akcionari-radoja-dakica-traze-20-miliona-od-prodaje-gradjevinskog-zemljista\/"},"author":{"name":"dmcsrbija.com@gmail.com","@id":"https:\/\/dmcsrb.com\/#\/schema\/person\/5c39170f12db1b8b457732d0b5c854e2"},"headline":"Manjinski akcionari &#8220;Radoja Daki\u0107a&#8221; tra\u017ee 20 miliona od prodaje gra\u0111evinskog zemlji\u0161ta","datePublished":"2025-09-14T16:34:00+00:00","mainEntityOfPage":{"@id":"https:\/\/dmcsrb.com\/ekonomija\/manjinski-akcionari-radoja-dakica-traze-20-miliona-od-prodaje-gradjevinskog-zemljista\/"},"wordCount":543,"commentCount":0,"image":{"@id":"https:\/\/dmcsrb.com\/ekonomija\/manjinski-akcionari-radoja-dakica-traze-20-miliona-od-prodaje-gradjevinskog-zemljista\/#primaryimage"},"thumbnailUrl":"https:\/\/dmcsrb.com\/wp-content\/uploads\/2026\/01\/Radoje-Dakic.webp","keywords":["akcionari","Radoje Dakic"],"articleSection":["Ekonomija"],"inLanguage":"en-GB","potentialAction":[{"@type":"CommentAction","name":"Comment","target":["https:\/\/dmcsrb.com\/ekonomija\/manjinski-akcionari-radoja-dakica-traze-20-miliona-od-prodaje-gradjevinskog-zemljista\/#respond"]}]},{"@type":"WebPage","@id":"https:\/\/dmcsrb.com\/ekonomija\/manjinski-akcionari-radoja-dakica-traze-20-miliona-od-prodaje-gradjevinskog-zemljista\/","url":"https:\/\/dmcsrb.com\/ekonomija\/manjinski-akcionari-radoja-dakica-traze-20-miliona-od-prodaje-gradjevinskog-zemljista\/","name":"Manjinski akcionari \"Radoja Daki\u0107a\" tra\u017ee 20 miliona od prodaje gra\u0111evinskog zemlji\u0161ta - dmcsrb.com","isPartOf":{"@id":"https:\/\/dmcsrb.com\/#website"},"primaryImageOfPage":{"@id":"https:\/\/dmcsrb.com\/ekonomija\/manjinski-akcionari-radoja-dakica-traze-20-miliona-od-prodaje-gradjevinskog-zemljista\/#primaryimage"},"image":{"@id":"https:\/\/dmcsrb.com\/ekonomija\/manjinski-akcionari-radoja-dakica-traze-20-miliona-od-prodaje-gradjevinskog-zemljista\/#primaryimage"},"thumbnailUrl":"https:\/\/dmcsrb.com\/wp-content\/uploads\/2026\/01\/Radoje-Dakic.webp","datePublished":"2025-09-14T16:34:00+00:00","author":{"@id":"https:\/\/dmcsrb.com\/#\/schema\/person\/5c39170f12db1b8b457732d0b5c854e2"},"breadcrumb":{"@id":"https:\/\/dmcsrb.com\/ekonomija\/manjinski-akcionari-radoja-dakica-traze-20-miliona-od-prodaje-gradjevinskog-zemljista\/#breadcrumb"},"inLanguage":"en-GB","potentialAction":[{"@type":"ReadAction","target":["https:\/\/dmcsrb.com\/ekonomija\/manjinski-akcionari-radoja-dakica-traze-20-miliona-od-prodaje-gradjevinskog-zemljista\/"]}]},{"@type":"ImageObject","inLanguage":"en-GB","@id":"https:\/\/dmcsrb.com\/ekonomija\/manjinski-akcionari-radoja-dakica-traze-20-miliona-od-prodaje-gradjevinskog-zemljista\/#primaryimage","url":"https:\/\/dmcsrb.com\/wp-content\/uploads\/2026\/01\/Radoje-Dakic.webp","contentUrl":"https:\/\/dmcsrb.com\/wp-content\/uploads\/2026\/01\/Radoje-Dakic.webp","width":780,"height":470},{"@type":"BreadcrumbList","@id":"https:\/\/dmcsrb.com\/ekonomija\/manjinski-akcionari-radoja-dakica-traze-20-miliona-od-prodaje-gradjevinskog-zemljista\/#breadcrumb","itemListElement":[{"@type":"ListItem","position":1,"name":"Home","item":"https:\/\/dmcsrb.com\/"},{"@type":"ListItem","position":2,"name":"Manjinski akcionari &#8220;Radoja Daki\u0107a&#8221; tra\u017ee 20 miliona od prodaje gra\u0111evinskog zemlji\u0161ta"}]},{"@type":"WebSite","@id":"https:\/\/dmcsrb.com\/#website","url":"https:\/\/dmcsrb.com\/","name":"dmcsrb.com","description":"","potentialAction":[{"@type":"SearchAction","target":{"@type":"EntryPoint","urlTemplate":"https:\/\/dmcsrb.com\/?s={search_term_string}"},"query-input":{"@type":"PropertyValueSpecification","valueRequired":true,"valueName":"search_term_string"}}],"inLanguage":"en-GB"},{"@type":"Person","@id":"https:\/\/dmcsrb.com\/#\/schema\/person\/5c39170f12db1b8b457732d0b5c854e2","name":"dmcsrbija.com@gmail.com","image":{"@type":"ImageObject","inLanguage":"en-GB","@id":"https:\/\/secure.gravatar.com\/avatar\/68592660ad6347fad0fb587f8d5d8f1a7b44961362f56e4f2cd524feb87e9069?s=96&d=mm&r=g","url":"https:\/\/secure.gravatar.com\/avatar\/68592660ad6347fad0fb587f8d5d8f1a7b44961362f56e4f2cd524feb87e9069?s=96&d=mm&r=g","contentUrl":"https:\/\/secure.gravatar.com\/avatar\/68592660ad6347fad0fb587f8d5d8f1a7b44961362f56e4f2cd524feb87e9069?s=96&d=mm&r=g","caption":"dmcsrbija.com@gmail.com"},"sameAs":["https:\/\/dmcsrb.com"],"url":"https:\/\/dmcsrb.com\/en\/author\/dmcsrbija-comgmail-com\/"}]}},"_links":{"self":[{"href":"https:\/\/dmcsrb.com\/en\/wp-json\/wp\/v2\/posts\/952054","targetHints":{"allow":["GET"]}}],"collection":[{"href":"https:\/\/dmcsrb.com\/en\/wp-json\/wp\/v2\/posts"}],"about":[{"href":"https:\/\/dmcsrb.com\/en\/wp-json\/wp\/v2\/types\/post"}],"author":[{"embeddable":true,"href":"https:\/\/dmcsrb.com\/en\/wp-json\/wp\/v2\/users\/1"}],"replies":[{"embeddable":true,"href":"https:\/\/dmcsrb.com\/en\/wp-json\/wp\/v2\/comments?post=952054"}],"version-history":[{"count":0,"href":"https:\/\/dmcsrb.com\/en\/wp-json\/wp\/v2\/posts\/952054\/revisions"}],"wp:featuredmedia":[{"embeddable":true,"href":"https:\/\/dmcsrb.com\/en\/wp-json\/wp\/v2\/media\/952055"}],"wp:attachment":[{"href":"https:\/\/dmcsrb.com\/en\/wp-json\/wp\/v2\/media?parent=952054"}],"wp:term":[{"taxonomy":"category","embeddable":true,"href":"https:\/\/dmcsrb.com\/en\/wp-json\/wp\/v2\/categories?post=952054"},{"taxonomy":"post_tag","embeddable":true,"href":"https:\/\/dmcsrb.com\/en\/wp-json\/wp\/v2\/tags?post=952054"},{"taxonomy":"naslovna","embeddable":true,"href":"https:\/\/dmcsrb.com\/en\/wp-json\/wp\/v2\/naslovna?post=952054"}],"curies":[{"name":"wp","href":"https:\/\/api.w.org\/{rel}","templated":true}]}}