{"id":952045,"date":"2025-09-14T17:52:00","date_gmt":"2025-09-14T15:52:00","guid":{"rendered":"https:\/\/dmcsrb.com\/uncategorized\/video-u-podgorici-od-pocetka-godine-rodjeno-oko-2-300-djece\/"},"modified":"2025-09-14T17:52:00","modified_gmt":"2025-09-14T15:52:00","slug":"video-u-podgorici-od-pocetka-godine-rodjeno-oko-2-300-djece","status":"publish","type":"post","link":"https:\/\/dmcsrb.com\/en\/podgorica\/video-u-podgorici-od-pocetka-godine-rodjeno-oko-2-300-djece\/","title":{"rendered":"(VIDEO) U Podgorici od po\u010detka godine ro\u0111eno oko 2.300 djece"},"content":{"rendered":"<p><\/p>\n\n\n\n<p>U porodili\u0161tu Klini\u010dkog centra Crne Gore svaki dan ispisuje se najljep\u0161a pri\u010da- pri\u010da o novom \u017eivotu.&nbsp; Od januara ove godine do septembra u toj zdravstvenoj ustanovi ro\u0111eno je 2,267 beba. Veliki broj poro\u0111aja zabilje\u017een je i tokom ljetnjih dana, nagla\u0161ava specijalista ginekologije doktor Mahmut \u0160ehovi\u0107.<\/p>\n\n\n\n<p>&#8220;Ako govorimo o ljetnim mjesecima, jun, jul i avgust,&nbsp; bilo je ukupno 945 poro\u0111aja, \u0161to \u0107e re\u0107i da ginekologija&nbsp;i nije previ\u0161e ljetovala i nije previ\u0161e odmarala, ali smo imali tu privilegiju da svako jutro do\u010dekamo&nbsp;uz dje\u010dji pla\u010d&#8221;, istakao je specijalista ginekologije dr Mahmut \u0160ehovi\u0107 .<\/p>\n\n\n\n<figure class=\"wp-block-image size-large\"><img decoding=\"async\" src=\"https:\/\/gradski.me\/wp-content\/uploads\/2025\/09\/Capture-38-1024x443.jpg\" alt=\"\" class=\"wp-image-833409\"\/><figcaption class=\"wp-element-caption\">foto: Gradski.me<\/figcaption><\/figure>\n\n\n\n<p>Jedna od vje\u010ditih crnogorskih tema, da li se u Crnoj Gori vi\u0161e ra\u0111a djevoj\u010dica ili dje\u010daka i ovog puta izaziva veliku pa\u017enju. &nbsp;<\/p>\n\n\n\n<p>&#8220;Moram da napomenem da se po poro\u0111ajnim salama sve vi\u0161e \u010duju i trudnica i njihovih partneri,&nbsp;&nbsp;koji pri\u017eeljkuju i sanjaju djevoj\u010dice.&nbsp;Tako da \u0107u evo navesti jedan zanimljiv podatak&nbsp;da je u avgustu, na primjer, ro\u0111eno vi\u0161e djevoj\u010dica&nbsp;&nbsp;nego dje\u010daka, 165 u odnosu na 155&#8221;, kazao je \u0160ehovi\u0107.<\/p>\n\n\n\n<p>Ipak kada se povu\u010de crta dje\u010daci vode u odnosu na djevoj\u010dice.<\/p>\n\n\n\n<p>&#8220;Ako govorimo o godi\u0161njem nivou, taj broj je pribli\u017ean.&nbsp;U 2024. godini imali smo 51 odsto dje\u010daka,&nbsp;a 49 odsto djevoj\u010dica&#8221;, naveo je on.<\/p>\n\n\n\n<p>Kada je rije\u010d o natalitetu brojke pokazuju da on varira iz godine u godinu.<\/p>\n\n\n\n<p>&#8220;Statistika pokazuje, ako gledamo od 2020. godine&nbsp;do 2025. godine, 2024. godine imala je najmanji broj poro\u0111aja.&nbsp;No, popravljamo se u 2025. pa smo tako pro\u0161le godine&nbsp;&nbsp;do septembra mjeseca imali oko 2100 poro\u0111aja,&nbsp;a ove godine ve\u0107 sto i kusur novoro\u0111en\u010dadi&nbsp;vi\u0161e. Tako da smo svakako bolji i nadam se da \u0107emo biti jo\u0161 bolji&#8221;, zaklju\u010dio je \u0160ehovi\u0107.&nbsp;<\/p>\n\n\n\n<p>I Glavni grad pru\u017ea podr\u0161ku roditeljstvu,pa \u0107e svako novoro\u0111en\u010de dobiti po 100 eura, korisnicima materijalnog obezbje\u0111enja 150, dok \u0107e roditeljima sa invaliditetom &nbsp;biti&nbsp; ispla\u0107ena jednokratna naknada od 450 eura. Ove godine Sekretarijat za socijalno staranje opredijelio je 250 hiljada eura za podr\u0161ku porodicama, a do sada je realizovano gotovo 168 hiljada.<\/p>\n\n\n\n<figure class=\"wp-block-embed is-type-video is-provider-youtube wp-block-embed-youtube wp-embed-aspect-16-9 wp-has-aspect-ratio\"><div class=\"wp-block-embed__wrapper\">\n<iframe loading=\"lazy\" title=\"U Podgorici od po\u010detka godine ro\u0111eno oko 2.300 djece\" width=\"500\" height=\"281\" src=\"https:\/\/www.youtube.com\/embed\/akuYi_UnO_A?feature=oembed\" frameborder=\"0\" allow=\"accelerometer; autoplay; clipboard-write; encrypted-media; gyroscope; picture-in-picture; web-share\" referrerpolicy=\"strict-origin-when-cross-origin\" allowfullscreen><\/iframe>\n<\/div><\/figure>","protected":false},"excerpt":{"rendered":"<p>U Glavnom gradu do kraja avgusta ove godine ro\u0111eno je skoro 2.300 beba, a kako je Gradskoj saop\u0161tio doktor u Klini\u010dkom centru Crne Gore Mahmut \u0160ehovi\u0107 najvi\u0161e poro\u0111aja zabilje\u017eeno je u ljetnjim mjesecima. Statistika pokazuje da je 2025. godina donijela rast nataliteta, a u prilog roditeljima sti\u017ee i podr\u0161ka Glavnog grada.<\/p>","protected":false},"author":1,"featured_media":909068,"comment_status":"open","ping_status":"open","sticky":false,"template":"","format":"standard","meta":{"_acf_changed":false,"footnotes":""},"categories":[56],"tags":[1544,8031,31],"naslovna":[],"class_list":["post-952045","post","type-post","status-publish","format-standard","has-post-thumbnail","hentry","category-podgorica","tag-bebe","tag-mahmut-sehovic","tag-podgorica"],"acf":[],"yoast_head":"<!-- This site is optimized with the Yoast SEO plugin v27.4 - https:\/\/yoast.com\/product\/yoast-seo-wordpress\/ -->\n<title>(VIDEO) U Podgorici od po\u010detka godine ro\u0111eno oko 2.300 djece - dmcsrb.com<\/title>\n<meta name=\"robots\" content=\"index, follow, max-snippet:-1, max-image-preview:large, max-video-preview:-1\" \/>\n<link rel=\"canonical\" href=\"https:\/\/dmcsrb.com\/en\/podgorica\/video-u-podgorici-od-pocetka-godine-rodjeno-oko-2-300-djece\/\" \/>\n<meta property=\"og:locale\" content=\"en_GB\" \/>\n<meta property=\"og:type\" content=\"article\" \/>\n<meta property=\"og:title\" content=\"(VIDEO) U Podgorici od po\u010detka godine ro\u0111eno oko 2.300 djece - dmcsrb.com\" \/>\n<meta property=\"og:description\" content=\"U Glavnom gradu do kraja avgusta ove godine ro\u0111eno je skoro 2.300 beba, a kako je Gradskoj saop\u0161tio doktor u Klini\u010dkom centru Crne Gore Mahmut \u0160ehovi\u0107 najvi\u0161e poro\u0111aja zabilje\u017eeno je u ljetnjim mjesecima. Statistika pokazuje da je 2025. godina donijela rast nataliteta, a u prilog roditeljima sti\u017ee i podr\u0161ka Glavnog grada.\" \/>\n<meta property=\"og:url\" content=\"https:\/\/dmcsrb.com\/en\/podgorica\/video-u-podgorici-od-pocetka-godine-rodjeno-oko-2-300-djece\/\" \/>\n<meta property=\"og:site_name\" content=\"dmcsrb.com\" \/>\n<meta property=\"article:published_time\" content=\"2025-09-14T15:52:00+00:00\" \/>\n<meta property=\"og:image\" content=\"https:\/\/dmcsrb.com\/wp-content\/uploads\/2026\/01\/bebe.jpg\" \/>\n\t<meta property=\"og:image:width\" content=\"1827\" \/>\n\t<meta property=\"og:image:height\" content=\"840\" \/>\n\t<meta property=\"og:image:type\" content=\"image\/jpeg\" \/>\n<meta name=\"author\" content=\"dmcsrbija.com@gmail.com\" \/>\n<meta name=\"twitter:card\" content=\"summary_large_image\" \/>\n<meta name=\"twitter:label1\" content=\"Written by\" \/>\n\t<meta name=\"twitter:data1\" content=\"dmcsrbija.com@gmail.com\" \/>\n\t<meta name=\"twitter:label2\" content=\"Estimated reading time\" \/>\n\t<meta name=\"twitter:data2\" content=\"2 minutes\" \/>\n<script type=\"application\/ld+json\" class=\"yoast-schema-graph\">{\"@context\":\"https:\\\/\\\/schema.org\",\"@graph\":[{\"@type\":\"Article\",\"@id\":\"https:\\\/\\\/dmcsrb.com\\\/podgorica\\\/video-u-podgorici-od-pocetka-godine-rodjeno-oko-2-300-djece\\\/#article\",\"isPartOf\":{\"@id\":\"https:\\\/\\\/dmcsrb.com\\\/podgorica\\\/video-u-podgorici-od-pocetka-godine-rodjeno-oko-2-300-djece\\\/\"},\"author\":{\"name\":\"dmcsrbija.com@gmail.com\",\"@id\":\"https:\\\/\\\/dmcsrb.com\\\/#\\\/schema\\\/person\\\/5c39170f12db1b8b457732d0b5c854e2\"},\"headline\":\"(VIDEO) U Podgorici od po\u010detka godine ro\u0111eno oko 2.300 djece\",\"datePublished\":\"2025-09-14T15:52:00+00:00\",\"mainEntityOfPage\":{\"@id\":\"https:\\\/\\\/dmcsrb.com\\\/podgorica\\\/video-u-podgorici-od-pocetka-godine-rodjeno-oko-2-300-djece\\\/\"},\"wordCount\":396,\"commentCount\":0,\"image\":{\"@id\":\"https:\\\/\\\/dmcsrb.com\\\/podgorica\\\/video-u-podgorici-od-pocetka-godine-rodjeno-oko-2-300-djece\\\/#primaryimage\"},\"thumbnailUrl\":\"https:\\\/\\\/dmcsrb.com\\\/wp-content\\\/uploads\\\/2026\\\/01\\\/bebe.jpg\",\"keywords\":[\"bebe\",\"Mahmut \u0160ehovi\u0107\",\"Podgorica\"],\"articleSection\":[\"Podgorica\"],\"inLanguage\":\"en-GB\",\"potentialAction\":[{\"@type\":\"CommentAction\",\"name\":\"Comment\",\"target\":[\"https:\\\/\\\/dmcsrb.com\\\/podgorica\\\/video-u-podgorici-od-pocetka-godine-rodjeno-oko-2-300-djece\\\/#respond\"]}]},{\"@type\":\"WebPage\",\"@id\":\"https:\\\/\\\/dmcsrb.com\\\/podgorica\\\/video-u-podgorici-od-pocetka-godine-rodjeno-oko-2-300-djece\\\/\",\"url\":\"https:\\\/\\\/dmcsrb.com\\\/podgorica\\\/video-u-podgorici-od-pocetka-godine-rodjeno-oko-2-300-djece\\\/\",\"name\":\"(VIDEO) U Podgorici od po\u010detka godine ro\u0111eno oko 2.300 djece - dmcsrb.com\",\"isPartOf\":{\"@id\":\"https:\\\/\\\/dmcsrb.com\\\/#website\"},\"primaryImageOfPage\":{\"@id\":\"https:\\\/\\\/dmcsrb.com\\\/podgorica\\\/video-u-podgorici-od-pocetka-godine-rodjeno-oko-2-300-djece\\\/#primaryimage\"},\"image\":{\"@id\":\"https:\\\/\\\/dmcsrb.com\\\/podgorica\\\/video-u-podgorici-od-pocetka-godine-rodjeno-oko-2-300-djece\\\/#primaryimage\"},\"thumbnailUrl\":\"https:\\\/\\\/dmcsrb.com\\\/wp-content\\\/uploads\\\/2026\\\/01\\\/bebe.jpg\",\"datePublished\":\"2025-09-14T15:52:00+00:00\",\"author\":{\"@id\":\"https:\\\/\\\/dmcsrb.com\\\/#\\\/schema\\\/person\\\/5c39170f12db1b8b457732d0b5c854e2\"},\"breadcrumb\":{\"@id\":\"https:\\\/\\\/dmcsrb.com\\\/podgorica\\\/video-u-podgorici-od-pocetka-godine-rodjeno-oko-2-300-djece\\\/#breadcrumb\"},\"inLanguage\":\"en-GB\",\"potentialAction\":[{\"@type\":\"ReadAction\",\"target\":[\"https:\\\/\\\/dmcsrb.com\\\/podgorica\\\/video-u-podgorici-od-pocetka-godine-rodjeno-oko-2-300-djece\\\/\"]}]},{\"@type\":\"ImageObject\",\"inLanguage\":\"en-GB\",\"@id\":\"https:\\\/\\\/dmcsrb.com\\\/podgorica\\\/video-u-podgorici-od-pocetka-godine-rodjeno-oko-2-300-djece\\\/#primaryimage\",\"url\":\"https:\\\/\\\/dmcsrb.com\\\/wp-content\\\/uploads\\\/2026\\\/01\\\/bebe.jpg\",\"contentUrl\":\"https:\\\/\\\/dmcsrb.com\\\/wp-content\\\/uploads\\\/2026\\\/01\\\/bebe.jpg\",\"width\":1827,\"height\":840},{\"@type\":\"BreadcrumbList\",\"@id\":\"https:\\\/\\\/dmcsrb.com\\\/podgorica\\\/video-u-podgorici-od-pocetka-godine-rodjeno-oko-2-300-djece\\\/#breadcrumb\",\"itemListElement\":[{\"@type\":\"ListItem\",\"position\":1,\"name\":\"Home\",\"item\":\"https:\\\/\\\/dmcsrb.com\\\/\"},{\"@type\":\"ListItem\",\"position\":2,\"name\":\"(VIDEO) U Podgorici od po\u010detka godine ro\u0111eno oko 2.300 djece\"}]},{\"@type\":\"WebSite\",\"@id\":\"https:\\\/\\\/dmcsrb.com\\\/#website\",\"url\":\"https:\\\/\\\/dmcsrb.com\\\/\",\"name\":\"dmcsrb.com\",\"description\":\"\",\"potentialAction\":[{\"@type\":\"SearchAction\",\"target\":{\"@type\":\"EntryPoint\",\"urlTemplate\":\"https:\\\/\\\/dmcsrb.com\\\/?s={search_term_string}\"},\"query-input\":{\"@type\":\"PropertyValueSpecification\",\"valueRequired\":true,\"valueName\":\"search_term_string\"}}],\"inLanguage\":\"en-GB\"},{\"@type\":\"Person\",\"@id\":\"https:\\\/\\\/dmcsrb.com\\\/#\\\/schema\\\/person\\\/5c39170f12db1b8b457732d0b5c854e2\",\"name\":\"dmcsrbija.com@gmail.com\",\"image\":{\"@type\":\"ImageObject\",\"inLanguage\":\"en-GB\",\"@id\":\"https:\\\/\\\/secure.gravatar.com\\\/avatar\\\/68592660ad6347fad0fb587f8d5d8f1a7b44961362f56e4f2cd524feb87e9069?s=96&d=mm&r=g\",\"url\":\"https:\\\/\\\/secure.gravatar.com\\\/avatar\\\/68592660ad6347fad0fb587f8d5d8f1a7b44961362f56e4f2cd524feb87e9069?s=96&d=mm&r=g\",\"contentUrl\":\"https:\\\/\\\/secure.gravatar.com\\\/avatar\\\/68592660ad6347fad0fb587f8d5d8f1a7b44961362f56e4f2cd524feb87e9069?s=96&d=mm&r=g\",\"caption\":\"dmcsrbija.com@gmail.com\"},\"sameAs\":[\"https:\\\/\\\/dmcsrb.com\"],\"url\":\"https:\\\/\\\/dmcsrb.com\\\/en\\\/author\\\/dmcsrbija-comgmail-com\\\/\"}]}<\/script>\n<!-- \/ Yoast SEO plugin. -->","yoast_head_json":{"title":"(VIDEO) U Podgorici od po\u010detka godine ro\u0111eno oko 2.300 djece - dmcsrb.com","robots":{"index":"index","follow":"follow","max-snippet":"max-snippet:-1","max-image-preview":"max-image-preview:large","max-video-preview":"max-video-preview:-1"},"canonical":"https:\/\/dmcsrb.com\/en\/podgorica\/video-u-podgorici-od-pocetka-godine-rodjeno-oko-2-300-djece\/","og_locale":"en_GB","og_type":"article","og_title":"(VIDEO) U Podgorici od po\u010detka godine ro\u0111eno oko 2.300 djece - dmcsrb.com","og_description":"U Glavnom gradu do kraja avgusta ove godine ro\u0111eno je skoro 2.300 beba, a kako je Gradskoj saop\u0161tio doktor u Klini\u010dkom centru Crne Gore Mahmut \u0160ehovi\u0107 najvi\u0161e poro\u0111aja zabilje\u017eeno je u ljetnjim mjesecima. Statistika pokazuje da je 2025. godina donijela rast nataliteta, a u prilog roditeljima sti\u017ee i podr\u0161ka Glavnog grada.","og_url":"https:\/\/dmcsrb.com\/en\/podgorica\/video-u-podgorici-od-pocetka-godine-rodjeno-oko-2-300-djece\/","og_site_name":"dmcsrb.com","article_published_time":"2025-09-14T15:52:00+00:00","og_image":[{"width":1827,"height":840,"url":"https:\/\/dmcsrb.com\/wp-content\/uploads\/2026\/01\/bebe.jpg","type":"image\/jpeg"}],"author":"dmcsrbija.com@gmail.com","twitter_card":"summary_large_image","twitter_misc":{"Written by":"dmcsrbija.com@gmail.com","Estimated reading time":"2 minutes"},"schema":{"@context":"https:\/\/schema.org","@graph":[{"@type":"Article","@id":"https:\/\/dmcsrb.com\/podgorica\/video-u-podgorici-od-pocetka-godine-rodjeno-oko-2-300-djece\/#article","isPartOf":{"@id":"https:\/\/dmcsrb.com\/podgorica\/video-u-podgorici-od-pocetka-godine-rodjeno-oko-2-300-djece\/"},"author":{"name":"dmcsrbija.com@gmail.com","@id":"https:\/\/dmcsrb.com\/#\/schema\/person\/5c39170f12db1b8b457732d0b5c854e2"},"headline":"(VIDEO) U Podgorici od po\u010detka godine ro\u0111eno oko 2.300 djece","datePublished":"2025-09-14T15:52:00+00:00","mainEntityOfPage":{"@id":"https:\/\/dmcsrb.com\/podgorica\/video-u-podgorici-od-pocetka-godine-rodjeno-oko-2-300-djece\/"},"wordCount":396,"commentCount":0,"image":{"@id":"https:\/\/dmcsrb.com\/podgorica\/video-u-podgorici-od-pocetka-godine-rodjeno-oko-2-300-djece\/#primaryimage"},"thumbnailUrl":"https:\/\/dmcsrb.com\/wp-content\/uploads\/2026\/01\/bebe.jpg","keywords":["bebe","Mahmut \u0160ehovi\u0107","Podgorica"],"articleSection":["Podgorica"],"inLanguage":"en-GB","potentialAction":[{"@type":"CommentAction","name":"Comment","target":["https:\/\/dmcsrb.com\/podgorica\/video-u-podgorici-od-pocetka-godine-rodjeno-oko-2-300-djece\/#respond"]}]},{"@type":"WebPage","@id":"https:\/\/dmcsrb.com\/podgorica\/video-u-podgorici-od-pocetka-godine-rodjeno-oko-2-300-djece\/","url":"https:\/\/dmcsrb.com\/podgorica\/video-u-podgorici-od-pocetka-godine-rodjeno-oko-2-300-djece\/","name":"(VIDEO) U Podgorici od po\u010detka godine ro\u0111eno oko 2.300 djece - dmcsrb.com","isPartOf":{"@id":"https:\/\/dmcsrb.com\/#website"},"primaryImageOfPage":{"@id":"https:\/\/dmcsrb.com\/podgorica\/video-u-podgorici-od-pocetka-godine-rodjeno-oko-2-300-djece\/#primaryimage"},"image":{"@id":"https:\/\/dmcsrb.com\/podgorica\/video-u-podgorici-od-pocetka-godine-rodjeno-oko-2-300-djece\/#primaryimage"},"thumbnailUrl":"https:\/\/dmcsrb.com\/wp-content\/uploads\/2026\/01\/bebe.jpg","datePublished":"2025-09-14T15:52:00+00:00","author":{"@id":"https:\/\/dmcsrb.com\/#\/schema\/person\/5c39170f12db1b8b457732d0b5c854e2"},"breadcrumb":{"@id":"https:\/\/dmcsrb.com\/podgorica\/video-u-podgorici-od-pocetka-godine-rodjeno-oko-2-300-djece\/#breadcrumb"},"inLanguage":"en-GB","potentialAction":[{"@type":"ReadAction","target":["https:\/\/dmcsrb.com\/podgorica\/video-u-podgorici-od-pocetka-godine-rodjeno-oko-2-300-djece\/"]}]},{"@type":"ImageObject","inLanguage":"en-GB","@id":"https:\/\/dmcsrb.com\/podgorica\/video-u-podgorici-od-pocetka-godine-rodjeno-oko-2-300-djece\/#primaryimage","url":"https:\/\/dmcsrb.com\/wp-content\/uploads\/2026\/01\/bebe.jpg","contentUrl":"https:\/\/dmcsrb.com\/wp-content\/uploads\/2026\/01\/bebe.jpg","width":1827,"height":840},{"@type":"BreadcrumbList","@id":"https:\/\/dmcsrb.com\/podgorica\/video-u-podgorici-od-pocetka-godine-rodjeno-oko-2-300-djece\/#breadcrumb","itemListElement":[{"@type":"ListItem","position":1,"name":"Home","item":"https:\/\/dmcsrb.com\/"},{"@type":"ListItem","position":2,"name":"(VIDEO) U Podgorici od po\u010detka godine ro\u0111eno oko 2.300 djece"}]},{"@type":"WebSite","@id":"https:\/\/dmcsrb.com\/#website","url":"https:\/\/dmcsrb.com\/","name":"dmcsrb.com","description":"","potentialAction":[{"@type":"SearchAction","target":{"@type":"EntryPoint","urlTemplate":"https:\/\/dmcsrb.com\/?s={search_term_string}"},"query-input":{"@type":"PropertyValueSpecification","valueRequired":true,"valueName":"search_term_string"}}],"inLanguage":"en-GB"},{"@type":"Person","@id":"https:\/\/dmcsrb.com\/#\/schema\/person\/5c39170f12db1b8b457732d0b5c854e2","name":"dmcsrbija.com@gmail.com","image":{"@type":"ImageObject","inLanguage":"en-GB","@id":"https:\/\/secure.gravatar.com\/avatar\/68592660ad6347fad0fb587f8d5d8f1a7b44961362f56e4f2cd524feb87e9069?s=96&d=mm&r=g","url":"https:\/\/secure.gravatar.com\/avatar\/68592660ad6347fad0fb587f8d5d8f1a7b44961362f56e4f2cd524feb87e9069?s=96&d=mm&r=g","contentUrl":"https:\/\/secure.gravatar.com\/avatar\/68592660ad6347fad0fb587f8d5d8f1a7b44961362f56e4f2cd524feb87e9069?s=96&d=mm&r=g","caption":"dmcsrbija.com@gmail.com"},"sameAs":["https:\/\/dmcsrb.com"],"url":"https:\/\/dmcsrb.com\/en\/author\/dmcsrbija-comgmail-com\/"}]}},"_links":{"self":[{"href":"https:\/\/dmcsrb.com\/en\/wp-json\/wp\/v2\/posts\/952045","targetHints":{"allow":["GET"]}}],"collection":[{"href":"https:\/\/dmcsrb.com\/en\/wp-json\/wp\/v2\/posts"}],"about":[{"href":"https:\/\/dmcsrb.com\/en\/wp-json\/wp\/v2\/types\/post"}],"author":[{"embeddable":true,"href":"https:\/\/dmcsrb.com\/en\/wp-json\/wp\/v2\/users\/1"}],"replies":[{"embeddable":true,"href":"https:\/\/dmcsrb.com\/en\/wp-json\/wp\/v2\/comments?post=952045"}],"version-history":[{"count":0,"href":"https:\/\/dmcsrb.com\/en\/wp-json\/wp\/v2\/posts\/952045\/revisions"}],"wp:featuredmedia":[{"embeddable":true,"href":"https:\/\/dmcsrb.com\/en\/wp-json\/wp\/v2\/media\/909068"}],"wp:attachment":[{"href":"https:\/\/dmcsrb.com\/en\/wp-json\/wp\/v2\/media?parent=952045"}],"wp:term":[{"taxonomy":"category","embeddable":true,"href":"https:\/\/dmcsrb.com\/en\/wp-json\/wp\/v2\/categories?post=952045"},{"taxonomy":"post_tag","embeddable":true,"href":"https:\/\/dmcsrb.com\/en\/wp-json\/wp\/v2\/tags?post=952045"},{"taxonomy":"naslovna","embeddable":true,"href":"https:\/\/dmcsrb.com\/en\/wp-json\/wp\/v2\/naslovna?post=952045"}],"curies":[{"name":"wp","href":"https:\/\/api.w.org\/{rel}","templated":true}]}}