{"id":952039,"date":"2025-09-14T16:24:00","date_gmt":"2025-09-14T14:24:00","guid":{"rendered":"https:\/\/dmcsrb.com\/uncategorized\/premijer-katara-izraelska-praksa-nece-zaustaviti-posrednicke-napore-dohe\/"},"modified":"2025-09-14T16:24:00","modified_gmt":"2025-09-14T14:24:00","slug":"premijer-katara-izraelska-praksa-nece-zaustaviti-posrednicke-napore-dohe","status":"publish","type":"post","link":"https:\/\/dmcsrb.com\/en\/svijet\/premijer-katara-izraelska-praksa-nece-zaustaviti-posrednicke-napore-dohe\/","title":{"rendered":"Premijer Katara: Izraelska praksa ne\u0107e zaustaviti posredni\u010dke napore Dohe"},"content":{"rendered":"<p>On je to izjavio u televizijskom obra\u0107anju pred o\u010dekivani arapski samit na kojem \u0107e se razgovarati o izraelskom napadu na Hamasovo rukovodstvo u Dohi pro\u0161log ponedjeljka, prenosi Rojters.<\/p>\n\n\n\n<p>Palestinski militantni pokret Hamas saop\u0161tio je u \u010detvrtak da izraelski napad, koji je u utorak imao za metu njegove lidere u Dohi, ne\u0107e promijeniti uslove te grupe o okon\u010danju rata u Gazi.<\/p>","protected":false},"excerpt":{"rendered":"<p>Katarski premijer \u0161eik Mohamed bin Abdulrahman al-Tani izjavio je danas da izraelska &#8220;praksa&#8221; ne\u0107e zaustaviti posredni\u010dke napore Dohe sa Egiptom i SAD da bi se okon\u010dao rat u Gazi.<\/p>","protected":false},"author":1,"featured_media":952040,"comment_status":"open","ping_status":"open","sticky":false,"template":"","format":"standard","meta":{"_acf_changed":false,"footnotes":""},"categories":[144],"tags":[7498,145],"naslovna":[],"class_list":["post-952039","post","type-post","status-publish","format-standard","has-post-thumbnail","hentry","category-svijet","tag-katar","tag-svijet"],"acf":[],"yoast_head":"<!-- This site is optimized with the Yoast SEO plugin v27.4 - https:\/\/yoast.com\/product\/yoast-seo-wordpress\/ -->\n<title>Premijer Katara: Izraelska praksa ne\u0107e zaustaviti posredni\u010dke napore Dohe - dmcsrb.com<\/title>\n<meta name=\"robots\" content=\"index, follow, max-snippet:-1, max-image-preview:large, max-video-preview:-1\" \/>\n<link rel=\"canonical\" href=\"https:\/\/dmcsrb.com\/en\/svijet\/premijer-katara-izraelska-praksa-nece-zaustaviti-posrednicke-napore-dohe\/\" \/>\n<meta property=\"og:locale\" content=\"en_GB\" \/>\n<meta property=\"og:type\" content=\"article\" \/>\n<meta property=\"og:title\" content=\"Premijer Katara: Izraelska praksa ne\u0107e zaustaviti posredni\u010dke napore Dohe - dmcsrb.com\" \/>\n<meta property=\"og:description\" content=\"Katarski premijer \u0161eik Mohamed bin Abdulrahman al-Tani izjavio je danas da izraelska &quot;praksa&quot; ne\u0107e zaustaviti posredni\u010dke napore Dohe sa Egiptom i SAD da bi se okon\u010dao rat u Gazi.\" \/>\n<meta property=\"og:url\" content=\"https:\/\/dmcsrb.com\/en\/svijet\/premijer-katara-izraelska-praksa-nece-zaustaviti-posrednicke-napore-dohe\/\" \/>\n<meta property=\"og:site_name\" content=\"dmcsrb.com\" \/>\n<meta property=\"article:published_time\" content=\"2025-09-14T14:24:00+00:00\" \/>\n<meta property=\"og:image\" content=\"https:\/\/dmcsrb.com\/wp-content\/uploads\/2026\/01\/skyscrapers-3850732_1280.webp\" \/>\n\t<meta property=\"og:image:width\" content=\"1280\" \/>\n\t<meta property=\"og:image:height\" content=\"853\" \/>\n\t<meta property=\"og:image:type\" content=\"image\/jpeg\" \/>\n<meta name=\"author\" content=\"dmcsrbija.com@gmail.com\" \/>\n<meta name=\"twitter:card\" content=\"summary_large_image\" \/>\n<meta name=\"twitter:label1\" content=\"Written by\" \/>\n\t<meta name=\"twitter:data1\" content=\"dmcsrbija.com@gmail.com\" \/>\n<script type=\"application\/ld+json\" class=\"yoast-schema-graph\">{\"@context\":\"https:\\\/\\\/schema.org\",\"@graph\":[{\"@type\":\"Article\",\"@id\":\"https:\\\/\\\/dmcsrb.com\\\/svijet\\\/premijer-katara-izraelska-praksa-nece-zaustaviti-posrednicke-napore-dohe\\\/#article\",\"isPartOf\":{\"@id\":\"https:\\\/\\\/dmcsrb.com\\\/svijet\\\/premijer-katara-izraelska-praksa-nece-zaustaviti-posrednicke-napore-dohe\\\/\"},\"author\":{\"name\":\"dmcsrbija.com@gmail.com\",\"@id\":\"https:\\\/\\\/dmcsrb.com\\\/#\\\/schema\\\/person\\\/5c39170f12db1b8b457732d0b5c854e2\"},\"headline\":\"Premijer Katara: Izraelska praksa ne\u0107e zaustaviti posredni\u010dke napore Dohe\",\"datePublished\":\"2025-09-14T14:24:00+00:00\",\"mainEntityOfPage\":{\"@id\":\"https:\\\/\\\/dmcsrb.com\\\/svijet\\\/premijer-katara-izraelska-praksa-nece-zaustaviti-posrednicke-napore-dohe\\\/\"},\"wordCount\":77,\"commentCount\":0,\"image\":{\"@id\":\"https:\\\/\\\/dmcsrb.com\\\/svijet\\\/premijer-katara-izraelska-praksa-nece-zaustaviti-posrednicke-napore-dohe\\\/#primaryimage\"},\"thumbnailUrl\":\"https:\\\/\\\/dmcsrb.com\\\/wp-content\\\/uploads\\\/2026\\\/01\\\/skyscrapers-3850732_1280.webp\",\"keywords\":[\"Katar\",\"svijet\"],\"articleSection\":[\"Svijet\"],\"inLanguage\":\"en-GB\",\"potentialAction\":[{\"@type\":\"CommentAction\",\"name\":\"Comment\",\"target\":[\"https:\\\/\\\/dmcsrb.com\\\/svijet\\\/premijer-katara-izraelska-praksa-nece-zaustaviti-posrednicke-napore-dohe\\\/#respond\"]}]},{\"@type\":\"WebPage\",\"@id\":\"https:\\\/\\\/dmcsrb.com\\\/svijet\\\/premijer-katara-izraelska-praksa-nece-zaustaviti-posrednicke-napore-dohe\\\/\",\"url\":\"https:\\\/\\\/dmcsrb.com\\\/svijet\\\/premijer-katara-izraelska-praksa-nece-zaustaviti-posrednicke-napore-dohe\\\/\",\"name\":\"Premijer Katara: Izraelska praksa ne\u0107e zaustaviti posredni\u010dke napore Dohe - dmcsrb.com\",\"isPartOf\":{\"@id\":\"https:\\\/\\\/dmcsrb.com\\\/#website\"},\"primaryImageOfPage\":{\"@id\":\"https:\\\/\\\/dmcsrb.com\\\/svijet\\\/premijer-katara-izraelska-praksa-nece-zaustaviti-posrednicke-napore-dohe\\\/#primaryimage\"},\"image\":{\"@id\":\"https:\\\/\\\/dmcsrb.com\\\/svijet\\\/premijer-katara-izraelska-praksa-nece-zaustaviti-posrednicke-napore-dohe\\\/#primaryimage\"},\"thumbnailUrl\":\"https:\\\/\\\/dmcsrb.com\\\/wp-content\\\/uploads\\\/2026\\\/01\\\/skyscrapers-3850732_1280.webp\",\"datePublished\":\"2025-09-14T14:24:00+00:00\",\"author\":{\"@id\":\"https:\\\/\\\/dmcsrb.com\\\/#\\\/schema\\\/person\\\/5c39170f12db1b8b457732d0b5c854e2\"},\"breadcrumb\":{\"@id\":\"https:\\\/\\\/dmcsrb.com\\\/svijet\\\/premijer-katara-izraelska-praksa-nece-zaustaviti-posrednicke-napore-dohe\\\/#breadcrumb\"},\"inLanguage\":\"en-GB\",\"potentialAction\":[{\"@type\":\"ReadAction\",\"target\":[\"https:\\\/\\\/dmcsrb.com\\\/svijet\\\/premijer-katara-izraelska-praksa-nece-zaustaviti-posrednicke-napore-dohe\\\/\"]}]},{\"@type\":\"ImageObject\",\"inLanguage\":\"en-GB\",\"@id\":\"https:\\\/\\\/dmcsrb.com\\\/svijet\\\/premijer-katara-izraelska-praksa-nece-zaustaviti-posrednicke-napore-dohe\\\/#primaryimage\",\"url\":\"https:\\\/\\\/dmcsrb.com\\\/wp-content\\\/uploads\\\/2026\\\/01\\\/skyscrapers-3850732_1280.webp\",\"contentUrl\":\"https:\\\/\\\/dmcsrb.com\\\/wp-content\\\/uploads\\\/2026\\\/01\\\/skyscrapers-3850732_1280.webp\",\"width\":1280,\"height\":853},{\"@type\":\"BreadcrumbList\",\"@id\":\"https:\\\/\\\/dmcsrb.com\\\/svijet\\\/premijer-katara-izraelska-praksa-nece-zaustaviti-posrednicke-napore-dohe\\\/#breadcrumb\",\"itemListElement\":[{\"@type\":\"ListItem\",\"position\":1,\"name\":\"Home\",\"item\":\"https:\\\/\\\/dmcsrb.com\\\/\"},{\"@type\":\"ListItem\",\"position\":2,\"name\":\"Premijer Katara: Izraelska praksa ne\u0107e zaustaviti posredni\u010dke napore Dohe\"}]},{\"@type\":\"WebSite\",\"@id\":\"https:\\\/\\\/dmcsrb.com\\\/#website\",\"url\":\"https:\\\/\\\/dmcsrb.com\\\/\",\"name\":\"dmcsrb.com\",\"description\":\"\",\"potentialAction\":[{\"@type\":\"SearchAction\",\"target\":{\"@type\":\"EntryPoint\",\"urlTemplate\":\"https:\\\/\\\/dmcsrb.com\\\/?s={search_term_string}\"},\"query-input\":{\"@type\":\"PropertyValueSpecification\",\"valueRequired\":true,\"valueName\":\"search_term_string\"}}],\"inLanguage\":\"en-GB\"},{\"@type\":\"Person\",\"@id\":\"https:\\\/\\\/dmcsrb.com\\\/#\\\/schema\\\/person\\\/5c39170f12db1b8b457732d0b5c854e2\",\"name\":\"dmcsrbija.com@gmail.com\",\"image\":{\"@type\":\"ImageObject\",\"inLanguage\":\"en-GB\",\"@id\":\"https:\\\/\\\/secure.gravatar.com\\\/avatar\\\/68592660ad6347fad0fb587f8d5d8f1a7b44961362f56e4f2cd524feb87e9069?s=96&d=mm&r=g\",\"url\":\"https:\\\/\\\/secure.gravatar.com\\\/avatar\\\/68592660ad6347fad0fb587f8d5d8f1a7b44961362f56e4f2cd524feb87e9069?s=96&d=mm&r=g\",\"contentUrl\":\"https:\\\/\\\/secure.gravatar.com\\\/avatar\\\/68592660ad6347fad0fb587f8d5d8f1a7b44961362f56e4f2cd524feb87e9069?s=96&d=mm&r=g\",\"caption\":\"dmcsrbija.com@gmail.com\"},\"sameAs\":[\"https:\\\/\\\/dmcsrb.com\"],\"url\":\"https:\\\/\\\/dmcsrb.com\\\/en\\\/author\\\/dmcsrbija-comgmail-com\\\/\"}]}<\/script>\n<!-- \/ Yoast SEO plugin. -->","yoast_head_json":{"title":"Premijer Katara: Izraelska praksa ne\u0107e zaustaviti posredni\u010dke napore Dohe - dmcsrb.com","robots":{"index":"index","follow":"follow","max-snippet":"max-snippet:-1","max-image-preview":"max-image-preview:large","max-video-preview":"max-video-preview:-1"},"canonical":"https:\/\/dmcsrb.com\/en\/svijet\/premijer-katara-izraelska-praksa-nece-zaustaviti-posrednicke-napore-dohe\/","og_locale":"en_GB","og_type":"article","og_title":"Premijer Katara: Izraelska praksa ne\u0107e zaustaviti posredni\u010dke napore Dohe - dmcsrb.com","og_description":"Katarski premijer \u0161eik Mohamed bin Abdulrahman al-Tani izjavio je danas da izraelska \"praksa\" ne\u0107e zaustaviti posredni\u010dke napore Dohe sa Egiptom i SAD da bi se okon\u010dao rat u Gazi.","og_url":"https:\/\/dmcsrb.com\/en\/svijet\/premijer-katara-izraelska-praksa-nece-zaustaviti-posrednicke-napore-dohe\/","og_site_name":"dmcsrb.com","article_published_time":"2025-09-14T14:24:00+00:00","og_image":[{"width":1280,"height":853,"url":"https:\/\/dmcsrb.com\/wp-content\/uploads\/2026\/01\/skyscrapers-3850732_1280.webp","type":"image\/jpeg"}],"author":"dmcsrbija.com@gmail.com","twitter_card":"summary_large_image","twitter_misc":{"Written by":"dmcsrbija.com@gmail.com"},"schema":{"@context":"https:\/\/schema.org","@graph":[{"@type":"Article","@id":"https:\/\/dmcsrb.com\/svijet\/premijer-katara-izraelska-praksa-nece-zaustaviti-posrednicke-napore-dohe\/#article","isPartOf":{"@id":"https:\/\/dmcsrb.com\/svijet\/premijer-katara-izraelska-praksa-nece-zaustaviti-posrednicke-napore-dohe\/"},"author":{"name":"dmcsrbija.com@gmail.com","@id":"https:\/\/dmcsrb.com\/#\/schema\/person\/5c39170f12db1b8b457732d0b5c854e2"},"headline":"Premijer Katara: Izraelska praksa ne\u0107e zaustaviti posredni\u010dke napore Dohe","datePublished":"2025-09-14T14:24:00+00:00","mainEntityOfPage":{"@id":"https:\/\/dmcsrb.com\/svijet\/premijer-katara-izraelska-praksa-nece-zaustaviti-posrednicke-napore-dohe\/"},"wordCount":77,"commentCount":0,"image":{"@id":"https:\/\/dmcsrb.com\/svijet\/premijer-katara-izraelska-praksa-nece-zaustaviti-posrednicke-napore-dohe\/#primaryimage"},"thumbnailUrl":"https:\/\/dmcsrb.com\/wp-content\/uploads\/2026\/01\/skyscrapers-3850732_1280.webp","keywords":["Katar","svijet"],"articleSection":["Svijet"],"inLanguage":"en-GB","potentialAction":[{"@type":"CommentAction","name":"Comment","target":["https:\/\/dmcsrb.com\/svijet\/premijer-katara-izraelska-praksa-nece-zaustaviti-posrednicke-napore-dohe\/#respond"]}]},{"@type":"WebPage","@id":"https:\/\/dmcsrb.com\/svijet\/premijer-katara-izraelska-praksa-nece-zaustaviti-posrednicke-napore-dohe\/","url":"https:\/\/dmcsrb.com\/svijet\/premijer-katara-izraelska-praksa-nece-zaustaviti-posrednicke-napore-dohe\/","name":"Premijer Katara: Izraelska praksa ne\u0107e zaustaviti posredni\u010dke napore Dohe - dmcsrb.com","isPartOf":{"@id":"https:\/\/dmcsrb.com\/#website"},"primaryImageOfPage":{"@id":"https:\/\/dmcsrb.com\/svijet\/premijer-katara-izraelska-praksa-nece-zaustaviti-posrednicke-napore-dohe\/#primaryimage"},"image":{"@id":"https:\/\/dmcsrb.com\/svijet\/premijer-katara-izraelska-praksa-nece-zaustaviti-posrednicke-napore-dohe\/#primaryimage"},"thumbnailUrl":"https:\/\/dmcsrb.com\/wp-content\/uploads\/2026\/01\/skyscrapers-3850732_1280.webp","datePublished":"2025-09-14T14:24:00+00:00","author":{"@id":"https:\/\/dmcsrb.com\/#\/schema\/person\/5c39170f12db1b8b457732d0b5c854e2"},"breadcrumb":{"@id":"https:\/\/dmcsrb.com\/svijet\/premijer-katara-izraelska-praksa-nece-zaustaviti-posrednicke-napore-dohe\/#breadcrumb"},"inLanguage":"en-GB","potentialAction":[{"@type":"ReadAction","target":["https:\/\/dmcsrb.com\/svijet\/premijer-katara-izraelska-praksa-nece-zaustaviti-posrednicke-napore-dohe\/"]}]},{"@type":"ImageObject","inLanguage":"en-GB","@id":"https:\/\/dmcsrb.com\/svijet\/premijer-katara-izraelska-praksa-nece-zaustaviti-posrednicke-napore-dohe\/#primaryimage","url":"https:\/\/dmcsrb.com\/wp-content\/uploads\/2026\/01\/skyscrapers-3850732_1280.webp","contentUrl":"https:\/\/dmcsrb.com\/wp-content\/uploads\/2026\/01\/skyscrapers-3850732_1280.webp","width":1280,"height":853},{"@type":"BreadcrumbList","@id":"https:\/\/dmcsrb.com\/svijet\/premijer-katara-izraelska-praksa-nece-zaustaviti-posrednicke-napore-dohe\/#breadcrumb","itemListElement":[{"@type":"ListItem","position":1,"name":"Home","item":"https:\/\/dmcsrb.com\/"},{"@type":"ListItem","position":2,"name":"Premijer Katara: Izraelska praksa ne\u0107e zaustaviti posredni\u010dke napore Dohe"}]},{"@type":"WebSite","@id":"https:\/\/dmcsrb.com\/#website","url":"https:\/\/dmcsrb.com\/","name":"dmcsrb.com","description":"","potentialAction":[{"@type":"SearchAction","target":{"@type":"EntryPoint","urlTemplate":"https:\/\/dmcsrb.com\/?s={search_term_string}"},"query-input":{"@type":"PropertyValueSpecification","valueRequired":true,"valueName":"search_term_string"}}],"inLanguage":"en-GB"},{"@type":"Person","@id":"https:\/\/dmcsrb.com\/#\/schema\/person\/5c39170f12db1b8b457732d0b5c854e2","name":"dmcsrbija.com@gmail.com","image":{"@type":"ImageObject","inLanguage":"en-GB","@id":"https:\/\/secure.gravatar.com\/avatar\/68592660ad6347fad0fb587f8d5d8f1a7b44961362f56e4f2cd524feb87e9069?s=96&d=mm&r=g","url":"https:\/\/secure.gravatar.com\/avatar\/68592660ad6347fad0fb587f8d5d8f1a7b44961362f56e4f2cd524feb87e9069?s=96&d=mm&r=g","contentUrl":"https:\/\/secure.gravatar.com\/avatar\/68592660ad6347fad0fb587f8d5d8f1a7b44961362f56e4f2cd524feb87e9069?s=96&d=mm&r=g","caption":"dmcsrbija.com@gmail.com"},"sameAs":["https:\/\/dmcsrb.com"],"url":"https:\/\/dmcsrb.com\/en\/author\/dmcsrbija-comgmail-com\/"}]}},"_links":{"self":[{"href":"https:\/\/dmcsrb.com\/en\/wp-json\/wp\/v2\/posts\/952039","targetHints":{"allow":["GET"]}}],"collection":[{"href":"https:\/\/dmcsrb.com\/en\/wp-json\/wp\/v2\/posts"}],"about":[{"href":"https:\/\/dmcsrb.com\/en\/wp-json\/wp\/v2\/types\/post"}],"author":[{"embeddable":true,"href":"https:\/\/dmcsrb.com\/en\/wp-json\/wp\/v2\/users\/1"}],"replies":[{"embeddable":true,"href":"https:\/\/dmcsrb.com\/en\/wp-json\/wp\/v2\/comments?post=952039"}],"version-history":[{"count":0,"href":"https:\/\/dmcsrb.com\/en\/wp-json\/wp\/v2\/posts\/952039\/revisions"}],"wp:featuredmedia":[{"embeddable":true,"href":"https:\/\/dmcsrb.com\/en\/wp-json\/wp\/v2\/media\/952040"}],"wp:attachment":[{"href":"https:\/\/dmcsrb.com\/en\/wp-json\/wp\/v2\/media?parent=952039"}],"wp:term":[{"taxonomy":"category","embeddable":true,"href":"https:\/\/dmcsrb.com\/en\/wp-json\/wp\/v2\/categories?post=952039"},{"taxonomy":"post_tag","embeddable":true,"href":"https:\/\/dmcsrb.com\/en\/wp-json\/wp\/v2\/tags?post=952039"},{"taxonomy":"naslovna","embeddable":true,"href":"https:\/\/dmcsrb.com\/en\/wp-json\/wp\/v2\/naslovna?post=952039"}],"curies":[{"name":"wp","href":"https:\/\/api.w.org\/{rel}","templated":true}]}}