{"id":951990,"date":"2025-09-14T10:38:00","date_gmt":"2025-09-14T08:38:00","guid":{"rendered":"https:\/\/dmcsrb.com\/uncategorized\/rasvijetljena-kradja-vozila-budvanska-policija-uhapsila-jednu-osobu-traga-za-jos-dvojicom\/"},"modified":"2025-09-14T10:38:00","modified_gmt":"2025-09-14T08:38:00","slug":"rasvijetljena-kradja-vozila-budvanska-policija-uhapsila-jednu-osobu-traga-za-jos-dvojicom","status":"publish","type":"post","link":"https:\/\/dmcsrb.com\/en\/hronika\/rasvijetljena-kradja-vozila-budvanska-policija-uhapsila-jednu-osobu-traga-za-jos-dvojicom\/","title":{"rendered":"Rasvijetljena kra\u0111a vozila: Budvanska policija uhapsila jednu osobu, traga za jo\u0161 dvojicom"},"content":{"rendered":"<p><br><\/p>\n\n\n\n<p><\/p>\n\n\n\n<p>Kako je saop\u0161teno iz Uprave policije, vozilo marke MG za kojim je bila raspisana me\u0111unarodna potjernica NCB Interpola Ljubljana, ilegalno je u\u0161lo u Crnu Goru. Tako\u0111e, utvr\u0111eno je da su na vozilu bile prika\u010dene ukradene registarske oznake sa teritorije Podgorice.<\/p>\n\n\n\n<p>Na osnovu sprovedenih istra\u017enih radnji, vje\u0161ta\u010denja i me\u0111unarodne policijske saradnje, sumnja se da su osumnji\u010deni planirali i izvr\u0161ili krivi\u010dna djela sa ciljem prikrivanja prethodnih kra\u0111a i stvaranja uslova za izvr\u0161enje te\u017eih krivi\u010dnih djela, koriste\u0107i sredstva za uni\u0161tavanje tragova.<\/p>\n\n\n\n<p>Jedan od osumnji\u010denih, D.\u0160., povratnik u izvr\u0161enju krivi\u010dnih djela,uhap\u0161en je 4. septembra 2025. godine po nalogu dr\u017eavnog tu\u017eioca u Osnovnom dr\u017eavnom tu\u017eila\u0161tvu u Kotoru zbog falsifikovanja isprave. Nakon tu\u017eila\u010dkog zadr\u017eavanja, sudija za istragu u Kotoru odredio mu je pritvor od 30 dana.<\/p>\n\n\n\n<p>Policija je izvr\u0161ila pretrese stanova i drugih prostorija osumnji\u010denih, u potrazi za predmetima i tragovima povezanih sa krivi\u010dnim djelima. Za V.V. sa Cetinja i N.M. iz Srbije se i dalje intenzivno traga.<\/p>\n\n\n\n<p>V.V. i N.M. ranije su bili povezani sa organizovanim kriminalnim grupama, pri \u010demu je N.M. prethodno osu\u0111ivan zbog planiranja ubistva i nedozvoljenog posjedovanja oru\u017eja i eksplozivnih materija.<\/p>\n\n\n\n<p>Policija Budve najavila je nastavak aktivnosti na rasvjetljavanju krivi\u010dnih djela na teritoriji Budve i crnogorskog primorja, a javnost \u0107e biti blagovremeno obavije\u0161tena o daljim rezultatima.<\/p>","protected":false},"excerpt":{"rendered":"<p>Budvanska policija rasvijetlila je kra\u0111u vozila od 10. jula i identifikovala \u010detiri osobe, me\u0111u kojima su tri dr\u017eavljanina Srbije \u2013 D.\u0160. (24), V.V. (30) i N.M. (39), dok jedan jo\u0161 nije poznat, zbog sumnje da su po\u010dinili krivi\u010dna djela kriminalno udru\u017eivanje i falsifikovanje isprava.<\/p>","protected":false},"author":1,"featured_media":951991,"comment_status":"open","ping_status":"open","sticky":false,"template":"","format":"standard","meta":{"_acf_changed":false,"footnotes":""},"categories":[17],"tags":[2214,186,1213],"naslovna":[],"class_list":["post-951990","post","type-post","status-publish","format-standard","has-post-thumbnail","hentry","category-hronika","tag-automobil","tag-budva","tag-kradja"],"acf":[],"yoast_head":"<!-- This site is optimized with the Yoast SEO plugin v27.4 - https:\/\/yoast.com\/product\/yoast-seo-wordpress\/ -->\n<title>Rasvijetljena kra\u0111a vozila: Budvanska policija uhapsila jednu osobu, traga za jo\u0161 dvojicom - dmcsrb.com<\/title>\n<meta name=\"robots\" content=\"index, follow, max-snippet:-1, max-image-preview:large, max-video-preview:-1\" \/>\n<link rel=\"canonical\" href=\"https:\/\/dmcsrb.com\/en\/hronika\/rasvijetljena-kradja-vozila-budvanska-policija-uhapsila-jednu-osobu-traga-za-jos-dvojicom\/\" \/>\n<meta property=\"og:locale\" content=\"en_GB\" \/>\n<meta property=\"og:type\" content=\"article\" \/>\n<meta property=\"og:title\" content=\"Rasvijetljena kra\u0111a vozila: Budvanska policija uhapsila jednu osobu, traga za jo\u0161 dvojicom - dmcsrb.com\" \/>\n<meta property=\"og:description\" content=\"Budvanska policija rasvijetlila je kra\u0111u vozila od 10. jula i identifikovala \u010detiri osobe, me\u0111u kojima su tri dr\u017eavljanina Srbije \u2013 D.\u0160. (24), V.V. (30) i N.M. (39), dok jedan jo\u0161 nije poznat, zbog sumnje da su po\u010dinili krivi\u010dna djela kriminalno udru\u017eivanje i falsifikovanje isprava.\" \/>\n<meta property=\"og:url\" content=\"https:\/\/dmcsrb.com\/en\/hronika\/rasvijetljena-kradja-vozila-budvanska-policija-uhapsila-jednu-osobu-traga-za-jos-dvojicom\/\" \/>\n<meta property=\"og:site_name\" content=\"dmcsrb.com\" \/>\n<meta property=\"article:published_time\" content=\"2025-09-14T08:38:00+00:00\" \/>\n<meta property=\"og:image\" content=\"https:\/\/dmcsrb.com\/wp-content\/uploads\/2026\/01\/auto.webp\" \/>\n\t<meta property=\"og:image:width\" content=\"1118\" \/>\n\t<meta property=\"og:image:height\" content=\"745\" \/>\n\t<meta property=\"og:image:type\" content=\"image\/jpeg\" \/>\n<meta name=\"author\" content=\"dmcsrbija.com@gmail.com\" \/>\n<meta name=\"twitter:card\" content=\"summary_large_image\" \/>\n<meta name=\"twitter:label1\" content=\"Written by\" \/>\n\t<meta name=\"twitter:data1\" content=\"dmcsrbija.com@gmail.com\" \/>\n\t<meta name=\"twitter:label2\" content=\"Estimated reading time\" \/>\n\t<meta name=\"twitter:data2\" content=\"1 minute\" \/>\n<script type=\"application\/ld+json\" class=\"yoast-schema-graph\">{\"@context\":\"https:\\\/\\\/schema.org\",\"@graph\":[{\"@type\":\"Article\",\"@id\":\"https:\\\/\\\/dmcsrb.com\\\/hronika\\\/rasvijetljena-kradja-vozila-budvanska-policija-uhapsila-jednu-osobu-traga-za-jos-dvojicom\\\/#article\",\"isPartOf\":{\"@id\":\"https:\\\/\\\/dmcsrb.com\\\/hronika\\\/rasvijetljena-kradja-vozila-budvanska-policija-uhapsila-jednu-osobu-traga-za-jos-dvojicom\\\/\"},\"author\":{\"name\":\"dmcsrbija.com@gmail.com\",\"@id\":\"https:\\\/\\\/dmcsrb.com\\\/#\\\/schema\\\/person\\\/5c39170f12db1b8b457732d0b5c854e2\"},\"headline\":\"Rasvijetljena kra\u0111a vozila: Budvanska policija uhapsila jednu osobu, traga za jo\u0161 dvojicom\",\"datePublished\":\"2025-09-14T08:38:00+00:00\",\"mainEntityOfPage\":{\"@id\":\"https:\\\/\\\/dmcsrb.com\\\/hronika\\\/rasvijetljena-kradja-vozila-budvanska-policija-uhapsila-jednu-osobu-traga-za-jos-dvojicom\\\/\"},\"wordCount\":258,\"commentCount\":0,\"image\":{\"@id\":\"https:\\\/\\\/dmcsrb.com\\\/hronika\\\/rasvijetljena-kradja-vozila-budvanska-policija-uhapsila-jednu-osobu-traga-za-jos-dvojicom\\\/#primaryimage\"},\"thumbnailUrl\":\"https:\\\/\\\/dmcsrb.com\\\/wp-content\\\/uploads\\\/2026\\\/01\\\/auto.webp\",\"keywords\":[\"automobil\",\"budva\",\"kra\u0111a\"],\"articleSection\":[\"Hronika\"],\"inLanguage\":\"en-GB\",\"potentialAction\":[{\"@type\":\"CommentAction\",\"name\":\"Comment\",\"target\":[\"https:\\\/\\\/dmcsrb.com\\\/hronika\\\/rasvijetljena-kradja-vozila-budvanska-policija-uhapsila-jednu-osobu-traga-za-jos-dvojicom\\\/#respond\"]}]},{\"@type\":\"WebPage\",\"@id\":\"https:\\\/\\\/dmcsrb.com\\\/hronika\\\/rasvijetljena-kradja-vozila-budvanska-policija-uhapsila-jednu-osobu-traga-za-jos-dvojicom\\\/\",\"url\":\"https:\\\/\\\/dmcsrb.com\\\/hronika\\\/rasvijetljena-kradja-vozila-budvanska-policija-uhapsila-jednu-osobu-traga-za-jos-dvojicom\\\/\",\"name\":\"Rasvijetljena kra\u0111a vozila: Budvanska policija uhapsila jednu osobu, traga za jo\u0161 dvojicom - dmcsrb.com\",\"isPartOf\":{\"@id\":\"https:\\\/\\\/dmcsrb.com\\\/#website\"},\"primaryImageOfPage\":{\"@id\":\"https:\\\/\\\/dmcsrb.com\\\/hronika\\\/rasvijetljena-kradja-vozila-budvanska-policija-uhapsila-jednu-osobu-traga-za-jos-dvojicom\\\/#primaryimage\"},\"image\":{\"@id\":\"https:\\\/\\\/dmcsrb.com\\\/hronika\\\/rasvijetljena-kradja-vozila-budvanska-policija-uhapsila-jednu-osobu-traga-za-jos-dvojicom\\\/#primaryimage\"},\"thumbnailUrl\":\"https:\\\/\\\/dmcsrb.com\\\/wp-content\\\/uploads\\\/2026\\\/01\\\/auto.webp\",\"datePublished\":\"2025-09-14T08:38:00+00:00\",\"author\":{\"@id\":\"https:\\\/\\\/dmcsrb.com\\\/#\\\/schema\\\/person\\\/5c39170f12db1b8b457732d0b5c854e2\"},\"breadcrumb\":{\"@id\":\"https:\\\/\\\/dmcsrb.com\\\/hronika\\\/rasvijetljena-kradja-vozila-budvanska-policija-uhapsila-jednu-osobu-traga-za-jos-dvojicom\\\/#breadcrumb\"},\"inLanguage\":\"en-GB\",\"potentialAction\":[{\"@type\":\"ReadAction\",\"target\":[\"https:\\\/\\\/dmcsrb.com\\\/hronika\\\/rasvijetljena-kradja-vozila-budvanska-policija-uhapsila-jednu-osobu-traga-za-jos-dvojicom\\\/\"]}]},{\"@type\":\"ImageObject\",\"inLanguage\":\"en-GB\",\"@id\":\"https:\\\/\\\/dmcsrb.com\\\/hronika\\\/rasvijetljena-kradja-vozila-budvanska-policija-uhapsila-jednu-osobu-traga-za-jos-dvojicom\\\/#primaryimage\",\"url\":\"https:\\\/\\\/dmcsrb.com\\\/wp-content\\\/uploads\\\/2026\\\/01\\\/auto.webp\",\"contentUrl\":\"https:\\\/\\\/dmcsrb.com\\\/wp-content\\\/uploads\\\/2026\\\/01\\\/auto.webp\",\"width\":1118,\"height\":745},{\"@type\":\"BreadcrumbList\",\"@id\":\"https:\\\/\\\/dmcsrb.com\\\/hronika\\\/rasvijetljena-kradja-vozila-budvanska-policija-uhapsila-jednu-osobu-traga-za-jos-dvojicom\\\/#breadcrumb\",\"itemListElement\":[{\"@type\":\"ListItem\",\"position\":1,\"name\":\"Home\",\"item\":\"https:\\\/\\\/dmcsrb.com\\\/\"},{\"@type\":\"ListItem\",\"position\":2,\"name\":\"Rasvijetljena kra\u0111a vozila: Budvanska policija uhapsila jednu osobu, traga za jo\u0161 dvojicom\"}]},{\"@type\":\"WebSite\",\"@id\":\"https:\\\/\\\/dmcsrb.com\\\/#website\",\"url\":\"https:\\\/\\\/dmcsrb.com\\\/\",\"name\":\"dmcsrb.com\",\"description\":\"\",\"potentialAction\":[{\"@type\":\"SearchAction\",\"target\":{\"@type\":\"EntryPoint\",\"urlTemplate\":\"https:\\\/\\\/dmcsrb.com\\\/?s={search_term_string}\"},\"query-input\":{\"@type\":\"PropertyValueSpecification\",\"valueRequired\":true,\"valueName\":\"search_term_string\"}}],\"inLanguage\":\"en-GB\"},{\"@type\":\"Person\",\"@id\":\"https:\\\/\\\/dmcsrb.com\\\/#\\\/schema\\\/person\\\/5c39170f12db1b8b457732d0b5c854e2\",\"name\":\"dmcsrbija.com@gmail.com\",\"image\":{\"@type\":\"ImageObject\",\"inLanguage\":\"en-GB\",\"@id\":\"https:\\\/\\\/secure.gravatar.com\\\/avatar\\\/68592660ad6347fad0fb587f8d5d8f1a7b44961362f56e4f2cd524feb87e9069?s=96&d=mm&r=g\",\"url\":\"https:\\\/\\\/secure.gravatar.com\\\/avatar\\\/68592660ad6347fad0fb587f8d5d8f1a7b44961362f56e4f2cd524feb87e9069?s=96&d=mm&r=g\",\"contentUrl\":\"https:\\\/\\\/secure.gravatar.com\\\/avatar\\\/68592660ad6347fad0fb587f8d5d8f1a7b44961362f56e4f2cd524feb87e9069?s=96&d=mm&r=g\",\"caption\":\"dmcsrbija.com@gmail.com\"},\"sameAs\":[\"https:\\\/\\\/dmcsrb.com\"],\"url\":\"https:\\\/\\\/dmcsrb.com\\\/en\\\/author\\\/dmcsrbija-comgmail-com\\\/\"}]}<\/script>\n<!-- \/ Yoast SEO plugin. -->","yoast_head_json":{"title":"Rasvijetljena kra\u0111a vozila: Budvanska policija uhapsila jednu osobu, traga za jo\u0161 dvojicom - dmcsrb.com","robots":{"index":"index","follow":"follow","max-snippet":"max-snippet:-1","max-image-preview":"max-image-preview:large","max-video-preview":"max-video-preview:-1"},"canonical":"https:\/\/dmcsrb.com\/en\/hronika\/rasvijetljena-kradja-vozila-budvanska-policija-uhapsila-jednu-osobu-traga-za-jos-dvojicom\/","og_locale":"en_GB","og_type":"article","og_title":"Rasvijetljena kra\u0111a vozila: Budvanska policija uhapsila jednu osobu, traga za jo\u0161 dvojicom - dmcsrb.com","og_description":"Budvanska policija rasvijetlila je kra\u0111u vozila od 10. jula i identifikovala \u010detiri osobe, me\u0111u kojima su tri dr\u017eavljanina Srbije \u2013 D.\u0160. (24), V.V. (30) i N.M. (39), dok jedan jo\u0161 nije poznat, zbog sumnje da su po\u010dinili krivi\u010dna djela kriminalno udru\u017eivanje i falsifikovanje isprava.","og_url":"https:\/\/dmcsrb.com\/en\/hronika\/rasvijetljena-kradja-vozila-budvanska-policija-uhapsila-jednu-osobu-traga-za-jos-dvojicom\/","og_site_name":"dmcsrb.com","article_published_time":"2025-09-14T08:38:00+00:00","og_image":[{"width":1118,"height":745,"url":"https:\/\/dmcsrb.com\/wp-content\/uploads\/2026\/01\/auto.webp","type":"image\/jpeg"}],"author":"dmcsrbija.com@gmail.com","twitter_card":"summary_large_image","twitter_misc":{"Written by":"dmcsrbija.com@gmail.com","Estimated reading time":"1 minute"},"schema":{"@context":"https:\/\/schema.org","@graph":[{"@type":"Article","@id":"https:\/\/dmcsrb.com\/hronika\/rasvijetljena-kradja-vozila-budvanska-policija-uhapsila-jednu-osobu-traga-za-jos-dvojicom\/#article","isPartOf":{"@id":"https:\/\/dmcsrb.com\/hronika\/rasvijetljena-kradja-vozila-budvanska-policija-uhapsila-jednu-osobu-traga-za-jos-dvojicom\/"},"author":{"name":"dmcsrbija.com@gmail.com","@id":"https:\/\/dmcsrb.com\/#\/schema\/person\/5c39170f12db1b8b457732d0b5c854e2"},"headline":"Rasvijetljena kra\u0111a vozila: Budvanska policija uhapsila jednu osobu, traga za jo\u0161 dvojicom","datePublished":"2025-09-14T08:38:00+00:00","mainEntityOfPage":{"@id":"https:\/\/dmcsrb.com\/hronika\/rasvijetljena-kradja-vozila-budvanska-policija-uhapsila-jednu-osobu-traga-za-jos-dvojicom\/"},"wordCount":258,"commentCount":0,"image":{"@id":"https:\/\/dmcsrb.com\/hronika\/rasvijetljena-kradja-vozila-budvanska-policija-uhapsila-jednu-osobu-traga-za-jos-dvojicom\/#primaryimage"},"thumbnailUrl":"https:\/\/dmcsrb.com\/wp-content\/uploads\/2026\/01\/auto.webp","keywords":["automobil","budva","kra\u0111a"],"articleSection":["Hronika"],"inLanguage":"en-GB","potentialAction":[{"@type":"CommentAction","name":"Comment","target":["https:\/\/dmcsrb.com\/hronika\/rasvijetljena-kradja-vozila-budvanska-policija-uhapsila-jednu-osobu-traga-za-jos-dvojicom\/#respond"]}]},{"@type":"WebPage","@id":"https:\/\/dmcsrb.com\/hronika\/rasvijetljena-kradja-vozila-budvanska-policija-uhapsila-jednu-osobu-traga-za-jos-dvojicom\/","url":"https:\/\/dmcsrb.com\/hronika\/rasvijetljena-kradja-vozila-budvanska-policija-uhapsila-jednu-osobu-traga-za-jos-dvojicom\/","name":"Rasvijetljena kra\u0111a vozila: Budvanska policija uhapsila jednu osobu, traga za jo\u0161 dvojicom - dmcsrb.com","isPartOf":{"@id":"https:\/\/dmcsrb.com\/#website"},"primaryImageOfPage":{"@id":"https:\/\/dmcsrb.com\/hronika\/rasvijetljena-kradja-vozila-budvanska-policija-uhapsila-jednu-osobu-traga-za-jos-dvojicom\/#primaryimage"},"image":{"@id":"https:\/\/dmcsrb.com\/hronika\/rasvijetljena-kradja-vozila-budvanska-policija-uhapsila-jednu-osobu-traga-za-jos-dvojicom\/#primaryimage"},"thumbnailUrl":"https:\/\/dmcsrb.com\/wp-content\/uploads\/2026\/01\/auto.webp","datePublished":"2025-09-14T08:38:00+00:00","author":{"@id":"https:\/\/dmcsrb.com\/#\/schema\/person\/5c39170f12db1b8b457732d0b5c854e2"},"breadcrumb":{"@id":"https:\/\/dmcsrb.com\/hronika\/rasvijetljena-kradja-vozila-budvanska-policija-uhapsila-jednu-osobu-traga-za-jos-dvojicom\/#breadcrumb"},"inLanguage":"en-GB","potentialAction":[{"@type":"ReadAction","target":["https:\/\/dmcsrb.com\/hronika\/rasvijetljena-kradja-vozila-budvanska-policija-uhapsila-jednu-osobu-traga-za-jos-dvojicom\/"]}]},{"@type":"ImageObject","inLanguage":"en-GB","@id":"https:\/\/dmcsrb.com\/hronika\/rasvijetljena-kradja-vozila-budvanska-policija-uhapsila-jednu-osobu-traga-za-jos-dvojicom\/#primaryimage","url":"https:\/\/dmcsrb.com\/wp-content\/uploads\/2026\/01\/auto.webp","contentUrl":"https:\/\/dmcsrb.com\/wp-content\/uploads\/2026\/01\/auto.webp","width":1118,"height":745},{"@type":"BreadcrumbList","@id":"https:\/\/dmcsrb.com\/hronika\/rasvijetljena-kradja-vozila-budvanska-policija-uhapsila-jednu-osobu-traga-za-jos-dvojicom\/#breadcrumb","itemListElement":[{"@type":"ListItem","position":1,"name":"Home","item":"https:\/\/dmcsrb.com\/"},{"@type":"ListItem","position":2,"name":"Rasvijetljena kra\u0111a vozila: Budvanska policija uhapsila jednu osobu, traga za jo\u0161 dvojicom"}]},{"@type":"WebSite","@id":"https:\/\/dmcsrb.com\/#website","url":"https:\/\/dmcsrb.com\/","name":"dmcsrb.com","description":"","potentialAction":[{"@type":"SearchAction","target":{"@type":"EntryPoint","urlTemplate":"https:\/\/dmcsrb.com\/?s={search_term_string}"},"query-input":{"@type":"PropertyValueSpecification","valueRequired":true,"valueName":"search_term_string"}}],"inLanguage":"en-GB"},{"@type":"Person","@id":"https:\/\/dmcsrb.com\/#\/schema\/person\/5c39170f12db1b8b457732d0b5c854e2","name":"dmcsrbija.com@gmail.com","image":{"@type":"ImageObject","inLanguage":"en-GB","@id":"https:\/\/secure.gravatar.com\/avatar\/68592660ad6347fad0fb587f8d5d8f1a7b44961362f56e4f2cd524feb87e9069?s=96&d=mm&r=g","url":"https:\/\/secure.gravatar.com\/avatar\/68592660ad6347fad0fb587f8d5d8f1a7b44961362f56e4f2cd524feb87e9069?s=96&d=mm&r=g","contentUrl":"https:\/\/secure.gravatar.com\/avatar\/68592660ad6347fad0fb587f8d5d8f1a7b44961362f56e4f2cd524feb87e9069?s=96&d=mm&r=g","caption":"dmcsrbija.com@gmail.com"},"sameAs":["https:\/\/dmcsrb.com"],"url":"https:\/\/dmcsrb.com\/en\/author\/dmcsrbija-comgmail-com\/"}]}},"_links":{"self":[{"href":"https:\/\/dmcsrb.com\/en\/wp-json\/wp\/v2\/posts\/951990","targetHints":{"allow":["GET"]}}],"collection":[{"href":"https:\/\/dmcsrb.com\/en\/wp-json\/wp\/v2\/posts"}],"about":[{"href":"https:\/\/dmcsrb.com\/en\/wp-json\/wp\/v2\/types\/post"}],"author":[{"embeddable":true,"href":"https:\/\/dmcsrb.com\/en\/wp-json\/wp\/v2\/users\/1"}],"replies":[{"embeddable":true,"href":"https:\/\/dmcsrb.com\/en\/wp-json\/wp\/v2\/comments?post=951990"}],"version-history":[{"count":0,"href":"https:\/\/dmcsrb.com\/en\/wp-json\/wp\/v2\/posts\/951990\/revisions"}],"wp:featuredmedia":[{"embeddable":true,"href":"https:\/\/dmcsrb.com\/en\/wp-json\/wp\/v2\/media\/951991"}],"wp:attachment":[{"href":"https:\/\/dmcsrb.com\/en\/wp-json\/wp\/v2\/media?parent=951990"}],"wp:term":[{"taxonomy":"category","embeddable":true,"href":"https:\/\/dmcsrb.com\/en\/wp-json\/wp\/v2\/categories?post=951990"},{"taxonomy":"post_tag","embeddable":true,"href":"https:\/\/dmcsrb.com\/en\/wp-json\/wp\/v2\/tags?post=951990"},{"taxonomy":"naslovna","embeddable":true,"href":"https:\/\/dmcsrb.com\/en\/wp-json\/wp\/v2\/naslovna?post=951990"}],"curies":[{"name":"wp","href":"https:\/\/api.w.org\/{rel}","templated":true}]}}