{"id":951984,"date":"2025-09-14T10:10:00","date_gmt":"2025-09-14T08:10:00","guid":{"rendered":"https:\/\/dmcsrb.com\/uncategorized\/scekic-predstavio-program-djelovanja-pnp-a-u-novoj-partiji-i-poznata-lica-i-odbornici-snp-a\/"},"modified":"2025-09-14T10:10:00","modified_gmt":"2025-09-14T08:10:00","slug":"scekic-predstavio-program-djelovanja-pnp-a-u-novoj-partiji-i-poznata-lica-i-odbornici-snp-a","status":"publish","type":"post","link":"https:\/\/dmcsrb.com\/en\/politika\/scekic-predstavio-program-djelovanja-pnp-a-u-novoj-partiji-i-poznata-lica-i-odbornici-snp-a\/","title":{"rendered":"\u0160\u0107eki\u0107 predstavio program djelovanja PNP-a: U novoj partiji i poznata lica i odbornici SNP-a"},"content":{"rendered":"<p><br><\/p>\n\n\n\n<p>Kako je \u0160\u0107eki\u0107 kazao za &#8220;Dan&#8221;, u novoj partiji \u0107e biti i lica poznata \u0161iroj javnosti, kao i odbornici Socijalisti\u010dke narodne partije (SNP), koji su svoju podr\u0161ku ovom projektu ve\u0107 iskazali u prethodnom periodu. Kada je rije\u010d o ministarskoj poziciji i njegovom ostanku u Vladi, uvjeren je da ima pravo da ostane na toj poziciji.<\/p>\n\n\n\n<p>I prije nego \u0161to je \u0160\u0107eki\u0107 zvani\u010dno najavio osnivanje stranke, predsjednik SNP-a Vladimir Jokovi\u0107 poru\u010dio je da niko ko napusti partiju ne mo\u017ee ra\u010dunati ni na jednu funkciju koju je dobila ta partija. Prema \u0160\u0107eki\u0107evoj ocjeni, takav narativ pokazuje da se SNP udaljio od onoga \u0161to je nekada bio.<\/p>\n\n\n\n<p>\u2013 Upravo te ucjenjiva\u010dke i prijete\u0107e poruke pokazale su da je SNP potpuno izgubio du\u0161u i da su sve vrijednosti za koje smo se borili vi\u0161e od dvije decenije potpuno poga\u017eene. Uspostavljena su pravila pona\u0161anja po uzoru na DPS, \u0161to je porazno za sve \u010dasne ljude koji su se iskreno borili svih ovih godina i zbog toga stradali. Da li imam pravo da zadr\u017eim ministarsko mjesto? Smatram da i te kako imam pravo i svi oni koju su stali uz mene i pokret koji osnivam. Svi ti ljudi su \u017eestoko u\u010destvovali u kampanji da bi SNP na izborima 2023. godine pre\u0161ao cenzus \u2013 kazao je \u0160\u0107eki\u0107 za &#8220;Dan&#8221;.<\/p>\n\n\n\n<p><\/p>\n\n\n\n<p>\u0160\u0107eki\u0107 lider Pokreta narodnog povjerenja<\/p>\n\n\n\n<p>Kako isti\u010de, na parlamentarnim izborima 2023. godine, lista SNP\u2013Demos ukupno je osvojila 9.472 glasova, a od toga najvi\u0161e u Beranama \u2013 2.057, u op\u0161tini u kojoj je imao jednoglasnu podr\u0161ku i na \u010dijem je \u010delu nekada bio.<\/p>\n\n\n\n<p>\u2013 Trebalo bi da govorimo o brojkama, smatram da je to jedino relevantno, a sve drugo je populizam, mr\u017enja i sujeta. Na istim tim izborima, u Podgorici sa Zetom lista SNP\u2013Demos osvojila je 1.875 glasova od oko 145.000 upisanih bira\u010da u Podgorici i jo\u0161 oko 12.500 upisanih bira\u010da u Zeti. Neka brojke govore, neka narod govori, a u budu\u0107nosti \u0107e govoriti rezultati, kao i do sada. Dato nam je povjerenje ljudi, u velikom dijelu i li\u010dnom podr\u0161kom. To znamo svi, ali doslovice svi koji smo radili teren za izbore, pa i oni koji su nekada tra\u017eili &#8220;vanredne kongrese&#8221; i tajno se sastajali, osporavaju\u0107i tada nosioca liste, i govorili o padu procenata podr\u0161ke prilikom objelodanjivanja iste. Ovo je istina i ovo znaju svi unutar SNP-a, samo je pitanje ho\u0107e li sebi prvo da priznaju, a drugi znaju \u2013 rekao je \u0160\u0107eki\u0107.<br><br><\/p>\n\n\n\n<p>Kada je rije\u010d o ljudima koji \u0107e biti dio Pokreta narodnog povjerenja, ka\u017ee da \u0107e tu biti ljudi iz naroda, dobronamjerni i odgovorni, sa ljudskim i profesionalnim referencama, koji su spremni da budu servis gra\u0111ana, a ne samozvana elita vo\u0111ena isklju\u010divo li\u010dnim interesima.<\/p>\n\n\n\n<p>\u2013 Ljudi koji budu\u0107nost do\u010dekuju sa optimizmom i odlu\u010dno\u0161\u0107u da sa svojim narodom mijenjaju stvari nabolje, koji \u0107e obnoviti povjerenje u institucije sistema i u istinsku borbu za op\u0161te dobro \u2013 dodao je \u0160\u0107eki\u0107.<\/p>\n\n\n\n<p>Dio Pokreta, kako je naveo, bi\u0107e i lica koja su poznata \u0161iroj javnosti, ali nije otkrio konkretna imena, a o\u010dekuje da \u0107e se pridru\u017eiti i odbornici SNP-a koji su mu ranije javno dali podr\u0161ku.<\/p>\n\n\n\n<p>Funkcija nije glavni cilj<\/p>\n\n\n\n<p>Pitanje rekonstrukcije Vlade je pitanje za premijera Milojka Spaji\u0107a, ka\u017ee \u0160\u0107eki\u0107, ali vjeruje da \u0107e predsjednik Vlade uzeti u obzir koliko je ko doprinosio u prethodnom periodu. Nagla\u0161ava, ipak, da ostanak u Vladi nije njegov glavni cilj.<\/p>\n\n\n\n<p>\u2013 Na\u0161a komunikacija na relaciji premijer\u2013ministar je vrlo korektna, a ja sam sa svojim saradnicima dao sve od sebe da viziju Vlade podr\u017eimo na najodgovorniji na\u010din i da damo maksimalan doprinos dobrom funkcionisanju i unapre\u0111enju resora. \u0160to se ti\u010de politi\u010dkog nivoa, gra\u0111ani najbolje znaju ko je koliko doprinio smjeni DPS re\u017eima, ali i o\u010duvanju SNP-a na politi\u010dkoj sceni, bore\u0107i se i sa unutra\u0161njim problemima stvorenim upravo od onih koji tra\u017ee moju poziciju, umjesto da budu zahvalni \u0161to su zauzeli pozicije bez ikakvih zasluga, kako zbog nedostatka podr\u0161ke, tako i zbog rezultata. Samim tim, siguran sam da \u0107e i taj segment premijer uzeti u obzir. U svakom slu\u010daju, da sam se pla\u0161io za funkcije, danas ne bi bilo Pokreta, a funkcije mi nikada nisu bile cilj \u2013 kazao je \u0160\u0107eki\u0107.<\/p>\n\n\n\n<p>\u2013 To dodatno potvr\u0111uje snagu i privla\u010dnost na\u0161e inicijative i vizije. Pokretu daju veliku podr\u0161ku gra\u0111ani \u0161irom Crne Gore, \u0161to se ogleda kroz svakodnevnu komunikaciju i veliki broj poruka i poziva koje primamo. Moram priznati da sam i sam iznena\u0111en koliko se ta podr\u0161ka kontinuirano izra\u017eava \u2013 naglasio je \u0160\u0107eki\u0107.<\/p>\n\n\n\n<p>Naredni koraci Pokreta narodnog povjerenja, kako je najavio, odnosi\u0107e se na zavr\u0161etak faze osnivanja i konsolidaciju struktura na svim nivoima.<\/p>\n\n\n\n<p>\u2013 O\u010dekivanja su da kroz transparentan i anga\u017eovan rad vratimo povjerenje gra\u0111ana u institucije sistema, podr\u017eimo razvoj lokalnih zajednica i stvorimo platformu za iskrenu borbu za op\u0161te dobro i jednake \u0161anse za sve. Na\u0161 cilj je da Pokret postane relevantna i konstruktivna politi\u010dka snaga koja djeluje u interesu gra\u0111ana, a ne li\u010dnih ili partijskih interesa \u2013 istakao je \u0160\u0107eki\u0107.<\/p>\n\n\n\n<p>Kako je dodao, glavni cilj je Crna Gora u kojoj je korupcija neprihvatljiva, zakon jednak za sve, u kojoj mladi ostaju i grade svoju budu\u0107nost, dobre prilike za zapo\u0161ljavanje, kvalitetno obrazovanje, zdravstvo, odr\u017eiva ekonomija\u2026<\/p>\n\n\n\n<p>\u2013 \u017delimo Crnu Goru u Evropskoj uniji, \u0161to zna\u010di stabilnost, investicije i sigurnu budu\u0107nost za sve generacije. Tradicionalne vrijednosti i nacionalni identitet \u010duvaju se kao temelj, dok evropske vrijednosti prihvatamo kao budu\u0107nost. Obnova institucija i infrastrukture \u2013 \u0161kola, bolnica, sportskih objekata, puteva, \u017eeljeznica, aerodroma i luka \u2013 postaje temelj razvoja. Solidarnost i zajedni\u0161tvo postaju novi dru\u0161tveni temelj \u2013 da niko ne ostane zaboravljen, bez obzira na region, naciju ili vjeru. Pokret narodnog povjerenja je pokret koji vra\u0107a nadu, povjerenje i snagu svakom gra\u0111aninu Crne Gore \u2013 poru\u010dio je \u0160\u0107eki\u0107.<\/p>","protected":false},"excerpt":{"rendered":"<p>Pokret narodnog povjerenja, \u010diji je inicijator ministar sporta i mladih Dragoslav \u0160\u0107eki\u0107, predstavio je ju\u010de preogram djelovanja, logo partije i slogan &#8220;Vratimo povjerenje narodu&#8221;.<\/p>","protected":false},"author":1,"featured_media":951985,"comment_status":"open","ping_status":"open","sticky":false,"template":"","format":"standard","meta":{"_acf_changed":false,"footnotes":""},"categories":[12],"tags":[1079,7624,161],"naslovna":[],"class_list":["post-951984","post","type-post","status-publish","format-standard","has-post-thumbnail","hentry","category-politika","tag-dragoslav-scekic","tag-lider","tag-pnp"],"acf":[],"yoast_head":"<!-- This site is optimized with the Yoast SEO plugin v27.4 - https:\/\/yoast.com\/product\/yoast-seo-wordpress\/ -->\n<title>\u0160\u0107eki\u0107 predstavio program djelovanja PNP-a: U novoj partiji i poznata lica i odbornici SNP-a - dmcsrb.com<\/title>\n<meta name=\"robots\" content=\"index, follow, max-snippet:-1, max-image-preview:large, max-video-preview:-1\" \/>\n<link rel=\"canonical\" href=\"https:\/\/dmcsrb.com\/en\/politika\/scekic-predstavio-program-djelovanja-pnp-a-u-novoj-partiji-i-poznata-lica-i-odbornici-snp-a\/\" \/>\n<meta property=\"og:locale\" content=\"en_GB\" \/>\n<meta property=\"og:type\" content=\"article\" \/>\n<meta property=\"og:title\" content=\"\u0160\u0107eki\u0107 predstavio program djelovanja PNP-a: U novoj partiji i poznata lica i odbornici SNP-a - dmcsrb.com\" \/>\n<meta property=\"og:description\" content=\"Pokret narodnog povjerenja, \u010diji je inicijator ministar sporta i mladih Dragoslav \u0160\u0107eki\u0107, predstavio je ju\u010de preogram djelovanja, logo partije i slogan &quot;Vratimo povjerenje narodu&quot;.\" \/>\n<meta property=\"og:url\" content=\"https:\/\/dmcsrb.com\/en\/politika\/scekic-predstavio-program-djelovanja-pnp-a-u-novoj-partiji-i-poznata-lica-i-odbornici-snp-a\/\" \/>\n<meta property=\"og:site_name\" content=\"dmcsrb.com\" \/>\n<meta property=\"article:published_time\" content=\"2025-09-14T08:10:00+00:00\" \/>\n<meta property=\"og:image\" content=\"https:\/\/dmcsrb.com\/wp-content\/uploads\/2026\/01\/scekic.webp\" \/>\n\t<meta property=\"og:image:width\" content=\"1024\" \/>\n\t<meta property=\"og:image:height\" content=\"682\" \/>\n\t<meta property=\"og:image:type\" content=\"image\/jpeg\" \/>\n<meta name=\"author\" content=\"dmcsrbija.com@gmail.com\" \/>\n<meta name=\"twitter:card\" content=\"summary_large_image\" \/>\n<meta name=\"twitter:label1\" content=\"Written by\" \/>\n\t<meta name=\"twitter:data1\" content=\"dmcsrbija.com@gmail.com\" \/>\n\t<meta name=\"twitter:label2\" content=\"Estimated reading time\" \/>\n\t<meta name=\"twitter:data2\" content=\"5 minutes\" \/>\n<script type=\"application\/ld+json\" class=\"yoast-schema-graph\">{\"@context\":\"https:\\\/\\\/schema.org\",\"@graph\":[{\"@type\":\"Article\",\"@id\":\"https:\\\/\\\/dmcsrb.com\\\/politika\\\/scekic-predstavio-program-djelovanja-pnp-a-u-novoj-partiji-i-poznata-lica-i-odbornici-snp-a\\\/#article\",\"isPartOf\":{\"@id\":\"https:\\\/\\\/dmcsrb.com\\\/politika\\\/scekic-predstavio-program-djelovanja-pnp-a-u-novoj-partiji-i-poznata-lica-i-odbornici-snp-a\\\/\"},\"author\":{\"name\":\"dmcsrbija.com@gmail.com\",\"@id\":\"https:\\\/\\\/dmcsrb.com\\\/#\\\/schema\\\/person\\\/5c39170f12db1b8b457732d0b5c854e2\"},\"headline\":\"\u0160\u0107eki\u0107 predstavio program djelovanja PNP-a: U novoj partiji i poznata lica i odbornici SNP-a\",\"datePublished\":\"2025-09-14T08:10:00+00:00\",\"mainEntityOfPage\":{\"@id\":\"https:\\\/\\\/dmcsrb.com\\\/politika\\\/scekic-predstavio-program-djelovanja-pnp-a-u-novoj-partiji-i-poznata-lica-i-odbornici-snp-a\\\/\"},\"wordCount\":1011,\"commentCount\":0,\"image\":{\"@id\":\"https:\\\/\\\/dmcsrb.com\\\/politika\\\/scekic-predstavio-program-djelovanja-pnp-a-u-novoj-partiji-i-poznata-lica-i-odbornici-snp-a\\\/#primaryimage\"},\"thumbnailUrl\":\"https:\\\/\\\/dmcsrb.com\\\/wp-content\\\/uploads\\\/2026\\\/01\\\/scekic.webp\",\"keywords\":[\"Dragoslav \u0160\u0107eki\u0107\",\"lider\",\"PNP\"],\"articleSection\":[\"Politika\"],\"inLanguage\":\"en-GB\",\"potentialAction\":[{\"@type\":\"CommentAction\",\"name\":\"Comment\",\"target\":[\"https:\\\/\\\/dmcsrb.com\\\/politika\\\/scekic-predstavio-program-djelovanja-pnp-a-u-novoj-partiji-i-poznata-lica-i-odbornici-snp-a\\\/#respond\"]}]},{\"@type\":\"WebPage\",\"@id\":\"https:\\\/\\\/dmcsrb.com\\\/politika\\\/scekic-predstavio-program-djelovanja-pnp-a-u-novoj-partiji-i-poznata-lica-i-odbornici-snp-a\\\/\",\"url\":\"https:\\\/\\\/dmcsrb.com\\\/politika\\\/scekic-predstavio-program-djelovanja-pnp-a-u-novoj-partiji-i-poznata-lica-i-odbornici-snp-a\\\/\",\"name\":\"\u0160\u0107eki\u0107 predstavio program djelovanja PNP-a: U novoj partiji i poznata lica i odbornici SNP-a - dmcsrb.com\",\"isPartOf\":{\"@id\":\"https:\\\/\\\/dmcsrb.com\\\/#website\"},\"primaryImageOfPage\":{\"@id\":\"https:\\\/\\\/dmcsrb.com\\\/politika\\\/scekic-predstavio-program-djelovanja-pnp-a-u-novoj-partiji-i-poznata-lica-i-odbornici-snp-a\\\/#primaryimage\"},\"image\":{\"@id\":\"https:\\\/\\\/dmcsrb.com\\\/politika\\\/scekic-predstavio-program-djelovanja-pnp-a-u-novoj-partiji-i-poznata-lica-i-odbornici-snp-a\\\/#primaryimage\"},\"thumbnailUrl\":\"https:\\\/\\\/dmcsrb.com\\\/wp-content\\\/uploads\\\/2026\\\/01\\\/scekic.webp\",\"datePublished\":\"2025-09-14T08:10:00+00:00\",\"author\":{\"@id\":\"https:\\\/\\\/dmcsrb.com\\\/#\\\/schema\\\/person\\\/5c39170f12db1b8b457732d0b5c854e2\"},\"breadcrumb\":{\"@id\":\"https:\\\/\\\/dmcsrb.com\\\/politika\\\/scekic-predstavio-program-djelovanja-pnp-a-u-novoj-partiji-i-poznata-lica-i-odbornici-snp-a\\\/#breadcrumb\"},\"inLanguage\":\"en-GB\",\"potentialAction\":[{\"@type\":\"ReadAction\",\"target\":[\"https:\\\/\\\/dmcsrb.com\\\/politika\\\/scekic-predstavio-program-djelovanja-pnp-a-u-novoj-partiji-i-poznata-lica-i-odbornici-snp-a\\\/\"]}]},{\"@type\":\"ImageObject\",\"inLanguage\":\"en-GB\",\"@id\":\"https:\\\/\\\/dmcsrb.com\\\/politika\\\/scekic-predstavio-program-djelovanja-pnp-a-u-novoj-partiji-i-poznata-lica-i-odbornici-snp-a\\\/#primaryimage\",\"url\":\"https:\\\/\\\/dmcsrb.com\\\/wp-content\\\/uploads\\\/2026\\\/01\\\/scekic.webp\",\"contentUrl\":\"https:\\\/\\\/dmcsrb.com\\\/wp-content\\\/uploads\\\/2026\\\/01\\\/scekic.webp\",\"width\":1024,\"height\":682},{\"@type\":\"BreadcrumbList\",\"@id\":\"https:\\\/\\\/dmcsrb.com\\\/politika\\\/scekic-predstavio-program-djelovanja-pnp-a-u-novoj-partiji-i-poznata-lica-i-odbornici-snp-a\\\/#breadcrumb\",\"itemListElement\":[{\"@type\":\"ListItem\",\"position\":1,\"name\":\"Home\",\"item\":\"https:\\\/\\\/dmcsrb.com\\\/\"},{\"@type\":\"ListItem\",\"position\":2,\"name\":\"\u0160\u0107eki\u0107 predstavio program djelovanja PNP-a: U novoj partiji i poznata lica i odbornici SNP-a\"}]},{\"@type\":\"WebSite\",\"@id\":\"https:\\\/\\\/dmcsrb.com\\\/#website\",\"url\":\"https:\\\/\\\/dmcsrb.com\\\/\",\"name\":\"dmcsrb.com\",\"description\":\"\",\"potentialAction\":[{\"@type\":\"SearchAction\",\"target\":{\"@type\":\"EntryPoint\",\"urlTemplate\":\"https:\\\/\\\/dmcsrb.com\\\/?s={search_term_string}\"},\"query-input\":{\"@type\":\"PropertyValueSpecification\",\"valueRequired\":true,\"valueName\":\"search_term_string\"}}],\"inLanguage\":\"en-GB\"},{\"@type\":\"Person\",\"@id\":\"https:\\\/\\\/dmcsrb.com\\\/#\\\/schema\\\/person\\\/5c39170f12db1b8b457732d0b5c854e2\",\"name\":\"dmcsrbija.com@gmail.com\",\"image\":{\"@type\":\"ImageObject\",\"inLanguage\":\"en-GB\",\"@id\":\"https:\\\/\\\/secure.gravatar.com\\\/avatar\\\/68592660ad6347fad0fb587f8d5d8f1a7b44961362f56e4f2cd524feb87e9069?s=96&d=mm&r=g\",\"url\":\"https:\\\/\\\/secure.gravatar.com\\\/avatar\\\/68592660ad6347fad0fb587f8d5d8f1a7b44961362f56e4f2cd524feb87e9069?s=96&d=mm&r=g\",\"contentUrl\":\"https:\\\/\\\/secure.gravatar.com\\\/avatar\\\/68592660ad6347fad0fb587f8d5d8f1a7b44961362f56e4f2cd524feb87e9069?s=96&d=mm&r=g\",\"caption\":\"dmcsrbija.com@gmail.com\"},\"sameAs\":[\"https:\\\/\\\/dmcsrb.com\"],\"url\":\"https:\\\/\\\/dmcsrb.com\\\/en\\\/author\\\/dmcsrbija-comgmail-com\\\/\"}]}<\/script>\n<!-- \/ Yoast SEO plugin. -->","yoast_head_json":{"title":"\u0160\u0107eki\u0107 predstavio program djelovanja PNP-a: U novoj partiji i poznata lica i odbornici SNP-a - dmcsrb.com","robots":{"index":"index","follow":"follow","max-snippet":"max-snippet:-1","max-image-preview":"max-image-preview:large","max-video-preview":"max-video-preview:-1"},"canonical":"https:\/\/dmcsrb.com\/en\/politika\/scekic-predstavio-program-djelovanja-pnp-a-u-novoj-partiji-i-poznata-lica-i-odbornici-snp-a\/","og_locale":"en_GB","og_type":"article","og_title":"\u0160\u0107eki\u0107 predstavio program djelovanja PNP-a: U novoj partiji i poznata lica i odbornici SNP-a - dmcsrb.com","og_description":"Pokret narodnog povjerenja, \u010diji je inicijator ministar sporta i mladih Dragoslav \u0160\u0107eki\u0107, predstavio je ju\u010de preogram djelovanja, logo partije i slogan \"Vratimo povjerenje narodu\".","og_url":"https:\/\/dmcsrb.com\/en\/politika\/scekic-predstavio-program-djelovanja-pnp-a-u-novoj-partiji-i-poznata-lica-i-odbornici-snp-a\/","og_site_name":"dmcsrb.com","article_published_time":"2025-09-14T08:10:00+00:00","og_image":[{"width":1024,"height":682,"url":"https:\/\/dmcsrb.com\/wp-content\/uploads\/2026\/01\/scekic.webp","type":"image\/jpeg"}],"author":"dmcsrbija.com@gmail.com","twitter_card":"summary_large_image","twitter_misc":{"Written by":"dmcsrbija.com@gmail.com","Estimated reading time":"5 minutes"},"schema":{"@context":"https:\/\/schema.org","@graph":[{"@type":"Article","@id":"https:\/\/dmcsrb.com\/politika\/scekic-predstavio-program-djelovanja-pnp-a-u-novoj-partiji-i-poznata-lica-i-odbornici-snp-a\/#article","isPartOf":{"@id":"https:\/\/dmcsrb.com\/politika\/scekic-predstavio-program-djelovanja-pnp-a-u-novoj-partiji-i-poznata-lica-i-odbornici-snp-a\/"},"author":{"name":"dmcsrbija.com@gmail.com","@id":"https:\/\/dmcsrb.com\/#\/schema\/person\/5c39170f12db1b8b457732d0b5c854e2"},"headline":"\u0160\u0107eki\u0107 predstavio program djelovanja PNP-a: U novoj partiji i poznata lica i odbornici SNP-a","datePublished":"2025-09-14T08:10:00+00:00","mainEntityOfPage":{"@id":"https:\/\/dmcsrb.com\/politika\/scekic-predstavio-program-djelovanja-pnp-a-u-novoj-partiji-i-poznata-lica-i-odbornici-snp-a\/"},"wordCount":1011,"commentCount":0,"image":{"@id":"https:\/\/dmcsrb.com\/politika\/scekic-predstavio-program-djelovanja-pnp-a-u-novoj-partiji-i-poznata-lica-i-odbornici-snp-a\/#primaryimage"},"thumbnailUrl":"https:\/\/dmcsrb.com\/wp-content\/uploads\/2026\/01\/scekic.webp","keywords":["Dragoslav \u0160\u0107eki\u0107","lider","PNP"],"articleSection":["Politika"],"inLanguage":"en-GB","potentialAction":[{"@type":"CommentAction","name":"Comment","target":["https:\/\/dmcsrb.com\/politika\/scekic-predstavio-program-djelovanja-pnp-a-u-novoj-partiji-i-poznata-lica-i-odbornici-snp-a\/#respond"]}]},{"@type":"WebPage","@id":"https:\/\/dmcsrb.com\/politika\/scekic-predstavio-program-djelovanja-pnp-a-u-novoj-partiji-i-poznata-lica-i-odbornici-snp-a\/","url":"https:\/\/dmcsrb.com\/politika\/scekic-predstavio-program-djelovanja-pnp-a-u-novoj-partiji-i-poznata-lica-i-odbornici-snp-a\/","name":"\u0160\u0107eki\u0107 predstavio program djelovanja PNP-a: U novoj partiji i poznata lica i odbornici SNP-a - dmcsrb.com","isPartOf":{"@id":"https:\/\/dmcsrb.com\/#website"},"primaryImageOfPage":{"@id":"https:\/\/dmcsrb.com\/politika\/scekic-predstavio-program-djelovanja-pnp-a-u-novoj-partiji-i-poznata-lica-i-odbornici-snp-a\/#primaryimage"},"image":{"@id":"https:\/\/dmcsrb.com\/politika\/scekic-predstavio-program-djelovanja-pnp-a-u-novoj-partiji-i-poznata-lica-i-odbornici-snp-a\/#primaryimage"},"thumbnailUrl":"https:\/\/dmcsrb.com\/wp-content\/uploads\/2026\/01\/scekic.webp","datePublished":"2025-09-14T08:10:00+00:00","author":{"@id":"https:\/\/dmcsrb.com\/#\/schema\/person\/5c39170f12db1b8b457732d0b5c854e2"},"breadcrumb":{"@id":"https:\/\/dmcsrb.com\/politika\/scekic-predstavio-program-djelovanja-pnp-a-u-novoj-partiji-i-poznata-lica-i-odbornici-snp-a\/#breadcrumb"},"inLanguage":"en-GB","potentialAction":[{"@type":"ReadAction","target":["https:\/\/dmcsrb.com\/politika\/scekic-predstavio-program-djelovanja-pnp-a-u-novoj-partiji-i-poznata-lica-i-odbornici-snp-a\/"]}]},{"@type":"ImageObject","inLanguage":"en-GB","@id":"https:\/\/dmcsrb.com\/politika\/scekic-predstavio-program-djelovanja-pnp-a-u-novoj-partiji-i-poznata-lica-i-odbornici-snp-a\/#primaryimage","url":"https:\/\/dmcsrb.com\/wp-content\/uploads\/2026\/01\/scekic.webp","contentUrl":"https:\/\/dmcsrb.com\/wp-content\/uploads\/2026\/01\/scekic.webp","width":1024,"height":682},{"@type":"BreadcrumbList","@id":"https:\/\/dmcsrb.com\/politika\/scekic-predstavio-program-djelovanja-pnp-a-u-novoj-partiji-i-poznata-lica-i-odbornici-snp-a\/#breadcrumb","itemListElement":[{"@type":"ListItem","position":1,"name":"Home","item":"https:\/\/dmcsrb.com\/"},{"@type":"ListItem","position":2,"name":"\u0160\u0107eki\u0107 predstavio program djelovanja PNP-a: U novoj partiji i poznata lica i odbornici SNP-a"}]},{"@type":"WebSite","@id":"https:\/\/dmcsrb.com\/#website","url":"https:\/\/dmcsrb.com\/","name":"dmcsrb.com","description":"","potentialAction":[{"@type":"SearchAction","target":{"@type":"EntryPoint","urlTemplate":"https:\/\/dmcsrb.com\/?s={search_term_string}"},"query-input":{"@type":"PropertyValueSpecification","valueRequired":true,"valueName":"search_term_string"}}],"inLanguage":"en-GB"},{"@type":"Person","@id":"https:\/\/dmcsrb.com\/#\/schema\/person\/5c39170f12db1b8b457732d0b5c854e2","name":"dmcsrbija.com@gmail.com","image":{"@type":"ImageObject","inLanguage":"en-GB","@id":"https:\/\/secure.gravatar.com\/avatar\/68592660ad6347fad0fb587f8d5d8f1a7b44961362f56e4f2cd524feb87e9069?s=96&d=mm&r=g","url":"https:\/\/secure.gravatar.com\/avatar\/68592660ad6347fad0fb587f8d5d8f1a7b44961362f56e4f2cd524feb87e9069?s=96&d=mm&r=g","contentUrl":"https:\/\/secure.gravatar.com\/avatar\/68592660ad6347fad0fb587f8d5d8f1a7b44961362f56e4f2cd524feb87e9069?s=96&d=mm&r=g","caption":"dmcsrbija.com@gmail.com"},"sameAs":["https:\/\/dmcsrb.com"],"url":"https:\/\/dmcsrb.com\/en\/author\/dmcsrbija-comgmail-com\/"}]}},"_links":{"self":[{"href":"https:\/\/dmcsrb.com\/en\/wp-json\/wp\/v2\/posts\/951984","targetHints":{"allow":["GET"]}}],"collection":[{"href":"https:\/\/dmcsrb.com\/en\/wp-json\/wp\/v2\/posts"}],"about":[{"href":"https:\/\/dmcsrb.com\/en\/wp-json\/wp\/v2\/types\/post"}],"author":[{"embeddable":true,"href":"https:\/\/dmcsrb.com\/en\/wp-json\/wp\/v2\/users\/1"}],"replies":[{"embeddable":true,"href":"https:\/\/dmcsrb.com\/en\/wp-json\/wp\/v2\/comments?post=951984"}],"version-history":[{"count":0,"href":"https:\/\/dmcsrb.com\/en\/wp-json\/wp\/v2\/posts\/951984\/revisions"}],"wp:featuredmedia":[{"embeddable":true,"href":"https:\/\/dmcsrb.com\/en\/wp-json\/wp\/v2\/media\/951985"}],"wp:attachment":[{"href":"https:\/\/dmcsrb.com\/en\/wp-json\/wp\/v2\/media?parent=951984"}],"wp:term":[{"taxonomy":"category","embeddable":true,"href":"https:\/\/dmcsrb.com\/en\/wp-json\/wp\/v2\/categories?post=951984"},{"taxonomy":"post_tag","embeddable":true,"href":"https:\/\/dmcsrb.com\/en\/wp-json\/wp\/v2\/tags?post=951984"},{"taxonomy":"naslovna","embeddable":true,"href":"https:\/\/dmcsrb.com\/en\/wp-json\/wp\/v2\/naslovna?post=951984"}],"curies":[{"name":"wp","href":"https:\/\/api.w.org\/{rel}","templated":true}]}}