{"id":951961,"date":"2025-09-14T06:47:00","date_gmt":"2025-09-14T04:47:00","guid":{"rendered":"https:\/\/dmcsrb.com\/uncategorized\/vise-od-hiljadu-djece-krenulo-u-skolu-bez-ijedne-doze-mmr-a\/"},"modified":"2025-09-14T06:47:00","modified_gmt":"2025-09-14T04:47:00","slug":"vise-od-hiljadu-djece-krenulo-u-skolu-bez-ijedne-doze-mmr-a","status":"publish","type":"post","link":"https:\/\/dmcsrb.com\/en\/drustvo\/vise-od-hiljadu-djece-krenulo-u-skolu-bez-ijedne-doze-mmr-a\/","title":{"rendered":"Vi\u0161e od hiljadu djece krenulo u \u0161kolu bez ijedne doze MMR-a"},"content":{"rendered":"<p><\/p>\n\n\n\n<pre class=\"wp-block-code\"><code><br><br><\/code><\/pre>\n\n\n\n<p><\/p>\n\n\n\n<p>Iz Instituta za javno zdravlje su kazali da oni nemaju izdvojene podatke o broju djece i njihovom vakcinalnom statusu u pred\u0161kolskim i \u0161kolskim ustanovama, te da ne mogu dati precizne pokazatelje o obuhvatu vakcinacijom u tim kolektivima. Ali, kako poja\u0161njavaju, na osnovu uzrasta je mogu\u0107e izvesti odre\u0111ene zaklju\u010dke o vakcinalnom statusu djece koja poha\u0111aju pred\u0161kolske i \u0161kolske ustanove.<\/p>\n\n\n\n<p>Prema podacima iz elektronskog registra imunizacije kojim upravlja Institut za javno zdravlje Crne Gore (IJZCG), u kohorti djece ro\u0111ene 2019. godine, koja su od 1. septembra krenula u prvi razred osnovne \u0161kole (izuzev manjeg broja djece kojima je po\u010detak \u0161kolovanja odgo\u0111en za narednu godinu), evidentirano je ukupno 7.688 djece.<\/p>\n\n\n\n<p>Do sada je prvu dozu MMR vakcine primilo 84,7%, dok je drugu dozu primilo 61,5%.<\/p>\n\n\n\n<p>\u2013 Prevedeno u apsolutne brojeve, 1.178 djece ro\u0111ene 2019. godine (od kojih je velika ve\u0107ina zapo\u010dela prvi razred osnovne \u0161kole 1. septembra 2025) do sada nije primilo nijednu dozu ove vakcine i potrebno ih je vakcinisati sa obje doze u razmaku od mjesec dana. Istovremeno, me\u0111u onima koji su primili samo jednu dozu, 1.779 djece je nepotpuno vakcinisano, odnosno djelimi\u010dno za\u0161ti\u0107eno \u2013 istakli su iz Instituta za javno zdravlje.<\/p>\n\n\n\n<p>Naglasili su da se adekvatna za\u0161tita od malih boginja, zau\u0161ki i rubele posti\u017ee tek nakon primjene dvije doze MMR vakcine.<\/p>\n\n\n\n<p>\u2013 Prezentovani podaci vi\u0161e ne ukazuju samo na odlaganje MMR vakcinacije u prvim godinama \u017eivota, ve\u0107 i na zabrinjavaju\u0107u \u010dinjenicu da zna\u010dajan broj djece polazi u osnovnu \u0161kolu nevakcinisano ili nepotpuno vakcinisano, \u0161to iz godine u godinu predstavlja sve ve\u0107i problem \u2013 upozorili su iz te institucije.<br>Rizik od epidemije morbila<\/p>\n\n\n\n<p>Iz Instituta su upozorili i da je, s obzirom na nedovoljan obuhvat imunizacijom, opasnost od pojave morbila u epidemijskom obliku u na\u0161oj zemlji kontinuirano prisutna.<\/p>\n\n\n\n<p>\u2013 Ukoliko bi u kratkom vremenskom periodu do\u0161lo do vi\u0161estrukog uno\u0161enja virusa kroz dolazak infektivnih osoba u Crnu Goru, naro\u010dito u kolektive djece sa niskim obuhvatom vakcinacije, a zatim i do \u0161irenja na nevakcinisane i imunokompromitovane osobe, stvorili bi se uslovi za nastanak ve\u0107e epidemije sa ozbiljnim posljedicama \u2013 istakli su iz IJZCG.<\/p>\n\n\n\n<p>Pojasnili su da se kolektivni imunitet jo\u0161 uvijek odr\u017eava na visokom nivou kod starijih osnovaca, srednjo\u0161kolaca i dijela odraslih koji su vakcinisani sa dvije doze vakcine (ili su nekada davno preboljeli morbile i stekli prirodni imunitet).<\/p>\n\n\n\n<p>Ipak, kako upozoravaju, u mla\u0111im uzrastima (djeca pred\u0161kolskog uzrasta, mla\u0111i osnovci, odrasli koji su prije vi\u0161e decenija dobili samo jednu dozu vakcine) on je zna\u010dajno oslabljen ili upitan \u010dime je rizik od pojave epidemije morbila, pa i zau\u0161aka (mumps\/parotitis) vremenom sve ve\u0107i zbog nakupljanja osjetljivih\/neimunih osoba.<br>Kazne i odgovornost<\/p>\n\n\n\n<p>Institut nema podatke o tome koliko je roditelja ka\u017enjeno, jer to nije u njihovoj nadle\u017enosti, ali ih ima Ministarstvo zdravlja, iz kojeg je Pobjedi re\u010deno da je inspekcija tokom pro\u0161le godine sankcionisala dio roditelja.<\/p>\n\n\n\n<p>\u2013 Zdravstveno-sanitarna inspekcija tokom 2024. godine podnijela je 149 zahtjeva za pokretanje prekr\u0161ajnog postupka i izdala 12 prekr\u0161ajnih naloga u ukupnom iznosu od 1.200 eura protiv roditelja koji su odbili da vakcini\u0161u svoju djecu. Ove mjere su preduzete u skladu sa zakonskim obavezama i kao odgovor na nepo\u0161tovanje obavezne vakcinacije radi za\u0161tite javnog zdravlja \u2013 kazali su iz resora kojim upravlja dr Vojislav \u0160imun.<\/p>\n\n\n\n<p>Pojasnili su da su kazne za odbijanje vakcinacije zakonski propisane i izri\u010du se kao mjera za\u0161tite javnog zdravlja.<\/p>\n\n\n\n<p>Ipak, upozoravaju da sama nov\u010dana sankcija \u010desto nije dovoljno sna\u017ean motiv za roditelje koji su pod uticajem antivakserskih stavova.<\/p>\n\n\n\n<p>\u2013 Najva\u017eniji preduslov za pove\u0107anje broja vakcinisane djece je stalna edukacija i saradnja sa roditeljima, jer dru\u0161tveni i informativni ambijent ima ve\u0107i uticaj na svijest i praksu nego sama kazna \u2013 istakli su iz Ministarstva zdravlja.<\/p>\n\n\n\n<p>Iz Instituta za javno zdravlje su podsjetili da je Vlada ve\u0107 usvojila Program mjera za imunizaciju za period 2026-2028:<\/p>\n\n\n\n<p>\u2013 Predvi\u0111ene su izmjene zakona i pravilnika kojima bi se imunizacija u\u010dinila obaveznom u su\u0161tinskom smislu \u2013 unapre\u0111enje regulatornog okvira i ja\u010du kontrolu sprovo\u0111enja obavezne imunizacije. Nadamo se da \u0107e, kroz zajedni\u010dki rad i aktivnosti svih zainteresovanih strana u narednom periodu biti ostvareni konkretni koraci u ovom segmentu koje smatramo neophodnim i klju\u010dnim za unapre\u0111enje obuhvata imunizacijom \u2013 istakli su iz IJZCG.<br>Saradnja je klju\u010dna<\/p>\n\n\n\n<p>Jedna od najva\u017enijih karika u ovom sistemu su, pored roditelja, izabrani ljekari i domovi zdravlja.<\/p>\n\n\n\n<p>Iz IJZCG smatraju da su pedijatri i medicinske sestre prvi filter te da su klju\u010dni su akteri i imaju najve\u0107i uticaj na obuhvate imunizacijom.<\/p>\n\n\n\n<p>\u2013 Istovremeno, pravne slu\u017ebe domova zdravlja imaju obavezu da blagovremeno informi\u0161u sanitarnu inspekciju Ministarstva zdravlja o roditeljima koji nijesu vakcinisali\/revakcinisali djecu, kako bi inspekcija mogla preduzimati aktivnosti iz nadle\u017enosti \u2013 pojasnili su oni.<\/p>\n\n\n\n<p>I Ministarstvo potvr\u0111uje tu obavezu:<\/p>\n\n\n\n<p>\u2013 Domovi zdravlja su zakonski obavezni da prate i organizuju obaveznu vakcinaciju djece, te da redovno prijavljuju Zdravstveno-sanitarnoj inspekciji Ministarstva zdravlja Crne Gore roditelje ili staratelje koji bez opravdanih medicinskih razloga ne dovedu djecu na vakcinaciju. U tom smislu, domovi zdravlja dosljedno dostavljaju navedene informacije inspekciji, posebno o roditeljima koji odbijaju da vakcini\u0161u djecu prema kalendaru obavezne vakcinacije, uklju\u010duju\u0107i i MMR vakcinu \u2013 istakli su iz resora zdravstva.<\/p>\n\n\n\n<p>Iz Instituta poru\u010duju da ipak, klju\u010dni faktori ostaju odgovornost roditelja da redovno dovode djecu na vakcinaciju, kao i adekvatna komunikacija i postupanje zdravstvenih radnika na svim nivoima uklju\u010duju\u0107i obavezu da sna\u017eno promovi\u0161u i preporu\u010duju vakcinaciju.<\/p>\n\n\n\n<p>U Crnoj Gori su prema prema podacima Instituta za javno zdravlje i dalje najugro\u017eeniji najmla\u0111i, oni koji imaju dvije godine.<\/p>\n\n\n\n<p>Iz evidencije je vidljivo da je prvom dozom vakcine djece koja su ro\u0111ena 2020. godine, vakcinisano 76,6 odsto. Godinu dana mla\u0111ih, prvom dozom je vakcinisano 67,7 odsto. Trogodi\u0161njaka (ro\u0111enih 2022. godine) je 52.6 odsto vakcinisano. Tek 28,6 odsto djece ro\u0111ene 2023. godine je vakcinisano prvom dozom.<\/p>\n\n\n\n<p>U odgovorima IJZCG je navedeno da se druga doza, u skladu sa kalendarom imunizacije, daje pred polazak u \u0161kolu. Pojasnili su i da sva djeca, koja su ro\u0111ena 2024. godine jo\u0161 uvijek nijesu navr\u0161ila godinu dana, pa za njih nije prikazan obuhvat.<\/p>\n\n\n\n<p>Na pitanje koji je uzrast najvi\u0161e kompromitovan iz Instituta su kazali da je situacija naro\u010dito zabrinjavaju\u0107a u mla\u0111im uzrastima, ali dodatno zabrinjava i \u0161to sve vi\u0161e djece ulazi u osnovnu \u0161kolu a da nijesu vakcinisana ili revakcinisana MMR vakcinom.<br>Mjere i projekti<\/p>\n\n\n\n<p>Ministarstvo podsje\u0107a da je u saradnji sa UNICEF-om pokrenut projekat uspostavljanja jedinstvenog call centra pri slu\u017ebama izabranog doktora za djecu u svim domovima zdravlja.<\/p>\n\n\n\n<p>Projekat \u201eSistematsko unapre\u0111enje rutinskog sistema imunizacije i pokrivenosti vakcinama u Crnoj Gori\u201c imao je za cilj da pove\u0107a obuhvat vakcinacijom, posebno MMR vakcinom kod pred\u0161kolske djece, nakon vi\u0161egodi\u0161njeg pada uzrokovanog pandemijom, \u0161irenjem dezinformacija i nedostatkom a\u017eurnih evidencija.<\/p>\n\n\n\n<p>Klju\u010dna inovacija bila je uspostavljanje jedinstvenog Cloud Call Centra u domovima zdravlja \u0161irom zemlje, kako bi se omogu\u0107ila proaktivna komunikacija sa roditeljima djece koja nijesu vakcinisana. Projekat je podrazumijevao saradnju sa Crnogorskim Telekomom, nabavku tehni\u010dke opreme, obuku medicinskog osoblja i razvoj softverskog rje\u0161enja za pozivanje i pra\u0107enje rezultata.<\/p>\n\n\n\n<p>Tokom prve polovine 2025. godine sprovedene su obuke za medicinske sestre i predstavnike Instituta za javno zdravlje, kao i trening za trenere na temu vakcinacije i autizma, dok su paralelno realizovane kampanje za a\u017euriranje kontakt podataka i distribucija edukativnih materijala za roditelje i pedijatre.<\/p>\n\n\n\n<p>Iz Ministarstva zdravlja poru\u010duju da je projekat postavio temelje za aktivniji, digitalizovan i sistemati\u010dniji pristup promociji imunizacije u Crnoj Gori, a naredni koraci treba da budu usmjereni na standardizaciju komunikacije, ja\u010danje tehni\u010dke podr\u0161ke manjim domovima zdravlja, kontinuirano a\u017euriranje podataka i saradnju sa rukovodstvima zdravstvenih ustanova.<\/p>","protected":false},"excerpt":{"rendered":"<p>Pad obuhvata MMR vakcinacijom i ulazak nevakcinisane djece u \u0161kolske klupe postaju ozbiljan rizik za javno zdravlje u Crnoj Gori. Prema podacima Instituta za javno zdravlje, vi\u0161e od 1.100 mali\u0161ana ro\u0111enih 2019. godine \u2013 generacije koja je ovog septembra u\u0161la u prvi razred \u2013 nije primilo nijednu dozu MMR vakcine, dok ih je gotovo 1.800 nepotpuno vakcinisano. Ministarstvo zdravlja upozorava da kazne roditeljima nijesu dovoljan motiv i da je klju\u010d u edukaciji i stalnoj saradnji.<\/p>","protected":false},"author":1,"featured_media":951962,"comment_status":"open","ping_status":"open","sticky":false,"template":"","format":"standard","meta":{"_acf_changed":false,"footnotes":""},"categories":[2],"tags":[7989,677,3754],"naslovna":[],"class_list":["post-951961","post","type-post","status-publish","format-standard","has-post-thumbnail","hentry","category-drustvo","tag-mmr","tag-skola-3","tag-vakcine"],"acf":[],"yoast_head":"<!-- This site is optimized with the Yoast SEO plugin v27.4 - https:\/\/yoast.com\/product\/yoast-seo-wordpress\/ -->\n<title>Vi\u0161e od hiljadu djece krenulo u \u0161kolu bez ijedne doze MMR-a - dmcsrb.com<\/title>\n<meta name=\"robots\" content=\"index, follow, max-snippet:-1, max-image-preview:large, max-video-preview:-1\" \/>\n<link rel=\"canonical\" href=\"https:\/\/dmcsrb.com\/en\/drustvo\/vise-od-hiljadu-djece-krenulo-u-skolu-bez-ijedne-doze-mmr-a\/\" \/>\n<meta property=\"og:locale\" content=\"en_GB\" \/>\n<meta property=\"og:type\" content=\"article\" \/>\n<meta property=\"og:title\" content=\"Vi\u0161e od hiljadu djece krenulo u \u0161kolu bez ijedne doze MMR-a - dmcsrb.com\" \/>\n<meta property=\"og:description\" content=\"Pad obuhvata MMR vakcinacijom i ulazak nevakcinisane djece u \u0161kolske klupe postaju ozbiljan rizik za javno zdravlje u Crnoj Gori. Prema podacima Instituta za javno zdravlje, vi\u0161e od 1.100 mali\u0161ana ro\u0111enih 2019. godine \u2013 generacije koja je ovog septembra u\u0161la u prvi razred \u2013 nije primilo nijednu dozu MMR vakcine, dok ih je gotovo 1.800 nepotpuno vakcinisano. Ministarstvo zdravlja upozorava da kazne roditeljima nijesu dovoljan motiv i da je klju\u010d u edukaciji i stalnoj saradnji.\" \/>\n<meta property=\"og:url\" content=\"https:\/\/dmcsrb.com\/en\/drustvo\/vise-od-hiljadu-djece-krenulo-u-skolu-bez-ijedne-doze-mmr-a\/\" \/>\n<meta property=\"og:site_name\" content=\"dmcsrb.com\" \/>\n<meta property=\"article:published_time\" content=\"2025-09-14T04:47:00+00:00\" \/>\n<meta property=\"og:image\" content=\"https:\/\/dmcsrb.com\/wp-content\/uploads\/2026\/01\/vaccination-2722937_960_720.webp\" \/>\n\t<meta property=\"og:image:width\" content=\"960\" \/>\n\t<meta property=\"og:image:height\" content=\"640\" \/>\n\t<meta property=\"og:image:type\" content=\"image\/jpeg\" \/>\n<meta name=\"author\" content=\"dmcsrbija.com@gmail.com\" \/>\n<meta name=\"twitter:card\" content=\"summary_large_image\" \/>\n<meta name=\"twitter:label1\" content=\"Written by\" \/>\n\t<meta name=\"twitter:data1\" content=\"dmcsrbija.com@gmail.com\" \/>\n\t<meta name=\"twitter:label2\" content=\"Estimated reading time\" \/>\n\t<meta name=\"twitter:data2\" content=\"6 minutes\" \/>\n<script type=\"application\/ld+json\" class=\"yoast-schema-graph\">{\"@context\":\"https:\\\/\\\/schema.org\",\"@graph\":[{\"@type\":\"Article\",\"@id\":\"https:\\\/\\\/dmcsrb.com\\\/drustvo\\\/vise-od-hiljadu-djece-krenulo-u-skolu-bez-ijedne-doze-mmr-a\\\/#article\",\"isPartOf\":{\"@id\":\"https:\\\/\\\/dmcsrb.com\\\/drustvo\\\/vise-od-hiljadu-djece-krenulo-u-skolu-bez-ijedne-doze-mmr-a\\\/\"},\"author\":{\"name\":\"dmcsrbija.com@gmail.com\",\"@id\":\"https:\\\/\\\/dmcsrb.com\\\/#\\\/schema\\\/person\\\/5c39170f12db1b8b457732d0b5c854e2\"},\"headline\":\"Vi\u0161e od hiljadu djece krenulo u \u0161kolu bez ijedne doze MMR-a\",\"datePublished\":\"2025-09-14T04:47:00+00:00\",\"mainEntityOfPage\":{\"@id\":\"https:\\\/\\\/dmcsrb.com\\\/drustvo\\\/vise-od-hiljadu-djece-krenulo-u-skolu-bez-ijedne-doze-mmr-a\\\/\"},\"wordCount\":1300,\"commentCount\":0,\"image\":{\"@id\":\"https:\\\/\\\/dmcsrb.com\\\/drustvo\\\/vise-od-hiljadu-djece-krenulo-u-skolu-bez-ijedne-doze-mmr-a\\\/#primaryimage\"},\"thumbnailUrl\":\"https:\\\/\\\/dmcsrb.com\\\/wp-content\\\/uploads\\\/2026\\\/01\\\/vaccination-2722937_960_720.webp\",\"keywords\":[\"MMR\",\"\u0161kola\",\"vakcine\"],\"articleSection\":[\"Dru\u0161tvo\"],\"inLanguage\":\"en-GB\",\"potentialAction\":[{\"@type\":\"CommentAction\",\"name\":\"Comment\",\"target\":[\"https:\\\/\\\/dmcsrb.com\\\/drustvo\\\/vise-od-hiljadu-djece-krenulo-u-skolu-bez-ijedne-doze-mmr-a\\\/#respond\"]}]},{\"@type\":\"WebPage\",\"@id\":\"https:\\\/\\\/dmcsrb.com\\\/drustvo\\\/vise-od-hiljadu-djece-krenulo-u-skolu-bez-ijedne-doze-mmr-a\\\/\",\"url\":\"https:\\\/\\\/dmcsrb.com\\\/drustvo\\\/vise-od-hiljadu-djece-krenulo-u-skolu-bez-ijedne-doze-mmr-a\\\/\",\"name\":\"Vi\u0161e od hiljadu djece krenulo u \u0161kolu bez ijedne doze MMR-a - dmcsrb.com\",\"isPartOf\":{\"@id\":\"https:\\\/\\\/dmcsrb.com\\\/#website\"},\"primaryImageOfPage\":{\"@id\":\"https:\\\/\\\/dmcsrb.com\\\/drustvo\\\/vise-od-hiljadu-djece-krenulo-u-skolu-bez-ijedne-doze-mmr-a\\\/#primaryimage\"},\"image\":{\"@id\":\"https:\\\/\\\/dmcsrb.com\\\/drustvo\\\/vise-od-hiljadu-djece-krenulo-u-skolu-bez-ijedne-doze-mmr-a\\\/#primaryimage\"},\"thumbnailUrl\":\"https:\\\/\\\/dmcsrb.com\\\/wp-content\\\/uploads\\\/2026\\\/01\\\/vaccination-2722937_960_720.webp\",\"datePublished\":\"2025-09-14T04:47:00+00:00\",\"author\":{\"@id\":\"https:\\\/\\\/dmcsrb.com\\\/#\\\/schema\\\/person\\\/5c39170f12db1b8b457732d0b5c854e2\"},\"breadcrumb\":{\"@id\":\"https:\\\/\\\/dmcsrb.com\\\/drustvo\\\/vise-od-hiljadu-djece-krenulo-u-skolu-bez-ijedne-doze-mmr-a\\\/#breadcrumb\"},\"inLanguage\":\"en-GB\",\"potentialAction\":[{\"@type\":\"ReadAction\",\"target\":[\"https:\\\/\\\/dmcsrb.com\\\/drustvo\\\/vise-od-hiljadu-djece-krenulo-u-skolu-bez-ijedne-doze-mmr-a\\\/\"]}]},{\"@type\":\"ImageObject\",\"inLanguage\":\"en-GB\",\"@id\":\"https:\\\/\\\/dmcsrb.com\\\/drustvo\\\/vise-od-hiljadu-djece-krenulo-u-skolu-bez-ijedne-doze-mmr-a\\\/#primaryimage\",\"url\":\"https:\\\/\\\/dmcsrb.com\\\/wp-content\\\/uploads\\\/2026\\\/01\\\/vaccination-2722937_960_720.webp\",\"contentUrl\":\"https:\\\/\\\/dmcsrb.com\\\/wp-content\\\/uploads\\\/2026\\\/01\\\/vaccination-2722937_960_720.webp\",\"width\":960,\"height\":640},{\"@type\":\"BreadcrumbList\",\"@id\":\"https:\\\/\\\/dmcsrb.com\\\/drustvo\\\/vise-od-hiljadu-djece-krenulo-u-skolu-bez-ijedne-doze-mmr-a\\\/#breadcrumb\",\"itemListElement\":[{\"@type\":\"ListItem\",\"position\":1,\"name\":\"Home\",\"item\":\"https:\\\/\\\/dmcsrb.com\\\/\"},{\"@type\":\"ListItem\",\"position\":2,\"name\":\"Vi\u0161e od hiljadu djece krenulo u \u0161kolu bez ijedne doze MMR-a\"}]},{\"@type\":\"WebSite\",\"@id\":\"https:\\\/\\\/dmcsrb.com\\\/#website\",\"url\":\"https:\\\/\\\/dmcsrb.com\\\/\",\"name\":\"dmcsrb.com\",\"description\":\"\",\"potentialAction\":[{\"@type\":\"SearchAction\",\"target\":{\"@type\":\"EntryPoint\",\"urlTemplate\":\"https:\\\/\\\/dmcsrb.com\\\/?s={search_term_string}\"},\"query-input\":{\"@type\":\"PropertyValueSpecification\",\"valueRequired\":true,\"valueName\":\"search_term_string\"}}],\"inLanguage\":\"en-GB\"},{\"@type\":\"Person\",\"@id\":\"https:\\\/\\\/dmcsrb.com\\\/#\\\/schema\\\/person\\\/5c39170f12db1b8b457732d0b5c854e2\",\"name\":\"dmcsrbija.com@gmail.com\",\"image\":{\"@type\":\"ImageObject\",\"inLanguage\":\"en-GB\",\"@id\":\"https:\\\/\\\/secure.gravatar.com\\\/avatar\\\/68592660ad6347fad0fb587f8d5d8f1a7b44961362f56e4f2cd524feb87e9069?s=96&d=mm&r=g\",\"url\":\"https:\\\/\\\/secure.gravatar.com\\\/avatar\\\/68592660ad6347fad0fb587f8d5d8f1a7b44961362f56e4f2cd524feb87e9069?s=96&d=mm&r=g\",\"contentUrl\":\"https:\\\/\\\/secure.gravatar.com\\\/avatar\\\/68592660ad6347fad0fb587f8d5d8f1a7b44961362f56e4f2cd524feb87e9069?s=96&d=mm&r=g\",\"caption\":\"dmcsrbija.com@gmail.com\"},\"sameAs\":[\"https:\\\/\\\/dmcsrb.com\"],\"url\":\"https:\\\/\\\/dmcsrb.com\\\/en\\\/author\\\/dmcsrbija-comgmail-com\\\/\"}]}<\/script>\n<!-- \/ Yoast SEO plugin. -->","yoast_head_json":{"title":"Vi\u0161e od hiljadu djece krenulo u \u0161kolu bez ijedne doze MMR-a - dmcsrb.com","robots":{"index":"index","follow":"follow","max-snippet":"max-snippet:-1","max-image-preview":"max-image-preview:large","max-video-preview":"max-video-preview:-1"},"canonical":"https:\/\/dmcsrb.com\/en\/drustvo\/vise-od-hiljadu-djece-krenulo-u-skolu-bez-ijedne-doze-mmr-a\/","og_locale":"en_GB","og_type":"article","og_title":"Vi\u0161e od hiljadu djece krenulo u \u0161kolu bez ijedne doze MMR-a - dmcsrb.com","og_description":"Pad obuhvata MMR vakcinacijom i ulazak nevakcinisane djece u \u0161kolske klupe postaju ozbiljan rizik za javno zdravlje u Crnoj Gori. Prema podacima Instituta za javno zdravlje, vi\u0161e od 1.100 mali\u0161ana ro\u0111enih 2019. godine \u2013 generacije koja je ovog septembra u\u0161la u prvi razred \u2013 nije primilo nijednu dozu MMR vakcine, dok ih je gotovo 1.800 nepotpuno vakcinisano. Ministarstvo zdravlja upozorava da kazne roditeljima nijesu dovoljan motiv i da je klju\u010d u edukaciji i stalnoj saradnji.","og_url":"https:\/\/dmcsrb.com\/en\/drustvo\/vise-od-hiljadu-djece-krenulo-u-skolu-bez-ijedne-doze-mmr-a\/","og_site_name":"dmcsrb.com","article_published_time":"2025-09-14T04:47:00+00:00","og_image":[{"width":960,"height":640,"url":"https:\/\/dmcsrb.com\/wp-content\/uploads\/2026\/01\/vaccination-2722937_960_720.webp","type":"image\/jpeg"}],"author":"dmcsrbija.com@gmail.com","twitter_card":"summary_large_image","twitter_misc":{"Written by":"dmcsrbija.com@gmail.com","Estimated reading time":"6 minutes"},"schema":{"@context":"https:\/\/schema.org","@graph":[{"@type":"Article","@id":"https:\/\/dmcsrb.com\/drustvo\/vise-od-hiljadu-djece-krenulo-u-skolu-bez-ijedne-doze-mmr-a\/#article","isPartOf":{"@id":"https:\/\/dmcsrb.com\/drustvo\/vise-od-hiljadu-djece-krenulo-u-skolu-bez-ijedne-doze-mmr-a\/"},"author":{"name":"dmcsrbija.com@gmail.com","@id":"https:\/\/dmcsrb.com\/#\/schema\/person\/5c39170f12db1b8b457732d0b5c854e2"},"headline":"Vi\u0161e od hiljadu djece krenulo u \u0161kolu bez ijedne doze MMR-a","datePublished":"2025-09-14T04:47:00+00:00","mainEntityOfPage":{"@id":"https:\/\/dmcsrb.com\/drustvo\/vise-od-hiljadu-djece-krenulo-u-skolu-bez-ijedne-doze-mmr-a\/"},"wordCount":1300,"commentCount":0,"image":{"@id":"https:\/\/dmcsrb.com\/drustvo\/vise-od-hiljadu-djece-krenulo-u-skolu-bez-ijedne-doze-mmr-a\/#primaryimage"},"thumbnailUrl":"https:\/\/dmcsrb.com\/wp-content\/uploads\/2026\/01\/vaccination-2722937_960_720.webp","keywords":["MMR","\u0161kola","vakcine"],"articleSection":["Dru\u0161tvo"],"inLanguage":"en-GB","potentialAction":[{"@type":"CommentAction","name":"Comment","target":["https:\/\/dmcsrb.com\/drustvo\/vise-od-hiljadu-djece-krenulo-u-skolu-bez-ijedne-doze-mmr-a\/#respond"]}]},{"@type":"WebPage","@id":"https:\/\/dmcsrb.com\/drustvo\/vise-od-hiljadu-djece-krenulo-u-skolu-bez-ijedne-doze-mmr-a\/","url":"https:\/\/dmcsrb.com\/drustvo\/vise-od-hiljadu-djece-krenulo-u-skolu-bez-ijedne-doze-mmr-a\/","name":"Vi\u0161e od hiljadu djece krenulo u \u0161kolu bez ijedne doze MMR-a - dmcsrb.com","isPartOf":{"@id":"https:\/\/dmcsrb.com\/#website"},"primaryImageOfPage":{"@id":"https:\/\/dmcsrb.com\/drustvo\/vise-od-hiljadu-djece-krenulo-u-skolu-bez-ijedne-doze-mmr-a\/#primaryimage"},"image":{"@id":"https:\/\/dmcsrb.com\/drustvo\/vise-od-hiljadu-djece-krenulo-u-skolu-bez-ijedne-doze-mmr-a\/#primaryimage"},"thumbnailUrl":"https:\/\/dmcsrb.com\/wp-content\/uploads\/2026\/01\/vaccination-2722937_960_720.webp","datePublished":"2025-09-14T04:47:00+00:00","author":{"@id":"https:\/\/dmcsrb.com\/#\/schema\/person\/5c39170f12db1b8b457732d0b5c854e2"},"breadcrumb":{"@id":"https:\/\/dmcsrb.com\/drustvo\/vise-od-hiljadu-djece-krenulo-u-skolu-bez-ijedne-doze-mmr-a\/#breadcrumb"},"inLanguage":"en-GB","potentialAction":[{"@type":"ReadAction","target":["https:\/\/dmcsrb.com\/drustvo\/vise-od-hiljadu-djece-krenulo-u-skolu-bez-ijedne-doze-mmr-a\/"]}]},{"@type":"ImageObject","inLanguage":"en-GB","@id":"https:\/\/dmcsrb.com\/drustvo\/vise-od-hiljadu-djece-krenulo-u-skolu-bez-ijedne-doze-mmr-a\/#primaryimage","url":"https:\/\/dmcsrb.com\/wp-content\/uploads\/2026\/01\/vaccination-2722937_960_720.webp","contentUrl":"https:\/\/dmcsrb.com\/wp-content\/uploads\/2026\/01\/vaccination-2722937_960_720.webp","width":960,"height":640},{"@type":"BreadcrumbList","@id":"https:\/\/dmcsrb.com\/drustvo\/vise-od-hiljadu-djece-krenulo-u-skolu-bez-ijedne-doze-mmr-a\/#breadcrumb","itemListElement":[{"@type":"ListItem","position":1,"name":"Home","item":"https:\/\/dmcsrb.com\/"},{"@type":"ListItem","position":2,"name":"Vi\u0161e od hiljadu djece krenulo u \u0161kolu bez ijedne doze MMR-a"}]},{"@type":"WebSite","@id":"https:\/\/dmcsrb.com\/#website","url":"https:\/\/dmcsrb.com\/","name":"dmcsrb.com","description":"","potentialAction":[{"@type":"SearchAction","target":{"@type":"EntryPoint","urlTemplate":"https:\/\/dmcsrb.com\/?s={search_term_string}"},"query-input":{"@type":"PropertyValueSpecification","valueRequired":true,"valueName":"search_term_string"}}],"inLanguage":"en-GB"},{"@type":"Person","@id":"https:\/\/dmcsrb.com\/#\/schema\/person\/5c39170f12db1b8b457732d0b5c854e2","name":"dmcsrbija.com@gmail.com","image":{"@type":"ImageObject","inLanguage":"en-GB","@id":"https:\/\/secure.gravatar.com\/avatar\/68592660ad6347fad0fb587f8d5d8f1a7b44961362f56e4f2cd524feb87e9069?s=96&d=mm&r=g","url":"https:\/\/secure.gravatar.com\/avatar\/68592660ad6347fad0fb587f8d5d8f1a7b44961362f56e4f2cd524feb87e9069?s=96&d=mm&r=g","contentUrl":"https:\/\/secure.gravatar.com\/avatar\/68592660ad6347fad0fb587f8d5d8f1a7b44961362f56e4f2cd524feb87e9069?s=96&d=mm&r=g","caption":"dmcsrbija.com@gmail.com"},"sameAs":["https:\/\/dmcsrb.com"],"url":"https:\/\/dmcsrb.com\/en\/author\/dmcsrbija-comgmail-com\/"}]}},"_links":{"self":[{"href":"https:\/\/dmcsrb.com\/en\/wp-json\/wp\/v2\/posts\/951961","targetHints":{"allow":["GET"]}}],"collection":[{"href":"https:\/\/dmcsrb.com\/en\/wp-json\/wp\/v2\/posts"}],"about":[{"href":"https:\/\/dmcsrb.com\/en\/wp-json\/wp\/v2\/types\/post"}],"author":[{"embeddable":true,"href":"https:\/\/dmcsrb.com\/en\/wp-json\/wp\/v2\/users\/1"}],"replies":[{"embeddable":true,"href":"https:\/\/dmcsrb.com\/en\/wp-json\/wp\/v2\/comments?post=951961"}],"version-history":[{"count":0,"href":"https:\/\/dmcsrb.com\/en\/wp-json\/wp\/v2\/posts\/951961\/revisions"}],"wp:featuredmedia":[{"embeddable":true,"href":"https:\/\/dmcsrb.com\/en\/wp-json\/wp\/v2\/media\/951962"}],"wp:attachment":[{"href":"https:\/\/dmcsrb.com\/en\/wp-json\/wp\/v2\/media?parent=951961"}],"wp:term":[{"taxonomy":"category","embeddable":true,"href":"https:\/\/dmcsrb.com\/en\/wp-json\/wp\/v2\/categories?post=951961"},{"taxonomy":"post_tag","embeddable":true,"href":"https:\/\/dmcsrb.com\/en\/wp-json\/wp\/v2\/tags?post=951961"},{"taxonomy":"naslovna","embeddable":true,"href":"https:\/\/dmcsrb.com\/en\/wp-json\/wp\/v2\/naslovna?post=951961"}],"curies":[{"name":"wp","href":"https:\/\/api.w.org\/{rel}","templated":true}]}}