{"id":951888,"date":"2025-09-13T12:35:00","date_gmt":"2025-09-13T10:35:00","guid":{"rendered":"https:\/\/dmcsrb.com\/uncategorized\/protest-sestara-i-tehnicara-18-septembra\/"},"modified":"2025-09-13T12:35:00","modified_gmt":"2025-09-13T10:35:00","slug":"protest-sestara-i-tehnicara-18-septembra","status":"publish","type":"post","link":"https:\/\/dmcsrb.com\/en\/drustvo\/protest-sestara-i-tehnicara-18-septembra\/","title":{"rendered":"Protest sestara i tehni\u010dara 18. septembra"},"content":{"rendered":"<p><\/p>\n\n\n\n<p><\/p>\n\n\n\n<p>Kako za &#8220;Dan&#8221; kazali iz Odbora, protest planiraju za 18.septembar, a ukoliko im ne bude dozvoljeno, to \u0107e u\u010diniti 19. septembra. Kako isti\u010du, ne odustaju od svoj zahtjeva ni nakon vi\u0161emjese\u010dnog ignorisanja od strane nadle\u017enih.<\/p>\n\n\n\n<p>Odbor je prije pet mjeseci uputio dopis premijeru Milojku Spaji\u0107u, ministru zdravlja dr Vojislavu \u0160imunu i svim poslani\u010dkim klubovima u Skup\u0161tini Crne Gore, u kome za sestre i tehni\u010dare u KCCG tra\u017ee plate za 15 odsto ve\u0107e od zaposlenih u drugim javnim zdravstvenim ustanovama. To su obrazlo\u017eili optere\u0107enjem poslom u najve\u0107oj zdravstvenoj ustanovi u Crnoj Gori i niskim zaradama. Zahtjev je potpisalo 1.200 zaposlenih.<\/p>\n\n\n\n<p>\u2013 Protest \u0107emo organizovati u poslijepodnevnim \u010dasovima, jer ve\u0107ina kolega radi prije podne. O tome \u0107emo naknadno obavijestiti kolege \u2013 re\u010deno nam je ju\u010de u Odboru.<\/p>\n\n\n\n<p>Isti\u010du da do sada nijesu imali kontakte sa predstavnicima nadle\u017enog ministarstva i Vlade.<\/p>\n\n\n\n<p>\u2013 Poslije ovog zahtjeva gledaju nas kao neprijatelje, pa se pojedini \u010dlanovi na\u0161eg odbora suo\u010davaju sa nekim situacijama na poslu koje pokazuju da smo nepo\u017eeljni u kreiranju procesa rada u KCCG \u2013 ogor\u010deni su \u010dlanovi Odbora.<\/p>\n\n\n\n<p>&#8220;Ne mo\u017eemo vi\u0161e da slu\u0161amo ti\u0161inu institucija&#8221;<\/p>\n\n\n\n<p>Medicinske sestre i tehni\u010dari u julu su organizovali protestnu \u0161etnju od rampe KCCG do zgrade Ministarstva zdravlja, gdje su pro\u010ditali zahtjeve koje su ranije uputili sa 1.200 potpisa zaposlenih.<\/p>\n\n\n\n<p>Kako su tada istakli, cilj okupljanja je borba za po\u0161tovanje i uslove rada dostojne njihove profesije.<\/p>\n\n\n\n<p>\u2013 Mnogi odlaze iz sistema zdravstva, a gotovo niko vi\u0161e ne \u017eeli da se prijavi na konkurse. Svakog dana dajemo sve \u0161to imamo, a zauzvrat dobijamo ti\u0161inu institucija. Ti\u0161inu koju vi\u0161e ne mo\u017eemo da slu\u0161amo \u2013 kazao je jedan od medicinskih tehni\u010dara.<\/p>\n\n\n\n<p>Na razgovor ih nijesu pozvali ni iz Ministarstva zdravlja, iako su novu urgenciju poslali krajem avgusta.<\/p>\n\n\n\n<p>\u2013 Mi ne odustajemo! Tra\u017eimo da se amandmanski djeluje na Zakon o zaradama, tako \u0161to \u0107e Klini\u010dki centar Crne Gore biti prepoznat kao zdravstvena ustanova od posebnog zna\u010daja za dr\u017eavu, a samim tim i na\u0161e zarade uve\u0107ane. Druga mogu\u0107nost je da se to u\u010dini kroz granski kolektivni ugovor, kao i u slu\u010daju ustanove &#8220;Komanski most&#8221;. U oba slu\u010daja na\u0161 zahtjev zavisi od ministra zdravlja i njegove dobre volje \u2013 napominju iz Odbora.<\/p>\n\n\n\n<p>Kako podsje\u0107aju, posljednje pove\u0107anje plata dobili su kroz program &#8220;Evropa sad 1&#8221; u decembru 2021.<\/p>\n\n\n\n<p>\u2013 U januaru 2022. godine plata medicinske sestre bila je skoro na nivou prosje\u010dne zarade u dr\u017eavi, dok je danas daleko ispod toga i predstavlja najmanje pla\u0107eno stru\u010dno zanimanje u Crnoj Gori, iako nosi ogromnu dru\u0161tvenu, li\u010dnu i profesionalnu odgovornost \u2013 ukazuju iz Odbora.<\/p>\n\n\n\n<p><a href=\"https:\/\/dan.co.me\/vijesti\/drustvo\/medicinske-sestre-i-tehnicari-iz-kccg-porucili-dosta-smo-slusali-tisinu-institucija-5307104\"><\/a><a href=\"https:\/\/dan.co.me\/vijesti\/drustvo\/medicinske-sestre-i-tehnicari-iz-kccg-porucili-dosta-smo-slusali-tisinu-institucija-5307104\"> <\/a><a href=\"https:\/\/dan.co.me\/vijesti\/drustvo\/medicinske-sestre-i-tehnicari-iz-kccg-porucili-dosta-smo-slusali-tisinu-institucija-5307104\"><\/a><\/p>\n\n\n\n<p><a href=\"https:\/\/dan.co.me\/vijesti\/drustvo\/medicinske-sestre-i-tehnicari-iz-kccg-porucili-dosta-smo-slusali-tisinu-institucija-5307104\"><\/a>Navode da redovni radni sat medicinske sestre sa srednjim stru\u010dnim obrazovanjem iznosi 3,4 eura, njen prekovremeni rad pla\u0107en je 5,44 eura, a sat no\u0107nog rada 2,70 eura.<\/p>\n\n\n\n<p>\u2013 Redovni rad medicinske sestre sa zavr\u0161enim visokim obrazovanjem pla\u0107en je 4,31 euro, sat prekovremenog rada 6,90 eura, a sat no\u0107nog 3,45 eura. Da li znate bilo koje stru\u010dno zanimanje koje je manje pla\u0107eno \u2013 pitaju iz Odbora medicinskih sestara i tehni\u010dara.<\/p>\n\n\n\n<p>Njihove predstavnike ranije su primili poslani\u010dki klubovi u Skup\u0161tini.<\/p>","protected":false},"excerpt":{"rendered":"<p>Odbor medicinskih sestara i tehni\u010dara Klini\u010dkog centra Crne Gore (KCCG) organizova\u0107e naredne sedmice protestnu \u0161etnju do Ministarstva zdravlja, gdje \u0107e ponoviti svoj zahtjev da im se plate budu ve\u0107e za 15 odsto od zarada njihovih kolega u drugim zdravstvenim ustanovama.<\/p>","protected":false},"author":1,"featured_media":951889,"comment_status":"open","ping_status":"open","sticky":false,"template":"","format":"standard","meta":{"_acf_changed":false,"footnotes":""},"categories":[2],"tags":[455,7966,7967],"naslovna":[],"class_list":["post-951888","post","type-post","status-publish","format-standard","has-post-thumbnail","hentry","category-drustvo","tag-protest","tag-sestre","tag-tehnicari"],"acf":[],"yoast_head":"<!-- This site is optimized with the Yoast SEO plugin v27.4 - https:\/\/yoast.com\/product\/yoast-seo-wordpress\/ -->\n<title>Protest sestara i tehni\u010dara 18. septembra - dmcsrb.com<\/title>\n<meta name=\"robots\" content=\"index, follow, max-snippet:-1, max-image-preview:large, max-video-preview:-1\" \/>\n<link rel=\"canonical\" href=\"https:\/\/dmcsrb.com\/en\/drustvo\/protest-sestara-i-tehnicara-18-septembra\/\" \/>\n<meta property=\"og:locale\" content=\"en_GB\" \/>\n<meta property=\"og:type\" content=\"article\" \/>\n<meta property=\"og:title\" content=\"Protest sestara i tehni\u010dara 18. septembra - dmcsrb.com\" \/>\n<meta property=\"og:description\" content=\"Odbor medicinskih sestara i tehni\u010dara Klini\u010dkog centra Crne Gore (KCCG) organizova\u0107e naredne sedmice protestnu \u0161etnju do Ministarstva zdravlja, gdje \u0107e ponoviti svoj zahtjev da im se plate budu ve\u0107e za 15 odsto od zarada njihovih kolega u drugim zdravstvenim ustanovama.\" \/>\n<meta property=\"og:url\" content=\"https:\/\/dmcsrb.com\/en\/drustvo\/protest-sestara-i-tehnicara-18-septembra\/\" \/>\n<meta property=\"og:site_name\" content=\"dmcsrb.com\" \/>\n<meta property=\"article:published_time\" content=\"2025-09-13T10:35:00+00:00\" \/>\n<meta property=\"og:image\" content=\"https:\/\/dmcsrb.com\/wp-content\/uploads\/2026\/01\/medicinari.webp\" \/>\n\t<meta property=\"og:image:width\" content=\"1052\" \/>\n\t<meta property=\"og:image:height\" content=\"623\" \/>\n\t<meta property=\"og:image:type\" content=\"image\/jpeg\" \/>\n<meta name=\"author\" content=\"dmcsrbija.com@gmail.com\" \/>\n<meta name=\"twitter:card\" content=\"summary_large_image\" \/>\n<meta name=\"twitter:label1\" content=\"Written by\" \/>\n\t<meta name=\"twitter:data1\" content=\"dmcsrbija.com@gmail.com\" \/>\n\t<meta name=\"twitter:label2\" content=\"Estimated reading time\" \/>\n\t<meta name=\"twitter:data2\" content=\"3 minutes\" \/>\n<script type=\"application\/ld+json\" class=\"yoast-schema-graph\">{\"@context\":\"https:\\\/\\\/schema.org\",\"@graph\":[{\"@type\":\"Article\",\"@id\":\"https:\\\/\\\/dmcsrb.com\\\/drustvo\\\/protest-sestara-i-tehnicara-18-septembra\\\/#article\",\"isPartOf\":{\"@id\":\"https:\\\/\\\/dmcsrb.com\\\/drustvo\\\/protest-sestara-i-tehnicara-18-septembra\\\/\"},\"author\":{\"name\":\"dmcsrbija.com@gmail.com\",\"@id\":\"https:\\\/\\\/dmcsrb.com\\\/#\\\/schema\\\/person\\\/5c39170f12db1b8b457732d0b5c854e2\"},\"headline\":\"Protest sestara i tehni\u010dara 18. septembra\",\"datePublished\":\"2025-09-13T10:35:00+00:00\",\"mainEntityOfPage\":{\"@id\":\"https:\\\/\\\/dmcsrb.com\\\/drustvo\\\/protest-sestara-i-tehnicara-18-septembra\\\/\"},\"wordCount\":540,\"commentCount\":0,\"image\":{\"@id\":\"https:\\\/\\\/dmcsrb.com\\\/drustvo\\\/protest-sestara-i-tehnicara-18-septembra\\\/#primaryimage\"},\"thumbnailUrl\":\"https:\\\/\\\/dmcsrb.com\\\/wp-content\\\/uploads\\\/2026\\\/01\\\/medicinari.webp\",\"keywords\":[\"Protest\",\"sestre\",\"tehni\u010dari\"],\"articleSection\":[\"Dru\u0161tvo\"],\"inLanguage\":\"en-GB\",\"potentialAction\":[{\"@type\":\"CommentAction\",\"name\":\"Comment\",\"target\":[\"https:\\\/\\\/dmcsrb.com\\\/drustvo\\\/protest-sestara-i-tehnicara-18-septembra\\\/#respond\"]}]},{\"@type\":\"WebPage\",\"@id\":\"https:\\\/\\\/dmcsrb.com\\\/drustvo\\\/protest-sestara-i-tehnicara-18-septembra\\\/\",\"url\":\"https:\\\/\\\/dmcsrb.com\\\/drustvo\\\/protest-sestara-i-tehnicara-18-septembra\\\/\",\"name\":\"Protest sestara i tehni\u010dara 18. septembra - dmcsrb.com\",\"isPartOf\":{\"@id\":\"https:\\\/\\\/dmcsrb.com\\\/#website\"},\"primaryImageOfPage\":{\"@id\":\"https:\\\/\\\/dmcsrb.com\\\/drustvo\\\/protest-sestara-i-tehnicara-18-septembra\\\/#primaryimage\"},\"image\":{\"@id\":\"https:\\\/\\\/dmcsrb.com\\\/drustvo\\\/protest-sestara-i-tehnicara-18-septembra\\\/#primaryimage\"},\"thumbnailUrl\":\"https:\\\/\\\/dmcsrb.com\\\/wp-content\\\/uploads\\\/2026\\\/01\\\/medicinari.webp\",\"datePublished\":\"2025-09-13T10:35:00+00:00\",\"author\":{\"@id\":\"https:\\\/\\\/dmcsrb.com\\\/#\\\/schema\\\/person\\\/5c39170f12db1b8b457732d0b5c854e2\"},\"breadcrumb\":{\"@id\":\"https:\\\/\\\/dmcsrb.com\\\/drustvo\\\/protest-sestara-i-tehnicara-18-septembra\\\/#breadcrumb\"},\"inLanguage\":\"en-GB\",\"potentialAction\":[{\"@type\":\"ReadAction\",\"target\":[\"https:\\\/\\\/dmcsrb.com\\\/drustvo\\\/protest-sestara-i-tehnicara-18-septembra\\\/\"]}]},{\"@type\":\"ImageObject\",\"inLanguage\":\"en-GB\",\"@id\":\"https:\\\/\\\/dmcsrb.com\\\/drustvo\\\/protest-sestara-i-tehnicara-18-septembra\\\/#primaryimage\",\"url\":\"https:\\\/\\\/dmcsrb.com\\\/wp-content\\\/uploads\\\/2026\\\/01\\\/medicinari.webp\",\"contentUrl\":\"https:\\\/\\\/dmcsrb.com\\\/wp-content\\\/uploads\\\/2026\\\/01\\\/medicinari.webp\",\"width\":1052,\"height\":623},{\"@type\":\"BreadcrumbList\",\"@id\":\"https:\\\/\\\/dmcsrb.com\\\/drustvo\\\/protest-sestara-i-tehnicara-18-septembra\\\/#breadcrumb\",\"itemListElement\":[{\"@type\":\"ListItem\",\"position\":1,\"name\":\"Home\",\"item\":\"https:\\\/\\\/dmcsrb.com\\\/\"},{\"@type\":\"ListItem\",\"position\":2,\"name\":\"Protest sestara i tehni\u010dara 18. septembra\"}]},{\"@type\":\"WebSite\",\"@id\":\"https:\\\/\\\/dmcsrb.com\\\/#website\",\"url\":\"https:\\\/\\\/dmcsrb.com\\\/\",\"name\":\"dmcsrb.com\",\"description\":\"\",\"potentialAction\":[{\"@type\":\"SearchAction\",\"target\":{\"@type\":\"EntryPoint\",\"urlTemplate\":\"https:\\\/\\\/dmcsrb.com\\\/?s={search_term_string}\"},\"query-input\":{\"@type\":\"PropertyValueSpecification\",\"valueRequired\":true,\"valueName\":\"search_term_string\"}}],\"inLanguage\":\"en-GB\"},{\"@type\":\"Person\",\"@id\":\"https:\\\/\\\/dmcsrb.com\\\/#\\\/schema\\\/person\\\/5c39170f12db1b8b457732d0b5c854e2\",\"name\":\"dmcsrbija.com@gmail.com\",\"image\":{\"@type\":\"ImageObject\",\"inLanguage\":\"en-GB\",\"@id\":\"https:\\\/\\\/secure.gravatar.com\\\/avatar\\\/68592660ad6347fad0fb587f8d5d8f1a7b44961362f56e4f2cd524feb87e9069?s=96&d=mm&r=g\",\"url\":\"https:\\\/\\\/secure.gravatar.com\\\/avatar\\\/68592660ad6347fad0fb587f8d5d8f1a7b44961362f56e4f2cd524feb87e9069?s=96&d=mm&r=g\",\"contentUrl\":\"https:\\\/\\\/secure.gravatar.com\\\/avatar\\\/68592660ad6347fad0fb587f8d5d8f1a7b44961362f56e4f2cd524feb87e9069?s=96&d=mm&r=g\",\"caption\":\"dmcsrbija.com@gmail.com\"},\"sameAs\":[\"https:\\\/\\\/dmcsrb.com\"],\"url\":\"https:\\\/\\\/dmcsrb.com\\\/en\\\/author\\\/dmcsrbija-comgmail-com\\\/\"}]}<\/script>\n<!-- \/ Yoast SEO plugin. -->","yoast_head_json":{"title":"Protest sestara i tehni\u010dara 18. septembra - dmcsrb.com","robots":{"index":"index","follow":"follow","max-snippet":"max-snippet:-1","max-image-preview":"max-image-preview:large","max-video-preview":"max-video-preview:-1"},"canonical":"https:\/\/dmcsrb.com\/en\/drustvo\/protest-sestara-i-tehnicara-18-septembra\/","og_locale":"en_GB","og_type":"article","og_title":"Protest sestara i tehni\u010dara 18. septembra - dmcsrb.com","og_description":"Odbor medicinskih sestara i tehni\u010dara Klini\u010dkog centra Crne Gore (KCCG) organizova\u0107e naredne sedmice protestnu \u0161etnju do Ministarstva zdravlja, gdje \u0107e ponoviti svoj zahtjev da im se plate budu ve\u0107e za 15 odsto od zarada njihovih kolega u drugim zdravstvenim ustanovama.","og_url":"https:\/\/dmcsrb.com\/en\/drustvo\/protest-sestara-i-tehnicara-18-septembra\/","og_site_name":"dmcsrb.com","article_published_time":"2025-09-13T10:35:00+00:00","og_image":[{"width":1052,"height":623,"url":"https:\/\/dmcsrb.com\/wp-content\/uploads\/2026\/01\/medicinari.webp","type":"image\/jpeg"}],"author":"dmcsrbija.com@gmail.com","twitter_card":"summary_large_image","twitter_misc":{"Written by":"dmcsrbija.com@gmail.com","Estimated reading time":"3 minutes"},"schema":{"@context":"https:\/\/schema.org","@graph":[{"@type":"Article","@id":"https:\/\/dmcsrb.com\/drustvo\/protest-sestara-i-tehnicara-18-septembra\/#article","isPartOf":{"@id":"https:\/\/dmcsrb.com\/drustvo\/protest-sestara-i-tehnicara-18-septembra\/"},"author":{"name":"dmcsrbija.com@gmail.com","@id":"https:\/\/dmcsrb.com\/#\/schema\/person\/5c39170f12db1b8b457732d0b5c854e2"},"headline":"Protest sestara i tehni\u010dara 18. septembra","datePublished":"2025-09-13T10:35:00+00:00","mainEntityOfPage":{"@id":"https:\/\/dmcsrb.com\/drustvo\/protest-sestara-i-tehnicara-18-septembra\/"},"wordCount":540,"commentCount":0,"image":{"@id":"https:\/\/dmcsrb.com\/drustvo\/protest-sestara-i-tehnicara-18-septembra\/#primaryimage"},"thumbnailUrl":"https:\/\/dmcsrb.com\/wp-content\/uploads\/2026\/01\/medicinari.webp","keywords":["Protest","sestre","tehni\u010dari"],"articleSection":["Dru\u0161tvo"],"inLanguage":"en-GB","potentialAction":[{"@type":"CommentAction","name":"Comment","target":["https:\/\/dmcsrb.com\/drustvo\/protest-sestara-i-tehnicara-18-septembra\/#respond"]}]},{"@type":"WebPage","@id":"https:\/\/dmcsrb.com\/drustvo\/protest-sestara-i-tehnicara-18-septembra\/","url":"https:\/\/dmcsrb.com\/drustvo\/protest-sestara-i-tehnicara-18-septembra\/","name":"Protest sestara i tehni\u010dara 18. septembra - dmcsrb.com","isPartOf":{"@id":"https:\/\/dmcsrb.com\/#website"},"primaryImageOfPage":{"@id":"https:\/\/dmcsrb.com\/drustvo\/protest-sestara-i-tehnicara-18-septembra\/#primaryimage"},"image":{"@id":"https:\/\/dmcsrb.com\/drustvo\/protest-sestara-i-tehnicara-18-septembra\/#primaryimage"},"thumbnailUrl":"https:\/\/dmcsrb.com\/wp-content\/uploads\/2026\/01\/medicinari.webp","datePublished":"2025-09-13T10:35:00+00:00","author":{"@id":"https:\/\/dmcsrb.com\/#\/schema\/person\/5c39170f12db1b8b457732d0b5c854e2"},"breadcrumb":{"@id":"https:\/\/dmcsrb.com\/drustvo\/protest-sestara-i-tehnicara-18-septembra\/#breadcrumb"},"inLanguage":"en-GB","potentialAction":[{"@type":"ReadAction","target":["https:\/\/dmcsrb.com\/drustvo\/protest-sestara-i-tehnicara-18-septembra\/"]}]},{"@type":"ImageObject","inLanguage":"en-GB","@id":"https:\/\/dmcsrb.com\/drustvo\/protest-sestara-i-tehnicara-18-septembra\/#primaryimage","url":"https:\/\/dmcsrb.com\/wp-content\/uploads\/2026\/01\/medicinari.webp","contentUrl":"https:\/\/dmcsrb.com\/wp-content\/uploads\/2026\/01\/medicinari.webp","width":1052,"height":623},{"@type":"BreadcrumbList","@id":"https:\/\/dmcsrb.com\/drustvo\/protest-sestara-i-tehnicara-18-septembra\/#breadcrumb","itemListElement":[{"@type":"ListItem","position":1,"name":"Home","item":"https:\/\/dmcsrb.com\/"},{"@type":"ListItem","position":2,"name":"Protest sestara i tehni\u010dara 18. septembra"}]},{"@type":"WebSite","@id":"https:\/\/dmcsrb.com\/#website","url":"https:\/\/dmcsrb.com\/","name":"dmcsrb.com","description":"","potentialAction":[{"@type":"SearchAction","target":{"@type":"EntryPoint","urlTemplate":"https:\/\/dmcsrb.com\/?s={search_term_string}"},"query-input":{"@type":"PropertyValueSpecification","valueRequired":true,"valueName":"search_term_string"}}],"inLanguage":"en-GB"},{"@type":"Person","@id":"https:\/\/dmcsrb.com\/#\/schema\/person\/5c39170f12db1b8b457732d0b5c854e2","name":"dmcsrbija.com@gmail.com","image":{"@type":"ImageObject","inLanguage":"en-GB","@id":"https:\/\/secure.gravatar.com\/avatar\/68592660ad6347fad0fb587f8d5d8f1a7b44961362f56e4f2cd524feb87e9069?s=96&d=mm&r=g","url":"https:\/\/secure.gravatar.com\/avatar\/68592660ad6347fad0fb587f8d5d8f1a7b44961362f56e4f2cd524feb87e9069?s=96&d=mm&r=g","contentUrl":"https:\/\/secure.gravatar.com\/avatar\/68592660ad6347fad0fb587f8d5d8f1a7b44961362f56e4f2cd524feb87e9069?s=96&d=mm&r=g","caption":"dmcsrbija.com@gmail.com"},"sameAs":["https:\/\/dmcsrb.com"],"url":"https:\/\/dmcsrb.com\/en\/author\/dmcsrbija-comgmail-com\/"}]}},"_links":{"self":[{"href":"https:\/\/dmcsrb.com\/en\/wp-json\/wp\/v2\/posts\/951888","targetHints":{"allow":["GET"]}}],"collection":[{"href":"https:\/\/dmcsrb.com\/en\/wp-json\/wp\/v2\/posts"}],"about":[{"href":"https:\/\/dmcsrb.com\/en\/wp-json\/wp\/v2\/types\/post"}],"author":[{"embeddable":true,"href":"https:\/\/dmcsrb.com\/en\/wp-json\/wp\/v2\/users\/1"}],"replies":[{"embeddable":true,"href":"https:\/\/dmcsrb.com\/en\/wp-json\/wp\/v2\/comments?post=951888"}],"version-history":[{"count":0,"href":"https:\/\/dmcsrb.com\/en\/wp-json\/wp\/v2\/posts\/951888\/revisions"}],"wp:featuredmedia":[{"embeddable":true,"href":"https:\/\/dmcsrb.com\/en\/wp-json\/wp\/v2\/media\/951889"}],"wp:attachment":[{"href":"https:\/\/dmcsrb.com\/en\/wp-json\/wp\/v2\/media?parent=951888"}],"wp:term":[{"taxonomy":"category","embeddable":true,"href":"https:\/\/dmcsrb.com\/en\/wp-json\/wp\/v2\/categories?post=951888"},{"taxonomy":"post_tag","embeddable":true,"href":"https:\/\/dmcsrb.com\/en\/wp-json\/wp\/v2\/tags?post=951888"},{"taxonomy":"naslovna","embeddable":true,"href":"https:\/\/dmcsrb.com\/en\/wp-json\/wp\/v2\/naslovna?post=951888"}],"curies":[{"name":"wp","href":"https:\/\/api.w.org\/{rel}","templated":true}]}}