{"id":951884,"date":"2025-09-13T12:59:00","date_gmt":"2025-09-13T10:59:00","guid":{"rendered":"https:\/\/dmcsrb.com\/uncategorized\/otvoren-memorijalni-turnir-masan-i-marko\/"},"modified":"2025-09-13T12:59:00","modified_gmt":"2025-09-13T10:59:00","slug":"otvoren-memorijalni-turnir-masan-i-marko","status":"publish","type":"post","link":"https:\/\/dmcsrb.com\/en\/drustvo\/otvoren-memorijalni-turnir-masan-i-marko\/","title":{"rendered":"Otvoren Memorijalni turnir &#8220;Ma\u0161an i Marko&#8221;"},"content":{"rendered":"<p><br><\/p>\n\n\n\n<p>Memorijalni turnir \u201eMa\u0161an i Marko\u201c danas je otvoren na pomo\u0107nom fudbalskom terenu, u znak sje\u0107anja na dje\u010dake Ma\u0161ana i Marka, nekada\u0161nje \u010dlanove \u0161kolice fudbala FK \u2018Winner\u2019, koji su tragi\u010dno stradali 12. avgusta 2022. godine.<\/p>\n\n\n\n<p>Turnir je otvorio gradona\u010delnik Prijestonice Cetinje Nikola \u0110ura\u0161kovi\u0107, koji je kazao da postoje trenuci u \u017eivotu jednog grada kada i najja\u010de rije\u010di zvu\u010de preslabo, kada se ti\u0161ina \u010dini dubljom od govora i kada se, bez obzira na sve \u0161to ka\u017eemo, osje\u0107amo nemo\u0107ni pred prazninom koja ostaje.<\/p>\n\n\n\n<p>\u201eNa po\u010detku svake \u0161kolske godine, kada u\u010dionice ponovo postaju mjesta novih znanja i kada fudbalski tereni dobijaju novu snagu dje\u010djih koraka, mi se sje\u0107amo da su u nekim klupama ostala prazna mjesta, i da na ovom terenu nedostaju dva dje\u010daka koja nijesu do\u010dekala priliku da odrastu, da odaberu svoje puteve, da ostvare svoje snove i da nas, kao odrasli ljudi, obraduju svojim velikim djelima. Na ovom terenu, koji je svjedo\u010dio njihovoj sre\u0107i, ostala je ti\u0161ina njihovih nedovr\u0161enih snova i kopa\u010dke koje jo\u0161 uvijek pri\u010daju pri\u010du o golovima koje su tek po\u010deli da posti\u017eu i o radosti fudbala koji je bio njihov \u017eivot\u201c, kazao je \u0110ura\u0161kovi\u0107.<\/p>\n\n\n\n<p>On je poru\u010dio da su Ma\u0161an i Marko prerano i tragi\u010dno oti\u0161li i ostavili iza sebe prazninu koju ni\u0161ta ne mo\u017ee ispuniti, ali i obavezu svima nama da ih ne zaboravimo i da njihova imena \u017eive kroz na\u0161e sje\u0107anje, ljubav i zajedni\u0161tvo.<\/p>\n\n\n\n<p>\u201eOno \u0161to nas danas okuplja danas jeste upravo to, \u017eelja da se njihova imena nikada ne zaborave, da kroz svaku loptu koja se zakotrlja ovim terenom, kroz svaki aplauz koji odjekne sa tribina i kroz svaku iskru osmijeha, \u017eive i Ma\u0161an i Marko\u201c, poru\u010dio je.<\/p>\n\n\n\n<p>Prisutnima se obratila i baba dje\u010daka, Vesna Pejovi\u0107, koja je po\u017eeljela sre\u0107u svim u\u010desnicima, zahvalila Prijestonici Cetinje i svima koji su podr\u017eali ovaj doga\u0111aj, naglasiv\u0161i da porodicama mnogo zna\u010di \u0161to se ime Ma\u0161ana i Marka \u010duva i pominje.<\/p>\n\n\n\n<p>Po\u010detak turnira obilje\u017eio je poseban trenutak kada su mladi fudbaleri simboli\u010dno pustili balone u nebo, u \u010dast Ma\u0161ana i Marka, kako bi poslali sna\u017enu poruku sje\u0107anja i zajedni\u0161tva.<\/p>\n\n\n\n<p>Organizator turnira je Prijestonica Cetinje, uz podr\u0161ku Fudbalskog saveza Crne Gore i FK \u201eWinner\u201c, a na inicijativu roditelja dje\u010daka Milo\u0161a Martinovi\u0107a.<\/p>\n\n\n\n<p>Turnir \u0107e biti tradicionalna manifestacija koja \u0107e se odr\u017eavati svake godine u znak sje\u0107anja na Ma\u0161ana i Marka, ali i kao prilika da se promovi\u0161u sport, zajedni\u0161tvo i solidarnost me\u0111u mladima.<\/p>","protected":false},"excerpt":{"rendered":"<p>Memorijalni turnir \u201eMa\u0161an i Marko\u201c danas je otvoren na pomo\u0107nom fudbalskom terenu, u znak sje\u0107anja na dje\u010dake Ma\u0161ana i Marka, nekada\u0161nje \u010dlanove \u0161kolice fudbala FK \u2018Winner\u2019, koji su tragi\u010dno stradali 12. avgusta 2022. godine. Turnir je otvorio gradona\u010delnik Prijestonice Cetinje Nikola \u0110ura\u0161kovi\u0107, koji je kazao da postoje trenuci u \u017eivotu jednog grada kada i najja\u010de [&hellip;]<\/p>\n","protected":false},"author":1,"featured_media":951885,"comment_status":"open","ping_status":"open","sticky":false,"template":"","format":"standard","meta":{"_acf_changed":false,"footnotes":""},"categories":[2],"tags":[7964,3773],"naslovna":[],"class_list":["post-951884","post","type-post","status-publish","format-standard","has-post-thumbnail","hentry","category-drustvo","tag-memorijalni-turnir-masan-i-marko","tag-otvoren"],"acf":[],"yoast_head":"<!-- This site is optimized with the Yoast SEO plugin v27.0 - https:\/\/yoast.com\/product\/yoast-seo-wordpress\/ -->\n<title>Otvoren Memorijalni turnir &quot;Ma\u0161an i Marko&quot; - dmcsrb.com<\/title>\n<meta name=\"robots\" content=\"index, follow, max-snippet:-1, max-image-preview:large, max-video-preview:-1\" \/>\n<link rel=\"canonical\" href=\"https:\/\/dmcsrb.com\/en\/drustvo\/otvoren-memorijalni-turnir-masan-i-marko\/\" \/>\n<meta property=\"og:locale\" content=\"en_GB\" \/>\n<meta property=\"og:type\" content=\"article\" \/>\n<meta property=\"og:title\" content=\"Otvoren Memorijalni turnir &quot;Ma\u0161an i Marko&quot; - dmcsrb.com\" \/>\n<meta property=\"og:description\" content=\"Memorijalni turnir \u201eMa\u0161an i Marko\u201c danas je otvoren na pomo\u0107nom fudbalskom terenu, u znak sje\u0107anja na dje\u010dake Ma\u0161ana i Marka, nekada\u0161nje \u010dlanove \u0161kolice fudbala FK \u2018Winner\u2019, koji su tragi\u010dno stradali 12. avgusta 2022. godine. Turnir je otvorio gradona\u010delnik Prijestonice Cetinje Nikola \u0110ura\u0161kovi\u0107, koji je kazao da postoje trenuci u \u017eivotu jednog grada kada i najja\u010de [&hellip;]\" \/>\n<meta property=\"og:url\" content=\"https:\/\/dmcsrb.com\/en\/drustvo\/otvoren-memorijalni-turnir-masan-i-marko\/\" \/>\n<meta property=\"og:site_name\" content=\"dmcsrb.com\" \/>\n<meta property=\"article:published_time\" content=\"2025-09-13T10:59:00+00:00\" \/>\n<meta property=\"og:image\" content=\"https:\/\/dmcsrb.com\/wp-content\/uploads\/2026\/01\/masan-marko.webp\" \/>\n\t<meta property=\"og:image:width\" content=\"1320\" \/>\n\t<meta property=\"og:image:height\" content=\"733\" \/>\n\t<meta property=\"og:image:type\" content=\"image\/jpeg\" \/>\n<meta name=\"author\" content=\"dmcsrbija.com@gmail.com\" \/>\n<meta name=\"twitter:card\" content=\"summary_large_image\" \/>\n<meta name=\"twitter:label1\" content=\"Written by\" \/>\n\t<meta name=\"twitter:data1\" content=\"dmcsrbija.com@gmail.com\" \/>\n\t<meta name=\"twitter:label2\" content=\"Estimated reading time\" \/>\n\t<meta name=\"twitter:data2\" content=\"2 minutes\" \/>\n<script type=\"application\/ld+json\" class=\"yoast-schema-graph\">{\"@context\":\"https:\/\/schema.org\",\"@graph\":[{\"@type\":\"Article\",\"@id\":\"https:\/\/dmcsrb.com\/drustvo\/otvoren-memorijalni-turnir-masan-i-marko\/#article\",\"isPartOf\":{\"@id\":\"https:\/\/dmcsrb.com\/drustvo\/otvoren-memorijalni-turnir-masan-i-marko\/\"},\"author\":{\"name\":\"dmcsrbija.com@gmail.com\",\"@id\":\"https:\/\/dmcsrb.com\/#\/schema\/person\/5c39170f12db1b8b457732d0b5c854e2\"},\"headline\":\"Otvoren Memorijalni turnir &#8220;Ma\u0161an i Marko&#8221;\",\"datePublished\":\"2025-09-13T10:59:00+00:00\",\"mainEntityOfPage\":{\"@id\":\"https:\/\/dmcsrb.com\/drustvo\/otvoren-memorijalni-turnir-masan-i-marko\/\"},\"wordCount\":464,\"commentCount\":0,\"image\":{\"@id\":\"https:\/\/dmcsrb.com\/drustvo\/otvoren-memorijalni-turnir-masan-i-marko\/#primaryimage\"},\"thumbnailUrl\":\"https:\/\/dmcsrb.com\/wp-content\/uploads\/2026\/01\/masan-marko.webp\",\"keywords\":[\"Memorijalni turnir Ma\u0161an i Marko\",\"otvoren\"],\"articleSection\":[\"Dru\u0161tvo\"],\"inLanguage\":\"en-GB\",\"potentialAction\":[{\"@type\":\"CommentAction\",\"name\":\"Comment\",\"target\":[\"https:\/\/dmcsrb.com\/drustvo\/otvoren-memorijalni-turnir-masan-i-marko\/#respond\"]}]},{\"@type\":\"WebPage\",\"@id\":\"https:\/\/dmcsrb.com\/drustvo\/otvoren-memorijalni-turnir-masan-i-marko\/\",\"url\":\"https:\/\/dmcsrb.com\/drustvo\/otvoren-memorijalni-turnir-masan-i-marko\/\",\"name\":\"Otvoren Memorijalni turnir \\\"Ma\u0161an i Marko\\\" - dmcsrb.com\",\"isPartOf\":{\"@id\":\"https:\/\/dmcsrb.com\/#website\"},\"primaryImageOfPage\":{\"@id\":\"https:\/\/dmcsrb.com\/drustvo\/otvoren-memorijalni-turnir-masan-i-marko\/#primaryimage\"},\"image\":{\"@id\":\"https:\/\/dmcsrb.com\/drustvo\/otvoren-memorijalni-turnir-masan-i-marko\/#primaryimage\"},\"thumbnailUrl\":\"https:\/\/dmcsrb.com\/wp-content\/uploads\/2026\/01\/masan-marko.webp\",\"datePublished\":\"2025-09-13T10:59:00+00:00\",\"author\":{\"@id\":\"https:\/\/dmcsrb.com\/#\/schema\/person\/5c39170f12db1b8b457732d0b5c854e2\"},\"breadcrumb\":{\"@id\":\"https:\/\/dmcsrb.com\/drustvo\/otvoren-memorijalni-turnir-masan-i-marko\/#breadcrumb\"},\"inLanguage\":\"en-GB\",\"potentialAction\":[{\"@type\":\"ReadAction\",\"target\":[\"https:\/\/dmcsrb.com\/drustvo\/otvoren-memorijalni-turnir-masan-i-marko\/\"]}]},{\"@type\":\"ImageObject\",\"inLanguage\":\"en-GB\",\"@id\":\"https:\/\/dmcsrb.com\/drustvo\/otvoren-memorijalni-turnir-masan-i-marko\/#primaryimage\",\"url\":\"https:\/\/dmcsrb.com\/wp-content\/uploads\/2026\/01\/masan-marko.webp\",\"contentUrl\":\"https:\/\/dmcsrb.com\/wp-content\/uploads\/2026\/01\/masan-marko.webp\",\"width\":1320,\"height\":733},{\"@type\":\"BreadcrumbList\",\"@id\":\"https:\/\/dmcsrb.com\/drustvo\/otvoren-memorijalni-turnir-masan-i-marko\/#breadcrumb\",\"itemListElement\":[{\"@type\":\"ListItem\",\"position\":1,\"name\":\"Home\",\"item\":\"https:\/\/dmcsrb.com\/\"},{\"@type\":\"ListItem\",\"position\":2,\"name\":\"Otvoren Memorijalni turnir &#8220;Ma\u0161an i Marko&#8221;\"}]},{\"@type\":\"WebSite\",\"@id\":\"https:\/\/dmcsrb.com\/#website\",\"url\":\"https:\/\/dmcsrb.com\/\",\"name\":\"dmcsrb.com\",\"description\":\"\",\"potentialAction\":[{\"@type\":\"SearchAction\",\"target\":{\"@type\":\"EntryPoint\",\"urlTemplate\":\"https:\/\/dmcsrb.com\/?s={search_term_string}\"},\"query-input\":{\"@type\":\"PropertyValueSpecification\",\"valueRequired\":true,\"valueName\":\"search_term_string\"}}],\"inLanguage\":\"en-GB\"},{\"@type\":\"Person\",\"@id\":\"https:\/\/dmcsrb.com\/#\/schema\/person\/5c39170f12db1b8b457732d0b5c854e2\",\"name\":\"dmcsrbija.com@gmail.com\",\"image\":{\"@type\":\"ImageObject\",\"inLanguage\":\"en-GB\",\"@id\":\"https:\/\/dmcsrb.com\/#\/schema\/person\/image\/\",\"url\":\"https:\/\/secure.gravatar.com\/avatar\/68592660ad6347fad0fb587f8d5d8f1a7b44961362f56e4f2cd524feb87e9069?s=96&d=mm&r=g\",\"contentUrl\":\"https:\/\/secure.gravatar.com\/avatar\/68592660ad6347fad0fb587f8d5d8f1a7b44961362f56e4f2cd524feb87e9069?s=96&d=mm&r=g\",\"caption\":\"dmcsrbija.com@gmail.com\"},\"sameAs\":[\"https:\/\/dmcsrb.com\"],\"url\":\"https:\/\/dmcsrb.com\/en\/author\/dmcsrbija-comgmail-com\/\"}]}<\/script>\n<!-- \/ Yoast SEO plugin. -->","yoast_head_json":{"title":"Otvoren Memorijalni turnir \"Ma\u0161an i Marko\" - dmcsrb.com","robots":{"index":"index","follow":"follow","max-snippet":"max-snippet:-1","max-image-preview":"max-image-preview:large","max-video-preview":"max-video-preview:-1"},"canonical":"https:\/\/dmcsrb.com\/en\/drustvo\/otvoren-memorijalni-turnir-masan-i-marko\/","og_locale":"en_GB","og_type":"article","og_title":"Otvoren Memorijalni turnir \"Ma\u0161an i Marko\" - dmcsrb.com","og_description":"Memorijalni turnir \u201eMa\u0161an i Marko\u201c danas je otvoren na pomo\u0107nom fudbalskom terenu, u znak sje\u0107anja na dje\u010dake Ma\u0161ana i Marka, nekada\u0161nje \u010dlanove \u0161kolice fudbala FK \u2018Winner\u2019, koji su tragi\u010dno stradali 12. avgusta 2022. godine. Turnir je otvorio gradona\u010delnik Prijestonice Cetinje Nikola \u0110ura\u0161kovi\u0107, koji je kazao da postoje trenuci u \u017eivotu jednog grada kada i najja\u010de [&hellip;]","og_url":"https:\/\/dmcsrb.com\/en\/drustvo\/otvoren-memorijalni-turnir-masan-i-marko\/","og_site_name":"dmcsrb.com","article_published_time":"2025-09-13T10:59:00+00:00","og_image":[{"width":1320,"height":733,"url":"https:\/\/dmcsrb.com\/wp-content\/uploads\/2026\/01\/masan-marko.webp","type":"image\/jpeg"}],"author":"dmcsrbija.com@gmail.com","twitter_card":"summary_large_image","twitter_misc":{"Written by":"dmcsrbija.com@gmail.com","Estimated reading time":"2 minutes"},"schema":{"@context":"https:\/\/schema.org","@graph":[{"@type":"Article","@id":"https:\/\/dmcsrb.com\/drustvo\/otvoren-memorijalni-turnir-masan-i-marko\/#article","isPartOf":{"@id":"https:\/\/dmcsrb.com\/drustvo\/otvoren-memorijalni-turnir-masan-i-marko\/"},"author":{"name":"dmcsrbija.com@gmail.com","@id":"https:\/\/dmcsrb.com\/#\/schema\/person\/5c39170f12db1b8b457732d0b5c854e2"},"headline":"Otvoren Memorijalni turnir &#8220;Ma\u0161an i Marko&#8221;","datePublished":"2025-09-13T10:59:00+00:00","mainEntityOfPage":{"@id":"https:\/\/dmcsrb.com\/drustvo\/otvoren-memorijalni-turnir-masan-i-marko\/"},"wordCount":464,"commentCount":0,"image":{"@id":"https:\/\/dmcsrb.com\/drustvo\/otvoren-memorijalni-turnir-masan-i-marko\/#primaryimage"},"thumbnailUrl":"https:\/\/dmcsrb.com\/wp-content\/uploads\/2026\/01\/masan-marko.webp","keywords":["Memorijalni turnir Ma\u0161an i Marko","otvoren"],"articleSection":["Dru\u0161tvo"],"inLanguage":"en-GB","potentialAction":[{"@type":"CommentAction","name":"Comment","target":["https:\/\/dmcsrb.com\/drustvo\/otvoren-memorijalni-turnir-masan-i-marko\/#respond"]}]},{"@type":"WebPage","@id":"https:\/\/dmcsrb.com\/drustvo\/otvoren-memorijalni-turnir-masan-i-marko\/","url":"https:\/\/dmcsrb.com\/drustvo\/otvoren-memorijalni-turnir-masan-i-marko\/","name":"Otvoren Memorijalni turnir \"Ma\u0161an i Marko\" - dmcsrb.com","isPartOf":{"@id":"https:\/\/dmcsrb.com\/#website"},"primaryImageOfPage":{"@id":"https:\/\/dmcsrb.com\/drustvo\/otvoren-memorijalni-turnir-masan-i-marko\/#primaryimage"},"image":{"@id":"https:\/\/dmcsrb.com\/drustvo\/otvoren-memorijalni-turnir-masan-i-marko\/#primaryimage"},"thumbnailUrl":"https:\/\/dmcsrb.com\/wp-content\/uploads\/2026\/01\/masan-marko.webp","datePublished":"2025-09-13T10:59:00+00:00","author":{"@id":"https:\/\/dmcsrb.com\/#\/schema\/person\/5c39170f12db1b8b457732d0b5c854e2"},"breadcrumb":{"@id":"https:\/\/dmcsrb.com\/drustvo\/otvoren-memorijalni-turnir-masan-i-marko\/#breadcrumb"},"inLanguage":"en-GB","potentialAction":[{"@type":"ReadAction","target":["https:\/\/dmcsrb.com\/drustvo\/otvoren-memorijalni-turnir-masan-i-marko\/"]}]},{"@type":"ImageObject","inLanguage":"en-GB","@id":"https:\/\/dmcsrb.com\/drustvo\/otvoren-memorijalni-turnir-masan-i-marko\/#primaryimage","url":"https:\/\/dmcsrb.com\/wp-content\/uploads\/2026\/01\/masan-marko.webp","contentUrl":"https:\/\/dmcsrb.com\/wp-content\/uploads\/2026\/01\/masan-marko.webp","width":1320,"height":733},{"@type":"BreadcrumbList","@id":"https:\/\/dmcsrb.com\/drustvo\/otvoren-memorijalni-turnir-masan-i-marko\/#breadcrumb","itemListElement":[{"@type":"ListItem","position":1,"name":"Home","item":"https:\/\/dmcsrb.com\/"},{"@type":"ListItem","position":2,"name":"Otvoren Memorijalni turnir &#8220;Ma\u0161an i Marko&#8221;"}]},{"@type":"WebSite","@id":"https:\/\/dmcsrb.com\/#website","url":"https:\/\/dmcsrb.com\/","name":"dmcsrb.com","description":"","potentialAction":[{"@type":"SearchAction","target":{"@type":"EntryPoint","urlTemplate":"https:\/\/dmcsrb.com\/?s={search_term_string}"},"query-input":{"@type":"PropertyValueSpecification","valueRequired":true,"valueName":"search_term_string"}}],"inLanguage":"en-GB"},{"@type":"Person","@id":"https:\/\/dmcsrb.com\/#\/schema\/person\/5c39170f12db1b8b457732d0b5c854e2","name":"dmcsrbija.com@gmail.com","image":{"@type":"ImageObject","inLanguage":"en-GB","@id":"https:\/\/dmcsrb.com\/#\/schema\/person\/image\/","url":"https:\/\/secure.gravatar.com\/avatar\/68592660ad6347fad0fb587f8d5d8f1a7b44961362f56e4f2cd524feb87e9069?s=96&d=mm&r=g","contentUrl":"https:\/\/secure.gravatar.com\/avatar\/68592660ad6347fad0fb587f8d5d8f1a7b44961362f56e4f2cd524feb87e9069?s=96&d=mm&r=g","caption":"dmcsrbija.com@gmail.com"},"sameAs":["https:\/\/dmcsrb.com"],"url":"https:\/\/dmcsrb.com\/en\/author\/dmcsrbija-comgmail-com\/"}]}},"_links":{"self":[{"href":"https:\/\/dmcsrb.com\/en\/wp-json\/wp\/v2\/posts\/951884","targetHints":{"allow":["GET"]}}],"collection":[{"href":"https:\/\/dmcsrb.com\/en\/wp-json\/wp\/v2\/posts"}],"about":[{"href":"https:\/\/dmcsrb.com\/en\/wp-json\/wp\/v2\/types\/post"}],"author":[{"embeddable":true,"href":"https:\/\/dmcsrb.com\/en\/wp-json\/wp\/v2\/users\/1"}],"replies":[{"embeddable":true,"href":"https:\/\/dmcsrb.com\/en\/wp-json\/wp\/v2\/comments?post=951884"}],"version-history":[{"count":0,"href":"https:\/\/dmcsrb.com\/en\/wp-json\/wp\/v2\/posts\/951884\/revisions"}],"wp:featuredmedia":[{"embeddable":true,"href":"https:\/\/dmcsrb.com\/en\/wp-json\/wp\/v2\/media\/951885"}],"wp:attachment":[{"href":"https:\/\/dmcsrb.com\/en\/wp-json\/wp\/v2\/media?parent=951884"}],"wp:term":[{"taxonomy":"category","embeddable":true,"href":"https:\/\/dmcsrb.com\/en\/wp-json\/wp\/v2\/categories?post=951884"},{"taxonomy":"post_tag","embeddable":true,"href":"https:\/\/dmcsrb.com\/en\/wp-json\/wp\/v2\/tags?post=951884"},{"taxonomy":"naslovna","embeddable":true,"href":"https:\/\/dmcsrb.com\/en\/wp-json\/wp\/v2\/naslovna?post=951884"}],"curies":[{"name":"wp","href":"https:\/\/api.w.org\/{rel}","templated":true}]}}