{"id":951877,"date":"2025-09-13T12:22:00","date_gmt":"2025-09-13T10:22:00","guid":{"rendered":"https:\/\/dmcsrb.com\/uncategorized\/scekic-predstavio-logo-i-program-pokreta-narodnog-povjerenja\/"},"modified":"2025-09-13T12:22:00","modified_gmt":"2025-09-13T10:22:00","slug":"scekic-predstavio-logo-i-program-pokreta-narodnog-povjerenja","status":"publish","type":"post","link":"https:\/\/dmcsrb.com\/en\/politika\/scekic-predstavio-logo-i-program-pokreta-narodnog-povjerenja\/","title":{"rendered":"\u0160\u0107eki\u0107 predstavio logo i program &#8220;Pokreta narodnog povjerenja&#8221;"},"content":{"rendered":"<p><br><\/p>\n\n\n\n<p>Mi smo pokret koji gradi, a ne dijeli; pokret koji se beskompromisno bori protiv kriminala i korupcije, jer bez pravde nema ni slobode, ni napretka. Vjerujemo u dr\u017eavu u kojoj institucije rade za narod &#8211; poru\u010dio je \u0160\u0107eki\u0107.<\/p>\n\n\n\n<p>U programskim ciljevima nagla\u0161eno je da Pokret te\u017ei Crnoj Gori u kojoj mladi ostaju i grade budu\u0107nost kroz kvalitetno obrazovanje, dobre uslove za zapo\u0161ljavanje, zdravstvenu za\u0161titu, razvoj kulture i sporta. Poseban akcenat stavljen je na strate\u0161ki i odr\u017eivi ekonomski razvoj kroz inovacije, digitalizaciju, zelenu energiju i ja\u010danje doma\u0107e privrede.<\/p>\n\n\n\n<p>Pokret zagovara nezavisno pravosu\u0111e i nultu toleranciju na korupciju, kao i jednak zakon za sve. Tako\u0111e, jedan od klju\u010dnih ciljeva je \u010dlanstvo Crne Gore u Evropskoj uniji, \u0161to, kako je navedeno, zna\u010di stabilnost, investicije i sigurniju budu\u0107nost za sve generacije.<\/p>\n\n\n\n<p>U programu se posebno isti\u010de o\u010duvanje tradicionalnih vrijednosti i nacionalnog identiteta, uz prihvatanje evropskih vrijednosti kao osnove za budu\u0107nost. Obnova institucija i infrastrukture, od \u0161kola i bolnica do puteva, aerodroma i luka, prepoznata je kao temelj razvoja.<\/p>\n\n\n\n<p>Vrijeme je za Crnu Goru kakvu zaslu\u017eujemo. Povjerenje se ne tra\u017ei, ono se gradi &#8211; poru\u010dio je \u0160\u0107eki\u0107, pozivaju\u0107i gra\u0111ane da se pridru\u017ee Pokretu narodnog povjerenja.<\/p>\n\n\n\n<p>Novi logo pokreta nosi slogan \u201eVratimo povjerenje narodu\u201c.<\/p>","protected":false},"excerpt":{"rendered":"<p>Pokret narodnog povjerenja, \u010diji je inicijator ministar sporta i mladih, Dragoslav \u0160\u0107eki\u0107, predstavio je danas logo i osnovni program djelovanja, uz poruku da je vrijeme da Crna Gora postane pravedna, prosperitetna i moderna dr\u017eava.<\/p>","protected":false},"author":1,"featured_media":951878,"comment_status":"open","ping_status":"open","sticky":false,"template":"","format":"standard","meta":{"_acf_changed":false,"footnotes":""},"categories":[12],"tags":[4289,2849,53],"naslovna":[],"class_list":["post-951877","post","type-post","status-publish","format-standard","has-post-thumbnail","hentry","category-politika","tag-logo","tag-pokret-narodnog-povjerenja","tag-program"],"acf":[],"yoast_head":"<!-- This site is optimized with the Yoast SEO plugin v27.4 - https:\/\/yoast.com\/product\/yoast-seo-wordpress\/ -->\n<title>\u0160\u0107eki\u0107 predstavio logo i program &quot;Pokreta narodnog povjerenja&quot; - dmcsrb.com<\/title>\n<meta name=\"robots\" content=\"index, follow, max-snippet:-1, max-image-preview:large, max-video-preview:-1\" \/>\n<link rel=\"canonical\" href=\"https:\/\/dmcsrb.com\/en\/politika\/scekic-predstavio-logo-i-program-pokreta-narodnog-povjerenja\/\" \/>\n<meta property=\"og:locale\" content=\"en_GB\" \/>\n<meta property=\"og:type\" content=\"article\" \/>\n<meta property=\"og:title\" content=\"\u0160\u0107eki\u0107 predstavio logo i program &quot;Pokreta narodnog povjerenja&quot; - dmcsrb.com\" \/>\n<meta property=\"og:description\" content=\"Pokret narodnog povjerenja, \u010diji je inicijator ministar sporta i mladih, Dragoslav \u0160\u0107eki\u0107, predstavio je danas logo i osnovni program djelovanja, uz poruku da je vrijeme da Crna Gora postane pravedna, prosperitetna i moderna dr\u017eava.\" \/>\n<meta property=\"og:url\" content=\"https:\/\/dmcsrb.com\/en\/politika\/scekic-predstavio-logo-i-program-pokreta-narodnog-povjerenja\/\" \/>\n<meta property=\"og:site_name\" content=\"dmcsrb.com\" \/>\n<meta property=\"article:published_time\" content=\"2025-09-13T10:22:00+00:00\" \/>\n<meta property=\"og:image\" content=\"https:\/\/dmcsrb.com\/wp-content\/uploads\/2026\/01\/logo.webp\" \/>\n\t<meta property=\"og:image:width\" content=\"1024\" \/>\n\t<meta property=\"og:image:height\" content=\"640\" \/>\n\t<meta property=\"og:image:type\" content=\"image\/jpeg\" \/>\n<meta name=\"author\" content=\"dmcsrbija.com@gmail.com\" \/>\n<meta name=\"twitter:card\" content=\"summary_large_image\" \/>\n<meta name=\"twitter:label1\" content=\"Written by\" \/>\n\t<meta name=\"twitter:data1\" content=\"dmcsrbija.com@gmail.com\" \/>\n\t<meta name=\"twitter:label2\" content=\"Estimated reading time\" \/>\n\t<meta name=\"twitter:data2\" content=\"1 minute\" \/>\n<script type=\"application\/ld+json\" class=\"yoast-schema-graph\">{\"@context\":\"https:\\\/\\\/schema.org\",\"@graph\":[{\"@type\":\"Article\",\"@id\":\"https:\\\/\\\/dmcsrb.com\\\/politika\\\/scekic-predstavio-logo-i-program-pokreta-narodnog-povjerenja\\\/#article\",\"isPartOf\":{\"@id\":\"https:\\\/\\\/dmcsrb.com\\\/politika\\\/scekic-predstavio-logo-i-program-pokreta-narodnog-povjerenja\\\/\"},\"author\":{\"name\":\"dmcsrbija.com@gmail.com\",\"@id\":\"https:\\\/\\\/dmcsrb.com\\\/#\\\/schema\\\/person\\\/5c39170f12db1b8b457732d0b5c854e2\"},\"headline\":\"\u0160\u0107eki\u0107 predstavio logo i program &#8220;Pokreta narodnog povjerenja&#8221;\",\"datePublished\":\"2025-09-13T10:22:00+00:00\",\"mainEntityOfPage\":{\"@id\":\"https:\\\/\\\/dmcsrb.com\\\/politika\\\/scekic-predstavio-logo-i-program-pokreta-narodnog-povjerenja\\\/\"},\"wordCount\":231,\"commentCount\":0,\"image\":{\"@id\":\"https:\\\/\\\/dmcsrb.com\\\/politika\\\/scekic-predstavio-logo-i-program-pokreta-narodnog-povjerenja\\\/#primaryimage\"},\"thumbnailUrl\":\"https:\\\/\\\/dmcsrb.com\\\/wp-content\\\/uploads\\\/2026\\\/01\\\/logo.webp\",\"keywords\":[\"logo\",\"Pokret narodnog povjerenja\",\"program\"],\"articleSection\":[\"Politika\"],\"inLanguage\":\"en-GB\",\"potentialAction\":[{\"@type\":\"CommentAction\",\"name\":\"Comment\",\"target\":[\"https:\\\/\\\/dmcsrb.com\\\/politika\\\/scekic-predstavio-logo-i-program-pokreta-narodnog-povjerenja\\\/#respond\"]}]},{\"@type\":\"WebPage\",\"@id\":\"https:\\\/\\\/dmcsrb.com\\\/politika\\\/scekic-predstavio-logo-i-program-pokreta-narodnog-povjerenja\\\/\",\"url\":\"https:\\\/\\\/dmcsrb.com\\\/politika\\\/scekic-predstavio-logo-i-program-pokreta-narodnog-povjerenja\\\/\",\"name\":\"\u0160\u0107eki\u0107 predstavio logo i program \\\"Pokreta narodnog povjerenja\\\" - dmcsrb.com\",\"isPartOf\":{\"@id\":\"https:\\\/\\\/dmcsrb.com\\\/#website\"},\"primaryImageOfPage\":{\"@id\":\"https:\\\/\\\/dmcsrb.com\\\/politika\\\/scekic-predstavio-logo-i-program-pokreta-narodnog-povjerenja\\\/#primaryimage\"},\"image\":{\"@id\":\"https:\\\/\\\/dmcsrb.com\\\/politika\\\/scekic-predstavio-logo-i-program-pokreta-narodnog-povjerenja\\\/#primaryimage\"},\"thumbnailUrl\":\"https:\\\/\\\/dmcsrb.com\\\/wp-content\\\/uploads\\\/2026\\\/01\\\/logo.webp\",\"datePublished\":\"2025-09-13T10:22:00+00:00\",\"author\":{\"@id\":\"https:\\\/\\\/dmcsrb.com\\\/#\\\/schema\\\/person\\\/5c39170f12db1b8b457732d0b5c854e2\"},\"breadcrumb\":{\"@id\":\"https:\\\/\\\/dmcsrb.com\\\/politika\\\/scekic-predstavio-logo-i-program-pokreta-narodnog-povjerenja\\\/#breadcrumb\"},\"inLanguage\":\"en-GB\",\"potentialAction\":[{\"@type\":\"ReadAction\",\"target\":[\"https:\\\/\\\/dmcsrb.com\\\/politika\\\/scekic-predstavio-logo-i-program-pokreta-narodnog-povjerenja\\\/\"]}]},{\"@type\":\"ImageObject\",\"inLanguage\":\"en-GB\",\"@id\":\"https:\\\/\\\/dmcsrb.com\\\/politika\\\/scekic-predstavio-logo-i-program-pokreta-narodnog-povjerenja\\\/#primaryimage\",\"url\":\"https:\\\/\\\/dmcsrb.com\\\/wp-content\\\/uploads\\\/2026\\\/01\\\/logo.webp\",\"contentUrl\":\"https:\\\/\\\/dmcsrb.com\\\/wp-content\\\/uploads\\\/2026\\\/01\\\/logo.webp\",\"width\":1024,\"height\":640},{\"@type\":\"BreadcrumbList\",\"@id\":\"https:\\\/\\\/dmcsrb.com\\\/politika\\\/scekic-predstavio-logo-i-program-pokreta-narodnog-povjerenja\\\/#breadcrumb\",\"itemListElement\":[{\"@type\":\"ListItem\",\"position\":1,\"name\":\"Home\",\"item\":\"https:\\\/\\\/dmcsrb.com\\\/\"},{\"@type\":\"ListItem\",\"position\":2,\"name\":\"\u0160\u0107eki\u0107 predstavio logo i program &#8220;Pokreta narodnog povjerenja&#8221;\"}]},{\"@type\":\"WebSite\",\"@id\":\"https:\\\/\\\/dmcsrb.com\\\/#website\",\"url\":\"https:\\\/\\\/dmcsrb.com\\\/\",\"name\":\"dmcsrb.com\",\"description\":\"\",\"potentialAction\":[{\"@type\":\"SearchAction\",\"target\":{\"@type\":\"EntryPoint\",\"urlTemplate\":\"https:\\\/\\\/dmcsrb.com\\\/?s={search_term_string}\"},\"query-input\":{\"@type\":\"PropertyValueSpecification\",\"valueRequired\":true,\"valueName\":\"search_term_string\"}}],\"inLanguage\":\"en-GB\"},{\"@type\":\"Person\",\"@id\":\"https:\\\/\\\/dmcsrb.com\\\/#\\\/schema\\\/person\\\/5c39170f12db1b8b457732d0b5c854e2\",\"name\":\"dmcsrbija.com@gmail.com\",\"image\":{\"@type\":\"ImageObject\",\"inLanguage\":\"en-GB\",\"@id\":\"https:\\\/\\\/secure.gravatar.com\\\/avatar\\\/68592660ad6347fad0fb587f8d5d8f1a7b44961362f56e4f2cd524feb87e9069?s=96&d=mm&r=g\",\"url\":\"https:\\\/\\\/secure.gravatar.com\\\/avatar\\\/68592660ad6347fad0fb587f8d5d8f1a7b44961362f56e4f2cd524feb87e9069?s=96&d=mm&r=g\",\"contentUrl\":\"https:\\\/\\\/secure.gravatar.com\\\/avatar\\\/68592660ad6347fad0fb587f8d5d8f1a7b44961362f56e4f2cd524feb87e9069?s=96&d=mm&r=g\",\"caption\":\"dmcsrbija.com@gmail.com\"},\"sameAs\":[\"https:\\\/\\\/dmcsrb.com\"],\"url\":\"https:\\\/\\\/dmcsrb.com\\\/en\\\/author\\\/dmcsrbija-comgmail-com\\\/\"}]}<\/script>\n<!-- \/ Yoast SEO plugin. -->","yoast_head_json":{"title":"\u0160\u0107eki\u0107 predstavio logo i program \"Pokreta narodnog povjerenja\" - dmcsrb.com","robots":{"index":"index","follow":"follow","max-snippet":"max-snippet:-1","max-image-preview":"max-image-preview:large","max-video-preview":"max-video-preview:-1"},"canonical":"https:\/\/dmcsrb.com\/en\/politika\/scekic-predstavio-logo-i-program-pokreta-narodnog-povjerenja\/","og_locale":"en_GB","og_type":"article","og_title":"\u0160\u0107eki\u0107 predstavio logo i program \"Pokreta narodnog povjerenja\" - dmcsrb.com","og_description":"Pokret narodnog povjerenja, \u010diji je inicijator ministar sporta i mladih, Dragoslav \u0160\u0107eki\u0107, predstavio je danas logo i osnovni program djelovanja, uz poruku da je vrijeme da Crna Gora postane pravedna, prosperitetna i moderna dr\u017eava.","og_url":"https:\/\/dmcsrb.com\/en\/politika\/scekic-predstavio-logo-i-program-pokreta-narodnog-povjerenja\/","og_site_name":"dmcsrb.com","article_published_time":"2025-09-13T10:22:00+00:00","og_image":[{"width":1024,"height":640,"url":"https:\/\/dmcsrb.com\/wp-content\/uploads\/2026\/01\/logo.webp","type":"image\/jpeg"}],"author":"dmcsrbija.com@gmail.com","twitter_card":"summary_large_image","twitter_misc":{"Written by":"dmcsrbija.com@gmail.com","Estimated reading time":"1 minute"},"schema":{"@context":"https:\/\/schema.org","@graph":[{"@type":"Article","@id":"https:\/\/dmcsrb.com\/politika\/scekic-predstavio-logo-i-program-pokreta-narodnog-povjerenja\/#article","isPartOf":{"@id":"https:\/\/dmcsrb.com\/politika\/scekic-predstavio-logo-i-program-pokreta-narodnog-povjerenja\/"},"author":{"name":"dmcsrbija.com@gmail.com","@id":"https:\/\/dmcsrb.com\/#\/schema\/person\/5c39170f12db1b8b457732d0b5c854e2"},"headline":"\u0160\u0107eki\u0107 predstavio logo i program &#8220;Pokreta narodnog povjerenja&#8221;","datePublished":"2025-09-13T10:22:00+00:00","mainEntityOfPage":{"@id":"https:\/\/dmcsrb.com\/politika\/scekic-predstavio-logo-i-program-pokreta-narodnog-povjerenja\/"},"wordCount":231,"commentCount":0,"image":{"@id":"https:\/\/dmcsrb.com\/politika\/scekic-predstavio-logo-i-program-pokreta-narodnog-povjerenja\/#primaryimage"},"thumbnailUrl":"https:\/\/dmcsrb.com\/wp-content\/uploads\/2026\/01\/logo.webp","keywords":["logo","Pokret narodnog povjerenja","program"],"articleSection":["Politika"],"inLanguage":"en-GB","potentialAction":[{"@type":"CommentAction","name":"Comment","target":["https:\/\/dmcsrb.com\/politika\/scekic-predstavio-logo-i-program-pokreta-narodnog-povjerenja\/#respond"]}]},{"@type":"WebPage","@id":"https:\/\/dmcsrb.com\/politika\/scekic-predstavio-logo-i-program-pokreta-narodnog-povjerenja\/","url":"https:\/\/dmcsrb.com\/politika\/scekic-predstavio-logo-i-program-pokreta-narodnog-povjerenja\/","name":"\u0160\u0107eki\u0107 predstavio logo i program \"Pokreta narodnog povjerenja\" - dmcsrb.com","isPartOf":{"@id":"https:\/\/dmcsrb.com\/#website"},"primaryImageOfPage":{"@id":"https:\/\/dmcsrb.com\/politika\/scekic-predstavio-logo-i-program-pokreta-narodnog-povjerenja\/#primaryimage"},"image":{"@id":"https:\/\/dmcsrb.com\/politika\/scekic-predstavio-logo-i-program-pokreta-narodnog-povjerenja\/#primaryimage"},"thumbnailUrl":"https:\/\/dmcsrb.com\/wp-content\/uploads\/2026\/01\/logo.webp","datePublished":"2025-09-13T10:22:00+00:00","author":{"@id":"https:\/\/dmcsrb.com\/#\/schema\/person\/5c39170f12db1b8b457732d0b5c854e2"},"breadcrumb":{"@id":"https:\/\/dmcsrb.com\/politika\/scekic-predstavio-logo-i-program-pokreta-narodnog-povjerenja\/#breadcrumb"},"inLanguage":"en-GB","potentialAction":[{"@type":"ReadAction","target":["https:\/\/dmcsrb.com\/politika\/scekic-predstavio-logo-i-program-pokreta-narodnog-povjerenja\/"]}]},{"@type":"ImageObject","inLanguage":"en-GB","@id":"https:\/\/dmcsrb.com\/politika\/scekic-predstavio-logo-i-program-pokreta-narodnog-povjerenja\/#primaryimage","url":"https:\/\/dmcsrb.com\/wp-content\/uploads\/2026\/01\/logo.webp","contentUrl":"https:\/\/dmcsrb.com\/wp-content\/uploads\/2026\/01\/logo.webp","width":1024,"height":640},{"@type":"BreadcrumbList","@id":"https:\/\/dmcsrb.com\/politika\/scekic-predstavio-logo-i-program-pokreta-narodnog-povjerenja\/#breadcrumb","itemListElement":[{"@type":"ListItem","position":1,"name":"Home","item":"https:\/\/dmcsrb.com\/"},{"@type":"ListItem","position":2,"name":"\u0160\u0107eki\u0107 predstavio logo i program &#8220;Pokreta narodnog povjerenja&#8221;"}]},{"@type":"WebSite","@id":"https:\/\/dmcsrb.com\/#website","url":"https:\/\/dmcsrb.com\/","name":"dmcsrb.com","description":"","potentialAction":[{"@type":"SearchAction","target":{"@type":"EntryPoint","urlTemplate":"https:\/\/dmcsrb.com\/?s={search_term_string}"},"query-input":{"@type":"PropertyValueSpecification","valueRequired":true,"valueName":"search_term_string"}}],"inLanguage":"en-GB"},{"@type":"Person","@id":"https:\/\/dmcsrb.com\/#\/schema\/person\/5c39170f12db1b8b457732d0b5c854e2","name":"dmcsrbija.com@gmail.com","image":{"@type":"ImageObject","inLanguage":"en-GB","@id":"https:\/\/secure.gravatar.com\/avatar\/68592660ad6347fad0fb587f8d5d8f1a7b44961362f56e4f2cd524feb87e9069?s=96&d=mm&r=g","url":"https:\/\/secure.gravatar.com\/avatar\/68592660ad6347fad0fb587f8d5d8f1a7b44961362f56e4f2cd524feb87e9069?s=96&d=mm&r=g","contentUrl":"https:\/\/secure.gravatar.com\/avatar\/68592660ad6347fad0fb587f8d5d8f1a7b44961362f56e4f2cd524feb87e9069?s=96&d=mm&r=g","caption":"dmcsrbija.com@gmail.com"},"sameAs":["https:\/\/dmcsrb.com"],"url":"https:\/\/dmcsrb.com\/en\/author\/dmcsrbija-comgmail-com\/"}]}},"_links":{"self":[{"href":"https:\/\/dmcsrb.com\/en\/wp-json\/wp\/v2\/posts\/951877","targetHints":{"allow":["GET"]}}],"collection":[{"href":"https:\/\/dmcsrb.com\/en\/wp-json\/wp\/v2\/posts"}],"about":[{"href":"https:\/\/dmcsrb.com\/en\/wp-json\/wp\/v2\/types\/post"}],"author":[{"embeddable":true,"href":"https:\/\/dmcsrb.com\/en\/wp-json\/wp\/v2\/users\/1"}],"replies":[{"embeddable":true,"href":"https:\/\/dmcsrb.com\/en\/wp-json\/wp\/v2\/comments?post=951877"}],"version-history":[{"count":0,"href":"https:\/\/dmcsrb.com\/en\/wp-json\/wp\/v2\/posts\/951877\/revisions"}],"wp:featuredmedia":[{"embeddable":true,"href":"https:\/\/dmcsrb.com\/en\/wp-json\/wp\/v2\/media\/951878"}],"wp:attachment":[{"href":"https:\/\/dmcsrb.com\/en\/wp-json\/wp\/v2\/media?parent=951877"}],"wp:term":[{"taxonomy":"category","embeddable":true,"href":"https:\/\/dmcsrb.com\/en\/wp-json\/wp\/v2\/categories?post=951877"},{"taxonomy":"post_tag","embeddable":true,"href":"https:\/\/dmcsrb.com\/en\/wp-json\/wp\/v2\/tags?post=951877"},{"taxonomy":"naslovna","embeddable":true,"href":"https:\/\/dmcsrb.com\/en\/wp-json\/wp\/v2\/naslovna?post=951877"}],"curies":[{"name":"wp","href":"https:\/\/api.w.org\/{rel}","templated":true}]}}