{"id":951870,"date":"2025-09-13T10:56:00","date_gmt":"2025-09-13T08:56:00","guid":{"rendered":"https:\/\/dmcsrb.com\/uncategorized\/sep-opravdavanje-govora-mrznje-kao-politicki-standard\/"},"modified":"2025-09-13T10:56:00","modified_gmt":"2025-09-13T08:56:00","slug":"sep-opravdavanje-govora-mrznje-kao-politicki-standard","status":"publish","type":"post","link":"https:\/\/dmcsrb.com\/en\/politika\/sep-opravdavanje-govora-mrznje-kao-politicki-standard\/","title":{"rendered":"SEP: Opravdavanje govora mr\u017enje kao politi\u010dki standard"},"content":{"rendered":"<p><\/p>\n\n\n\n<p><\/p>\n\n\n\n<p>To, kako navode, ne zna\u010di ni\u0161ta drugo nego normalizaciju mr\u017enje u javnom diskursu. <\/p>\n\n\n\n<p>&#8220;Kada se funkcioni\u0161u\u0107i sistem za\u0161tite svede na simboli\u010dne kazne, a krivi\u010dna odgovornost sklanja pod tepih, otvara se prostor za jo\u0161 radikalnije poruke i jo\u0161 dublje podjele. U zemlji koja je ve\u0107 opasno izlo\u017eena nacionalnim i religijskim tenzijama, ovo je recept za produ\u017eenu nestabilnost&#8221;, isti\u010du iz SEP.<\/p>\n\n\n\n<p>Ne treba, isti\u010du iz SEP-a,  zaboraviti ni kontekst: doga\u0111aj je organizovala Srpska pravoslavna crkva, a na njemu je bio prisutan i ruski ambasador. Dakle, nije rije\u010d o privatnom skupu, ve\u0107 o manifestaciji u kojoj se spajaju crkvena i strana politi\u010dka agenda, a doma\u0107i zvani\u010dnik koristi tu pozornicu da \u0161alje poruke opasne po dru\u0161tvenu koheziju.<\/p>\n\n\n\n<p>&#8220;Ako institucije ne\u0107e, onda je na dru\u0161tvu, na gra\u0111anima, medijima i civilnom sektoru da se suprotstave normalizaciji ovakvih poruka. Jer \u0107utanje pred govorom mr\u017enje ne zna\u010di neutralnost, ve\u0107 sau\u010desni\u0161tvo&#8221;, zaklju\u010duju iz SEP-a.<\/p>","protected":false},"excerpt":{"rendered":"<p>Odluka Vi\u0161eg dr\u017eavnog tu\u017eila\u0161tva u Podgorici da odbaci krivi\u010dnu prijavu protiv predsjednika Op\u0161tine Nik\u0161i\u0107, Marka Kova\u010devi\u0107a, i svede izjavu da \u0107e prema svojim neistomi\u0161ljenicima postupati \u201ekao prema Turcima\u201c na nivo prekr\u0161aja \u2013 poruka je da je vrije\u0111ati, stigmatizovati i prijetiti cijelim zajednicama mogu\u0107no i tako re\u0107i dozvoljeno, sve dok se to vje\u0161to pakuje u mantiju \u201eistorijskog narativa\u201c, poru\u010duju iz SEP-a.<\/p>","protected":false},"author":1,"featured_media":913766,"comment_status":"open","ping_status":"open","sticky":false,"template":"","format":"standard","meta":{"_acf_changed":false,"footnotes":""},"categories":[12],"tags":[7954,232,2056,492],"naslovna":[],"class_list":["post-951870","post","type-post","status-publish","format-standard","has-post-thumbnail","hentry","category-politika","tag-govor-mrznej","tag-sep","tag-standard","tag-vdt"],"acf":[],"yoast_head":"<!-- This site is optimized with the Yoast SEO plugin v27.4 - https:\/\/yoast.com\/product\/yoast-seo-wordpress\/ -->\n<title>SEP: Opravdavanje govora mr\u017enje kao politi\u010dki standard - dmcsrb.com<\/title>\n<meta name=\"robots\" content=\"index, follow, max-snippet:-1, max-image-preview:large, max-video-preview:-1\" \/>\n<link rel=\"canonical\" href=\"https:\/\/dmcsrb.com\/en\/politika\/sep-opravdavanje-govora-mrznje-kao-politicki-standard\/\" \/>\n<meta property=\"og:locale\" content=\"en_GB\" \/>\n<meta property=\"og:type\" content=\"article\" \/>\n<meta property=\"og:title\" content=\"SEP: Opravdavanje govora mr\u017enje kao politi\u010dki standard - dmcsrb.com\" \/>\n<meta property=\"og:description\" content=\"Odluka Vi\u0161eg dr\u017eavnog tu\u017eila\u0161tva u Podgorici da odbaci krivi\u010dnu prijavu protiv predsjednika Op\u0161tine Nik\u0161i\u0107, Marka Kova\u010devi\u0107a, i svede izjavu da \u0107e prema svojim neistomi\u0161ljenicima postupati \u201ekao prema Turcima\u201c na nivo prekr\u0161aja \u2013 poruka je da je vrije\u0111ati, stigmatizovati i prijetiti cijelim zajednicama mogu\u0107no i tako re\u0107i dozvoljeno, sve dok se to vje\u0161to pakuje u mantiju \u201eistorijskog narativa\u201c, poru\u010duju iz SEP-a.\" \/>\n<meta property=\"og:url\" content=\"https:\/\/dmcsrb.com\/en\/politika\/sep-opravdavanje-govora-mrznje-kao-politicki-standard\/\" \/>\n<meta property=\"og:site_name\" content=\"dmcsrb.com\" \/>\n<meta property=\"article:published_time\" content=\"2025-09-13T08:56:00+00:00\" \/>\n<meta property=\"og:image\" content=\"https:\/\/dmcsrb.com\/wp-content\/uploads\/2026\/01\/sep2-1250x700-1.jpg\" \/>\n\t<meta property=\"og:image:width\" content=\"1250\" \/>\n\t<meta property=\"og:image:height\" content=\"700\" \/>\n\t<meta property=\"og:image:type\" content=\"image\/jpeg\" \/>\n<meta name=\"author\" content=\"dmcsrbija.com@gmail.com\" \/>\n<meta name=\"twitter:card\" content=\"summary_large_image\" \/>\n<meta name=\"twitter:label1\" content=\"Written by\" \/>\n\t<meta name=\"twitter:data1\" content=\"dmcsrbija.com@gmail.com\" \/>\n\t<meta name=\"twitter:label2\" content=\"Estimated reading time\" \/>\n\t<meta name=\"twitter:data2\" content=\"1 minute\" \/>\n<script type=\"application\/ld+json\" class=\"yoast-schema-graph\">{\"@context\":\"https:\\\/\\\/schema.org\",\"@graph\":[{\"@type\":\"Article\",\"@id\":\"https:\\\/\\\/dmcsrb.com\\\/politika\\\/sep-opravdavanje-govora-mrznje-kao-politicki-standard\\\/#article\",\"isPartOf\":{\"@id\":\"https:\\\/\\\/dmcsrb.com\\\/politika\\\/sep-opravdavanje-govora-mrznje-kao-politicki-standard\\\/\"},\"author\":{\"name\":\"dmcsrbija.com@gmail.com\",\"@id\":\"https:\\\/\\\/dmcsrb.com\\\/#\\\/schema\\\/person\\\/5c39170f12db1b8b457732d0b5c854e2\"},\"headline\":\"SEP: Opravdavanje govora mr\u017enje kao politi\u010dki standard\",\"datePublished\":\"2025-09-13T08:56:00+00:00\",\"mainEntityOfPage\":{\"@id\":\"https:\\\/\\\/dmcsrb.com\\\/politika\\\/sep-opravdavanje-govora-mrznje-kao-politicki-standard\\\/\"},\"wordCount\":179,\"commentCount\":0,\"image\":{\"@id\":\"https:\\\/\\\/dmcsrb.com\\\/politika\\\/sep-opravdavanje-govora-mrznje-kao-politicki-standard\\\/#primaryimage\"},\"thumbnailUrl\":\"https:\\\/\\\/dmcsrb.com\\\/wp-content\\\/uploads\\\/2026\\\/01\\\/sep2-1250x700-1.jpg\",\"keywords\":[\"govor mr\u017enej\",\"SEP\",\"standard\",\"VDT\"],\"articleSection\":[\"Politika\"],\"inLanguage\":\"en-GB\",\"potentialAction\":[{\"@type\":\"CommentAction\",\"name\":\"Comment\",\"target\":[\"https:\\\/\\\/dmcsrb.com\\\/politika\\\/sep-opravdavanje-govora-mrznje-kao-politicki-standard\\\/#respond\"]}]},{\"@type\":\"WebPage\",\"@id\":\"https:\\\/\\\/dmcsrb.com\\\/politika\\\/sep-opravdavanje-govora-mrznje-kao-politicki-standard\\\/\",\"url\":\"https:\\\/\\\/dmcsrb.com\\\/politika\\\/sep-opravdavanje-govora-mrznje-kao-politicki-standard\\\/\",\"name\":\"SEP: Opravdavanje govora mr\u017enje kao politi\u010dki standard - dmcsrb.com\",\"isPartOf\":{\"@id\":\"https:\\\/\\\/dmcsrb.com\\\/#website\"},\"primaryImageOfPage\":{\"@id\":\"https:\\\/\\\/dmcsrb.com\\\/politika\\\/sep-opravdavanje-govora-mrznje-kao-politicki-standard\\\/#primaryimage\"},\"image\":{\"@id\":\"https:\\\/\\\/dmcsrb.com\\\/politika\\\/sep-opravdavanje-govora-mrznje-kao-politicki-standard\\\/#primaryimage\"},\"thumbnailUrl\":\"https:\\\/\\\/dmcsrb.com\\\/wp-content\\\/uploads\\\/2026\\\/01\\\/sep2-1250x700-1.jpg\",\"datePublished\":\"2025-09-13T08:56:00+00:00\",\"author\":{\"@id\":\"https:\\\/\\\/dmcsrb.com\\\/#\\\/schema\\\/person\\\/5c39170f12db1b8b457732d0b5c854e2\"},\"breadcrumb\":{\"@id\":\"https:\\\/\\\/dmcsrb.com\\\/politika\\\/sep-opravdavanje-govora-mrznje-kao-politicki-standard\\\/#breadcrumb\"},\"inLanguage\":\"en-GB\",\"potentialAction\":[{\"@type\":\"ReadAction\",\"target\":[\"https:\\\/\\\/dmcsrb.com\\\/politika\\\/sep-opravdavanje-govora-mrznje-kao-politicki-standard\\\/\"]}]},{\"@type\":\"ImageObject\",\"inLanguage\":\"en-GB\",\"@id\":\"https:\\\/\\\/dmcsrb.com\\\/politika\\\/sep-opravdavanje-govora-mrznje-kao-politicki-standard\\\/#primaryimage\",\"url\":\"https:\\\/\\\/dmcsrb.com\\\/wp-content\\\/uploads\\\/2026\\\/01\\\/sep2-1250x700-1.jpg\",\"contentUrl\":\"https:\\\/\\\/dmcsrb.com\\\/wp-content\\\/uploads\\\/2026\\\/01\\\/sep2-1250x700-1.jpg\",\"width\":1250,\"height\":700},{\"@type\":\"BreadcrumbList\",\"@id\":\"https:\\\/\\\/dmcsrb.com\\\/politika\\\/sep-opravdavanje-govora-mrznje-kao-politicki-standard\\\/#breadcrumb\",\"itemListElement\":[{\"@type\":\"ListItem\",\"position\":1,\"name\":\"Home\",\"item\":\"https:\\\/\\\/dmcsrb.com\\\/\"},{\"@type\":\"ListItem\",\"position\":2,\"name\":\"SEP: Opravdavanje govora mr\u017enje kao politi\u010dki standard\"}]},{\"@type\":\"WebSite\",\"@id\":\"https:\\\/\\\/dmcsrb.com\\\/#website\",\"url\":\"https:\\\/\\\/dmcsrb.com\\\/\",\"name\":\"dmcsrb.com\",\"description\":\"\",\"potentialAction\":[{\"@type\":\"SearchAction\",\"target\":{\"@type\":\"EntryPoint\",\"urlTemplate\":\"https:\\\/\\\/dmcsrb.com\\\/?s={search_term_string}\"},\"query-input\":{\"@type\":\"PropertyValueSpecification\",\"valueRequired\":true,\"valueName\":\"search_term_string\"}}],\"inLanguage\":\"en-GB\"},{\"@type\":\"Person\",\"@id\":\"https:\\\/\\\/dmcsrb.com\\\/#\\\/schema\\\/person\\\/5c39170f12db1b8b457732d0b5c854e2\",\"name\":\"dmcsrbija.com@gmail.com\",\"image\":{\"@type\":\"ImageObject\",\"inLanguage\":\"en-GB\",\"@id\":\"https:\\\/\\\/secure.gravatar.com\\\/avatar\\\/68592660ad6347fad0fb587f8d5d8f1a7b44961362f56e4f2cd524feb87e9069?s=96&d=mm&r=g\",\"url\":\"https:\\\/\\\/secure.gravatar.com\\\/avatar\\\/68592660ad6347fad0fb587f8d5d8f1a7b44961362f56e4f2cd524feb87e9069?s=96&d=mm&r=g\",\"contentUrl\":\"https:\\\/\\\/secure.gravatar.com\\\/avatar\\\/68592660ad6347fad0fb587f8d5d8f1a7b44961362f56e4f2cd524feb87e9069?s=96&d=mm&r=g\",\"caption\":\"dmcsrbija.com@gmail.com\"},\"sameAs\":[\"https:\\\/\\\/dmcsrb.com\"],\"url\":\"https:\\\/\\\/dmcsrb.com\\\/en\\\/author\\\/dmcsrbija-comgmail-com\\\/\"}]}<\/script>\n<!-- \/ Yoast SEO plugin. -->","yoast_head_json":{"title":"SEP: Opravdavanje govora mr\u017enje kao politi\u010dki standard - dmcsrb.com","robots":{"index":"index","follow":"follow","max-snippet":"max-snippet:-1","max-image-preview":"max-image-preview:large","max-video-preview":"max-video-preview:-1"},"canonical":"https:\/\/dmcsrb.com\/en\/politika\/sep-opravdavanje-govora-mrznje-kao-politicki-standard\/","og_locale":"en_GB","og_type":"article","og_title":"SEP: Opravdavanje govora mr\u017enje kao politi\u010dki standard - dmcsrb.com","og_description":"Odluka Vi\u0161eg dr\u017eavnog tu\u017eila\u0161tva u Podgorici da odbaci krivi\u010dnu prijavu protiv predsjednika Op\u0161tine Nik\u0161i\u0107, Marka Kova\u010devi\u0107a, i svede izjavu da \u0107e prema svojim neistomi\u0161ljenicima postupati \u201ekao prema Turcima\u201c na nivo prekr\u0161aja \u2013 poruka je da je vrije\u0111ati, stigmatizovati i prijetiti cijelim zajednicama mogu\u0107no i tako re\u0107i dozvoljeno, sve dok se to vje\u0161to pakuje u mantiju \u201eistorijskog narativa\u201c, poru\u010duju iz SEP-a.","og_url":"https:\/\/dmcsrb.com\/en\/politika\/sep-opravdavanje-govora-mrznje-kao-politicki-standard\/","og_site_name":"dmcsrb.com","article_published_time":"2025-09-13T08:56:00+00:00","og_image":[{"width":1250,"height":700,"url":"https:\/\/dmcsrb.com\/wp-content\/uploads\/2026\/01\/sep2-1250x700-1.jpg","type":"image\/jpeg"}],"author":"dmcsrbija.com@gmail.com","twitter_card":"summary_large_image","twitter_misc":{"Written by":"dmcsrbija.com@gmail.com","Estimated reading time":"1 minute"},"schema":{"@context":"https:\/\/schema.org","@graph":[{"@type":"Article","@id":"https:\/\/dmcsrb.com\/politika\/sep-opravdavanje-govora-mrznje-kao-politicki-standard\/#article","isPartOf":{"@id":"https:\/\/dmcsrb.com\/politika\/sep-opravdavanje-govora-mrznje-kao-politicki-standard\/"},"author":{"name":"dmcsrbija.com@gmail.com","@id":"https:\/\/dmcsrb.com\/#\/schema\/person\/5c39170f12db1b8b457732d0b5c854e2"},"headline":"SEP: Opravdavanje govora mr\u017enje kao politi\u010dki standard","datePublished":"2025-09-13T08:56:00+00:00","mainEntityOfPage":{"@id":"https:\/\/dmcsrb.com\/politika\/sep-opravdavanje-govora-mrznje-kao-politicki-standard\/"},"wordCount":179,"commentCount":0,"image":{"@id":"https:\/\/dmcsrb.com\/politika\/sep-opravdavanje-govora-mrznje-kao-politicki-standard\/#primaryimage"},"thumbnailUrl":"https:\/\/dmcsrb.com\/wp-content\/uploads\/2026\/01\/sep2-1250x700-1.jpg","keywords":["govor mr\u017enej","SEP","standard","VDT"],"articleSection":["Politika"],"inLanguage":"en-GB","potentialAction":[{"@type":"CommentAction","name":"Comment","target":["https:\/\/dmcsrb.com\/politika\/sep-opravdavanje-govora-mrznje-kao-politicki-standard\/#respond"]}]},{"@type":"WebPage","@id":"https:\/\/dmcsrb.com\/politika\/sep-opravdavanje-govora-mrznje-kao-politicki-standard\/","url":"https:\/\/dmcsrb.com\/politika\/sep-opravdavanje-govora-mrznje-kao-politicki-standard\/","name":"SEP: Opravdavanje govora mr\u017enje kao politi\u010dki standard - dmcsrb.com","isPartOf":{"@id":"https:\/\/dmcsrb.com\/#website"},"primaryImageOfPage":{"@id":"https:\/\/dmcsrb.com\/politika\/sep-opravdavanje-govora-mrznje-kao-politicki-standard\/#primaryimage"},"image":{"@id":"https:\/\/dmcsrb.com\/politika\/sep-opravdavanje-govora-mrznje-kao-politicki-standard\/#primaryimage"},"thumbnailUrl":"https:\/\/dmcsrb.com\/wp-content\/uploads\/2026\/01\/sep2-1250x700-1.jpg","datePublished":"2025-09-13T08:56:00+00:00","author":{"@id":"https:\/\/dmcsrb.com\/#\/schema\/person\/5c39170f12db1b8b457732d0b5c854e2"},"breadcrumb":{"@id":"https:\/\/dmcsrb.com\/politika\/sep-opravdavanje-govora-mrznje-kao-politicki-standard\/#breadcrumb"},"inLanguage":"en-GB","potentialAction":[{"@type":"ReadAction","target":["https:\/\/dmcsrb.com\/politika\/sep-opravdavanje-govora-mrznje-kao-politicki-standard\/"]}]},{"@type":"ImageObject","inLanguage":"en-GB","@id":"https:\/\/dmcsrb.com\/politika\/sep-opravdavanje-govora-mrznje-kao-politicki-standard\/#primaryimage","url":"https:\/\/dmcsrb.com\/wp-content\/uploads\/2026\/01\/sep2-1250x700-1.jpg","contentUrl":"https:\/\/dmcsrb.com\/wp-content\/uploads\/2026\/01\/sep2-1250x700-1.jpg","width":1250,"height":700},{"@type":"BreadcrumbList","@id":"https:\/\/dmcsrb.com\/politika\/sep-opravdavanje-govora-mrznje-kao-politicki-standard\/#breadcrumb","itemListElement":[{"@type":"ListItem","position":1,"name":"Home","item":"https:\/\/dmcsrb.com\/"},{"@type":"ListItem","position":2,"name":"SEP: Opravdavanje govora mr\u017enje kao politi\u010dki standard"}]},{"@type":"WebSite","@id":"https:\/\/dmcsrb.com\/#website","url":"https:\/\/dmcsrb.com\/","name":"dmcsrb.com","description":"","potentialAction":[{"@type":"SearchAction","target":{"@type":"EntryPoint","urlTemplate":"https:\/\/dmcsrb.com\/?s={search_term_string}"},"query-input":{"@type":"PropertyValueSpecification","valueRequired":true,"valueName":"search_term_string"}}],"inLanguage":"en-GB"},{"@type":"Person","@id":"https:\/\/dmcsrb.com\/#\/schema\/person\/5c39170f12db1b8b457732d0b5c854e2","name":"dmcsrbija.com@gmail.com","image":{"@type":"ImageObject","inLanguage":"en-GB","@id":"https:\/\/secure.gravatar.com\/avatar\/68592660ad6347fad0fb587f8d5d8f1a7b44961362f56e4f2cd524feb87e9069?s=96&d=mm&r=g","url":"https:\/\/secure.gravatar.com\/avatar\/68592660ad6347fad0fb587f8d5d8f1a7b44961362f56e4f2cd524feb87e9069?s=96&d=mm&r=g","contentUrl":"https:\/\/secure.gravatar.com\/avatar\/68592660ad6347fad0fb587f8d5d8f1a7b44961362f56e4f2cd524feb87e9069?s=96&d=mm&r=g","caption":"dmcsrbija.com@gmail.com"},"sameAs":["https:\/\/dmcsrb.com"],"url":"https:\/\/dmcsrb.com\/en\/author\/dmcsrbija-comgmail-com\/"}]}},"_links":{"self":[{"href":"https:\/\/dmcsrb.com\/en\/wp-json\/wp\/v2\/posts\/951870","targetHints":{"allow":["GET"]}}],"collection":[{"href":"https:\/\/dmcsrb.com\/en\/wp-json\/wp\/v2\/posts"}],"about":[{"href":"https:\/\/dmcsrb.com\/en\/wp-json\/wp\/v2\/types\/post"}],"author":[{"embeddable":true,"href":"https:\/\/dmcsrb.com\/en\/wp-json\/wp\/v2\/users\/1"}],"replies":[{"embeddable":true,"href":"https:\/\/dmcsrb.com\/en\/wp-json\/wp\/v2\/comments?post=951870"}],"version-history":[{"count":0,"href":"https:\/\/dmcsrb.com\/en\/wp-json\/wp\/v2\/posts\/951870\/revisions"}],"wp:featuredmedia":[{"embeddable":true,"href":"https:\/\/dmcsrb.com\/en\/wp-json\/wp\/v2\/media\/913766"}],"wp:attachment":[{"href":"https:\/\/dmcsrb.com\/en\/wp-json\/wp\/v2\/media?parent=951870"}],"wp:term":[{"taxonomy":"category","embeddable":true,"href":"https:\/\/dmcsrb.com\/en\/wp-json\/wp\/v2\/categories?post=951870"},{"taxonomy":"post_tag","embeddable":true,"href":"https:\/\/dmcsrb.com\/en\/wp-json\/wp\/v2\/tags?post=951870"},{"taxonomy":"naslovna","embeddable":true,"href":"https:\/\/dmcsrb.com\/en\/wp-json\/wp\/v2\/naslovna?post=951870"}],"curies":[{"name":"wp","href":"https:\/\/api.w.org\/{rel}","templated":true}]}}