{"id":951839,"date":"2025-09-13T07:09:00","date_gmt":"2025-09-13T05:09:00","guid":{"rendered":"https:\/\/dmcsrb.com\/uncategorized\/krsenje-ljudskih-prava-kostalo-69-miliona\/"},"modified":"2025-09-13T07:09:00","modified_gmt":"2025-09-13T05:09:00","slug":"krsenje-ljudskih-prava-kostalo-69-miliona","status":"publish","type":"post","link":"https:\/\/dmcsrb.com\/en\/drustvo\/krsenje-ljudskih-prava-kostalo-69-miliona\/","title":{"rendered":"Kr\u0161enje ljudskih prava ko\u0161talo 6,9 miliona"},"content":{"rendered":"<p><br><\/p>\n\n\n\n<p>Prema podacima Zastupnika Crne Gore pred sudom u Strazburu, najve\u0107i iznos ispla\u0107en je 2024. godine \u2013 6,4 miliona eura.<\/p>\n\n\n\n<p>Kr\u0161enje ljudskih prava 2021. ko\u0161talo je poreske obveznike 17.980 eura, 2022. godine \u2013 445.198 eura, 2023. godine \u2013 18.688 eura, a za prvih \u0161est mjeseci 2025. godine \u2013 43.679 eura.<br>U izvje\u0161taju o radu Kancelarije zastupnika Crne Gore pred Evropskim sudom za ljudska prava u Strazburu za period januar\u2013jun ove godine konstatovano je da je nastavljen trend pove\u0107anja broja predstavki (predmeta) koje su im komunicirane od strane tog suda na izja\u0161njenje.<\/p>\n\n\n\n<p>\u2013 Evropski sud za ljudska prava je u izvje\u0161tajnom periodu komunicirao Kancelariji zastupnika ukupno 30 predstavki (predmeta) protiv Crne Gore, koje su obuhvatale ukupno 29 lica (23 fizi\u010dka lica i 6 pravnih lica). Na dan 30. jun 2025. godine, u radu Kancelarije zastupnika je ukupno 48 predstavki (predmeta), koje obuhvataju ukupno 41 lice (33 fizi\u010dka lica i osam pravnih lica) \u2013 pi\u0161e u izvje\u0161taju.<\/p>\n\n\n\n<p>Objavljeno 11 odluka protiv Crne Gore<\/p>\n\n\n\n<p>U prvoj polovini godine, kako se navodi u izvje\u0161taju, Evropski sud za ljudska prava donio je jednu presudu protiv Crne Gore kojom je utvr\u0111ena povreda \u010dlana 6, stav 1 Konvencije (pravo na pravi\u010dno su\u0111enje) zbog prekomjerne du\u017eine trajanja postupka pred Ustavnim sudom Crne Gore.<\/p>\n\n\n\n<p>\u2013 Evropski sud za ljudska prava je tokom izvje\u0161tajnog perioda objavio 11 odluka protiv Crne Gore (koje obuhvataju ukupno 43 lica), od kojih je u 10 odluka predstavke izbrisao sa liste predmeta \u2013 predo\u010deno je u dokumentu.<\/p>\n\n\n\n<p>Oko 63 odsto predstavki (predmeta), kako se dalje navodi, odnosilo se na navodnu povredu prava na pravi\u010dno su\u0111enje zbog du\u017eine trajanja postupaka pred Ustavnim sudom Crne Gore (19 predmeta).<\/p>\n\n\n\n<p>\u2013 Preostalih 11 komuniciranih predstavki (predmeta), izme\u0111u ostalog, odnosilo se na: navodnu povredu prava na pravi\u010dno su\u0111enje zbog neizvr\u0161enja odluke Ustavnog suda Crne Gore donijete u korist podnosioca predstavke (jedna predstavka), navodnu povredu prava na pravi\u010dno su\u0111enje zbog navodne nepravi\u010dnosti postupka izbora troje sudija Ustavnog suda Crne Gore i u vezi s tim navodnu povredu prava na djelotvoran pravni lijek, jer je Ustavni sud Crne Gore odbacio ustavnu \u017ealbu podnositeljke predstavke zbog prethodnog neiscrpljivanja djelotvornih pravnih sredstava (jedna predstavka). Predstavke su se odnosile i na navodnu povredu prava na slobodu izra\u017eavanja zbog izricanja podnosiocu predstavke nov\u010dane kazne u krivi\u010dnom postupku tokom kojeg je on poku\u0161ao da proceduralno interveni\u0161e i da podnese prigovor i navodnu povredu prava na pravi\u010dno su\u0111enje zbog navodne pristrasnosti sudova koji su ga nov\u010dano kaznili i nedovoljnog obrazlo\u017eenja njihovih odluka o tome (tri predstavke), navodnu povredu prava na pravi\u010dno su\u0111enje zbog nemogu\u0107nosti pristupa sudu i navodnu povredu prava na djelotvorni pravni lijek u vezi s tim (\u0161est predstavki) \u2013 navodi se u polugodi\u0161njem izvje\u0161taju.<\/p>\n\n\n\n<p>Pored ovih predstavki, Kancelarija zastupnika ima jo\u0161 18 aktivnih predmeta u radu.<\/p>\n\n\n\n<p><\/p>","protected":false},"excerpt":{"rendered":"<p>Po osnovu presuda i odluka Evropskog suda za ljudska prava u Strazburu protiv Crne Gore, u poslednjih pet godina ispla\u0107eno je 6,92 miliona eura.<\/p>","protected":false},"author":1,"featured_media":951840,"comment_status":"open","ping_status":"open","sticky":false,"template":"","format":"standard","meta":{"_acf_changed":false,"footnotes":""},"categories":[2],"tags":[95,3115,1072],"naslovna":[],"class_list":["post-951839","post","type-post","status-publish","format-standard","has-post-thumbnail","hentry","category-drustvo","tag-crna-gora","tag-ljudska-prava","tag-strazbur"],"acf":[],"yoast_head":"<!-- This site is optimized with the Yoast SEO plugin v27.4 - https:\/\/yoast.com\/product\/yoast-seo-wordpress\/ -->\n<title>Kr\u0161enje ljudskih prava ko\u0161talo 6,9 miliona - dmcsrb.com<\/title>\n<meta name=\"robots\" content=\"index, follow, max-snippet:-1, max-image-preview:large, max-video-preview:-1\" \/>\n<link rel=\"canonical\" href=\"https:\/\/dmcsrb.com\/en\/drustvo\/krsenje-ljudskih-prava-kostalo-69-miliona\/\" \/>\n<meta property=\"og:locale\" content=\"en_GB\" \/>\n<meta property=\"og:type\" content=\"article\" \/>\n<meta property=\"og:title\" content=\"Kr\u0161enje ljudskih prava ko\u0161talo 6,9 miliona - dmcsrb.com\" \/>\n<meta property=\"og:description\" content=\"Po osnovu presuda i odluka Evropskog suda za ljudska prava u Strazburu protiv Crne Gore, u poslednjih pet godina ispla\u0107eno je 6,92 miliona eura.\" \/>\n<meta property=\"og:url\" content=\"https:\/\/dmcsrb.com\/en\/drustvo\/krsenje-ljudskih-prava-kostalo-69-miliona\/\" \/>\n<meta property=\"og:site_name\" content=\"dmcsrb.com\" \/>\n<meta property=\"article:published_time\" content=\"2025-09-13T05:09:00+00:00\" \/>\n<meta property=\"og:image\" content=\"https:\/\/dmcsrb.com\/wp-content\/uploads\/2026\/01\/Sud-u-Strazburu-foto-Pixabay.webp\" \/>\n\t<meta property=\"og:image:width\" content=\"954\" \/>\n\t<meta property=\"og:image:height\" content=\"616\" \/>\n\t<meta property=\"og:image:type\" content=\"image\/jpeg\" \/>\n<meta name=\"author\" content=\"dmcsrbija.com@gmail.com\" \/>\n<meta name=\"twitter:card\" content=\"summary_large_image\" \/>\n<meta name=\"twitter:label1\" content=\"Written by\" \/>\n\t<meta name=\"twitter:data1\" content=\"dmcsrbija.com@gmail.com\" \/>\n\t<meta name=\"twitter:label2\" content=\"Estimated reading time\" \/>\n\t<meta name=\"twitter:data2\" content=\"2 minutes\" \/>\n<script type=\"application\/ld+json\" class=\"yoast-schema-graph\">{\"@context\":\"https:\\\/\\\/schema.org\",\"@graph\":[{\"@type\":\"Article\",\"@id\":\"https:\\\/\\\/dmcsrb.com\\\/drustvo\\\/krsenje-ljudskih-prava-kostalo-69-miliona\\\/#article\",\"isPartOf\":{\"@id\":\"https:\\\/\\\/dmcsrb.com\\\/drustvo\\\/krsenje-ljudskih-prava-kostalo-69-miliona\\\/\"},\"author\":{\"name\":\"dmcsrbija.com@gmail.com\",\"@id\":\"https:\\\/\\\/dmcsrb.com\\\/#\\\/schema\\\/person\\\/5c39170f12db1b8b457732d0b5c854e2\"},\"headline\":\"Kr\u0161enje ljudskih prava ko\u0161talo 6,9 miliona\",\"datePublished\":\"2025-09-13T05:09:00+00:00\",\"mainEntityOfPage\":{\"@id\":\"https:\\\/\\\/dmcsrb.com\\\/drustvo\\\/krsenje-ljudskih-prava-kostalo-69-miliona\\\/\"},\"wordCount\":461,\"commentCount\":0,\"image\":{\"@id\":\"https:\\\/\\\/dmcsrb.com\\\/drustvo\\\/krsenje-ljudskih-prava-kostalo-69-miliona\\\/#primaryimage\"},\"thumbnailUrl\":\"https:\\\/\\\/dmcsrb.com\\\/wp-content\\\/uploads\\\/2026\\\/01\\\/Sud-u-Strazburu-foto-Pixabay.webp\",\"keywords\":[\"Crna Gora\",\"ljudska prava\",\"strazbur\"],\"articleSection\":[\"Dru\u0161tvo\"],\"inLanguage\":\"en-GB\",\"potentialAction\":[{\"@type\":\"CommentAction\",\"name\":\"Comment\",\"target\":[\"https:\\\/\\\/dmcsrb.com\\\/drustvo\\\/krsenje-ljudskih-prava-kostalo-69-miliona\\\/#respond\"]}]},{\"@type\":\"WebPage\",\"@id\":\"https:\\\/\\\/dmcsrb.com\\\/drustvo\\\/krsenje-ljudskih-prava-kostalo-69-miliona\\\/\",\"url\":\"https:\\\/\\\/dmcsrb.com\\\/drustvo\\\/krsenje-ljudskih-prava-kostalo-69-miliona\\\/\",\"name\":\"Kr\u0161enje ljudskih prava ko\u0161talo 6,9 miliona - dmcsrb.com\",\"isPartOf\":{\"@id\":\"https:\\\/\\\/dmcsrb.com\\\/#website\"},\"primaryImageOfPage\":{\"@id\":\"https:\\\/\\\/dmcsrb.com\\\/drustvo\\\/krsenje-ljudskih-prava-kostalo-69-miliona\\\/#primaryimage\"},\"image\":{\"@id\":\"https:\\\/\\\/dmcsrb.com\\\/drustvo\\\/krsenje-ljudskih-prava-kostalo-69-miliona\\\/#primaryimage\"},\"thumbnailUrl\":\"https:\\\/\\\/dmcsrb.com\\\/wp-content\\\/uploads\\\/2026\\\/01\\\/Sud-u-Strazburu-foto-Pixabay.webp\",\"datePublished\":\"2025-09-13T05:09:00+00:00\",\"author\":{\"@id\":\"https:\\\/\\\/dmcsrb.com\\\/#\\\/schema\\\/person\\\/5c39170f12db1b8b457732d0b5c854e2\"},\"breadcrumb\":{\"@id\":\"https:\\\/\\\/dmcsrb.com\\\/drustvo\\\/krsenje-ljudskih-prava-kostalo-69-miliona\\\/#breadcrumb\"},\"inLanguage\":\"en-GB\",\"potentialAction\":[{\"@type\":\"ReadAction\",\"target\":[\"https:\\\/\\\/dmcsrb.com\\\/drustvo\\\/krsenje-ljudskih-prava-kostalo-69-miliona\\\/\"]}]},{\"@type\":\"ImageObject\",\"inLanguage\":\"en-GB\",\"@id\":\"https:\\\/\\\/dmcsrb.com\\\/drustvo\\\/krsenje-ljudskih-prava-kostalo-69-miliona\\\/#primaryimage\",\"url\":\"https:\\\/\\\/dmcsrb.com\\\/wp-content\\\/uploads\\\/2026\\\/01\\\/Sud-u-Strazburu-foto-Pixabay.webp\",\"contentUrl\":\"https:\\\/\\\/dmcsrb.com\\\/wp-content\\\/uploads\\\/2026\\\/01\\\/Sud-u-Strazburu-foto-Pixabay.webp\",\"width\":954,\"height\":616},{\"@type\":\"BreadcrumbList\",\"@id\":\"https:\\\/\\\/dmcsrb.com\\\/drustvo\\\/krsenje-ljudskih-prava-kostalo-69-miliona\\\/#breadcrumb\",\"itemListElement\":[{\"@type\":\"ListItem\",\"position\":1,\"name\":\"Home\",\"item\":\"https:\\\/\\\/dmcsrb.com\\\/\"},{\"@type\":\"ListItem\",\"position\":2,\"name\":\"Kr\u0161enje ljudskih prava ko\u0161talo 6,9 miliona\"}]},{\"@type\":\"WebSite\",\"@id\":\"https:\\\/\\\/dmcsrb.com\\\/#website\",\"url\":\"https:\\\/\\\/dmcsrb.com\\\/\",\"name\":\"dmcsrb.com\",\"description\":\"\",\"potentialAction\":[{\"@type\":\"SearchAction\",\"target\":{\"@type\":\"EntryPoint\",\"urlTemplate\":\"https:\\\/\\\/dmcsrb.com\\\/?s={search_term_string}\"},\"query-input\":{\"@type\":\"PropertyValueSpecification\",\"valueRequired\":true,\"valueName\":\"search_term_string\"}}],\"inLanguage\":\"en-GB\"},{\"@type\":\"Person\",\"@id\":\"https:\\\/\\\/dmcsrb.com\\\/#\\\/schema\\\/person\\\/5c39170f12db1b8b457732d0b5c854e2\",\"name\":\"dmcsrbija.com@gmail.com\",\"image\":{\"@type\":\"ImageObject\",\"inLanguage\":\"en-GB\",\"@id\":\"https:\\\/\\\/secure.gravatar.com\\\/avatar\\\/68592660ad6347fad0fb587f8d5d8f1a7b44961362f56e4f2cd524feb87e9069?s=96&d=mm&r=g\",\"url\":\"https:\\\/\\\/secure.gravatar.com\\\/avatar\\\/68592660ad6347fad0fb587f8d5d8f1a7b44961362f56e4f2cd524feb87e9069?s=96&d=mm&r=g\",\"contentUrl\":\"https:\\\/\\\/secure.gravatar.com\\\/avatar\\\/68592660ad6347fad0fb587f8d5d8f1a7b44961362f56e4f2cd524feb87e9069?s=96&d=mm&r=g\",\"caption\":\"dmcsrbija.com@gmail.com\"},\"sameAs\":[\"https:\\\/\\\/dmcsrb.com\"],\"url\":\"https:\\\/\\\/dmcsrb.com\\\/en\\\/author\\\/dmcsrbija-comgmail-com\\\/\"}]}<\/script>\n<!-- \/ Yoast SEO plugin. -->","yoast_head_json":{"title":"Kr\u0161enje ljudskih prava ko\u0161talo 6,9 miliona - dmcsrb.com","robots":{"index":"index","follow":"follow","max-snippet":"max-snippet:-1","max-image-preview":"max-image-preview:large","max-video-preview":"max-video-preview:-1"},"canonical":"https:\/\/dmcsrb.com\/en\/drustvo\/krsenje-ljudskih-prava-kostalo-69-miliona\/","og_locale":"en_GB","og_type":"article","og_title":"Kr\u0161enje ljudskih prava ko\u0161talo 6,9 miliona - dmcsrb.com","og_description":"Po osnovu presuda i odluka Evropskog suda za ljudska prava u Strazburu protiv Crne Gore, u poslednjih pet godina ispla\u0107eno je 6,92 miliona eura.","og_url":"https:\/\/dmcsrb.com\/en\/drustvo\/krsenje-ljudskih-prava-kostalo-69-miliona\/","og_site_name":"dmcsrb.com","article_published_time":"2025-09-13T05:09:00+00:00","og_image":[{"width":954,"height":616,"url":"https:\/\/dmcsrb.com\/wp-content\/uploads\/2026\/01\/Sud-u-Strazburu-foto-Pixabay.webp","type":"image\/jpeg"}],"author":"dmcsrbija.com@gmail.com","twitter_card":"summary_large_image","twitter_misc":{"Written by":"dmcsrbija.com@gmail.com","Estimated reading time":"2 minutes"},"schema":{"@context":"https:\/\/schema.org","@graph":[{"@type":"Article","@id":"https:\/\/dmcsrb.com\/drustvo\/krsenje-ljudskih-prava-kostalo-69-miliona\/#article","isPartOf":{"@id":"https:\/\/dmcsrb.com\/drustvo\/krsenje-ljudskih-prava-kostalo-69-miliona\/"},"author":{"name":"dmcsrbija.com@gmail.com","@id":"https:\/\/dmcsrb.com\/#\/schema\/person\/5c39170f12db1b8b457732d0b5c854e2"},"headline":"Kr\u0161enje ljudskih prava ko\u0161talo 6,9 miliona","datePublished":"2025-09-13T05:09:00+00:00","mainEntityOfPage":{"@id":"https:\/\/dmcsrb.com\/drustvo\/krsenje-ljudskih-prava-kostalo-69-miliona\/"},"wordCount":461,"commentCount":0,"image":{"@id":"https:\/\/dmcsrb.com\/drustvo\/krsenje-ljudskih-prava-kostalo-69-miliona\/#primaryimage"},"thumbnailUrl":"https:\/\/dmcsrb.com\/wp-content\/uploads\/2026\/01\/Sud-u-Strazburu-foto-Pixabay.webp","keywords":["Crna Gora","ljudska prava","strazbur"],"articleSection":["Dru\u0161tvo"],"inLanguage":"en-GB","potentialAction":[{"@type":"CommentAction","name":"Comment","target":["https:\/\/dmcsrb.com\/drustvo\/krsenje-ljudskih-prava-kostalo-69-miliona\/#respond"]}]},{"@type":"WebPage","@id":"https:\/\/dmcsrb.com\/drustvo\/krsenje-ljudskih-prava-kostalo-69-miliona\/","url":"https:\/\/dmcsrb.com\/drustvo\/krsenje-ljudskih-prava-kostalo-69-miliona\/","name":"Kr\u0161enje ljudskih prava ko\u0161talo 6,9 miliona - dmcsrb.com","isPartOf":{"@id":"https:\/\/dmcsrb.com\/#website"},"primaryImageOfPage":{"@id":"https:\/\/dmcsrb.com\/drustvo\/krsenje-ljudskih-prava-kostalo-69-miliona\/#primaryimage"},"image":{"@id":"https:\/\/dmcsrb.com\/drustvo\/krsenje-ljudskih-prava-kostalo-69-miliona\/#primaryimage"},"thumbnailUrl":"https:\/\/dmcsrb.com\/wp-content\/uploads\/2026\/01\/Sud-u-Strazburu-foto-Pixabay.webp","datePublished":"2025-09-13T05:09:00+00:00","author":{"@id":"https:\/\/dmcsrb.com\/#\/schema\/person\/5c39170f12db1b8b457732d0b5c854e2"},"breadcrumb":{"@id":"https:\/\/dmcsrb.com\/drustvo\/krsenje-ljudskih-prava-kostalo-69-miliona\/#breadcrumb"},"inLanguage":"en-GB","potentialAction":[{"@type":"ReadAction","target":["https:\/\/dmcsrb.com\/drustvo\/krsenje-ljudskih-prava-kostalo-69-miliona\/"]}]},{"@type":"ImageObject","inLanguage":"en-GB","@id":"https:\/\/dmcsrb.com\/drustvo\/krsenje-ljudskih-prava-kostalo-69-miliona\/#primaryimage","url":"https:\/\/dmcsrb.com\/wp-content\/uploads\/2026\/01\/Sud-u-Strazburu-foto-Pixabay.webp","contentUrl":"https:\/\/dmcsrb.com\/wp-content\/uploads\/2026\/01\/Sud-u-Strazburu-foto-Pixabay.webp","width":954,"height":616},{"@type":"BreadcrumbList","@id":"https:\/\/dmcsrb.com\/drustvo\/krsenje-ljudskih-prava-kostalo-69-miliona\/#breadcrumb","itemListElement":[{"@type":"ListItem","position":1,"name":"Home","item":"https:\/\/dmcsrb.com\/"},{"@type":"ListItem","position":2,"name":"Kr\u0161enje ljudskih prava ko\u0161talo 6,9 miliona"}]},{"@type":"WebSite","@id":"https:\/\/dmcsrb.com\/#website","url":"https:\/\/dmcsrb.com\/","name":"dmcsrb.com","description":"","potentialAction":[{"@type":"SearchAction","target":{"@type":"EntryPoint","urlTemplate":"https:\/\/dmcsrb.com\/?s={search_term_string}"},"query-input":{"@type":"PropertyValueSpecification","valueRequired":true,"valueName":"search_term_string"}}],"inLanguage":"en-GB"},{"@type":"Person","@id":"https:\/\/dmcsrb.com\/#\/schema\/person\/5c39170f12db1b8b457732d0b5c854e2","name":"dmcsrbija.com@gmail.com","image":{"@type":"ImageObject","inLanguage":"en-GB","@id":"https:\/\/secure.gravatar.com\/avatar\/68592660ad6347fad0fb587f8d5d8f1a7b44961362f56e4f2cd524feb87e9069?s=96&d=mm&r=g","url":"https:\/\/secure.gravatar.com\/avatar\/68592660ad6347fad0fb587f8d5d8f1a7b44961362f56e4f2cd524feb87e9069?s=96&d=mm&r=g","contentUrl":"https:\/\/secure.gravatar.com\/avatar\/68592660ad6347fad0fb587f8d5d8f1a7b44961362f56e4f2cd524feb87e9069?s=96&d=mm&r=g","caption":"dmcsrbija.com@gmail.com"},"sameAs":["https:\/\/dmcsrb.com"],"url":"https:\/\/dmcsrb.com\/en\/author\/dmcsrbija-comgmail-com\/"}]}},"_links":{"self":[{"href":"https:\/\/dmcsrb.com\/en\/wp-json\/wp\/v2\/posts\/951839","targetHints":{"allow":["GET"]}}],"collection":[{"href":"https:\/\/dmcsrb.com\/en\/wp-json\/wp\/v2\/posts"}],"about":[{"href":"https:\/\/dmcsrb.com\/en\/wp-json\/wp\/v2\/types\/post"}],"author":[{"embeddable":true,"href":"https:\/\/dmcsrb.com\/en\/wp-json\/wp\/v2\/users\/1"}],"replies":[{"embeddable":true,"href":"https:\/\/dmcsrb.com\/en\/wp-json\/wp\/v2\/comments?post=951839"}],"version-history":[{"count":0,"href":"https:\/\/dmcsrb.com\/en\/wp-json\/wp\/v2\/posts\/951839\/revisions"}],"wp:featuredmedia":[{"embeddable":true,"href":"https:\/\/dmcsrb.com\/en\/wp-json\/wp\/v2\/media\/951840"}],"wp:attachment":[{"href":"https:\/\/dmcsrb.com\/en\/wp-json\/wp\/v2\/media?parent=951839"}],"wp:term":[{"taxonomy":"category","embeddable":true,"href":"https:\/\/dmcsrb.com\/en\/wp-json\/wp\/v2\/categories?post=951839"},{"taxonomy":"post_tag","embeddable":true,"href":"https:\/\/dmcsrb.com\/en\/wp-json\/wp\/v2\/tags?post=951839"},{"taxonomy":"naslovna","embeddable":true,"href":"https:\/\/dmcsrb.com\/en\/wp-json\/wp\/v2\/naslovna?post=951839"}],"curies":[{"name":"wp","href":"https:\/\/api.w.org\/{rel}","templated":true}]}}