{"id":951828,"date":"2025-09-13T05:29:00","date_gmt":"2025-09-13T03:29:00","guid":{"rendered":"https:\/\/dmcsrb.com\/uncategorized\/ulaskom-u-eu-splasnuce-teme-koje-polarizuju-drustvo\/"},"modified":"2025-09-13T05:29:00","modified_gmt":"2025-09-13T03:29:00","slug":"ulaskom-u-eu-splasnuce-teme-koje-polarizuju-drustvo","status":"publish","type":"post","link":"https:\/\/dmcsrb.com\/en\/politika\/ulaskom-u-eu-splasnuce-teme-koje-polarizuju-drustvo\/","title":{"rendered":"Ulaskom u EU splasnu\u0107e teme koje polarizuju dru\u0161tvo"},"content":{"rendered":"<p><\/p>\n\n\n\n<p><\/p>\n\n\n\n<p><\/p>\n\n\n\n<p>Analiti\u010dar i profesor istorije D\u017eevdet Pepi\u0107 ukazuje da je najve\u0107i problem u na\u0161oj zemlji ekonomska situacija i dodaje da upravo zbog te \u010dinjenice pojedinim krugovima odgovara da se stalno prebrojavamo i, kako upozorava, krivimo one druge.<\/p>\n\n\n\n<p>Crna Gora je uprkos isku\u0161enjima u regionu, ali i Evropi prepoznata kao sredina koja je etni\u010dki i vjerski tolerantija u odnosu na svoje okru\u017eenje.<\/p>\n\n\n\n<p>Brojni su primjeri u na\u0161oj istoriji koji o tome svjedo\u010de, ali je na \u017ealost, posebno devedesetih, bilo i de\u0161avanja koja nikome ne bi trebalo da budu na ponos.<\/p>\n\n\n\n<p>Da li zbog toga, ili uskostrana\u010dkih interesa, doga\u0111a se da pojedine institucije, kao na primjer Medresa u Tuzima dobiju ime po sultanu Mehmedu Fatihu, odnosno Osvaja\u010du, koji je taj nadimak dobio po tome \u0161to je svojoj dr\u017eavi pripojio i ove krajeve ili da se u starom pravoslavnom manastiru skloni spomenik \u010detni\u010dkom komandantu Pavlu \u0110uri\u0161i\u0107u.<\/p>\n\n\n\n<p>Analiti\u010dar D\u017eevdet Pepi\u0107 smatra da iako Crna Gora slovi kao gra\u0111anska dr\u017eava, na \u017ealost se, kako upozorava, mnogo vi\u0161e potenciraju identitetske teme.<\/p>\n\n\n\n<p>&#8220;Mi se navodno zala\u017eemo za sekularno dru\u0161tvo, demokratsko dru\u0161tvo, a u principu se dr\u017eimo onog da bude nacionalno. Pogledajte, matrica je prakti\u010dno ista. Svim nacionalnim partijama ne smeta, da tako ka\u017eem, \u0161to je njihovo, ve\u0107 onih drugih&#8221;, dodaje.&nbsp;<\/p>\n\n\n\n<p>Istori\u010dar Vukota Vukoti\u0107 ukazuje da Crna Gora ima mnogo li\u010dnosti razli\u010ditih konfesija, po kojima se mogu nazvati institucije, tako da, vjeruje, nije neophodno i istorijski opravdano da su na tablama ispisana imena pojedinaca koji su na bilo koji na\u010din sporni.<\/p>\n\n\n\n<p>&#8220;Mehmed Osvaja\u010d jeste bio velika istorijska figura, me\u0111utim, stvar je u tome da se sad njegovo ime \u017eeli zloupotrijebiti, kako bi se ne\u0161to dokazalo, ne\u010dije pravo na osvajanje&#8221;, kazao je Vukoti\u0107.<\/p>\n\n\n\n<p>Najve\u0107i problem u Crnoj Gori je ekonomska situacija, ukazuje Pepi\u0107 i dodaje da upravo zbog te \u010dinjenice pojedinim krugovima odgovara da se stalno prebrojavamo.<\/p>\n\n\n\n<p>&#8220;Mi smo svakim danom dalje i dalje od gra\u0111anskog dru\u0161tva, a za\u0161to? Zato \u0161to nam odgovara da budemo dio kolektiviteta, da uvijek uka\u017eemo da je onaj drugi kriv&#8221;, ka\u017ee Pepi\u0107.<\/p>\n\n\n\n<p>Cilj nacionalista je da se razgradi ne\u0161to \u0161to je gra\u0111eno posljednjih decenija, tvrdi istori\u010dar Vukoti\u0107.<\/p>\n\n\n\n<p>&#8220;Poku\u0161avamo da budemo \u010dlanica Evropske unije \u0161to dovodi do osnovnog motiva svih tih poku\u0161aja, a to je da se Crna Gora sprije\u010di da bude dio jedne zajednice kakva je EU&#8221;, ka\u017ee Vukoti\u0107.<\/p>\n\n\n\n<p>Analiti\u010dar D\u017eevdet Pepi\u0107 i profesor Vukota Vukoti\u0107 smatraju da \u0107e ulaskom u EU splasnuti teme koje polarizuju na\u0161e dru\u0161tvo.<\/p>","protected":false},"excerpt":{"rendered":"<p>Istorijski je neopravdano i nepotrebno davati imena institucijama po li\u010dnostima koje na bilo koji na\u010din dijele Crnu Goru, smatra istori\u010dar Vukota Vukoti\u0107.<\/p>","protected":false},"author":1,"featured_media":950577,"comment_status":"open","ping_status":"open","sticky":false,"template":"","format":"standard","meta":{"_acf_changed":false,"footnotes":""},"categories":[12],"tags":[95,10,7926],"naslovna":[],"class_list":["post-951828","post","type-post","status-publish","format-standard","has-post-thumbnail","hentry","category-politika","tag-crna-gora","tag-eu","tag-teme"],"acf":[],"yoast_head":"<!-- This site is optimized with the Yoast SEO plugin v27.4 - https:\/\/yoast.com\/product\/yoast-seo-wordpress\/ -->\n<title>Ulaskom u EU splasnu\u0107e teme koje polarizuju dru\u0161tvo - dmcsrb.com<\/title>\n<meta name=\"robots\" content=\"index, follow, max-snippet:-1, max-image-preview:large, max-video-preview:-1\" \/>\n<link rel=\"canonical\" href=\"https:\/\/dmcsrb.com\/en\/politika\/ulaskom-u-eu-splasnuce-teme-koje-polarizuju-drustvo\/\" \/>\n<meta property=\"og:locale\" content=\"en_GB\" \/>\n<meta property=\"og:type\" content=\"article\" \/>\n<meta property=\"og:title\" content=\"Ulaskom u EU splasnu\u0107e teme koje polarizuju dru\u0161tvo - dmcsrb.com\" \/>\n<meta property=\"og:description\" content=\"Istorijski je neopravdano i nepotrebno davati imena institucijama po li\u010dnostima koje na bilo koji na\u010din dijele Crnu Goru, smatra istori\u010dar Vukota Vukoti\u0107.\" \/>\n<meta property=\"og:url\" content=\"https:\/\/dmcsrb.com\/en\/politika\/ulaskom-u-eu-splasnuce-teme-koje-polarizuju-drustvo\/\" \/>\n<meta property=\"og:site_name\" content=\"dmcsrb.com\" \/>\n<meta property=\"article:published_time\" content=\"2025-09-13T03:29:00+00:00\" \/>\n<meta property=\"og:image\" content=\"https:\/\/dmcsrb.com\/wp-content\/uploads\/2026\/01\/Podgorica-panorama-mostovi-foto-gradski.webp\" \/>\n\t<meta property=\"og:image:width\" content=\"1524\" \/>\n\t<meta property=\"og:image:height\" content=\"877\" \/>\n\t<meta property=\"og:image:type\" content=\"image\/jpeg\" \/>\n<meta name=\"author\" content=\"dmcsrbija.com@gmail.com\" \/>\n<meta name=\"twitter:card\" content=\"summary_large_image\" \/>\n<meta name=\"twitter:label1\" content=\"Written by\" \/>\n\t<meta name=\"twitter:data1\" content=\"dmcsrbija.com@gmail.com\" \/>\n\t<meta name=\"twitter:label2\" content=\"Estimated reading time\" \/>\n\t<meta name=\"twitter:data2\" content=\"2 minutes\" \/>\n<script type=\"application\/ld+json\" class=\"yoast-schema-graph\">{\"@context\":\"https:\\\/\\\/schema.org\",\"@graph\":[{\"@type\":\"Article\",\"@id\":\"https:\\\/\\\/dmcsrb.com\\\/politika\\\/ulaskom-u-eu-splasnuce-teme-koje-polarizuju-drustvo\\\/#article\",\"isPartOf\":{\"@id\":\"https:\\\/\\\/dmcsrb.com\\\/politika\\\/ulaskom-u-eu-splasnuce-teme-koje-polarizuju-drustvo\\\/\"},\"author\":{\"name\":\"dmcsrbija.com@gmail.com\",\"@id\":\"https:\\\/\\\/dmcsrb.com\\\/#\\\/schema\\\/person\\\/5c39170f12db1b8b457732d0b5c854e2\"},\"headline\":\"Ulaskom u EU splasnu\u0107e teme koje polarizuju dru\u0161tvo\",\"datePublished\":\"2025-09-13T03:29:00+00:00\",\"mainEntityOfPage\":{\"@id\":\"https:\\\/\\\/dmcsrb.com\\\/politika\\\/ulaskom-u-eu-splasnuce-teme-koje-polarizuju-drustvo\\\/\"},\"wordCount\":456,\"commentCount\":0,\"image\":{\"@id\":\"https:\\\/\\\/dmcsrb.com\\\/politika\\\/ulaskom-u-eu-splasnuce-teme-koje-polarizuju-drustvo\\\/#primaryimage\"},\"thumbnailUrl\":\"https:\\\/\\\/dmcsrb.com\\\/wp-content\\\/uploads\\\/2026\\\/01\\\/Podgorica-panorama-mostovi-foto-gradski.webp\",\"keywords\":[\"Crna Gora\",\"EU\",\"teme\"],\"articleSection\":[\"Politika\"],\"inLanguage\":\"en-GB\",\"potentialAction\":[{\"@type\":\"CommentAction\",\"name\":\"Comment\",\"target\":[\"https:\\\/\\\/dmcsrb.com\\\/politika\\\/ulaskom-u-eu-splasnuce-teme-koje-polarizuju-drustvo\\\/#respond\"]}]},{\"@type\":\"WebPage\",\"@id\":\"https:\\\/\\\/dmcsrb.com\\\/politika\\\/ulaskom-u-eu-splasnuce-teme-koje-polarizuju-drustvo\\\/\",\"url\":\"https:\\\/\\\/dmcsrb.com\\\/politika\\\/ulaskom-u-eu-splasnuce-teme-koje-polarizuju-drustvo\\\/\",\"name\":\"Ulaskom u EU splasnu\u0107e teme koje polarizuju dru\u0161tvo - dmcsrb.com\",\"isPartOf\":{\"@id\":\"https:\\\/\\\/dmcsrb.com\\\/#website\"},\"primaryImageOfPage\":{\"@id\":\"https:\\\/\\\/dmcsrb.com\\\/politika\\\/ulaskom-u-eu-splasnuce-teme-koje-polarizuju-drustvo\\\/#primaryimage\"},\"image\":{\"@id\":\"https:\\\/\\\/dmcsrb.com\\\/politika\\\/ulaskom-u-eu-splasnuce-teme-koje-polarizuju-drustvo\\\/#primaryimage\"},\"thumbnailUrl\":\"https:\\\/\\\/dmcsrb.com\\\/wp-content\\\/uploads\\\/2026\\\/01\\\/Podgorica-panorama-mostovi-foto-gradski.webp\",\"datePublished\":\"2025-09-13T03:29:00+00:00\",\"author\":{\"@id\":\"https:\\\/\\\/dmcsrb.com\\\/#\\\/schema\\\/person\\\/5c39170f12db1b8b457732d0b5c854e2\"},\"breadcrumb\":{\"@id\":\"https:\\\/\\\/dmcsrb.com\\\/politika\\\/ulaskom-u-eu-splasnuce-teme-koje-polarizuju-drustvo\\\/#breadcrumb\"},\"inLanguage\":\"en-GB\",\"potentialAction\":[{\"@type\":\"ReadAction\",\"target\":[\"https:\\\/\\\/dmcsrb.com\\\/politika\\\/ulaskom-u-eu-splasnuce-teme-koje-polarizuju-drustvo\\\/\"]}]},{\"@type\":\"ImageObject\",\"inLanguage\":\"en-GB\",\"@id\":\"https:\\\/\\\/dmcsrb.com\\\/politika\\\/ulaskom-u-eu-splasnuce-teme-koje-polarizuju-drustvo\\\/#primaryimage\",\"url\":\"https:\\\/\\\/dmcsrb.com\\\/wp-content\\\/uploads\\\/2026\\\/01\\\/Podgorica-panorama-mostovi-foto-gradski.webp\",\"contentUrl\":\"https:\\\/\\\/dmcsrb.com\\\/wp-content\\\/uploads\\\/2026\\\/01\\\/Podgorica-panorama-mostovi-foto-gradski.webp\",\"width\":1524,\"height\":877},{\"@type\":\"BreadcrumbList\",\"@id\":\"https:\\\/\\\/dmcsrb.com\\\/politika\\\/ulaskom-u-eu-splasnuce-teme-koje-polarizuju-drustvo\\\/#breadcrumb\",\"itemListElement\":[{\"@type\":\"ListItem\",\"position\":1,\"name\":\"Home\",\"item\":\"https:\\\/\\\/dmcsrb.com\\\/\"},{\"@type\":\"ListItem\",\"position\":2,\"name\":\"Ulaskom u EU splasnu\u0107e teme koje polarizuju dru\u0161tvo\"}]},{\"@type\":\"WebSite\",\"@id\":\"https:\\\/\\\/dmcsrb.com\\\/#website\",\"url\":\"https:\\\/\\\/dmcsrb.com\\\/\",\"name\":\"dmcsrb.com\",\"description\":\"\",\"potentialAction\":[{\"@type\":\"SearchAction\",\"target\":{\"@type\":\"EntryPoint\",\"urlTemplate\":\"https:\\\/\\\/dmcsrb.com\\\/?s={search_term_string}\"},\"query-input\":{\"@type\":\"PropertyValueSpecification\",\"valueRequired\":true,\"valueName\":\"search_term_string\"}}],\"inLanguage\":\"en-GB\"},{\"@type\":\"Person\",\"@id\":\"https:\\\/\\\/dmcsrb.com\\\/#\\\/schema\\\/person\\\/5c39170f12db1b8b457732d0b5c854e2\",\"name\":\"dmcsrbija.com@gmail.com\",\"image\":{\"@type\":\"ImageObject\",\"inLanguage\":\"en-GB\",\"@id\":\"https:\\\/\\\/secure.gravatar.com\\\/avatar\\\/68592660ad6347fad0fb587f8d5d8f1a7b44961362f56e4f2cd524feb87e9069?s=96&d=mm&r=g\",\"url\":\"https:\\\/\\\/secure.gravatar.com\\\/avatar\\\/68592660ad6347fad0fb587f8d5d8f1a7b44961362f56e4f2cd524feb87e9069?s=96&d=mm&r=g\",\"contentUrl\":\"https:\\\/\\\/secure.gravatar.com\\\/avatar\\\/68592660ad6347fad0fb587f8d5d8f1a7b44961362f56e4f2cd524feb87e9069?s=96&d=mm&r=g\",\"caption\":\"dmcsrbija.com@gmail.com\"},\"sameAs\":[\"https:\\\/\\\/dmcsrb.com\"],\"url\":\"https:\\\/\\\/dmcsrb.com\\\/en\\\/author\\\/dmcsrbija-comgmail-com\\\/\"}]}<\/script>\n<!-- \/ Yoast SEO plugin. -->","yoast_head_json":{"title":"Ulaskom u EU splasnu\u0107e teme koje polarizuju dru\u0161tvo - dmcsrb.com","robots":{"index":"index","follow":"follow","max-snippet":"max-snippet:-1","max-image-preview":"max-image-preview:large","max-video-preview":"max-video-preview:-1"},"canonical":"https:\/\/dmcsrb.com\/en\/politika\/ulaskom-u-eu-splasnuce-teme-koje-polarizuju-drustvo\/","og_locale":"en_GB","og_type":"article","og_title":"Ulaskom u EU splasnu\u0107e teme koje polarizuju dru\u0161tvo - dmcsrb.com","og_description":"Istorijski je neopravdano i nepotrebno davati imena institucijama po li\u010dnostima koje na bilo koji na\u010din dijele Crnu Goru, smatra istori\u010dar Vukota Vukoti\u0107.","og_url":"https:\/\/dmcsrb.com\/en\/politika\/ulaskom-u-eu-splasnuce-teme-koje-polarizuju-drustvo\/","og_site_name":"dmcsrb.com","article_published_time":"2025-09-13T03:29:00+00:00","og_image":[{"width":1524,"height":877,"url":"https:\/\/dmcsrb.com\/wp-content\/uploads\/2026\/01\/Podgorica-panorama-mostovi-foto-gradski.webp","type":"image\/jpeg"}],"author":"dmcsrbija.com@gmail.com","twitter_card":"summary_large_image","twitter_misc":{"Written by":"dmcsrbija.com@gmail.com","Estimated reading time":"2 minutes"},"schema":{"@context":"https:\/\/schema.org","@graph":[{"@type":"Article","@id":"https:\/\/dmcsrb.com\/politika\/ulaskom-u-eu-splasnuce-teme-koje-polarizuju-drustvo\/#article","isPartOf":{"@id":"https:\/\/dmcsrb.com\/politika\/ulaskom-u-eu-splasnuce-teme-koje-polarizuju-drustvo\/"},"author":{"name":"dmcsrbija.com@gmail.com","@id":"https:\/\/dmcsrb.com\/#\/schema\/person\/5c39170f12db1b8b457732d0b5c854e2"},"headline":"Ulaskom u EU splasnu\u0107e teme koje polarizuju dru\u0161tvo","datePublished":"2025-09-13T03:29:00+00:00","mainEntityOfPage":{"@id":"https:\/\/dmcsrb.com\/politika\/ulaskom-u-eu-splasnuce-teme-koje-polarizuju-drustvo\/"},"wordCount":456,"commentCount":0,"image":{"@id":"https:\/\/dmcsrb.com\/politika\/ulaskom-u-eu-splasnuce-teme-koje-polarizuju-drustvo\/#primaryimage"},"thumbnailUrl":"https:\/\/dmcsrb.com\/wp-content\/uploads\/2026\/01\/Podgorica-panorama-mostovi-foto-gradski.webp","keywords":["Crna Gora","EU","teme"],"articleSection":["Politika"],"inLanguage":"en-GB","potentialAction":[{"@type":"CommentAction","name":"Comment","target":["https:\/\/dmcsrb.com\/politika\/ulaskom-u-eu-splasnuce-teme-koje-polarizuju-drustvo\/#respond"]}]},{"@type":"WebPage","@id":"https:\/\/dmcsrb.com\/politika\/ulaskom-u-eu-splasnuce-teme-koje-polarizuju-drustvo\/","url":"https:\/\/dmcsrb.com\/politika\/ulaskom-u-eu-splasnuce-teme-koje-polarizuju-drustvo\/","name":"Ulaskom u EU splasnu\u0107e teme koje polarizuju dru\u0161tvo - dmcsrb.com","isPartOf":{"@id":"https:\/\/dmcsrb.com\/#website"},"primaryImageOfPage":{"@id":"https:\/\/dmcsrb.com\/politika\/ulaskom-u-eu-splasnuce-teme-koje-polarizuju-drustvo\/#primaryimage"},"image":{"@id":"https:\/\/dmcsrb.com\/politika\/ulaskom-u-eu-splasnuce-teme-koje-polarizuju-drustvo\/#primaryimage"},"thumbnailUrl":"https:\/\/dmcsrb.com\/wp-content\/uploads\/2026\/01\/Podgorica-panorama-mostovi-foto-gradski.webp","datePublished":"2025-09-13T03:29:00+00:00","author":{"@id":"https:\/\/dmcsrb.com\/#\/schema\/person\/5c39170f12db1b8b457732d0b5c854e2"},"breadcrumb":{"@id":"https:\/\/dmcsrb.com\/politika\/ulaskom-u-eu-splasnuce-teme-koje-polarizuju-drustvo\/#breadcrumb"},"inLanguage":"en-GB","potentialAction":[{"@type":"ReadAction","target":["https:\/\/dmcsrb.com\/politika\/ulaskom-u-eu-splasnuce-teme-koje-polarizuju-drustvo\/"]}]},{"@type":"ImageObject","inLanguage":"en-GB","@id":"https:\/\/dmcsrb.com\/politika\/ulaskom-u-eu-splasnuce-teme-koje-polarizuju-drustvo\/#primaryimage","url":"https:\/\/dmcsrb.com\/wp-content\/uploads\/2026\/01\/Podgorica-panorama-mostovi-foto-gradski.webp","contentUrl":"https:\/\/dmcsrb.com\/wp-content\/uploads\/2026\/01\/Podgorica-panorama-mostovi-foto-gradski.webp","width":1524,"height":877},{"@type":"BreadcrumbList","@id":"https:\/\/dmcsrb.com\/politika\/ulaskom-u-eu-splasnuce-teme-koje-polarizuju-drustvo\/#breadcrumb","itemListElement":[{"@type":"ListItem","position":1,"name":"Home","item":"https:\/\/dmcsrb.com\/"},{"@type":"ListItem","position":2,"name":"Ulaskom u EU splasnu\u0107e teme koje polarizuju dru\u0161tvo"}]},{"@type":"WebSite","@id":"https:\/\/dmcsrb.com\/#website","url":"https:\/\/dmcsrb.com\/","name":"dmcsrb.com","description":"","potentialAction":[{"@type":"SearchAction","target":{"@type":"EntryPoint","urlTemplate":"https:\/\/dmcsrb.com\/?s={search_term_string}"},"query-input":{"@type":"PropertyValueSpecification","valueRequired":true,"valueName":"search_term_string"}}],"inLanguage":"en-GB"},{"@type":"Person","@id":"https:\/\/dmcsrb.com\/#\/schema\/person\/5c39170f12db1b8b457732d0b5c854e2","name":"dmcsrbija.com@gmail.com","image":{"@type":"ImageObject","inLanguage":"en-GB","@id":"https:\/\/secure.gravatar.com\/avatar\/68592660ad6347fad0fb587f8d5d8f1a7b44961362f56e4f2cd524feb87e9069?s=96&d=mm&r=g","url":"https:\/\/secure.gravatar.com\/avatar\/68592660ad6347fad0fb587f8d5d8f1a7b44961362f56e4f2cd524feb87e9069?s=96&d=mm&r=g","contentUrl":"https:\/\/secure.gravatar.com\/avatar\/68592660ad6347fad0fb587f8d5d8f1a7b44961362f56e4f2cd524feb87e9069?s=96&d=mm&r=g","caption":"dmcsrbija.com@gmail.com"},"sameAs":["https:\/\/dmcsrb.com"],"url":"https:\/\/dmcsrb.com\/en\/author\/dmcsrbija-comgmail-com\/"}]}},"_links":{"self":[{"href":"https:\/\/dmcsrb.com\/en\/wp-json\/wp\/v2\/posts\/951828","targetHints":{"allow":["GET"]}}],"collection":[{"href":"https:\/\/dmcsrb.com\/en\/wp-json\/wp\/v2\/posts"}],"about":[{"href":"https:\/\/dmcsrb.com\/en\/wp-json\/wp\/v2\/types\/post"}],"author":[{"embeddable":true,"href":"https:\/\/dmcsrb.com\/en\/wp-json\/wp\/v2\/users\/1"}],"replies":[{"embeddable":true,"href":"https:\/\/dmcsrb.com\/en\/wp-json\/wp\/v2\/comments?post=951828"}],"version-history":[{"count":0,"href":"https:\/\/dmcsrb.com\/en\/wp-json\/wp\/v2\/posts\/951828\/revisions"}],"wp:featuredmedia":[{"embeddable":true,"href":"https:\/\/dmcsrb.com\/en\/wp-json\/wp\/v2\/media\/950577"}],"wp:attachment":[{"href":"https:\/\/dmcsrb.com\/en\/wp-json\/wp\/v2\/media?parent=951828"}],"wp:term":[{"taxonomy":"category","embeddable":true,"href":"https:\/\/dmcsrb.com\/en\/wp-json\/wp\/v2\/categories?post=951828"},{"taxonomy":"post_tag","embeddable":true,"href":"https:\/\/dmcsrb.com\/en\/wp-json\/wp\/v2\/tags?post=951828"},{"taxonomy":"naslovna","embeddable":true,"href":"https:\/\/dmcsrb.com\/en\/wp-json\/wp\/v2\/naslovna?post=951828"}],"curies":[{"name":"wp","href":"https:\/\/api.w.org\/{rel}","templated":true}]}}