{"id":951820,"date":"2025-09-12T19:43:00","date_gmt":"2025-09-12T17:43:00","guid":{"rendered":"https:\/\/dmcsrb.com\/uncategorized\/turska-razbila-grcku-i-zakazala-veliko-finale-sa-njemackom\/"},"modified":"2025-09-12T19:43:00","modified_gmt":"2025-09-12T17:43:00","slug":"turska-razbila-grcku-i-zakazala-veliko-finale-sa-njemackom","status":"publish","type":"post","link":"https:\/\/dmcsrb.com\/en\/sport\/turska-razbila-grcku-i-zakazala-veliko-finale-sa-njemackom\/","title":{"rendered":"Turska razbila Gr\u010dku i zakazala veliko finale sa Njema\u010dkom"},"content":{"rendered":"<p>Iako se o\u010dekivao izjedna\u010den i neizvjestan duel,  ve\u0107 od po\u010detka me\u010da bilo je jasno da samo jedna ekipa ima potpunu kontrolu \u2013 Turska.<\/p>\n\n\n\n<p>Alperen \u0160engun i danas centralna figura utakmice Erd\u017ean Osmani, ali i ostali saigra\u010di uspjeli su da neutrali\u0161u Janisa Adetokumba, zaigraju izuzetno \u010dvrsto u odbrani, primoraju rivala na te\u0161ke \u0161uteve i brojne gre\u0161ke, te vi\u0161e nego zaslu\u017eeno izbore plasman u finale.<\/p>\n\n\n\n<figure class=\"wp-block-embed is-type-rich is-provider-twitter wp-block-embed-twitter\"><div class=\"wp-block-embed__wrapper\">\n<blockquote class=\"twitter-tweet\" data-width=\"500\" data-dnt=\"true\"><p lang=\"en\" dir=\"ltr\">T\u00fcrkiye&#39;s triple-teams have Giannis LOCKED UP. \ud83e\udd76<br><br>Giannis in the first half: 4 PTS | 2\/7 FG | 8 REB | 3 TO<a href=\"https:\/\/twitter.com\/hashtag\/EuroBasket?src=hash&amp;ref_src=twsrc%5Etfw\">#EuroBasket<\/a> | <a href=\"https:\/\/twitter.com\/hashtag\/MakeYourMark?src=hash&amp;ref_src=twsrc%5Etfw\">#MakeYourMark<\/a> <a href=\"https:\/\/t.co\/sl6HwazFjr\">pic.twitter.com\/sl6HwazFjr<\/a><\/p>&mdash; FIBA EuroBasket (@EuroBasket) <a href=\"https:\/\/twitter.com\/EuroBasket\/status\/1966573440250306564?ref_src=twsrc%5Etfw\">September 12, 2025<\/a><\/blockquote><script async src=\"https:\/\/platform.twitter.com\/widgets.js\" charset=\"utf-8\"><\/script>\n<\/div><\/figure>\n\n\n\n<p>Turci su odli\u010dno otvorili me\u010d, poveli 7:0, a prve poene za Gr\u010dku na me\u010du postigao je Tajler Dorsi van linije 6,75 nakon dva i po minuta. <\/p>\n\n\n\n<figure class=\"wp-block-embed is-type-rich is-provider-twitter wp-block-embed-twitter\"><div class=\"wp-block-embed__wrapper\">\n<blockquote class=\"twitter-tweet\" data-width=\"500\" data-dnt=\"true\"><p lang=\"en\" dir=\"ltr\">ERCAN OSMANI IS A WALKING FIRE RIGHT NOW.<a href=\"https:\/\/twitter.com\/hashtag\/EuroBasket?src=hash&amp;ref_src=twsrc%5Etfw\">#EuroBasket<\/a> <a href=\"https:\/\/t.co\/6eMNvkWGMm\">pic.twitter.com\/6eMNvkWGMm<\/a><\/p>&mdash; FIBA EuroBasket (@EuroBasket) <a href=\"https:\/\/twitter.com\/EuroBasket\/status\/1966566595146154380?ref_src=twsrc%5Etfw\">September 12, 2025<\/a><\/blockquote><script async src=\"https:\/\/platform.twitter.com\/widgets.js\" charset=\"utf-8\"><\/script>\n<\/div><\/figure>\n\n\n\n<p>Nakon trojke Osmani bilo je 12:3, ali su &#8220;heleni&#8221; odgovorili preko Dorsija i Adetokumba &#8211; 12:8. Poslije nove trojke Osmanija Turska je prvi put stekla dvocifren vi\u0161ak u osmom minutu &#8211; 22:10, da bi poslije uvodnih 10 minuta imala 26:16. <\/p>\n\n\n\n<figure class=\"wp-block-image size-large\"><img decoding=\"async\" src=\"https:\/\/gradski.me\/wp-content\/uploads\/2025\/09\/Turska-FIBA--1024x752.webp\" alt=\"\" class=\"wp-image-832612\"\/><figcaption class=\"wp-element-caption\">Foto: FIBA<\/figcaption><\/figure>\n\n\n\n<p>Gr\u010dka je napravila mini-seriju na startu druge \u010detvrtine i pri\u0161la na 26:20. Me\u0111utim, uslijedila je serija Atamanove ekipe 12:0 za ogromnih plus 21 &#8211; 45:24. U tom periodu gr\u010dka reprezentacija &#8220;prodala&#8221; je nekoliko lopti, iz kojih su stizali uglavnom laki poeni. Sve \u0161to su izabranici Vasilila Spanulisa uspjeli do kraja poluvremena jeste da poslije trojke Slukasa smanje na 49:31.<\/p>\n\n\n\n<figure class=\"wp-block-embed is-type-wp-embed is-provider-gradski-portal wp-block-embed-gradski-portal\"><div class=\"wp-block-embed__wrapper\">\nhttps:\/\/gradski.me\/kraj-finske-bajke-sreder-i-vagner-odveli-njemacku-u-finale\/\n<\/div><\/figure>\n\n\n\n<p>Turska je u tre\u0107em periodu nastavila gdje je stala, a potom je poslije trojke \u0160ejna Larkina, odnosno polaganja Osmanija povela 64:38 i otklonila sve dileme oko pobjednika na 15 minuta prije kraja utakmice&#8230;<\/p>\n\n\n\n<p>Ne samo da je rutinski privela me\u010d kraju, ve\u0107 je razlika samo rasla i i\u0161la do maksimalnih plus 30 koliko je bilo u samom fini\u0161u utakmice. <\/p>\n\n\n\n<p>Najefikasniji kod pobjednika bio je Erd\u017ean Osmani sa 28 poena (20 u prvom). D\u017eedi Osman dodao je 17, Alperen \u0160engun 15, uz 12 skokova i \u0161est asistencija, a dvocifren je bio jo\u0161 \u0160ejn Larkin sa 14 poena i pet asistecnija.<\/p>\n\n\n\n<p>Na drugoj strani odsko\u010dio je Kostas Slukas sa 15, dok je Janis Adetokumbo dodao 12 ko\u0161eva, uz isto toliko skokova, a Panajotis Kalicakis 11.<\/p>\n\n\n\n<p>Podsjetimo, Njema\u010dka je ranije danas bila bolja od Finske (98:86). <\/p>\n\n\n\n<p>Veliko finale na programu je u nedjelju od 20 sati, dok je me\u010d za tre\u0107e mjesto \u010detiri sata ranije. <\/p>","protected":false},"excerpt":{"rendered":"<p>Ko\u0161arka\u0161i Turske razbili su selekciju Gr\u010dke 94:68 (26:16, 23:15, 23:20, 22:17) u drugom polufinalu Evropskog prvenstva u Rigi i zakazali veliko finale sa Njema\u010dkom.<\/p>","protected":false},"author":1,"featured_media":951821,"comment_status":"open","ping_status":"open","sticky":false,"template":"","format":"standard","meta":{"_acf_changed":false,"footnotes":""},"categories":[148],"tags":[6462,6469,6828],"naslovna":[],"class_list":["post-951820","post","type-post","status-publish","format-standard","has-post-thumbnail","hentry","category-sport","tag-eurobasket-2025","tag-muska-kosarkaska-reprezentacija-grcke","tag-muska-kosarkaska-reprezentacija-turske"],"acf":[],"yoast_head":"<!-- This site is optimized with the Yoast SEO plugin v27.0 - https:\/\/yoast.com\/product\/yoast-seo-wordpress\/ -->\n<title>Turska razbila Gr\u010dku i zakazala veliko finale sa Njema\u010dkom - dmcsrb.com<\/title>\n<meta name=\"robots\" content=\"index, follow, max-snippet:-1, max-image-preview:large, max-video-preview:-1\" \/>\n<link rel=\"canonical\" href=\"https:\/\/dmcsrb.com\/en\/sport\/turska-razbila-grcku-i-zakazala-veliko-finale-sa-njemackom\/\" \/>\n<meta property=\"og:locale\" content=\"en_GB\" \/>\n<meta property=\"og:type\" content=\"article\" \/>\n<meta property=\"og:title\" content=\"Turska razbila Gr\u010dku i zakazala veliko finale sa Njema\u010dkom - dmcsrb.com\" \/>\n<meta property=\"og:description\" content=\"Ko\u0161arka\u0161i Turske razbili su selekciju Gr\u010dke 94:68 (26:16, 23:15, 23:20, 22:17) u drugom polufinalu Evropskog prvenstva u Rigi i zakazali veliko finale sa Njema\u010dkom.\" \/>\n<meta property=\"og:url\" content=\"https:\/\/dmcsrb.com\/en\/sport\/turska-razbila-grcku-i-zakazala-veliko-finale-sa-njemackom\/\" \/>\n<meta property=\"og:site_name\" content=\"dmcsrb.com\" \/>\n<meta property=\"article:published_time\" content=\"2025-09-12T17:43:00+00:00\" \/>\n<meta property=\"og:image\" content=\"https:\/\/dmcsrb.com\/wp-content\/uploads\/2026\/01\/Turska-Grcka-FIBA.webp\" \/>\n\t<meta property=\"og:image:width\" content=\"2400\" \/>\n\t<meta property=\"og:image:height\" content=\"1600\" \/>\n\t<meta property=\"og:image:type\" content=\"image\/jpeg\" \/>\n<meta name=\"author\" content=\"dmcsrbija.com@gmail.com\" \/>\n<meta name=\"twitter:card\" content=\"summary_large_image\" \/>\n<meta name=\"twitter:label1\" content=\"Written by\" \/>\n\t<meta name=\"twitter:data1\" content=\"dmcsrbija.com@gmail.com\" \/>\n\t<meta name=\"twitter:label2\" content=\"Estimated reading time\" \/>\n\t<meta name=\"twitter:data2\" content=\"2 minutes\" \/>\n<script type=\"application\/ld+json\" class=\"yoast-schema-graph\">{\"@context\":\"https:\/\/schema.org\",\"@graph\":[{\"@type\":\"Article\",\"@id\":\"https:\/\/dmcsrb.com\/sport\/turska-razbila-grcku-i-zakazala-veliko-finale-sa-njemackom\/#article\",\"isPartOf\":{\"@id\":\"https:\/\/dmcsrb.com\/sport\/turska-razbila-grcku-i-zakazala-veliko-finale-sa-njemackom\/\"},\"author\":{\"name\":\"dmcsrbija.com@gmail.com\",\"@id\":\"https:\/\/dmcsrb.com\/#\/schema\/person\/5c39170f12db1b8b457732d0b5c854e2\"},\"headline\":\"Turska razbila Gr\u010dku i zakazala veliko finale sa Njema\u010dkom\",\"datePublished\":\"2025-09-12T17:43:00+00:00\",\"mainEntityOfPage\":{\"@id\":\"https:\/\/dmcsrb.com\/sport\/turska-razbila-grcku-i-zakazala-veliko-finale-sa-njemackom\/\"},\"wordCount\":368,\"commentCount\":0,\"image\":{\"@id\":\"https:\/\/dmcsrb.com\/sport\/turska-razbila-grcku-i-zakazala-veliko-finale-sa-njemackom\/#primaryimage\"},\"thumbnailUrl\":\"https:\/\/dmcsrb.com\/wp-content\/uploads\/2026\/01\/Turska-Grcka-FIBA.webp\",\"keywords\":[\"Eurobasket 2025\",\"Mu\u0161ka ko\u0161arka\u0161ka reprezentacija Gr\u010dke\",\"Mu\u0161ka ko\u0161arka\u0161ka reprezentacija Turske\"],\"articleSection\":[\"Sport\"],\"inLanguage\":\"en-GB\",\"potentialAction\":[{\"@type\":\"CommentAction\",\"name\":\"Comment\",\"target\":[\"https:\/\/dmcsrb.com\/sport\/turska-razbila-grcku-i-zakazala-veliko-finale-sa-njemackom\/#respond\"]}]},{\"@type\":\"WebPage\",\"@id\":\"https:\/\/dmcsrb.com\/sport\/turska-razbila-grcku-i-zakazala-veliko-finale-sa-njemackom\/\",\"url\":\"https:\/\/dmcsrb.com\/sport\/turska-razbila-grcku-i-zakazala-veliko-finale-sa-njemackom\/\",\"name\":\"Turska razbila Gr\u010dku i zakazala veliko finale sa Njema\u010dkom - dmcsrb.com\",\"isPartOf\":{\"@id\":\"https:\/\/dmcsrb.com\/#website\"},\"primaryImageOfPage\":{\"@id\":\"https:\/\/dmcsrb.com\/sport\/turska-razbila-grcku-i-zakazala-veliko-finale-sa-njemackom\/#primaryimage\"},\"image\":{\"@id\":\"https:\/\/dmcsrb.com\/sport\/turska-razbila-grcku-i-zakazala-veliko-finale-sa-njemackom\/#primaryimage\"},\"thumbnailUrl\":\"https:\/\/dmcsrb.com\/wp-content\/uploads\/2026\/01\/Turska-Grcka-FIBA.webp\",\"datePublished\":\"2025-09-12T17:43:00+00:00\",\"author\":{\"@id\":\"https:\/\/dmcsrb.com\/#\/schema\/person\/5c39170f12db1b8b457732d0b5c854e2\"},\"breadcrumb\":{\"@id\":\"https:\/\/dmcsrb.com\/sport\/turska-razbila-grcku-i-zakazala-veliko-finale-sa-njemackom\/#breadcrumb\"},\"inLanguage\":\"en-GB\",\"potentialAction\":[{\"@type\":\"ReadAction\",\"target\":[\"https:\/\/dmcsrb.com\/sport\/turska-razbila-grcku-i-zakazala-veliko-finale-sa-njemackom\/\"]}]},{\"@type\":\"ImageObject\",\"inLanguage\":\"en-GB\",\"@id\":\"https:\/\/dmcsrb.com\/sport\/turska-razbila-grcku-i-zakazala-veliko-finale-sa-njemackom\/#primaryimage\",\"url\":\"https:\/\/dmcsrb.com\/wp-content\/uploads\/2026\/01\/Turska-Grcka-FIBA.webp\",\"contentUrl\":\"https:\/\/dmcsrb.com\/wp-content\/uploads\/2026\/01\/Turska-Grcka-FIBA.webp\",\"width\":2400,\"height\":1600},{\"@type\":\"BreadcrumbList\",\"@id\":\"https:\/\/dmcsrb.com\/sport\/turska-razbila-grcku-i-zakazala-veliko-finale-sa-njemackom\/#breadcrumb\",\"itemListElement\":[{\"@type\":\"ListItem\",\"position\":1,\"name\":\"Home\",\"item\":\"https:\/\/dmcsrb.com\/\"},{\"@type\":\"ListItem\",\"position\":2,\"name\":\"Turska razbila Gr\u010dku i zakazala veliko finale sa Njema\u010dkom\"}]},{\"@type\":\"WebSite\",\"@id\":\"https:\/\/dmcsrb.com\/#website\",\"url\":\"https:\/\/dmcsrb.com\/\",\"name\":\"dmcsrb.com\",\"description\":\"\",\"potentialAction\":[{\"@type\":\"SearchAction\",\"target\":{\"@type\":\"EntryPoint\",\"urlTemplate\":\"https:\/\/dmcsrb.com\/?s={search_term_string}\"},\"query-input\":{\"@type\":\"PropertyValueSpecification\",\"valueRequired\":true,\"valueName\":\"search_term_string\"}}],\"inLanguage\":\"en-GB\"},{\"@type\":\"Person\",\"@id\":\"https:\/\/dmcsrb.com\/#\/schema\/person\/5c39170f12db1b8b457732d0b5c854e2\",\"name\":\"dmcsrbija.com@gmail.com\",\"image\":{\"@type\":\"ImageObject\",\"inLanguage\":\"en-GB\",\"@id\":\"https:\/\/dmcsrb.com\/#\/schema\/person\/image\/\",\"url\":\"https:\/\/secure.gravatar.com\/avatar\/68592660ad6347fad0fb587f8d5d8f1a7b44961362f56e4f2cd524feb87e9069?s=96&d=mm&r=g\",\"contentUrl\":\"https:\/\/secure.gravatar.com\/avatar\/68592660ad6347fad0fb587f8d5d8f1a7b44961362f56e4f2cd524feb87e9069?s=96&d=mm&r=g\",\"caption\":\"dmcsrbija.com@gmail.com\"},\"sameAs\":[\"https:\/\/dmcsrb.com\"],\"url\":\"https:\/\/dmcsrb.com\/en\/author\/dmcsrbija-comgmail-com\/\"}]}<\/script>\n<!-- \/ Yoast SEO plugin. -->","yoast_head_json":{"title":"Turska razbila Gr\u010dku i zakazala veliko finale sa Njema\u010dkom - dmcsrb.com","robots":{"index":"index","follow":"follow","max-snippet":"max-snippet:-1","max-image-preview":"max-image-preview:large","max-video-preview":"max-video-preview:-1"},"canonical":"https:\/\/dmcsrb.com\/en\/sport\/turska-razbila-grcku-i-zakazala-veliko-finale-sa-njemackom\/","og_locale":"en_GB","og_type":"article","og_title":"Turska razbila Gr\u010dku i zakazala veliko finale sa Njema\u010dkom - dmcsrb.com","og_description":"Ko\u0161arka\u0161i Turske razbili su selekciju Gr\u010dke 94:68 (26:16, 23:15, 23:20, 22:17) u drugom polufinalu Evropskog prvenstva u Rigi i zakazali veliko finale sa Njema\u010dkom.","og_url":"https:\/\/dmcsrb.com\/en\/sport\/turska-razbila-grcku-i-zakazala-veliko-finale-sa-njemackom\/","og_site_name":"dmcsrb.com","article_published_time":"2025-09-12T17:43:00+00:00","og_image":[{"width":2400,"height":1600,"url":"https:\/\/dmcsrb.com\/wp-content\/uploads\/2026\/01\/Turska-Grcka-FIBA.webp","type":"image\/jpeg"}],"author":"dmcsrbija.com@gmail.com","twitter_card":"summary_large_image","twitter_misc":{"Written by":"dmcsrbija.com@gmail.com","Estimated reading time":"2 minutes"},"schema":{"@context":"https:\/\/schema.org","@graph":[{"@type":"Article","@id":"https:\/\/dmcsrb.com\/sport\/turska-razbila-grcku-i-zakazala-veliko-finale-sa-njemackom\/#article","isPartOf":{"@id":"https:\/\/dmcsrb.com\/sport\/turska-razbila-grcku-i-zakazala-veliko-finale-sa-njemackom\/"},"author":{"name":"dmcsrbija.com@gmail.com","@id":"https:\/\/dmcsrb.com\/#\/schema\/person\/5c39170f12db1b8b457732d0b5c854e2"},"headline":"Turska razbila Gr\u010dku i zakazala veliko finale sa Njema\u010dkom","datePublished":"2025-09-12T17:43:00+00:00","mainEntityOfPage":{"@id":"https:\/\/dmcsrb.com\/sport\/turska-razbila-grcku-i-zakazala-veliko-finale-sa-njemackom\/"},"wordCount":368,"commentCount":0,"image":{"@id":"https:\/\/dmcsrb.com\/sport\/turska-razbila-grcku-i-zakazala-veliko-finale-sa-njemackom\/#primaryimage"},"thumbnailUrl":"https:\/\/dmcsrb.com\/wp-content\/uploads\/2026\/01\/Turska-Grcka-FIBA.webp","keywords":["Eurobasket 2025","Mu\u0161ka ko\u0161arka\u0161ka reprezentacija Gr\u010dke","Mu\u0161ka ko\u0161arka\u0161ka reprezentacija Turske"],"articleSection":["Sport"],"inLanguage":"en-GB","potentialAction":[{"@type":"CommentAction","name":"Comment","target":["https:\/\/dmcsrb.com\/sport\/turska-razbila-grcku-i-zakazala-veliko-finale-sa-njemackom\/#respond"]}]},{"@type":"WebPage","@id":"https:\/\/dmcsrb.com\/sport\/turska-razbila-grcku-i-zakazala-veliko-finale-sa-njemackom\/","url":"https:\/\/dmcsrb.com\/sport\/turska-razbila-grcku-i-zakazala-veliko-finale-sa-njemackom\/","name":"Turska razbila Gr\u010dku i zakazala veliko finale sa Njema\u010dkom - dmcsrb.com","isPartOf":{"@id":"https:\/\/dmcsrb.com\/#website"},"primaryImageOfPage":{"@id":"https:\/\/dmcsrb.com\/sport\/turska-razbila-grcku-i-zakazala-veliko-finale-sa-njemackom\/#primaryimage"},"image":{"@id":"https:\/\/dmcsrb.com\/sport\/turska-razbila-grcku-i-zakazala-veliko-finale-sa-njemackom\/#primaryimage"},"thumbnailUrl":"https:\/\/dmcsrb.com\/wp-content\/uploads\/2026\/01\/Turska-Grcka-FIBA.webp","datePublished":"2025-09-12T17:43:00+00:00","author":{"@id":"https:\/\/dmcsrb.com\/#\/schema\/person\/5c39170f12db1b8b457732d0b5c854e2"},"breadcrumb":{"@id":"https:\/\/dmcsrb.com\/sport\/turska-razbila-grcku-i-zakazala-veliko-finale-sa-njemackom\/#breadcrumb"},"inLanguage":"en-GB","potentialAction":[{"@type":"ReadAction","target":["https:\/\/dmcsrb.com\/sport\/turska-razbila-grcku-i-zakazala-veliko-finale-sa-njemackom\/"]}]},{"@type":"ImageObject","inLanguage":"en-GB","@id":"https:\/\/dmcsrb.com\/sport\/turska-razbila-grcku-i-zakazala-veliko-finale-sa-njemackom\/#primaryimage","url":"https:\/\/dmcsrb.com\/wp-content\/uploads\/2026\/01\/Turska-Grcka-FIBA.webp","contentUrl":"https:\/\/dmcsrb.com\/wp-content\/uploads\/2026\/01\/Turska-Grcka-FIBA.webp","width":2400,"height":1600},{"@type":"BreadcrumbList","@id":"https:\/\/dmcsrb.com\/sport\/turska-razbila-grcku-i-zakazala-veliko-finale-sa-njemackom\/#breadcrumb","itemListElement":[{"@type":"ListItem","position":1,"name":"Home","item":"https:\/\/dmcsrb.com\/"},{"@type":"ListItem","position":2,"name":"Turska razbila Gr\u010dku i zakazala veliko finale sa Njema\u010dkom"}]},{"@type":"WebSite","@id":"https:\/\/dmcsrb.com\/#website","url":"https:\/\/dmcsrb.com\/","name":"dmcsrb.com","description":"","potentialAction":[{"@type":"SearchAction","target":{"@type":"EntryPoint","urlTemplate":"https:\/\/dmcsrb.com\/?s={search_term_string}"},"query-input":{"@type":"PropertyValueSpecification","valueRequired":true,"valueName":"search_term_string"}}],"inLanguage":"en-GB"},{"@type":"Person","@id":"https:\/\/dmcsrb.com\/#\/schema\/person\/5c39170f12db1b8b457732d0b5c854e2","name":"dmcsrbija.com@gmail.com","image":{"@type":"ImageObject","inLanguage":"en-GB","@id":"https:\/\/dmcsrb.com\/#\/schema\/person\/image\/","url":"https:\/\/secure.gravatar.com\/avatar\/68592660ad6347fad0fb587f8d5d8f1a7b44961362f56e4f2cd524feb87e9069?s=96&d=mm&r=g","contentUrl":"https:\/\/secure.gravatar.com\/avatar\/68592660ad6347fad0fb587f8d5d8f1a7b44961362f56e4f2cd524feb87e9069?s=96&d=mm&r=g","caption":"dmcsrbija.com@gmail.com"},"sameAs":["https:\/\/dmcsrb.com"],"url":"https:\/\/dmcsrb.com\/en\/author\/dmcsrbija-comgmail-com\/"}]}},"_links":{"self":[{"href":"https:\/\/dmcsrb.com\/en\/wp-json\/wp\/v2\/posts\/951820","targetHints":{"allow":["GET"]}}],"collection":[{"href":"https:\/\/dmcsrb.com\/en\/wp-json\/wp\/v2\/posts"}],"about":[{"href":"https:\/\/dmcsrb.com\/en\/wp-json\/wp\/v2\/types\/post"}],"author":[{"embeddable":true,"href":"https:\/\/dmcsrb.com\/en\/wp-json\/wp\/v2\/users\/1"}],"replies":[{"embeddable":true,"href":"https:\/\/dmcsrb.com\/en\/wp-json\/wp\/v2\/comments?post=951820"}],"version-history":[{"count":0,"href":"https:\/\/dmcsrb.com\/en\/wp-json\/wp\/v2\/posts\/951820\/revisions"}],"wp:featuredmedia":[{"embeddable":true,"href":"https:\/\/dmcsrb.com\/en\/wp-json\/wp\/v2\/media\/951821"}],"wp:attachment":[{"href":"https:\/\/dmcsrb.com\/en\/wp-json\/wp\/v2\/media?parent=951820"}],"wp:term":[{"taxonomy":"category","embeddable":true,"href":"https:\/\/dmcsrb.com\/en\/wp-json\/wp\/v2\/categories?post=951820"},{"taxonomy":"post_tag","embeddable":true,"href":"https:\/\/dmcsrb.com\/en\/wp-json\/wp\/v2\/tags?post=951820"},{"taxonomy":"naslovna","embeddable":true,"href":"https:\/\/dmcsrb.com\/en\/wp-json\/wp\/v2\/naslovna?post=951820"}],"curies":[{"name":"wp","href":"https:\/\/api.w.org\/{rel}","templated":true}]}}