{"id":951781,"date":"2025-09-12T14:50:30","date_gmt":"2025-09-12T12:50:30","guid":{"rendered":"https:\/\/dmcsrb.com\/uncategorized\/radulovic-sa-tisot-baranzini-un-spremne-da-pomognu-crnoj-gori-sa-zakonima-i-podzakonskim-aktima\/"},"modified":"2025-09-12T14:50:30","modified_gmt":"2025-09-12T12:50:30","slug":"radulovic-sa-tisot-baranzini-un-spremne-da-pomognu-crnoj-gori-sa-zakonima-i-podzakonskim-aktima","status":"publish","type":"post","link":"https:\/\/dmcsrb.com\/en\/politika\/radulovic-sa-tisot-baranzini-un-spremne-da-pomognu-crnoj-gori-sa-zakonima-i-podzakonskim-aktima\/","title":{"rendered":"Radulovi\u0107 sa Tisot Baranzini: UN spremne da pomognu Crnoj Gori sa zakonima i podzakonskim aktima"},"content":{"rendered":"<p>Radulovi\u0107 je istakao va\u017enost dijaloga i partnerskog odnosa Crne Gore i Ujedinjenih nacija u oblasti pomorstva, sa ciljem unapre\u0111enja regionalne stabilnosti i ekonomskog razvoja.<\/p>\n\n\n\n<p>\u201cSastanak je odli\u010dna prilika za razgovor o tome kako razmijeniti znanja i iskustva o lijepoj grani privrede, kakvo je pomorstvo. Na\u0161a saradnja je uvijek bila dobra, a nakon dana\u0161njeg sastanka jo\u0161 bolja jer smo kroz zajedni\u010dke poslovne prilike dodatno osna\u017eili zajedni\u010dku saradnju\u201d, zaklju\u010dio je ministar Radulovi\u0107.<\/p>\n\n\n\n<p>Tokom razgovora, UN su izrazile spremnost da Crnoj Gori pomognu sa zakonima i podzakonskim aktima koji su nemjerljiv doprinos, kada govorimo o resursima koji nam mogu pru\u017eiti stabilnost.<br>UN pru\u017eaju podr\u0161ku Crnoj Gori u\u010destvuju\u0107i i u jedrili\u010darskoj regati sljede\u0107e nedjelje u Tivtu, gdje \u0107e se i odr\u017eati finale velike trke.<\/p>\n\n\n\n<p>Od 15. do 21. septembra, Crna Gora \u0107e biti u centru pa\u017enje u svijetu offshore jedrenja i odr\u017eivosti.<\/p>\n\n\n\n<p><\/p>","protected":false},"excerpt":{"rendered":"<p>Saradnja izme\u0111u Crne Gore i Ujedinjenih nacija je vi\u0161estruko korisna i zna\u010dajna, zaklju\u010deno je nakon sastanka ministra\u00a0Filipa Radulovi\u0107a\u00a0i\u00a0Karoline Tisot Baranzini, rezidentnom koordinatorkom Ujedinjenih nacija u Crnoj Gori.<\/p>","protected":false},"author":1,"featured_media":951782,"comment_status":"open","ping_status":"open","sticky":false,"template":"","format":"standard","meta":{"_acf_changed":false,"footnotes":""},"categories":[12],"tags":[95,1279,7911,192],"naslovna":[],"class_list":["post-951781","post","type-post","status-publish","format-standard","has-post-thumbnail","hentry","category-politika","tag-crna-gora","tag-filip-radulovic-2","tag-karoline-tisot-baranzini","tag-un"],"acf":[],"yoast_head":"<!-- This site is optimized with the Yoast SEO plugin v27.0 - https:\/\/yoast.com\/product\/yoast-seo-wordpress\/ -->\n<title>Radulovi\u0107 sa Tisot Baranzini: UN spremne da pomognu Crnoj Gori sa zakonima i podzakonskim aktima - dmcsrb.com<\/title>\n<meta name=\"robots\" content=\"index, follow, max-snippet:-1, max-image-preview:large, max-video-preview:-1\" \/>\n<link rel=\"canonical\" href=\"https:\/\/dmcsrb.com\/en\/politika\/radulovic-sa-tisot-baranzini-un-spremne-da-pomognu-crnoj-gori-sa-zakonima-i-podzakonskim-aktima\/\" \/>\n<meta property=\"og:locale\" content=\"en_GB\" \/>\n<meta property=\"og:type\" content=\"article\" \/>\n<meta property=\"og:title\" content=\"Radulovi\u0107 sa Tisot Baranzini: UN spremne da pomognu Crnoj Gori sa zakonima i podzakonskim aktima - dmcsrb.com\" \/>\n<meta property=\"og:description\" content=\"Saradnja izme\u0111u Crne Gore i Ujedinjenih nacija je vi\u0161estruko korisna i zna\u010dajna, zaklju\u010deno je nakon sastanka ministra\u00a0Filipa Radulovi\u0107a\u00a0i\u00a0Karoline Tisot Baranzini, rezidentnom koordinatorkom Ujedinjenih nacija u Crnoj Gori.\" \/>\n<meta property=\"og:url\" content=\"https:\/\/dmcsrb.com\/en\/politika\/radulovic-sa-tisot-baranzini-un-spremne-da-pomognu-crnoj-gori-sa-zakonima-i-podzakonskim-aktima\/\" \/>\n<meta property=\"og:site_name\" content=\"dmcsrb.com\" \/>\n<meta property=\"article:published_time\" content=\"2025-09-12T12:50:30+00:00\" \/>\n<meta property=\"og:image\" content=\"https:\/\/dmcsrb.com\/wp-content\/uploads\/2026\/01\/Radulovic.webp\" \/>\n\t<meta property=\"og:image:width\" content=\"1000\" \/>\n\t<meta property=\"og:image:height\" content=\"555\" \/>\n\t<meta property=\"og:image:type\" content=\"image\/jpeg\" \/>\n<meta name=\"author\" content=\"dmcsrbija.com@gmail.com\" \/>\n<meta name=\"twitter:card\" content=\"summary_large_image\" \/>\n<meta name=\"twitter:label1\" content=\"Written by\" \/>\n\t<meta name=\"twitter:data1\" content=\"dmcsrbija.com@gmail.com\" \/>\n\t<meta name=\"twitter:label2\" content=\"Estimated reading time\" \/>\n\t<meta name=\"twitter:data2\" content=\"1 minute\" \/>\n<script type=\"application\/ld+json\" class=\"yoast-schema-graph\">{\"@context\":\"https:\/\/schema.org\",\"@graph\":[{\"@type\":\"Article\",\"@id\":\"https:\/\/dmcsrb.com\/politika\/radulovic-sa-tisot-baranzini-un-spremne-da-pomognu-crnoj-gori-sa-zakonima-i-podzakonskim-aktima\/#article\",\"isPartOf\":{\"@id\":\"https:\/\/dmcsrb.com\/politika\/radulovic-sa-tisot-baranzini-un-spremne-da-pomognu-crnoj-gori-sa-zakonima-i-podzakonskim-aktima\/\"},\"author\":{\"name\":\"dmcsrbija.com@gmail.com\",\"@id\":\"https:\/\/dmcsrb.com\/#\/schema\/person\/5c39170f12db1b8b457732d0b5c854e2\"},\"headline\":\"Radulovi\u0107 sa Tisot Baranzini: UN spremne da pomognu Crnoj Gori sa zakonima i podzakonskim aktima\",\"datePublished\":\"2025-09-12T12:50:30+00:00\",\"mainEntityOfPage\":{\"@id\":\"https:\/\/dmcsrb.com\/politika\/radulovic-sa-tisot-baranzini-un-spremne-da-pomognu-crnoj-gori-sa-zakonima-i-podzakonskim-aktima\/\"},\"wordCount\":170,\"commentCount\":0,\"image\":{\"@id\":\"https:\/\/dmcsrb.com\/politika\/radulovic-sa-tisot-baranzini-un-spremne-da-pomognu-crnoj-gori-sa-zakonima-i-podzakonskim-aktima\/#primaryimage\"},\"thumbnailUrl\":\"https:\/\/dmcsrb.com\/wp-content\/uploads\/2026\/01\/Radulovic.webp\",\"keywords\":[\"Crna Gora\",\"Filip Radulovi\u0107\",\"Karoline Tisot Baranzini\",\"UN\"],\"articleSection\":[\"Politika\"],\"inLanguage\":\"en-GB\",\"potentialAction\":[{\"@type\":\"CommentAction\",\"name\":\"Comment\",\"target\":[\"https:\/\/dmcsrb.com\/politika\/radulovic-sa-tisot-baranzini-un-spremne-da-pomognu-crnoj-gori-sa-zakonima-i-podzakonskim-aktima\/#respond\"]}]},{\"@type\":\"WebPage\",\"@id\":\"https:\/\/dmcsrb.com\/politika\/radulovic-sa-tisot-baranzini-un-spremne-da-pomognu-crnoj-gori-sa-zakonima-i-podzakonskim-aktima\/\",\"url\":\"https:\/\/dmcsrb.com\/politika\/radulovic-sa-tisot-baranzini-un-spremne-da-pomognu-crnoj-gori-sa-zakonima-i-podzakonskim-aktima\/\",\"name\":\"Radulovi\u0107 sa Tisot Baranzini: UN spremne da pomognu Crnoj Gori sa zakonima i podzakonskim aktima - dmcsrb.com\",\"isPartOf\":{\"@id\":\"https:\/\/dmcsrb.com\/#website\"},\"primaryImageOfPage\":{\"@id\":\"https:\/\/dmcsrb.com\/politika\/radulovic-sa-tisot-baranzini-un-spremne-da-pomognu-crnoj-gori-sa-zakonima-i-podzakonskim-aktima\/#primaryimage\"},\"image\":{\"@id\":\"https:\/\/dmcsrb.com\/politika\/radulovic-sa-tisot-baranzini-un-spremne-da-pomognu-crnoj-gori-sa-zakonima-i-podzakonskim-aktima\/#primaryimage\"},\"thumbnailUrl\":\"https:\/\/dmcsrb.com\/wp-content\/uploads\/2026\/01\/Radulovic.webp\",\"datePublished\":\"2025-09-12T12:50:30+00:00\",\"author\":{\"@id\":\"https:\/\/dmcsrb.com\/#\/schema\/person\/5c39170f12db1b8b457732d0b5c854e2\"},\"breadcrumb\":{\"@id\":\"https:\/\/dmcsrb.com\/politika\/radulovic-sa-tisot-baranzini-un-spremne-da-pomognu-crnoj-gori-sa-zakonima-i-podzakonskim-aktima\/#breadcrumb\"},\"inLanguage\":\"en-GB\",\"potentialAction\":[{\"@type\":\"ReadAction\",\"target\":[\"https:\/\/dmcsrb.com\/politika\/radulovic-sa-tisot-baranzini-un-spremne-da-pomognu-crnoj-gori-sa-zakonima-i-podzakonskim-aktima\/\"]}]},{\"@type\":\"ImageObject\",\"inLanguage\":\"en-GB\",\"@id\":\"https:\/\/dmcsrb.com\/politika\/radulovic-sa-tisot-baranzini-un-spremne-da-pomognu-crnoj-gori-sa-zakonima-i-podzakonskim-aktima\/#primaryimage\",\"url\":\"https:\/\/dmcsrb.com\/wp-content\/uploads\/2026\/01\/Radulovic.webp\",\"contentUrl\":\"https:\/\/dmcsrb.com\/wp-content\/uploads\/2026\/01\/Radulovic.webp\",\"width\":1000,\"height\":555},{\"@type\":\"BreadcrumbList\",\"@id\":\"https:\/\/dmcsrb.com\/politika\/radulovic-sa-tisot-baranzini-un-spremne-da-pomognu-crnoj-gori-sa-zakonima-i-podzakonskim-aktima\/#breadcrumb\",\"itemListElement\":[{\"@type\":\"ListItem\",\"position\":1,\"name\":\"Home\",\"item\":\"https:\/\/dmcsrb.com\/\"},{\"@type\":\"ListItem\",\"position\":2,\"name\":\"Radulovi\u0107 sa Tisot Baranzini: UN spremne da pomognu Crnoj Gori sa zakonima i podzakonskim aktima\"}]},{\"@type\":\"WebSite\",\"@id\":\"https:\/\/dmcsrb.com\/#website\",\"url\":\"https:\/\/dmcsrb.com\/\",\"name\":\"dmcsrb.com\",\"description\":\"\",\"potentialAction\":[{\"@type\":\"SearchAction\",\"target\":{\"@type\":\"EntryPoint\",\"urlTemplate\":\"https:\/\/dmcsrb.com\/?s={search_term_string}\"},\"query-input\":{\"@type\":\"PropertyValueSpecification\",\"valueRequired\":true,\"valueName\":\"search_term_string\"}}],\"inLanguage\":\"en-GB\"},{\"@type\":\"Person\",\"@id\":\"https:\/\/dmcsrb.com\/#\/schema\/person\/5c39170f12db1b8b457732d0b5c854e2\",\"name\":\"dmcsrbija.com@gmail.com\",\"image\":{\"@type\":\"ImageObject\",\"inLanguage\":\"en-GB\",\"@id\":\"https:\/\/dmcsrb.com\/#\/schema\/person\/image\/\",\"url\":\"https:\/\/secure.gravatar.com\/avatar\/68592660ad6347fad0fb587f8d5d8f1a7b44961362f56e4f2cd524feb87e9069?s=96&d=mm&r=g\",\"contentUrl\":\"https:\/\/secure.gravatar.com\/avatar\/68592660ad6347fad0fb587f8d5d8f1a7b44961362f56e4f2cd524feb87e9069?s=96&d=mm&r=g\",\"caption\":\"dmcsrbija.com@gmail.com\"},\"sameAs\":[\"https:\/\/dmcsrb.com\"],\"url\":\"https:\/\/dmcsrb.com\/en\/author\/dmcsrbija-comgmail-com\/\"}]}<\/script>\n<!-- \/ Yoast SEO plugin. -->","yoast_head_json":{"title":"Radulovi\u0107 sa Tisot Baranzini: UN spremne da pomognu Crnoj Gori sa zakonima i podzakonskim aktima - dmcsrb.com","robots":{"index":"index","follow":"follow","max-snippet":"max-snippet:-1","max-image-preview":"max-image-preview:large","max-video-preview":"max-video-preview:-1"},"canonical":"https:\/\/dmcsrb.com\/en\/politika\/radulovic-sa-tisot-baranzini-un-spremne-da-pomognu-crnoj-gori-sa-zakonima-i-podzakonskim-aktima\/","og_locale":"en_GB","og_type":"article","og_title":"Radulovi\u0107 sa Tisot Baranzini: UN spremne da pomognu Crnoj Gori sa zakonima i podzakonskim aktima - dmcsrb.com","og_description":"Saradnja izme\u0111u Crne Gore i Ujedinjenih nacija je vi\u0161estruko korisna i zna\u010dajna, zaklju\u010deno je nakon sastanka ministra\u00a0Filipa Radulovi\u0107a\u00a0i\u00a0Karoline Tisot Baranzini, rezidentnom koordinatorkom Ujedinjenih nacija u Crnoj Gori.","og_url":"https:\/\/dmcsrb.com\/en\/politika\/radulovic-sa-tisot-baranzini-un-spremne-da-pomognu-crnoj-gori-sa-zakonima-i-podzakonskim-aktima\/","og_site_name":"dmcsrb.com","article_published_time":"2025-09-12T12:50:30+00:00","og_image":[{"width":1000,"height":555,"url":"https:\/\/dmcsrb.com\/wp-content\/uploads\/2026\/01\/Radulovic.webp","type":"image\/jpeg"}],"author":"dmcsrbija.com@gmail.com","twitter_card":"summary_large_image","twitter_misc":{"Written by":"dmcsrbija.com@gmail.com","Estimated reading time":"1 minute"},"schema":{"@context":"https:\/\/schema.org","@graph":[{"@type":"Article","@id":"https:\/\/dmcsrb.com\/politika\/radulovic-sa-tisot-baranzini-un-spremne-da-pomognu-crnoj-gori-sa-zakonima-i-podzakonskim-aktima\/#article","isPartOf":{"@id":"https:\/\/dmcsrb.com\/politika\/radulovic-sa-tisot-baranzini-un-spremne-da-pomognu-crnoj-gori-sa-zakonima-i-podzakonskim-aktima\/"},"author":{"name":"dmcsrbija.com@gmail.com","@id":"https:\/\/dmcsrb.com\/#\/schema\/person\/5c39170f12db1b8b457732d0b5c854e2"},"headline":"Radulovi\u0107 sa Tisot Baranzini: UN spremne da pomognu Crnoj Gori sa zakonima i podzakonskim aktima","datePublished":"2025-09-12T12:50:30+00:00","mainEntityOfPage":{"@id":"https:\/\/dmcsrb.com\/politika\/radulovic-sa-tisot-baranzini-un-spremne-da-pomognu-crnoj-gori-sa-zakonima-i-podzakonskim-aktima\/"},"wordCount":170,"commentCount":0,"image":{"@id":"https:\/\/dmcsrb.com\/politika\/radulovic-sa-tisot-baranzini-un-spremne-da-pomognu-crnoj-gori-sa-zakonima-i-podzakonskim-aktima\/#primaryimage"},"thumbnailUrl":"https:\/\/dmcsrb.com\/wp-content\/uploads\/2026\/01\/Radulovic.webp","keywords":["Crna Gora","Filip Radulovi\u0107","Karoline Tisot Baranzini","UN"],"articleSection":["Politika"],"inLanguage":"en-GB","potentialAction":[{"@type":"CommentAction","name":"Comment","target":["https:\/\/dmcsrb.com\/politika\/radulovic-sa-tisot-baranzini-un-spremne-da-pomognu-crnoj-gori-sa-zakonima-i-podzakonskim-aktima\/#respond"]}]},{"@type":"WebPage","@id":"https:\/\/dmcsrb.com\/politika\/radulovic-sa-tisot-baranzini-un-spremne-da-pomognu-crnoj-gori-sa-zakonima-i-podzakonskim-aktima\/","url":"https:\/\/dmcsrb.com\/politika\/radulovic-sa-tisot-baranzini-un-spremne-da-pomognu-crnoj-gori-sa-zakonima-i-podzakonskim-aktima\/","name":"Radulovi\u0107 sa Tisot Baranzini: UN spremne da pomognu Crnoj Gori sa zakonima i podzakonskim aktima - dmcsrb.com","isPartOf":{"@id":"https:\/\/dmcsrb.com\/#website"},"primaryImageOfPage":{"@id":"https:\/\/dmcsrb.com\/politika\/radulovic-sa-tisot-baranzini-un-spremne-da-pomognu-crnoj-gori-sa-zakonima-i-podzakonskim-aktima\/#primaryimage"},"image":{"@id":"https:\/\/dmcsrb.com\/politika\/radulovic-sa-tisot-baranzini-un-spremne-da-pomognu-crnoj-gori-sa-zakonima-i-podzakonskim-aktima\/#primaryimage"},"thumbnailUrl":"https:\/\/dmcsrb.com\/wp-content\/uploads\/2026\/01\/Radulovic.webp","datePublished":"2025-09-12T12:50:30+00:00","author":{"@id":"https:\/\/dmcsrb.com\/#\/schema\/person\/5c39170f12db1b8b457732d0b5c854e2"},"breadcrumb":{"@id":"https:\/\/dmcsrb.com\/politika\/radulovic-sa-tisot-baranzini-un-spremne-da-pomognu-crnoj-gori-sa-zakonima-i-podzakonskim-aktima\/#breadcrumb"},"inLanguage":"en-GB","potentialAction":[{"@type":"ReadAction","target":["https:\/\/dmcsrb.com\/politika\/radulovic-sa-tisot-baranzini-un-spremne-da-pomognu-crnoj-gori-sa-zakonima-i-podzakonskim-aktima\/"]}]},{"@type":"ImageObject","inLanguage":"en-GB","@id":"https:\/\/dmcsrb.com\/politika\/radulovic-sa-tisot-baranzini-un-spremne-da-pomognu-crnoj-gori-sa-zakonima-i-podzakonskim-aktima\/#primaryimage","url":"https:\/\/dmcsrb.com\/wp-content\/uploads\/2026\/01\/Radulovic.webp","contentUrl":"https:\/\/dmcsrb.com\/wp-content\/uploads\/2026\/01\/Radulovic.webp","width":1000,"height":555},{"@type":"BreadcrumbList","@id":"https:\/\/dmcsrb.com\/politika\/radulovic-sa-tisot-baranzini-un-spremne-da-pomognu-crnoj-gori-sa-zakonima-i-podzakonskim-aktima\/#breadcrumb","itemListElement":[{"@type":"ListItem","position":1,"name":"Home","item":"https:\/\/dmcsrb.com\/"},{"@type":"ListItem","position":2,"name":"Radulovi\u0107 sa Tisot Baranzini: UN spremne da pomognu Crnoj Gori sa zakonima i podzakonskim aktima"}]},{"@type":"WebSite","@id":"https:\/\/dmcsrb.com\/#website","url":"https:\/\/dmcsrb.com\/","name":"dmcsrb.com","description":"","potentialAction":[{"@type":"SearchAction","target":{"@type":"EntryPoint","urlTemplate":"https:\/\/dmcsrb.com\/?s={search_term_string}"},"query-input":{"@type":"PropertyValueSpecification","valueRequired":true,"valueName":"search_term_string"}}],"inLanguage":"en-GB"},{"@type":"Person","@id":"https:\/\/dmcsrb.com\/#\/schema\/person\/5c39170f12db1b8b457732d0b5c854e2","name":"dmcsrbija.com@gmail.com","image":{"@type":"ImageObject","inLanguage":"en-GB","@id":"https:\/\/dmcsrb.com\/#\/schema\/person\/image\/","url":"https:\/\/secure.gravatar.com\/avatar\/68592660ad6347fad0fb587f8d5d8f1a7b44961362f56e4f2cd524feb87e9069?s=96&d=mm&r=g","contentUrl":"https:\/\/secure.gravatar.com\/avatar\/68592660ad6347fad0fb587f8d5d8f1a7b44961362f56e4f2cd524feb87e9069?s=96&d=mm&r=g","caption":"dmcsrbija.com@gmail.com"},"sameAs":["https:\/\/dmcsrb.com"],"url":"https:\/\/dmcsrb.com\/en\/author\/dmcsrbija-comgmail-com\/"}]}},"_links":{"self":[{"href":"https:\/\/dmcsrb.com\/en\/wp-json\/wp\/v2\/posts\/951781","targetHints":{"allow":["GET"]}}],"collection":[{"href":"https:\/\/dmcsrb.com\/en\/wp-json\/wp\/v2\/posts"}],"about":[{"href":"https:\/\/dmcsrb.com\/en\/wp-json\/wp\/v2\/types\/post"}],"author":[{"embeddable":true,"href":"https:\/\/dmcsrb.com\/en\/wp-json\/wp\/v2\/users\/1"}],"replies":[{"embeddable":true,"href":"https:\/\/dmcsrb.com\/en\/wp-json\/wp\/v2\/comments?post=951781"}],"version-history":[{"count":0,"href":"https:\/\/dmcsrb.com\/en\/wp-json\/wp\/v2\/posts\/951781\/revisions"}],"wp:featuredmedia":[{"embeddable":true,"href":"https:\/\/dmcsrb.com\/en\/wp-json\/wp\/v2\/media\/951782"}],"wp:attachment":[{"href":"https:\/\/dmcsrb.com\/en\/wp-json\/wp\/v2\/media?parent=951781"}],"wp:term":[{"taxonomy":"category","embeddable":true,"href":"https:\/\/dmcsrb.com\/en\/wp-json\/wp\/v2\/categories?post=951781"},{"taxonomy":"post_tag","embeddable":true,"href":"https:\/\/dmcsrb.com\/en\/wp-json\/wp\/v2\/tags?post=951781"},{"taxonomy":"naslovna","embeddable":true,"href":"https:\/\/dmcsrb.com\/en\/wp-json\/wp\/v2\/naslovna?post=951781"}],"curies":[{"name":"wp","href":"https:\/\/api.w.org\/{rel}","templated":true}]}}