{"id":951776,"date":"2025-09-12T21:00:00","date_gmt":"2025-09-12T19:00:00","guid":{"rendered":"https:\/\/dmcsrb.com\/uncategorized\/albanija-otvara-jos-jedno-poglavlje-u-pristupnim-pregovorima-sa-eu\/"},"modified":"2025-09-12T21:00:00","modified_gmt":"2025-09-12T19:00:00","slug":"albanija-otvara-jos-jedno-poglavlje-u-pristupnim-pregovorima-sa-eu","status":"publish","type":"post","link":"https:\/\/dmcsrb.com\/en\/region\/albanija-otvara-jos-jedno-poglavlje-u-pristupnim-pregovorima-sa-eu\/","title":{"rendered":"Albanija otvara jo\u0161 jedno poglavlje u pristupnim pregovorima sa EU"},"content":{"rendered":"<p><\/p>\n\n\n\n<p>Poglavlje 4 \u2013 zelena agenda i odr\u017eivo povezivanje, obuhvata poglavlja 14 (transportna politika), 15 (energetika), 21 (transevropske mre\u017ee) i 27 (\u017eivotna sredina i klimatske promjene).<\/p>\n\n\n\n<p>Albanija je od oktobra 2024. do maja ove godine otvorila \u010detiri poglavlja \u2013 1 (osnove), 2 (unutra\u0161nje tr\u017ei\u0161te), 3 (konkurentnost i inkluzivan rast) i 6 (spoljna politika).<\/p>\n\n\n\n<p>Time je za samo osam mjeseci otvorila 27 pregovara\u010dkih poglavlja.<\/p>\n\n\n\n<p>Jedino poglavlje koje je ostalo neotvoreno je Poglavlje 5, koje se odnosi na resurse, poljoprivredu i koheziju.<\/p>\n\n\n\n<p>Za \u010dlanstvo u EU Albanija se prijavila 2009. godine, status kandidata dobila je 2014, a prva me\u0111uvladina konferencija Evropske unije i Albanije odr\u017eana je 2022.&nbsp;<\/p>","protected":false},"excerpt":{"rendered":"<p>Albanija \u0107e na \u0161estoj konferenciji o pristupanju EU 16. septembra otvoriti Poglavlje 4, saop\u0161tio je Savjet EU.<\/p>","protected":false},"author":1,"featured_media":951777,"comment_status":"open","ping_status":"open","sticky":false,"template":"","format":"standard","meta":{"_acf_changed":false,"footnotes":""},"categories":[103],"tags":[1937,10],"naslovna":[],"class_list":["post-951776","post","type-post","status-publish","format-standard","has-post-thumbnail","hentry","category-region","tag-albanija","tag-eu"],"acf":[],"yoast_head":"<!-- This site is optimized with the Yoast SEO plugin v27.4 - https:\/\/yoast.com\/product\/yoast-seo-wordpress\/ -->\n<title>Albanija otvara jo\u0161 jedno poglavlje u pristupnim pregovorima sa EU - dmcsrb.com<\/title>\n<meta name=\"robots\" content=\"index, follow, max-snippet:-1, max-image-preview:large, max-video-preview:-1\" \/>\n<link rel=\"canonical\" href=\"https:\/\/dmcsrb.com\/en\/region\/albanija-otvara-jos-jedno-poglavlje-u-pristupnim-pregovorima-sa-eu\/\" \/>\n<meta property=\"og:locale\" content=\"en_GB\" \/>\n<meta property=\"og:type\" content=\"article\" \/>\n<meta property=\"og:title\" content=\"Albanija otvara jo\u0161 jedno poglavlje u pristupnim pregovorima sa EU - dmcsrb.com\" \/>\n<meta property=\"og:description\" content=\"Albanija \u0107e na \u0161estoj konferenciji o pristupanju EU 16. septembra otvoriti Poglavlje 4, saop\u0161tio je Savjet EU.\" \/>\n<meta property=\"og:url\" content=\"https:\/\/dmcsrb.com\/en\/region\/albanija-otvara-jos-jedno-poglavlje-u-pristupnim-pregovorima-sa-eu\/\" \/>\n<meta property=\"og:site_name\" content=\"dmcsrb.com\" \/>\n<meta property=\"article:published_time\" content=\"2025-09-12T19:00:00+00:00\" \/>\n<meta property=\"og:image\" content=\"https:\/\/dmcsrb.com\/wp-content\/uploads\/2026\/01\/flags-2784506_1280.webp\" \/>\n\t<meta property=\"og:image:width\" content=\"1280\" \/>\n\t<meta property=\"og:image:height\" content=\"853\" \/>\n\t<meta property=\"og:image:type\" content=\"image\/jpeg\" \/>\n<meta name=\"author\" content=\"dmcsrbija.com@gmail.com\" \/>\n<meta name=\"twitter:card\" content=\"summary_large_image\" \/>\n<meta name=\"twitter:label1\" content=\"Written by\" \/>\n\t<meta name=\"twitter:data1\" content=\"dmcsrbija.com@gmail.com\" \/>\n<script type=\"application\/ld+json\" class=\"yoast-schema-graph\">{\"@context\":\"https:\\\/\\\/schema.org\",\"@graph\":[{\"@type\":\"Article\",\"@id\":\"https:\\\/\\\/dmcsrb.com\\\/en\\\/region\\\/albanija-otvara-jos-jedno-poglavlje-u-pristupnim-pregovorima-sa-eu\\\/#article\",\"isPartOf\":{\"@id\":\"https:\\\/\\\/dmcsrb.com\\\/en\\\/region\\\/albanija-otvara-jos-jedno-poglavlje-u-pristupnim-pregovorima-sa-eu\\\/\"},\"author\":{\"name\":\"dmcsrbija.com@gmail.com\",\"@id\":\"https:\\\/\\\/dmcsrb.com\\\/#\\\/schema\\\/person\\\/5c39170f12db1b8b457732d0b5c854e2\"},\"headline\":\"Albanija otvara jo\u0161 jedno poglavlje u pristupnim pregovorima sa EU\",\"datePublished\":\"2025-09-12T19:00:00+00:00\",\"mainEntityOfPage\":{\"@id\":\"https:\\\/\\\/dmcsrb.com\\\/en\\\/region\\\/albanija-otvara-jos-jedno-poglavlje-u-pristupnim-pregovorima-sa-eu\\\/\"},\"wordCount\":106,\"commentCount\":0,\"image\":{\"@id\":\"https:\\\/\\\/dmcsrb.com\\\/en\\\/region\\\/albanija-otvara-jos-jedno-poglavlje-u-pristupnim-pregovorima-sa-eu\\\/#primaryimage\"},\"thumbnailUrl\":\"https:\\\/\\\/dmcsrb.com\\\/wp-content\\\/uploads\\\/2026\\\/01\\\/flags-2784506_1280.webp\",\"keywords\":[\"Albanija\",\"EU\"],\"articleSection\":[\"Region\"],\"inLanguage\":\"en-GB\",\"potentialAction\":[{\"@type\":\"CommentAction\",\"name\":\"Comment\",\"target\":[\"https:\\\/\\\/dmcsrb.com\\\/en\\\/region\\\/albanija-otvara-jos-jedno-poglavlje-u-pristupnim-pregovorima-sa-eu\\\/#respond\"]}]},{\"@type\":\"WebPage\",\"@id\":\"https:\\\/\\\/dmcsrb.com\\\/en\\\/region\\\/albanija-otvara-jos-jedno-poglavlje-u-pristupnim-pregovorima-sa-eu\\\/\",\"url\":\"https:\\\/\\\/dmcsrb.com\\\/en\\\/region\\\/albanija-otvara-jos-jedno-poglavlje-u-pristupnim-pregovorima-sa-eu\\\/\",\"name\":\"Albanija otvara jo\u0161 jedno poglavlje u pristupnim pregovorima sa EU - dmcsrb.com\",\"isPartOf\":{\"@id\":\"https:\\\/\\\/dmcsrb.com\\\/#website\"},\"primaryImageOfPage\":{\"@id\":\"https:\\\/\\\/dmcsrb.com\\\/en\\\/region\\\/albanija-otvara-jos-jedno-poglavlje-u-pristupnim-pregovorima-sa-eu\\\/#primaryimage\"},\"image\":{\"@id\":\"https:\\\/\\\/dmcsrb.com\\\/en\\\/region\\\/albanija-otvara-jos-jedno-poglavlje-u-pristupnim-pregovorima-sa-eu\\\/#primaryimage\"},\"thumbnailUrl\":\"https:\\\/\\\/dmcsrb.com\\\/wp-content\\\/uploads\\\/2026\\\/01\\\/flags-2784506_1280.webp\",\"datePublished\":\"2025-09-12T19:00:00+00:00\",\"author\":{\"@id\":\"https:\\\/\\\/dmcsrb.com\\\/#\\\/schema\\\/person\\\/5c39170f12db1b8b457732d0b5c854e2\"},\"breadcrumb\":{\"@id\":\"https:\\\/\\\/dmcsrb.com\\\/en\\\/region\\\/albanija-otvara-jos-jedno-poglavlje-u-pristupnim-pregovorima-sa-eu\\\/#breadcrumb\"},\"inLanguage\":\"en-GB\",\"potentialAction\":[{\"@type\":\"ReadAction\",\"target\":[\"https:\\\/\\\/dmcsrb.com\\\/en\\\/region\\\/albanija-otvara-jos-jedno-poglavlje-u-pristupnim-pregovorima-sa-eu\\\/\"]}]},{\"@type\":\"ImageObject\",\"inLanguage\":\"en-GB\",\"@id\":\"https:\\\/\\\/dmcsrb.com\\\/en\\\/region\\\/albanija-otvara-jos-jedno-poglavlje-u-pristupnim-pregovorima-sa-eu\\\/#primaryimage\",\"url\":\"https:\\\/\\\/dmcsrb.com\\\/wp-content\\\/uploads\\\/2026\\\/01\\\/flags-2784506_1280.webp\",\"contentUrl\":\"https:\\\/\\\/dmcsrb.com\\\/wp-content\\\/uploads\\\/2026\\\/01\\\/flags-2784506_1280.webp\",\"width\":1280,\"height\":853},{\"@type\":\"BreadcrumbList\",\"@id\":\"https:\\\/\\\/dmcsrb.com\\\/en\\\/region\\\/albanija-otvara-jos-jedno-poglavlje-u-pristupnim-pregovorima-sa-eu\\\/#breadcrumb\",\"itemListElement\":[{\"@type\":\"ListItem\",\"position\":1,\"name\":\"Home\",\"item\":\"https:\\\/\\\/dmcsrb.com\\\/\"},{\"@type\":\"ListItem\",\"position\":2,\"name\":\"Albanija otvara jo\u0161 jedno poglavlje u pristupnim pregovorima sa EU\"}]},{\"@type\":\"WebSite\",\"@id\":\"https:\\\/\\\/dmcsrb.com\\\/#website\",\"url\":\"https:\\\/\\\/dmcsrb.com\\\/\",\"name\":\"dmcsrb.com\",\"description\":\"\",\"potentialAction\":[{\"@type\":\"SearchAction\",\"target\":{\"@type\":\"EntryPoint\",\"urlTemplate\":\"https:\\\/\\\/dmcsrb.com\\\/?s={search_term_string}\"},\"query-input\":{\"@type\":\"PropertyValueSpecification\",\"valueRequired\":true,\"valueName\":\"search_term_string\"}}],\"inLanguage\":\"en-GB\"},{\"@type\":\"Person\",\"@id\":\"https:\\\/\\\/dmcsrb.com\\\/#\\\/schema\\\/person\\\/5c39170f12db1b8b457732d0b5c854e2\",\"name\":\"dmcsrbija.com@gmail.com\",\"image\":{\"@type\":\"ImageObject\",\"inLanguage\":\"en-GB\",\"@id\":\"https:\\\/\\\/secure.gravatar.com\\\/avatar\\\/68592660ad6347fad0fb587f8d5d8f1a7b44961362f56e4f2cd524feb87e9069?s=96&d=mm&r=g\",\"url\":\"https:\\\/\\\/secure.gravatar.com\\\/avatar\\\/68592660ad6347fad0fb587f8d5d8f1a7b44961362f56e4f2cd524feb87e9069?s=96&d=mm&r=g\",\"contentUrl\":\"https:\\\/\\\/secure.gravatar.com\\\/avatar\\\/68592660ad6347fad0fb587f8d5d8f1a7b44961362f56e4f2cd524feb87e9069?s=96&d=mm&r=g\",\"caption\":\"dmcsrbija.com@gmail.com\"},\"sameAs\":[\"https:\\\/\\\/dmcsrb.com\"],\"url\":\"https:\\\/\\\/dmcsrb.com\\\/en\\\/author\\\/dmcsrbija-comgmail-com\\\/\"}]}<\/script>\n<!-- \/ Yoast SEO plugin. -->","yoast_head_json":{"title":"Albanija otvara jo\u0161 jedno poglavlje u pristupnim pregovorima sa EU - dmcsrb.com","robots":{"index":"index","follow":"follow","max-snippet":"max-snippet:-1","max-image-preview":"max-image-preview:large","max-video-preview":"max-video-preview:-1"},"canonical":"https:\/\/dmcsrb.com\/en\/region\/albanija-otvara-jos-jedno-poglavlje-u-pristupnim-pregovorima-sa-eu\/","og_locale":"en_GB","og_type":"article","og_title":"Albanija otvara jo\u0161 jedno poglavlje u pristupnim pregovorima sa EU - dmcsrb.com","og_description":"Albanija \u0107e na \u0161estoj konferenciji o pristupanju EU 16. septembra otvoriti Poglavlje 4, saop\u0161tio je Savjet EU.","og_url":"https:\/\/dmcsrb.com\/en\/region\/albanija-otvara-jos-jedno-poglavlje-u-pristupnim-pregovorima-sa-eu\/","og_site_name":"dmcsrb.com","article_published_time":"2025-09-12T19:00:00+00:00","og_image":[{"width":1280,"height":853,"url":"https:\/\/dmcsrb.com\/wp-content\/uploads\/2026\/01\/flags-2784506_1280.webp","type":"image\/jpeg"}],"author":"dmcsrbija.com@gmail.com","twitter_card":"summary_large_image","twitter_misc":{"Written by":"dmcsrbija.com@gmail.com"},"schema":{"@context":"https:\/\/schema.org","@graph":[{"@type":"Article","@id":"https:\/\/dmcsrb.com\/en\/region\/albanija-otvara-jos-jedno-poglavlje-u-pristupnim-pregovorima-sa-eu\/#article","isPartOf":{"@id":"https:\/\/dmcsrb.com\/en\/region\/albanija-otvara-jos-jedno-poglavlje-u-pristupnim-pregovorima-sa-eu\/"},"author":{"name":"dmcsrbija.com@gmail.com","@id":"https:\/\/dmcsrb.com\/#\/schema\/person\/5c39170f12db1b8b457732d0b5c854e2"},"headline":"Albanija otvara jo\u0161 jedno poglavlje u pristupnim pregovorima sa EU","datePublished":"2025-09-12T19:00:00+00:00","mainEntityOfPage":{"@id":"https:\/\/dmcsrb.com\/en\/region\/albanija-otvara-jos-jedno-poglavlje-u-pristupnim-pregovorima-sa-eu\/"},"wordCount":106,"commentCount":0,"image":{"@id":"https:\/\/dmcsrb.com\/en\/region\/albanija-otvara-jos-jedno-poglavlje-u-pristupnim-pregovorima-sa-eu\/#primaryimage"},"thumbnailUrl":"https:\/\/dmcsrb.com\/wp-content\/uploads\/2026\/01\/flags-2784506_1280.webp","keywords":["Albanija","EU"],"articleSection":["Region"],"inLanguage":"en-GB","potentialAction":[{"@type":"CommentAction","name":"Comment","target":["https:\/\/dmcsrb.com\/en\/region\/albanija-otvara-jos-jedno-poglavlje-u-pristupnim-pregovorima-sa-eu\/#respond"]}]},{"@type":"WebPage","@id":"https:\/\/dmcsrb.com\/en\/region\/albanija-otvara-jos-jedno-poglavlje-u-pristupnim-pregovorima-sa-eu\/","url":"https:\/\/dmcsrb.com\/en\/region\/albanija-otvara-jos-jedno-poglavlje-u-pristupnim-pregovorima-sa-eu\/","name":"Albanija otvara jo\u0161 jedno poglavlje u pristupnim pregovorima sa EU - dmcsrb.com","isPartOf":{"@id":"https:\/\/dmcsrb.com\/#website"},"primaryImageOfPage":{"@id":"https:\/\/dmcsrb.com\/en\/region\/albanija-otvara-jos-jedno-poglavlje-u-pristupnim-pregovorima-sa-eu\/#primaryimage"},"image":{"@id":"https:\/\/dmcsrb.com\/en\/region\/albanija-otvara-jos-jedno-poglavlje-u-pristupnim-pregovorima-sa-eu\/#primaryimage"},"thumbnailUrl":"https:\/\/dmcsrb.com\/wp-content\/uploads\/2026\/01\/flags-2784506_1280.webp","datePublished":"2025-09-12T19:00:00+00:00","author":{"@id":"https:\/\/dmcsrb.com\/#\/schema\/person\/5c39170f12db1b8b457732d0b5c854e2"},"breadcrumb":{"@id":"https:\/\/dmcsrb.com\/en\/region\/albanija-otvara-jos-jedno-poglavlje-u-pristupnim-pregovorima-sa-eu\/#breadcrumb"},"inLanguage":"en-GB","potentialAction":[{"@type":"ReadAction","target":["https:\/\/dmcsrb.com\/en\/region\/albanija-otvara-jos-jedno-poglavlje-u-pristupnim-pregovorima-sa-eu\/"]}]},{"@type":"ImageObject","inLanguage":"en-GB","@id":"https:\/\/dmcsrb.com\/en\/region\/albanija-otvara-jos-jedno-poglavlje-u-pristupnim-pregovorima-sa-eu\/#primaryimage","url":"https:\/\/dmcsrb.com\/wp-content\/uploads\/2026\/01\/flags-2784506_1280.webp","contentUrl":"https:\/\/dmcsrb.com\/wp-content\/uploads\/2026\/01\/flags-2784506_1280.webp","width":1280,"height":853},{"@type":"BreadcrumbList","@id":"https:\/\/dmcsrb.com\/en\/region\/albanija-otvara-jos-jedno-poglavlje-u-pristupnim-pregovorima-sa-eu\/#breadcrumb","itemListElement":[{"@type":"ListItem","position":1,"name":"Home","item":"https:\/\/dmcsrb.com\/"},{"@type":"ListItem","position":2,"name":"Albanija otvara jo\u0161 jedno poglavlje u pristupnim pregovorima sa EU"}]},{"@type":"WebSite","@id":"https:\/\/dmcsrb.com\/#website","url":"https:\/\/dmcsrb.com\/","name":"dmcsrb.com","description":"","potentialAction":[{"@type":"SearchAction","target":{"@type":"EntryPoint","urlTemplate":"https:\/\/dmcsrb.com\/?s={search_term_string}"},"query-input":{"@type":"PropertyValueSpecification","valueRequired":true,"valueName":"search_term_string"}}],"inLanguage":"en-GB"},{"@type":"Person","@id":"https:\/\/dmcsrb.com\/#\/schema\/person\/5c39170f12db1b8b457732d0b5c854e2","name":"dmcsrbija.com@gmail.com","image":{"@type":"ImageObject","inLanguage":"en-GB","@id":"https:\/\/secure.gravatar.com\/avatar\/68592660ad6347fad0fb587f8d5d8f1a7b44961362f56e4f2cd524feb87e9069?s=96&d=mm&r=g","url":"https:\/\/secure.gravatar.com\/avatar\/68592660ad6347fad0fb587f8d5d8f1a7b44961362f56e4f2cd524feb87e9069?s=96&d=mm&r=g","contentUrl":"https:\/\/secure.gravatar.com\/avatar\/68592660ad6347fad0fb587f8d5d8f1a7b44961362f56e4f2cd524feb87e9069?s=96&d=mm&r=g","caption":"dmcsrbija.com@gmail.com"},"sameAs":["https:\/\/dmcsrb.com"],"url":"https:\/\/dmcsrb.com\/en\/author\/dmcsrbija-comgmail-com\/"}]}},"_links":{"self":[{"href":"https:\/\/dmcsrb.com\/en\/wp-json\/wp\/v2\/posts\/951776","targetHints":{"allow":["GET"]}}],"collection":[{"href":"https:\/\/dmcsrb.com\/en\/wp-json\/wp\/v2\/posts"}],"about":[{"href":"https:\/\/dmcsrb.com\/en\/wp-json\/wp\/v2\/types\/post"}],"author":[{"embeddable":true,"href":"https:\/\/dmcsrb.com\/en\/wp-json\/wp\/v2\/users\/1"}],"replies":[{"embeddable":true,"href":"https:\/\/dmcsrb.com\/en\/wp-json\/wp\/v2\/comments?post=951776"}],"version-history":[{"count":0,"href":"https:\/\/dmcsrb.com\/en\/wp-json\/wp\/v2\/posts\/951776\/revisions"}],"wp:featuredmedia":[{"embeddable":true,"href":"https:\/\/dmcsrb.com\/en\/wp-json\/wp\/v2\/media\/951777"}],"wp:attachment":[{"href":"https:\/\/dmcsrb.com\/en\/wp-json\/wp\/v2\/media?parent=951776"}],"wp:term":[{"taxonomy":"category","embeddable":true,"href":"https:\/\/dmcsrb.com\/en\/wp-json\/wp\/v2\/categories?post=951776"},{"taxonomy":"post_tag","embeddable":true,"href":"https:\/\/dmcsrb.com\/en\/wp-json\/wp\/v2\/tags?post=951776"},{"taxonomy":"naslovna","embeddable":true,"href":"https:\/\/dmcsrb.com\/en\/wp-json\/wp\/v2\/naslovna?post=951776"}],"curies":[{"name":"wp","href":"https:\/\/api.w.org\/{rel}","templated":true}]}}