{"id":951758,"date":"2025-09-12T13:36:00","date_gmt":"2025-09-12T11:36:00","guid":{"rendered":"https:\/\/dmcsrb.com\/uncategorized\/raspopovic-i-zvanicno-ambasador-u-nizozemskoj-crna-gora-odlucna-u-namjeri-da-postane-naredna-clanica-eu\/"},"modified":"2025-09-12T13:36:00","modified_gmt":"2025-09-12T11:36:00","slug":"raspopovic-i-zvanicno-ambasador-u-nizozemskoj-crna-gora-odlucna-u-namjeri-da-postane-naredna-clanica-eu","status":"publish","type":"post","link":"https:\/\/dmcsrb.com\/en\/politika\/raspopovic-i-zvanicno-ambasador-u-nizozemskoj-crna-gora-odlucna-u-namjeri-da-postane-naredna-clanica-eu\/","title":{"rendered":"Raspopovi\u0107 i zvani\u010dno ambasador u Nizozemskoj: Crna Gora odlu\u010dna u namjeri da postane naredna \u010dlanica EU"},"content":{"rendered":"<p><\/p>\n\n\n\n<p>Kako je saop\u0161teno, tokom sve\u010danosti predaje akreditivnih pisama, Raspopovi\u0107 je, nakon protokolarnog dijela ceremonije, imao \u010dast da obavi bilateralni razgovor sa kraljem, koji je protekao u veoma srda\u010dnoj i prijateljskoj atmosferi.<\/p>\n\n\n\n<p>\u201cKralj Vilhem Aleksandar je pokazao dobro poznavanje politi\u010dkih prilika u Crnoj Gori, te izrazio posebno interesovanje za aktuelnu politi\u010dku situaciju, dinamiku reformi i dalje korake u procesu evropskih integracija\u201d, navode iz Ministarstva.<\/p>\n\n\n\n<p>Raspopovi\u0107 je istakao da Crna Gora ostaje odlu\u010dna u svojoj namjeri da postane naredna \u010dlanica Evropske unije i da je u tom cilju posve\u0107ena sprovo\u0111enju reformi i ostvarivanju najboljih rezultata.<\/p>\n\n\n\n<p>U ime predsjednika Crne Gore, ambasador je uputio poziv kralju Vilhelmu Aleksandru da posjeti Crnu Goru, nagla\u0161avaju\u0107i da bi takva posjeta imala poseban zna\u010daj za bilateralne odnose i dodatno u\u010dvrstila prijateljske veze izme\u0111u dvije zemlje i na\u0161ih naroda.<\/p>\n\n\n\n<p>\u201cKralj je sa pa\u017enjom primio poziv i pokazao otvorenost da se o ovoj mogu\u0107nosti razgovara u narednom periodu kroz redovne diplomatske i protokolarne kanale\u201d, zaklju\u010deno je.<\/p>\n\n\n\n<p><\/p>","protected":false},"excerpt":{"rendered":"<p>Ambasador Crne Gore u Kraljevini Nizozemskoj Milisav Raspopovi\u0107 predao je akreditivna pisma kralju Vilhemu Aleksandru, \u010dime je zvani\u010dno stupio na du\u017enost izvanrednog i opunomo\u0107enog ambasadora u toj dr\u017eavi, saop\u0161teno je iz Ministarstva vanjskih poslova.<\/p>","protected":false},"author":1,"featured_media":951759,"comment_status":"open","ping_status":"open","sticky":false,"template":"","format":"standard","meta":{"_acf_changed":false,"footnotes":""},"categories":[12],"tags":[7896,95,7897,7898,7899],"naslovna":[],"class_list":["post-951758","post","type-post","status-publish","format-standard","has-post-thumbnail","hentry","category-politika","tag-ambasador","tag-crna-gora","tag-milisav-raspopovic","tag-naredna-clanica-eu","tag-nizozemska"],"acf":[],"yoast_head":"<!-- This site is optimized with the Yoast SEO plugin v27.4 - https:\/\/yoast.com\/product\/yoast-seo-wordpress\/ -->\n<title>Raspopovi\u0107 i zvani\u010dno ambasador u Nizozemskoj: Crna Gora odlu\u010dna u namjeri da postane naredna \u010dlanica EU - dmcsrb.com<\/title>\n<meta name=\"robots\" content=\"index, follow, max-snippet:-1, max-image-preview:large, max-video-preview:-1\" \/>\n<link rel=\"canonical\" href=\"https:\/\/dmcsrb.com\/en\/politika\/raspopovic-i-zvanicno-ambasador-u-nizozemskoj-crna-gora-odlucna-u-namjeri-da-postane-naredna-clanica-eu\/\" \/>\n<meta property=\"og:locale\" content=\"en_GB\" \/>\n<meta property=\"og:type\" content=\"article\" \/>\n<meta property=\"og:title\" content=\"Raspopovi\u0107 i zvani\u010dno ambasador u Nizozemskoj: Crna Gora odlu\u010dna u namjeri da postane naredna \u010dlanica EU - dmcsrb.com\" \/>\n<meta property=\"og:description\" content=\"Ambasador Crne Gore u Kraljevini Nizozemskoj Milisav Raspopovi\u0107 predao je akreditivna pisma kralju Vilhemu Aleksandru, \u010dime je zvani\u010dno stupio na du\u017enost izvanrednog i opunomo\u0107enog ambasadora u toj dr\u017eavi, saop\u0161teno je iz Ministarstva vanjskih poslova.\" \/>\n<meta property=\"og:url\" content=\"https:\/\/dmcsrb.com\/en\/politika\/raspopovic-i-zvanicno-ambasador-u-nizozemskoj-crna-gora-odlucna-u-namjeri-da-postane-naredna-clanica-eu\/\" \/>\n<meta property=\"og:site_name\" content=\"dmcsrb.com\" \/>\n<meta property=\"article:published_time\" content=\"2025-09-12T11:36:00+00:00\" \/>\n<meta property=\"og:image\" content=\"https:\/\/dmcsrb.com\/wp-content\/uploads\/2026\/01\/Ambassador-Montenegro_12092025-1-1320x733_499x900.webp\" \/>\n\t<meta property=\"og:image:width\" content=\"899\" \/>\n\t<meta property=\"og:image:height\" content=\"499\" \/>\n\t<meta property=\"og:image:type\" content=\"image\/jpeg\" \/>\n<meta name=\"author\" content=\"dmcsrbija.com@gmail.com\" \/>\n<meta name=\"twitter:card\" content=\"summary_large_image\" \/>\n<meta name=\"twitter:label1\" content=\"Written by\" \/>\n\t<meta name=\"twitter:data1\" content=\"dmcsrbija.com@gmail.com\" \/>\n\t<meta name=\"twitter:label2\" content=\"Estimated reading time\" \/>\n\t<meta name=\"twitter:data2\" content=\"1 minute\" \/>\n<script type=\"application\/ld+json\" class=\"yoast-schema-graph\">{\"@context\":\"https:\\\/\\\/schema.org\",\"@graph\":[{\"@type\":\"Article\",\"@id\":\"https:\\\/\\\/dmcsrb.com\\\/politika\\\/raspopovic-i-zvanicno-ambasador-u-nizozemskoj-crna-gora-odlucna-u-namjeri-da-postane-naredna-clanica-eu\\\/#article\",\"isPartOf\":{\"@id\":\"https:\\\/\\\/dmcsrb.com\\\/politika\\\/raspopovic-i-zvanicno-ambasador-u-nizozemskoj-crna-gora-odlucna-u-namjeri-da-postane-naredna-clanica-eu\\\/\"},\"author\":{\"name\":\"dmcsrbija.com@gmail.com\",\"@id\":\"https:\\\/\\\/dmcsrb.com\\\/#\\\/schema\\\/person\\\/5c39170f12db1b8b457732d0b5c854e2\"},\"headline\":\"Raspopovi\u0107 i zvani\u010dno ambasador u Nizozemskoj: Crna Gora odlu\u010dna u namjeri da postane naredna \u010dlanica EU\",\"datePublished\":\"2025-09-12T11:36:00+00:00\",\"mainEntityOfPage\":{\"@id\":\"https:\\\/\\\/dmcsrb.com\\\/politika\\\/raspopovic-i-zvanicno-ambasador-u-nizozemskoj-crna-gora-odlucna-u-namjeri-da-postane-naredna-clanica-eu\\\/\"},\"wordCount\":192,\"commentCount\":0,\"image\":{\"@id\":\"https:\\\/\\\/dmcsrb.com\\\/politika\\\/raspopovic-i-zvanicno-ambasador-u-nizozemskoj-crna-gora-odlucna-u-namjeri-da-postane-naredna-clanica-eu\\\/#primaryimage\"},\"thumbnailUrl\":\"https:\\\/\\\/dmcsrb.com\\\/wp-content\\\/uploads\\\/2026\\\/01\\\/Ambassador-Montenegro_12092025-1-1320x733_499x900.webp\",\"keywords\":[\"ambasador\",\"Crna Gora\",\"Milisav Raspopovi\u0107\",\"Naredna \u010dlanica EU\",\"nizozemska\"],\"articleSection\":[\"Politika\"],\"inLanguage\":\"en-GB\",\"potentialAction\":[{\"@type\":\"CommentAction\",\"name\":\"Comment\",\"target\":[\"https:\\\/\\\/dmcsrb.com\\\/politika\\\/raspopovic-i-zvanicno-ambasador-u-nizozemskoj-crna-gora-odlucna-u-namjeri-da-postane-naredna-clanica-eu\\\/#respond\"]}]},{\"@type\":\"WebPage\",\"@id\":\"https:\\\/\\\/dmcsrb.com\\\/politika\\\/raspopovic-i-zvanicno-ambasador-u-nizozemskoj-crna-gora-odlucna-u-namjeri-da-postane-naredna-clanica-eu\\\/\",\"url\":\"https:\\\/\\\/dmcsrb.com\\\/politika\\\/raspopovic-i-zvanicno-ambasador-u-nizozemskoj-crna-gora-odlucna-u-namjeri-da-postane-naredna-clanica-eu\\\/\",\"name\":\"Raspopovi\u0107 i zvani\u010dno ambasador u Nizozemskoj: Crna Gora odlu\u010dna u namjeri da postane naredna \u010dlanica EU - dmcsrb.com\",\"isPartOf\":{\"@id\":\"https:\\\/\\\/dmcsrb.com\\\/#website\"},\"primaryImageOfPage\":{\"@id\":\"https:\\\/\\\/dmcsrb.com\\\/politika\\\/raspopovic-i-zvanicno-ambasador-u-nizozemskoj-crna-gora-odlucna-u-namjeri-da-postane-naredna-clanica-eu\\\/#primaryimage\"},\"image\":{\"@id\":\"https:\\\/\\\/dmcsrb.com\\\/politika\\\/raspopovic-i-zvanicno-ambasador-u-nizozemskoj-crna-gora-odlucna-u-namjeri-da-postane-naredna-clanica-eu\\\/#primaryimage\"},\"thumbnailUrl\":\"https:\\\/\\\/dmcsrb.com\\\/wp-content\\\/uploads\\\/2026\\\/01\\\/Ambassador-Montenegro_12092025-1-1320x733_499x900.webp\",\"datePublished\":\"2025-09-12T11:36:00+00:00\",\"author\":{\"@id\":\"https:\\\/\\\/dmcsrb.com\\\/#\\\/schema\\\/person\\\/5c39170f12db1b8b457732d0b5c854e2\"},\"breadcrumb\":{\"@id\":\"https:\\\/\\\/dmcsrb.com\\\/politika\\\/raspopovic-i-zvanicno-ambasador-u-nizozemskoj-crna-gora-odlucna-u-namjeri-da-postane-naredna-clanica-eu\\\/#breadcrumb\"},\"inLanguage\":\"en-GB\",\"potentialAction\":[{\"@type\":\"ReadAction\",\"target\":[\"https:\\\/\\\/dmcsrb.com\\\/politika\\\/raspopovic-i-zvanicno-ambasador-u-nizozemskoj-crna-gora-odlucna-u-namjeri-da-postane-naredna-clanica-eu\\\/\"]}]},{\"@type\":\"ImageObject\",\"inLanguage\":\"en-GB\",\"@id\":\"https:\\\/\\\/dmcsrb.com\\\/politika\\\/raspopovic-i-zvanicno-ambasador-u-nizozemskoj-crna-gora-odlucna-u-namjeri-da-postane-naredna-clanica-eu\\\/#primaryimage\",\"url\":\"https:\\\/\\\/dmcsrb.com\\\/wp-content\\\/uploads\\\/2026\\\/01\\\/Ambassador-Montenegro_12092025-1-1320x733_499x900.webp\",\"contentUrl\":\"https:\\\/\\\/dmcsrb.com\\\/wp-content\\\/uploads\\\/2026\\\/01\\\/Ambassador-Montenegro_12092025-1-1320x733_499x900.webp\",\"width\":899,\"height\":499},{\"@type\":\"BreadcrumbList\",\"@id\":\"https:\\\/\\\/dmcsrb.com\\\/politika\\\/raspopovic-i-zvanicno-ambasador-u-nizozemskoj-crna-gora-odlucna-u-namjeri-da-postane-naredna-clanica-eu\\\/#breadcrumb\",\"itemListElement\":[{\"@type\":\"ListItem\",\"position\":1,\"name\":\"Home\",\"item\":\"https:\\\/\\\/dmcsrb.com\\\/\"},{\"@type\":\"ListItem\",\"position\":2,\"name\":\"Raspopovi\u0107 i zvani\u010dno ambasador u Nizozemskoj: Crna Gora odlu\u010dna u namjeri da postane naredna \u010dlanica EU\"}]},{\"@type\":\"WebSite\",\"@id\":\"https:\\\/\\\/dmcsrb.com\\\/#website\",\"url\":\"https:\\\/\\\/dmcsrb.com\\\/\",\"name\":\"dmcsrb.com\",\"description\":\"\",\"potentialAction\":[{\"@type\":\"SearchAction\",\"target\":{\"@type\":\"EntryPoint\",\"urlTemplate\":\"https:\\\/\\\/dmcsrb.com\\\/?s={search_term_string}\"},\"query-input\":{\"@type\":\"PropertyValueSpecification\",\"valueRequired\":true,\"valueName\":\"search_term_string\"}}],\"inLanguage\":\"en-GB\"},{\"@type\":\"Person\",\"@id\":\"https:\\\/\\\/dmcsrb.com\\\/#\\\/schema\\\/person\\\/5c39170f12db1b8b457732d0b5c854e2\",\"name\":\"dmcsrbija.com@gmail.com\",\"image\":{\"@type\":\"ImageObject\",\"inLanguage\":\"en-GB\",\"@id\":\"https:\\\/\\\/secure.gravatar.com\\\/avatar\\\/68592660ad6347fad0fb587f8d5d8f1a7b44961362f56e4f2cd524feb87e9069?s=96&d=mm&r=g\",\"url\":\"https:\\\/\\\/secure.gravatar.com\\\/avatar\\\/68592660ad6347fad0fb587f8d5d8f1a7b44961362f56e4f2cd524feb87e9069?s=96&d=mm&r=g\",\"contentUrl\":\"https:\\\/\\\/secure.gravatar.com\\\/avatar\\\/68592660ad6347fad0fb587f8d5d8f1a7b44961362f56e4f2cd524feb87e9069?s=96&d=mm&r=g\",\"caption\":\"dmcsrbija.com@gmail.com\"},\"sameAs\":[\"https:\\\/\\\/dmcsrb.com\"],\"url\":\"https:\\\/\\\/dmcsrb.com\\\/en\\\/author\\\/dmcsrbija-comgmail-com\\\/\"}]}<\/script>\n<!-- \/ Yoast SEO plugin. -->","yoast_head_json":{"title":"Raspopovi\u0107 i zvani\u010dno ambasador u Nizozemskoj: Crna Gora odlu\u010dna u namjeri da postane naredna \u010dlanica EU - dmcsrb.com","robots":{"index":"index","follow":"follow","max-snippet":"max-snippet:-1","max-image-preview":"max-image-preview:large","max-video-preview":"max-video-preview:-1"},"canonical":"https:\/\/dmcsrb.com\/en\/politika\/raspopovic-i-zvanicno-ambasador-u-nizozemskoj-crna-gora-odlucna-u-namjeri-da-postane-naredna-clanica-eu\/","og_locale":"en_GB","og_type":"article","og_title":"Raspopovi\u0107 i zvani\u010dno ambasador u Nizozemskoj: Crna Gora odlu\u010dna u namjeri da postane naredna \u010dlanica EU - dmcsrb.com","og_description":"Ambasador Crne Gore u Kraljevini Nizozemskoj Milisav Raspopovi\u0107 predao je akreditivna pisma kralju Vilhemu Aleksandru, \u010dime je zvani\u010dno stupio na du\u017enost izvanrednog i opunomo\u0107enog ambasadora u toj dr\u017eavi, saop\u0161teno je iz Ministarstva vanjskih poslova.","og_url":"https:\/\/dmcsrb.com\/en\/politika\/raspopovic-i-zvanicno-ambasador-u-nizozemskoj-crna-gora-odlucna-u-namjeri-da-postane-naredna-clanica-eu\/","og_site_name":"dmcsrb.com","article_published_time":"2025-09-12T11:36:00+00:00","og_image":[{"width":899,"height":499,"url":"https:\/\/dmcsrb.com\/wp-content\/uploads\/2026\/01\/Ambassador-Montenegro_12092025-1-1320x733_499x900.webp","type":"image\/jpeg"}],"author":"dmcsrbija.com@gmail.com","twitter_card":"summary_large_image","twitter_misc":{"Written by":"dmcsrbija.com@gmail.com","Estimated reading time":"1 minute"},"schema":{"@context":"https:\/\/schema.org","@graph":[{"@type":"Article","@id":"https:\/\/dmcsrb.com\/politika\/raspopovic-i-zvanicno-ambasador-u-nizozemskoj-crna-gora-odlucna-u-namjeri-da-postane-naredna-clanica-eu\/#article","isPartOf":{"@id":"https:\/\/dmcsrb.com\/politika\/raspopovic-i-zvanicno-ambasador-u-nizozemskoj-crna-gora-odlucna-u-namjeri-da-postane-naredna-clanica-eu\/"},"author":{"name":"dmcsrbija.com@gmail.com","@id":"https:\/\/dmcsrb.com\/#\/schema\/person\/5c39170f12db1b8b457732d0b5c854e2"},"headline":"Raspopovi\u0107 i zvani\u010dno ambasador u Nizozemskoj: Crna Gora odlu\u010dna u namjeri da postane naredna \u010dlanica EU","datePublished":"2025-09-12T11:36:00+00:00","mainEntityOfPage":{"@id":"https:\/\/dmcsrb.com\/politika\/raspopovic-i-zvanicno-ambasador-u-nizozemskoj-crna-gora-odlucna-u-namjeri-da-postane-naredna-clanica-eu\/"},"wordCount":192,"commentCount":0,"image":{"@id":"https:\/\/dmcsrb.com\/politika\/raspopovic-i-zvanicno-ambasador-u-nizozemskoj-crna-gora-odlucna-u-namjeri-da-postane-naredna-clanica-eu\/#primaryimage"},"thumbnailUrl":"https:\/\/dmcsrb.com\/wp-content\/uploads\/2026\/01\/Ambassador-Montenegro_12092025-1-1320x733_499x900.webp","keywords":["ambasador","Crna Gora","Milisav Raspopovi\u0107","Naredna \u010dlanica EU","nizozemska"],"articleSection":["Politika"],"inLanguage":"en-GB","potentialAction":[{"@type":"CommentAction","name":"Comment","target":["https:\/\/dmcsrb.com\/politika\/raspopovic-i-zvanicno-ambasador-u-nizozemskoj-crna-gora-odlucna-u-namjeri-da-postane-naredna-clanica-eu\/#respond"]}]},{"@type":"WebPage","@id":"https:\/\/dmcsrb.com\/politika\/raspopovic-i-zvanicno-ambasador-u-nizozemskoj-crna-gora-odlucna-u-namjeri-da-postane-naredna-clanica-eu\/","url":"https:\/\/dmcsrb.com\/politika\/raspopovic-i-zvanicno-ambasador-u-nizozemskoj-crna-gora-odlucna-u-namjeri-da-postane-naredna-clanica-eu\/","name":"Raspopovi\u0107 i zvani\u010dno ambasador u Nizozemskoj: Crna Gora odlu\u010dna u namjeri da postane naredna \u010dlanica EU - dmcsrb.com","isPartOf":{"@id":"https:\/\/dmcsrb.com\/#website"},"primaryImageOfPage":{"@id":"https:\/\/dmcsrb.com\/politika\/raspopovic-i-zvanicno-ambasador-u-nizozemskoj-crna-gora-odlucna-u-namjeri-da-postane-naredna-clanica-eu\/#primaryimage"},"image":{"@id":"https:\/\/dmcsrb.com\/politika\/raspopovic-i-zvanicno-ambasador-u-nizozemskoj-crna-gora-odlucna-u-namjeri-da-postane-naredna-clanica-eu\/#primaryimage"},"thumbnailUrl":"https:\/\/dmcsrb.com\/wp-content\/uploads\/2026\/01\/Ambassador-Montenegro_12092025-1-1320x733_499x900.webp","datePublished":"2025-09-12T11:36:00+00:00","author":{"@id":"https:\/\/dmcsrb.com\/#\/schema\/person\/5c39170f12db1b8b457732d0b5c854e2"},"breadcrumb":{"@id":"https:\/\/dmcsrb.com\/politika\/raspopovic-i-zvanicno-ambasador-u-nizozemskoj-crna-gora-odlucna-u-namjeri-da-postane-naredna-clanica-eu\/#breadcrumb"},"inLanguage":"en-GB","potentialAction":[{"@type":"ReadAction","target":["https:\/\/dmcsrb.com\/politika\/raspopovic-i-zvanicno-ambasador-u-nizozemskoj-crna-gora-odlucna-u-namjeri-da-postane-naredna-clanica-eu\/"]}]},{"@type":"ImageObject","inLanguage":"en-GB","@id":"https:\/\/dmcsrb.com\/politika\/raspopovic-i-zvanicno-ambasador-u-nizozemskoj-crna-gora-odlucna-u-namjeri-da-postane-naredna-clanica-eu\/#primaryimage","url":"https:\/\/dmcsrb.com\/wp-content\/uploads\/2026\/01\/Ambassador-Montenegro_12092025-1-1320x733_499x900.webp","contentUrl":"https:\/\/dmcsrb.com\/wp-content\/uploads\/2026\/01\/Ambassador-Montenegro_12092025-1-1320x733_499x900.webp","width":899,"height":499},{"@type":"BreadcrumbList","@id":"https:\/\/dmcsrb.com\/politika\/raspopovic-i-zvanicno-ambasador-u-nizozemskoj-crna-gora-odlucna-u-namjeri-da-postane-naredna-clanica-eu\/#breadcrumb","itemListElement":[{"@type":"ListItem","position":1,"name":"Home","item":"https:\/\/dmcsrb.com\/"},{"@type":"ListItem","position":2,"name":"Raspopovi\u0107 i zvani\u010dno ambasador u Nizozemskoj: Crna Gora odlu\u010dna u namjeri da postane naredna \u010dlanica EU"}]},{"@type":"WebSite","@id":"https:\/\/dmcsrb.com\/#website","url":"https:\/\/dmcsrb.com\/","name":"dmcsrb.com","description":"","potentialAction":[{"@type":"SearchAction","target":{"@type":"EntryPoint","urlTemplate":"https:\/\/dmcsrb.com\/?s={search_term_string}"},"query-input":{"@type":"PropertyValueSpecification","valueRequired":true,"valueName":"search_term_string"}}],"inLanguage":"en-GB"},{"@type":"Person","@id":"https:\/\/dmcsrb.com\/#\/schema\/person\/5c39170f12db1b8b457732d0b5c854e2","name":"dmcsrbija.com@gmail.com","image":{"@type":"ImageObject","inLanguage":"en-GB","@id":"https:\/\/secure.gravatar.com\/avatar\/68592660ad6347fad0fb587f8d5d8f1a7b44961362f56e4f2cd524feb87e9069?s=96&d=mm&r=g","url":"https:\/\/secure.gravatar.com\/avatar\/68592660ad6347fad0fb587f8d5d8f1a7b44961362f56e4f2cd524feb87e9069?s=96&d=mm&r=g","contentUrl":"https:\/\/secure.gravatar.com\/avatar\/68592660ad6347fad0fb587f8d5d8f1a7b44961362f56e4f2cd524feb87e9069?s=96&d=mm&r=g","caption":"dmcsrbija.com@gmail.com"},"sameAs":["https:\/\/dmcsrb.com"],"url":"https:\/\/dmcsrb.com\/en\/author\/dmcsrbija-comgmail-com\/"}]}},"_links":{"self":[{"href":"https:\/\/dmcsrb.com\/en\/wp-json\/wp\/v2\/posts\/951758","targetHints":{"allow":["GET"]}}],"collection":[{"href":"https:\/\/dmcsrb.com\/en\/wp-json\/wp\/v2\/posts"}],"about":[{"href":"https:\/\/dmcsrb.com\/en\/wp-json\/wp\/v2\/types\/post"}],"author":[{"embeddable":true,"href":"https:\/\/dmcsrb.com\/en\/wp-json\/wp\/v2\/users\/1"}],"replies":[{"embeddable":true,"href":"https:\/\/dmcsrb.com\/en\/wp-json\/wp\/v2\/comments?post=951758"}],"version-history":[{"count":0,"href":"https:\/\/dmcsrb.com\/en\/wp-json\/wp\/v2\/posts\/951758\/revisions"}],"wp:featuredmedia":[{"embeddable":true,"href":"https:\/\/dmcsrb.com\/en\/wp-json\/wp\/v2\/media\/951759"}],"wp:attachment":[{"href":"https:\/\/dmcsrb.com\/en\/wp-json\/wp\/v2\/media?parent=951758"}],"wp:term":[{"taxonomy":"category","embeddable":true,"href":"https:\/\/dmcsrb.com\/en\/wp-json\/wp\/v2\/categories?post=951758"},{"taxonomy":"post_tag","embeddable":true,"href":"https:\/\/dmcsrb.com\/en\/wp-json\/wp\/v2\/tags?post=951758"},{"taxonomy":"naslovna","embeddable":true,"href":"https:\/\/dmcsrb.com\/en\/wp-json\/wp\/v2\/naslovna?post=951758"}],"curies":[{"name":"wp","href":"https:\/\/api.w.org\/{rel}","templated":true}]}}