{"id":951755,"date":"2025-09-12T12:47:36","date_gmt":"2025-09-12T10:47:36","guid":{"rendered":"https:\/\/dmcsrb.com\/uncategorized\/dragicevic-podnio-sam-krivicnu-prijavu-protiv-knezevica-zbog-ugrozavanja-sigurnosti\/"},"modified":"2025-09-12T12:47:36","modified_gmt":"2025-09-12T10:47:36","slug":"dragicevic-podnio-sam-krivicnu-prijavu-protiv-knezevica-zbog-ugrozavanja-sigurnosti","status":"publish","type":"post","link":"https:\/\/dmcsrb.com\/en\/drustvo\/dragicevic-podnio-sam-krivicnu-prijavu-protiv-knezevica-zbog-ugrozavanja-sigurnosti\/","title":{"rendered":"Dragi\u0107evi\u0107: Podnio sam krivi\u010dnu prijavu protiv Kne\u017eevi\u0107a zbog ugro\u017eavanja sigurnosti"},"content":{"rendered":"<p>. On je pojasnio da je &#8220;Kne\u017eevi\u0107 na skupu u Botunu inputirao stvari koje nijesam rekao a onda prozivaju\u0107i me kao &#8220;kosmurana&#8221; pozivao i obe\u0107avao da mi se, ako nastavim da pri\u010dam pozitivno o PPOV u Botunu, dolazi na ku\u0107u&#8221;.<\/p>\n\n\n\n<p>&#8220;Mnogo sam godina aktivista. DPS me je preko ANB nelegalno prislu\u0161kivao i pratio zbog \u010dega se sudim sa dr\u017eavom, bu\u0161ili su mi gume njihovi aktivisti, njihovi botovi i portali iznosili najgnusnije la\u017ei ali nikad ni jedan njihov poslanik nije javno pozivao da se ljudima ide na ku\u0107u kao \u0161to je to pred par hiljada ljudi u\u010dinio poslanik vlasti Kne\u017eevi\u0107 i jo\u0161 to titlovano objavio na mre\u017eama.<\/p>\n\n\n\n<p>Sad ja treba da \u010dekam da mi neka pijana ili drogrirana budala, neki krivolovac ili \u0161ljunkar iz Zete protiv kojih se borim deceniju do\u0111e na ku\u0107u ili mi ugrozi sigurnost porodice samo i isklju\u010divo zbog mog stava koji se ti\u010de za\u0161tite prirode i zbog prozivanja i la\u017ei da sam rekao ne\u0161to \u0161to nijesam od poslanika vlasti.. Naravno da ne\u0107u \u010dekati nego sam sproveo mjere i radnje da za\u0161titim i sebe i porodicu pa bujrum, neka do\u0111e prvi poslanik Kne\u017eevi\u0107 da istovara fekalije \u010dekam ga.<\/p>\n\n\n\n<p>Mo\u017eda ovakve stvari prolaze kod Kne\u017eevi\u0107evog idola Vu\u010di\u0107a koji hapsi, tu\u010de i proziva aktiviste na dnevnom nivou &#8211; u Crnoj Gori nije i nikad ne\u0107e. Garantujem to&#8221;, poru\u010dio je Dragi\u0107evi\u0107.<\/p>\n\n\n\n<figure class=\"wp-block-image size-large\"><img decoding=\"async\" src=\"https:\/\/gradski.me\/wp-content\/uploads\/2025\/09\/547207184_10239811636976997_3685516859893693693_n-727x1024.jpg\" alt=\"\" class=\"wp-image-832385\"\/><\/figure>\n\n\n\n<p><\/p>","protected":false},"excerpt":{"rendered":"<p>Danas sam podnio krivi\u010dnu prijavu protiv poslanika Milana Kne\u017eevi\u0107a za ugro\u017eavanje sigurnosti, saop\u0161tio je na svom Fejzbuk profilu ekolo\u0161ki aktivista Aleksandar Dragi\u0107evi\u0107.<\/p>","protected":false},"author":1,"featured_media":946800,"comment_status":"open","ping_status":"open","sticky":false,"template":"","format":"standard","meta":{"_acf_changed":false,"footnotes":""},"categories":[2],"tags":[7892,1281,2975],"naslovna":[],"class_list":["post-951755","post","type-post","status-publish","format-standard","has-post-thumbnail","hentry","category-drustvo","tag-dragicevic","tag-knezevic","tag-prijava"],"acf":[],"yoast_head":"<!-- This site is optimized with the Yoast SEO plugin v27.0 - https:\/\/yoast.com\/product\/yoast-seo-wordpress\/ -->\n<title>Dragi\u0107evi\u0107: Podnio sam krivi\u010dnu prijavu protiv Kne\u017eevi\u0107a zbog ugro\u017eavanja sigurnosti - dmcsrb.com<\/title>\n<meta name=\"robots\" content=\"index, follow, max-snippet:-1, max-image-preview:large, max-video-preview:-1\" \/>\n<link rel=\"canonical\" href=\"https:\/\/dmcsrb.com\/en\/drustvo\/dragicevic-podnio-sam-krivicnu-prijavu-protiv-knezevica-zbog-ugrozavanja-sigurnosti\/\" \/>\n<meta property=\"og:locale\" content=\"en_GB\" \/>\n<meta property=\"og:type\" content=\"article\" \/>\n<meta property=\"og:title\" content=\"Dragi\u0107evi\u0107: Podnio sam krivi\u010dnu prijavu protiv Kne\u017eevi\u0107a zbog ugro\u017eavanja sigurnosti - dmcsrb.com\" \/>\n<meta property=\"og:description\" content=\"Danas sam podnio krivi\u010dnu prijavu protiv poslanika Milana Kne\u017eevi\u0107a za ugro\u017eavanje sigurnosti, saop\u0161tio je na svom Fejzbuk profilu ekolo\u0161ki aktivista Aleksandar Dragi\u0107evi\u0107.\" \/>\n<meta property=\"og:url\" content=\"https:\/\/dmcsrb.com\/en\/drustvo\/dragicevic-podnio-sam-krivicnu-prijavu-protiv-knezevica-zbog-ugrozavanja-sigurnosti\/\" \/>\n<meta property=\"og:site_name\" content=\"dmcsrb.com\" \/>\n<meta property=\"article:published_time\" content=\"2025-09-12T10:47:36+00:00\" \/>\n<meta property=\"og:image\" content=\"https:\/\/dmcsrb.com\/wp-content\/uploads\/2026\/01\/Aleksandar-Dragicevic.webp\" \/>\n\t<meta property=\"og:image:width\" content=\"1174\" \/>\n\t<meta property=\"og:image:height\" content=\"631\" \/>\n\t<meta property=\"og:image:type\" content=\"image\/jpeg\" \/>\n<meta name=\"author\" content=\"dmcsrbija.com@gmail.com\" \/>\n<meta name=\"twitter:card\" content=\"summary_large_image\" \/>\n<meta name=\"twitter:label1\" content=\"Written by\" \/>\n\t<meta name=\"twitter:data1\" content=\"dmcsrbija.com@gmail.com\" \/>\n\t<meta name=\"twitter:label2\" content=\"Estimated reading time\" \/>\n\t<meta name=\"twitter:data2\" content=\"1 minute\" \/>\n<script type=\"application\/ld+json\" class=\"yoast-schema-graph\">{\"@context\":\"https:\/\/schema.org\",\"@graph\":[{\"@type\":\"Article\",\"@id\":\"https:\/\/dmcsrb.com\/drustvo\/dragicevic-podnio-sam-krivicnu-prijavu-protiv-knezevica-zbog-ugrozavanja-sigurnosti\/#article\",\"isPartOf\":{\"@id\":\"https:\/\/dmcsrb.com\/drustvo\/dragicevic-podnio-sam-krivicnu-prijavu-protiv-knezevica-zbog-ugrozavanja-sigurnosti\/\"},\"author\":{\"name\":\"dmcsrbija.com@gmail.com\",\"@id\":\"https:\/\/dmcsrb.com\/#\/schema\/person\/5c39170f12db1b8b457732d0b5c854e2\"},\"headline\":\"Dragi\u0107evi\u0107: Podnio sam krivi\u010dnu prijavu protiv Kne\u017eevi\u0107a zbog ugro\u017eavanja sigurnosti\",\"datePublished\":\"2025-09-12T10:47:36+00:00\",\"mainEntityOfPage\":{\"@id\":\"https:\/\/dmcsrb.com\/drustvo\/dragicevic-podnio-sam-krivicnu-prijavu-protiv-knezevica-zbog-ugrozavanja-sigurnosti\/\"},\"wordCount\":267,\"commentCount\":0,\"image\":{\"@id\":\"https:\/\/dmcsrb.com\/drustvo\/dragicevic-podnio-sam-krivicnu-prijavu-protiv-knezevica-zbog-ugrozavanja-sigurnosti\/#primaryimage\"},\"thumbnailUrl\":\"https:\/\/dmcsrb.com\/wp-content\/uploads\/2026\/01\/Aleksandar-Dragicevic.webp\",\"keywords\":[\"Dragi\u0107evi\u0107\",\"Kne\u017eevi\u0107\",\"prijava\"],\"articleSection\":[\"Dru\u0161tvo\"],\"inLanguage\":\"en-GB\",\"potentialAction\":[{\"@type\":\"CommentAction\",\"name\":\"Comment\",\"target\":[\"https:\/\/dmcsrb.com\/drustvo\/dragicevic-podnio-sam-krivicnu-prijavu-protiv-knezevica-zbog-ugrozavanja-sigurnosti\/#respond\"]}]},{\"@type\":\"WebPage\",\"@id\":\"https:\/\/dmcsrb.com\/drustvo\/dragicevic-podnio-sam-krivicnu-prijavu-protiv-knezevica-zbog-ugrozavanja-sigurnosti\/\",\"url\":\"https:\/\/dmcsrb.com\/drustvo\/dragicevic-podnio-sam-krivicnu-prijavu-protiv-knezevica-zbog-ugrozavanja-sigurnosti\/\",\"name\":\"Dragi\u0107evi\u0107: Podnio sam krivi\u010dnu prijavu protiv Kne\u017eevi\u0107a zbog ugro\u017eavanja sigurnosti - dmcsrb.com\",\"isPartOf\":{\"@id\":\"https:\/\/dmcsrb.com\/#website\"},\"primaryImageOfPage\":{\"@id\":\"https:\/\/dmcsrb.com\/drustvo\/dragicevic-podnio-sam-krivicnu-prijavu-protiv-knezevica-zbog-ugrozavanja-sigurnosti\/#primaryimage\"},\"image\":{\"@id\":\"https:\/\/dmcsrb.com\/drustvo\/dragicevic-podnio-sam-krivicnu-prijavu-protiv-knezevica-zbog-ugrozavanja-sigurnosti\/#primaryimage\"},\"thumbnailUrl\":\"https:\/\/dmcsrb.com\/wp-content\/uploads\/2026\/01\/Aleksandar-Dragicevic.webp\",\"datePublished\":\"2025-09-12T10:47:36+00:00\",\"author\":{\"@id\":\"https:\/\/dmcsrb.com\/#\/schema\/person\/5c39170f12db1b8b457732d0b5c854e2\"},\"breadcrumb\":{\"@id\":\"https:\/\/dmcsrb.com\/drustvo\/dragicevic-podnio-sam-krivicnu-prijavu-protiv-knezevica-zbog-ugrozavanja-sigurnosti\/#breadcrumb\"},\"inLanguage\":\"en-GB\",\"potentialAction\":[{\"@type\":\"ReadAction\",\"target\":[\"https:\/\/dmcsrb.com\/drustvo\/dragicevic-podnio-sam-krivicnu-prijavu-protiv-knezevica-zbog-ugrozavanja-sigurnosti\/\"]}]},{\"@type\":\"ImageObject\",\"inLanguage\":\"en-GB\",\"@id\":\"https:\/\/dmcsrb.com\/drustvo\/dragicevic-podnio-sam-krivicnu-prijavu-protiv-knezevica-zbog-ugrozavanja-sigurnosti\/#primaryimage\",\"url\":\"https:\/\/dmcsrb.com\/wp-content\/uploads\/2026\/01\/Aleksandar-Dragicevic.webp\",\"contentUrl\":\"https:\/\/dmcsrb.com\/wp-content\/uploads\/2026\/01\/Aleksandar-Dragicevic.webp\",\"width\":1174,\"height\":631},{\"@type\":\"BreadcrumbList\",\"@id\":\"https:\/\/dmcsrb.com\/drustvo\/dragicevic-podnio-sam-krivicnu-prijavu-protiv-knezevica-zbog-ugrozavanja-sigurnosti\/#breadcrumb\",\"itemListElement\":[{\"@type\":\"ListItem\",\"position\":1,\"name\":\"Home\",\"item\":\"https:\/\/dmcsrb.com\/\"},{\"@type\":\"ListItem\",\"position\":2,\"name\":\"Dragi\u0107evi\u0107: Podnio sam krivi\u010dnu prijavu protiv Kne\u017eevi\u0107a zbog ugro\u017eavanja sigurnosti\"}]},{\"@type\":\"WebSite\",\"@id\":\"https:\/\/dmcsrb.com\/#website\",\"url\":\"https:\/\/dmcsrb.com\/\",\"name\":\"dmcsrb.com\",\"description\":\"\",\"potentialAction\":[{\"@type\":\"SearchAction\",\"target\":{\"@type\":\"EntryPoint\",\"urlTemplate\":\"https:\/\/dmcsrb.com\/?s={search_term_string}\"},\"query-input\":{\"@type\":\"PropertyValueSpecification\",\"valueRequired\":true,\"valueName\":\"search_term_string\"}}],\"inLanguage\":\"en-GB\"},{\"@type\":\"Person\",\"@id\":\"https:\/\/dmcsrb.com\/#\/schema\/person\/5c39170f12db1b8b457732d0b5c854e2\",\"name\":\"dmcsrbija.com@gmail.com\",\"image\":{\"@type\":\"ImageObject\",\"inLanguage\":\"en-GB\",\"@id\":\"https:\/\/dmcsrb.com\/#\/schema\/person\/image\/\",\"url\":\"https:\/\/secure.gravatar.com\/avatar\/68592660ad6347fad0fb587f8d5d8f1a7b44961362f56e4f2cd524feb87e9069?s=96&d=mm&r=g\",\"contentUrl\":\"https:\/\/secure.gravatar.com\/avatar\/68592660ad6347fad0fb587f8d5d8f1a7b44961362f56e4f2cd524feb87e9069?s=96&d=mm&r=g\",\"caption\":\"dmcsrbija.com@gmail.com\"},\"sameAs\":[\"https:\/\/dmcsrb.com\"],\"url\":\"https:\/\/dmcsrb.com\/en\/author\/dmcsrbija-comgmail-com\/\"}]}<\/script>\n<!-- \/ Yoast SEO plugin. -->","yoast_head_json":{"title":"Dragi\u0107evi\u0107: Podnio sam krivi\u010dnu prijavu protiv Kne\u017eevi\u0107a zbog ugro\u017eavanja sigurnosti - dmcsrb.com","robots":{"index":"index","follow":"follow","max-snippet":"max-snippet:-1","max-image-preview":"max-image-preview:large","max-video-preview":"max-video-preview:-1"},"canonical":"https:\/\/dmcsrb.com\/en\/drustvo\/dragicevic-podnio-sam-krivicnu-prijavu-protiv-knezevica-zbog-ugrozavanja-sigurnosti\/","og_locale":"en_GB","og_type":"article","og_title":"Dragi\u0107evi\u0107: Podnio sam krivi\u010dnu prijavu protiv Kne\u017eevi\u0107a zbog ugro\u017eavanja sigurnosti - dmcsrb.com","og_description":"Danas sam podnio krivi\u010dnu prijavu protiv poslanika Milana Kne\u017eevi\u0107a za ugro\u017eavanje sigurnosti, saop\u0161tio je na svom Fejzbuk profilu ekolo\u0161ki aktivista Aleksandar Dragi\u0107evi\u0107.","og_url":"https:\/\/dmcsrb.com\/en\/drustvo\/dragicevic-podnio-sam-krivicnu-prijavu-protiv-knezevica-zbog-ugrozavanja-sigurnosti\/","og_site_name":"dmcsrb.com","article_published_time":"2025-09-12T10:47:36+00:00","og_image":[{"width":1174,"height":631,"url":"https:\/\/dmcsrb.com\/wp-content\/uploads\/2026\/01\/Aleksandar-Dragicevic.webp","type":"image\/jpeg"}],"author":"dmcsrbija.com@gmail.com","twitter_card":"summary_large_image","twitter_misc":{"Written by":"dmcsrbija.com@gmail.com","Estimated reading time":"1 minute"},"schema":{"@context":"https:\/\/schema.org","@graph":[{"@type":"Article","@id":"https:\/\/dmcsrb.com\/drustvo\/dragicevic-podnio-sam-krivicnu-prijavu-protiv-knezevica-zbog-ugrozavanja-sigurnosti\/#article","isPartOf":{"@id":"https:\/\/dmcsrb.com\/drustvo\/dragicevic-podnio-sam-krivicnu-prijavu-protiv-knezevica-zbog-ugrozavanja-sigurnosti\/"},"author":{"name":"dmcsrbija.com@gmail.com","@id":"https:\/\/dmcsrb.com\/#\/schema\/person\/5c39170f12db1b8b457732d0b5c854e2"},"headline":"Dragi\u0107evi\u0107: Podnio sam krivi\u010dnu prijavu protiv Kne\u017eevi\u0107a zbog ugro\u017eavanja sigurnosti","datePublished":"2025-09-12T10:47:36+00:00","mainEntityOfPage":{"@id":"https:\/\/dmcsrb.com\/drustvo\/dragicevic-podnio-sam-krivicnu-prijavu-protiv-knezevica-zbog-ugrozavanja-sigurnosti\/"},"wordCount":267,"commentCount":0,"image":{"@id":"https:\/\/dmcsrb.com\/drustvo\/dragicevic-podnio-sam-krivicnu-prijavu-protiv-knezevica-zbog-ugrozavanja-sigurnosti\/#primaryimage"},"thumbnailUrl":"https:\/\/dmcsrb.com\/wp-content\/uploads\/2026\/01\/Aleksandar-Dragicevic.webp","keywords":["Dragi\u0107evi\u0107","Kne\u017eevi\u0107","prijava"],"articleSection":["Dru\u0161tvo"],"inLanguage":"en-GB","potentialAction":[{"@type":"CommentAction","name":"Comment","target":["https:\/\/dmcsrb.com\/drustvo\/dragicevic-podnio-sam-krivicnu-prijavu-protiv-knezevica-zbog-ugrozavanja-sigurnosti\/#respond"]}]},{"@type":"WebPage","@id":"https:\/\/dmcsrb.com\/drustvo\/dragicevic-podnio-sam-krivicnu-prijavu-protiv-knezevica-zbog-ugrozavanja-sigurnosti\/","url":"https:\/\/dmcsrb.com\/drustvo\/dragicevic-podnio-sam-krivicnu-prijavu-protiv-knezevica-zbog-ugrozavanja-sigurnosti\/","name":"Dragi\u0107evi\u0107: Podnio sam krivi\u010dnu prijavu protiv Kne\u017eevi\u0107a zbog ugro\u017eavanja sigurnosti - dmcsrb.com","isPartOf":{"@id":"https:\/\/dmcsrb.com\/#website"},"primaryImageOfPage":{"@id":"https:\/\/dmcsrb.com\/drustvo\/dragicevic-podnio-sam-krivicnu-prijavu-protiv-knezevica-zbog-ugrozavanja-sigurnosti\/#primaryimage"},"image":{"@id":"https:\/\/dmcsrb.com\/drustvo\/dragicevic-podnio-sam-krivicnu-prijavu-protiv-knezevica-zbog-ugrozavanja-sigurnosti\/#primaryimage"},"thumbnailUrl":"https:\/\/dmcsrb.com\/wp-content\/uploads\/2026\/01\/Aleksandar-Dragicevic.webp","datePublished":"2025-09-12T10:47:36+00:00","author":{"@id":"https:\/\/dmcsrb.com\/#\/schema\/person\/5c39170f12db1b8b457732d0b5c854e2"},"breadcrumb":{"@id":"https:\/\/dmcsrb.com\/drustvo\/dragicevic-podnio-sam-krivicnu-prijavu-protiv-knezevica-zbog-ugrozavanja-sigurnosti\/#breadcrumb"},"inLanguage":"en-GB","potentialAction":[{"@type":"ReadAction","target":["https:\/\/dmcsrb.com\/drustvo\/dragicevic-podnio-sam-krivicnu-prijavu-protiv-knezevica-zbog-ugrozavanja-sigurnosti\/"]}]},{"@type":"ImageObject","inLanguage":"en-GB","@id":"https:\/\/dmcsrb.com\/drustvo\/dragicevic-podnio-sam-krivicnu-prijavu-protiv-knezevica-zbog-ugrozavanja-sigurnosti\/#primaryimage","url":"https:\/\/dmcsrb.com\/wp-content\/uploads\/2026\/01\/Aleksandar-Dragicevic.webp","contentUrl":"https:\/\/dmcsrb.com\/wp-content\/uploads\/2026\/01\/Aleksandar-Dragicevic.webp","width":1174,"height":631},{"@type":"BreadcrumbList","@id":"https:\/\/dmcsrb.com\/drustvo\/dragicevic-podnio-sam-krivicnu-prijavu-protiv-knezevica-zbog-ugrozavanja-sigurnosti\/#breadcrumb","itemListElement":[{"@type":"ListItem","position":1,"name":"Home","item":"https:\/\/dmcsrb.com\/"},{"@type":"ListItem","position":2,"name":"Dragi\u0107evi\u0107: Podnio sam krivi\u010dnu prijavu protiv Kne\u017eevi\u0107a zbog ugro\u017eavanja sigurnosti"}]},{"@type":"WebSite","@id":"https:\/\/dmcsrb.com\/#website","url":"https:\/\/dmcsrb.com\/","name":"dmcsrb.com","description":"","potentialAction":[{"@type":"SearchAction","target":{"@type":"EntryPoint","urlTemplate":"https:\/\/dmcsrb.com\/?s={search_term_string}"},"query-input":{"@type":"PropertyValueSpecification","valueRequired":true,"valueName":"search_term_string"}}],"inLanguage":"en-GB"},{"@type":"Person","@id":"https:\/\/dmcsrb.com\/#\/schema\/person\/5c39170f12db1b8b457732d0b5c854e2","name":"dmcsrbija.com@gmail.com","image":{"@type":"ImageObject","inLanguage":"en-GB","@id":"https:\/\/dmcsrb.com\/#\/schema\/person\/image\/","url":"https:\/\/secure.gravatar.com\/avatar\/68592660ad6347fad0fb587f8d5d8f1a7b44961362f56e4f2cd524feb87e9069?s=96&d=mm&r=g","contentUrl":"https:\/\/secure.gravatar.com\/avatar\/68592660ad6347fad0fb587f8d5d8f1a7b44961362f56e4f2cd524feb87e9069?s=96&d=mm&r=g","caption":"dmcsrbija.com@gmail.com"},"sameAs":["https:\/\/dmcsrb.com"],"url":"https:\/\/dmcsrb.com\/en\/author\/dmcsrbija-comgmail-com\/"}]}},"_links":{"self":[{"href":"https:\/\/dmcsrb.com\/en\/wp-json\/wp\/v2\/posts\/951755","targetHints":{"allow":["GET"]}}],"collection":[{"href":"https:\/\/dmcsrb.com\/en\/wp-json\/wp\/v2\/posts"}],"about":[{"href":"https:\/\/dmcsrb.com\/en\/wp-json\/wp\/v2\/types\/post"}],"author":[{"embeddable":true,"href":"https:\/\/dmcsrb.com\/en\/wp-json\/wp\/v2\/users\/1"}],"replies":[{"embeddable":true,"href":"https:\/\/dmcsrb.com\/en\/wp-json\/wp\/v2\/comments?post=951755"}],"version-history":[{"count":0,"href":"https:\/\/dmcsrb.com\/en\/wp-json\/wp\/v2\/posts\/951755\/revisions"}],"wp:featuredmedia":[{"embeddable":true,"href":"https:\/\/dmcsrb.com\/en\/wp-json\/wp\/v2\/media\/946800"}],"wp:attachment":[{"href":"https:\/\/dmcsrb.com\/en\/wp-json\/wp\/v2\/media?parent=951755"}],"wp:term":[{"taxonomy":"category","embeddable":true,"href":"https:\/\/dmcsrb.com\/en\/wp-json\/wp\/v2\/categories?post=951755"},{"taxonomy":"post_tag","embeddable":true,"href":"https:\/\/dmcsrb.com\/en\/wp-json\/wp\/v2\/tags?post=951755"},{"taxonomy":"naslovna","embeddable":true,"href":"https:\/\/dmcsrb.com\/en\/wp-json\/wp\/v2\/naslovna?post=951755"}],"curies":[{"name":"wp","href":"https:\/\/api.w.org\/{rel}","templated":true}]}}