{"id":951745,"date":"2025-09-12T12:15:14","date_gmt":"2025-09-12T10:15:14","guid":{"rendered":"https:\/\/dmcsrb.com\/uncategorized\/lisen-slobode-i-cetvrti-maloljetnik-osumnjicen-za-nanosenje-teske-tjelesne-povrede-uceniku-u-golubovcima\/"},"modified":"2025-09-12T12:15:14","modified_gmt":"2025-09-12T10:15:14","slug":"lisen-slobode-i-cetvrti-maloljetnik-osumnjicen-za-nanosenje-teske-tjelesne-povrede-uceniku-u-golubovcima","status":"publish","type":"post","link":"https:\/\/dmcsrb.com\/en\/hronika\/lisen-slobode-i-cetvrti-maloljetnik-osumnjicen-za-nanosenje-teske-tjelesne-povrede-uceniku-u-golubovcima\/","title":{"rendered":"Li\u0161en slobode i \u010detvrti maloljetnik osumnji\u010den za nano\u0161enje te\u0161ke tjelesne povrede u\u010deniku u Golubovcima"},"content":{"rendered":"<p><\/p>\n\n\n\n<p><\/p>\n\n\n\n<p>Kako navoed, pripadnici jedinice kriminalisti\u010dke policije za suzbijanje maloljetni\u010dke delinkvencije, su u saradnji sa upravom \u0161kole, identifikovali i \u010detvrto osumnji\u010deno lice \u2013 maloljetnika starog 16 godina koji se sumnji\u010di da je pomenutog dana ispred dvori\u0161ta \u0161kole, zajedno sa jo\u0161 tri maloljetna lica, fizi\u010dki napao o\u0161te\u0107eno lice nanose\u0107i mu te\u0161ke tjelesne povrede.<\/p>\n\n\n\n<p>&#8220;Pomenuti maloljetnik je po nalogu dr\u017eavne tu\u017eiteljke u Osnovnom dr\u017eavnom tu\u017eila\u0161tvu u Podgorici li\u0161en slobode zbog sumnje da je izvr\u0161io krivi\u010dno djelo nasilni\u010dko pona\u0161anje u sticaju sa krivi\u010dnim djelom te\u0161ka tjelesna povreda u saizvr\u0161ila\u0161tvu. Prethodno su u policijsko \u2013 tu\u017eila\u010dkim mjerama i radnjama identifikovana i li\u0161ena slobode tri maloljetnika starosti 14 i 15 godina \u2013 u\u010denici ove srednje \u0161kole, koja se sumnji\u010de za izvr\u0161enje navedenog krivi\u010dnog djela po\u010dinjenog na \u0161tetu pomenutog lica&#8221;, kazali su u saop\u0161tenkju.<\/p>","protected":false},"excerpt":{"rendered":"<p>U nastavku aktivnosti slu\u017ebenika Odjeljenja bezbjednosti Podgorica, na potpunom rasvjetljavanju doga\u0111aja od 8.9.2025. godine, kada je u blizini JU SM\u0160 u Golubovcima od strane vi\u0161e lica, fizi\u010dki napadnut maloljetnik star 15 godina koji je tom prilikom zadobio te\u0161ke tjelesne povrede, identifikovano je i li\u0161eno slobode jo\u0161 jedno maloljetno lice &#8211; \u010detvrti osumnji\u010deni za fizi\u010dki napad, saop\u0161teno je iz Uprave policije.<\/p>","protected":false},"author":1,"featured_media":0,"comment_status":"open","ping_status":"open","sticky":false,"template":"","format":"standard","meta":{"_acf_changed":false,"footnotes":""},"categories":[17],"tags":[45,4045,512],"naslovna":[],"class_list":["post-951745","post","type-post","status-publish","format-standard","hentry","category-hronika","tag-policija","tag-tuca","tag-zeta"],"acf":[],"yoast_head":"<!-- This site is optimized with the Yoast SEO plugin v27.0 - https:\/\/yoast.com\/product\/yoast-seo-wordpress\/ -->\n<title>Li\u0161en slobode i \u010detvrti maloljetnik osumnji\u010den za nano\u0161enje te\u0161ke tjelesne povrede u\u010deniku u Golubovcima - dmcsrb.com<\/title>\n<meta name=\"robots\" content=\"index, follow, max-snippet:-1, max-image-preview:large, max-video-preview:-1\" \/>\n<link rel=\"canonical\" href=\"https:\/\/dmcsrb.com\/en\/hronika\/lisen-slobode-i-cetvrti-maloljetnik-osumnjicen-za-nanosenje-teske-tjelesne-povrede-uceniku-u-golubovcima\/\" \/>\n<meta property=\"og:locale\" content=\"en_GB\" \/>\n<meta property=\"og:type\" content=\"article\" \/>\n<meta property=\"og:title\" content=\"Li\u0161en slobode i \u010detvrti maloljetnik osumnji\u010den za nano\u0161enje te\u0161ke tjelesne povrede u\u010deniku u Golubovcima - dmcsrb.com\" \/>\n<meta property=\"og:description\" content=\"U nastavku aktivnosti slu\u017ebenika Odjeljenja bezbjednosti Podgorica, na potpunom rasvjetljavanju doga\u0111aja od 8.9.2025. godine, kada je u blizini JU SM\u0160 u Golubovcima od strane vi\u0161e lica, fizi\u010dki napadnut maloljetnik star 15 godina koji je tom prilikom zadobio te\u0161ke tjelesne povrede, identifikovano je i li\u0161eno slobode jo\u0161 jedno maloljetno lice - \u010detvrti osumnji\u010deni za fizi\u010dki napad, saop\u0161teno je iz Uprave policije.\" \/>\n<meta property=\"og:url\" content=\"https:\/\/dmcsrb.com\/en\/hronika\/lisen-slobode-i-cetvrti-maloljetnik-osumnjicen-za-nanosenje-teske-tjelesne-povrede-uceniku-u-golubovcima\/\" \/>\n<meta property=\"og:site_name\" content=\"dmcsrb.com\" \/>\n<meta property=\"article:published_time\" content=\"2025-09-12T10:15:14+00:00\" \/>\n<meta name=\"author\" content=\"dmcsrbija.com@gmail.com\" \/>\n<meta name=\"twitter:card\" content=\"summary_large_image\" \/>\n<meta name=\"twitter:label1\" content=\"Written by\" \/>\n\t<meta name=\"twitter:data1\" content=\"dmcsrbija.com@gmail.com\" \/>\n\t<meta name=\"twitter:label2\" content=\"Estimated reading time\" \/>\n\t<meta name=\"twitter:data2\" content=\"1 minute\" \/>\n<script type=\"application\/ld+json\" class=\"yoast-schema-graph\">{\"@context\":\"https:\/\/schema.org\",\"@graph\":[{\"@type\":\"Article\",\"@id\":\"https:\/\/dmcsrb.com\/hronika\/lisen-slobode-i-cetvrti-maloljetnik-osumnjicen-za-nanosenje-teske-tjelesne-povrede-uceniku-u-golubovcima\/#article\",\"isPartOf\":{\"@id\":\"https:\/\/dmcsrb.com\/hronika\/lisen-slobode-i-cetvrti-maloljetnik-osumnjicen-za-nanosenje-teske-tjelesne-povrede-uceniku-u-golubovcima\/\"},\"author\":{\"name\":\"dmcsrbija.com@gmail.com\",\"@id\":\"https:\/\/dmcsrb.com\/#\/schema\/person\/5c39170f12db1b8b457732d0b5c854e2\"},\"headline\":\"Li\u0161en slobode i \u010detvrti maloljetnik osumnji\u010den za nano\u0161enje te\u0161ke tjelesne povrede u\u010deniku u Golubovcima\",\"datePublished\":\"2025-09-12T10:15:14+00:00\",\"mainEntityOfPage\":{\"@id\":\"https:\/\/dmcsrb.com\/hronika\/lisen-slobode-i-cetvrti-maloljetnik-osumnjicen-za-nanosenje-teske-tjelesne-povrede-uceniku-u-golubovcima\/\"},\"wordCount\":173,\"commentCount\":0,\"keywords\":[\"policija\",\"tu\u010da\",\"Zeta\"],\"articleSection\":[\"Hronika\"],\"inLanguage\":\"en-GB\",\"potentialAction\":[{\"@type\":\"CommentAction\",\"name\":\"Comment\",\"target\":[\"https:\/\/dmcsrb.com\/hronika\/lisen-slobode-i-cetvrti-maloljetnik-osumnjicen-za-nanosenje-teske-tjelesne-povrede-uceniku-u-golubovcima\/#respond\"]}]},{\"@type\":\"WebPage\",\"@id\":\"https:\/\/dmcsrb.com\/hronika\/lisen-slobode-i-cetvrti-maloljetnik-osumnjicen-za-nanosenje-teske-tjelesne-povrede-uceniku-u-golubovcima\/\",\"url\":\"https:\/\/dmcsrb.com\/hronika\/lisen-slobode-i-cetvrti-maloljetnik-osumnjicen-za-nanosenje-teske-tjelesne-povrede-uceniku-u-golubovcima\/\",\"name\":\"Li\u0161en slobode i \u010detvrti maloljetnik osumnji\u010den za nano\u0161enje te\u0161ke tjelesne povrede u\u010deniku u Golubovcima - dmcsrb.com\",\"isPartOf\":{\"@id\":\"https:\/\/dmcsrb.com\/#website\"},\"datePublished\":\"2025-09-12T10:15:14+00:00\",\"author\":{\"@id\":\"https:\/\/dmcsrb.com\/#\/schema\/person\/5c39170f12db1b8b457732d0b5c854e2\"},\"breadcrumb\":{\"@id\":\"https:\/\/dmcsrb.com\/hronika\/lisen-slobode-i-cetvrti-maloljetnik-osumnjicen-za-nanosenje-teske-tjelesne-povrede-uceniku-u-golubovcima\/#breadcrumb\"},\"inLanguage\":\"en-GB\",\"potentialAction\":[{\"@type\":\"ReadAction\",\"target\":[\"https:\/\/dmcsrb.com\/hronika\/lisen-slobode-i-cetvrti-maloljetnik-osumnjicen-za-nanosenje-teske-tjelesne-povrede-uceniku-u-golubovcima\/\"]}]},{\"@type\":\"BreadcrumbList\",\"@id\":\"https:\/\/dmcsrb.com\/hronika\/lisen-slobode-i-cetvrti-maloljetnik-osumnjicen-za-nanosenje-teske-tjelesne-povrede-uceniku-u-golubovcima\/#breadcrumb\",\"itemListElement\":[{\"@type\":\"ListItem\",\"position\":1,\"name\":\"Home\",\"item\":\"https:\/\/dmcsrb.com\/\"},{\"@type\":\"ListItem\",\"position\":2,\"name\":\"Li\u0161en slobode i \u010detvrti maloljetnik osumnji\u010den za nano\u0161enje te\u0161ke tjelesne povrede u\u010deniku u Golubovcima\"}]},{\"@type\":\"WebSite\",\"@id\":\"https:\/\/dmcsrb.com\/#website\",\"url\":\"https:\/\/dmcsrb.com\/\",\"name\":\"dmcsrb.com\",\"description\":\"\",\"potentialAction\":[{\"@type\":\"SearchAction\",\"target\":{\"@type\":\"EntryPoint\",\"urlTemplate\":\"https:\/\/dmcsrb.com\/?s={search_term_string}\"},\"query-input\":{\"@type\":\"PropertyValueSpecification\",\"valueRequired\":true,\"valueName\":\"search_term_string\"}}],\"inLanguage\":\"en-GB\"},{\"@type\":\"Person\",\"@id\":\"https:\/\/dmcsrb.com\/#\/schema\/person\/5c39170f12db1b8b457732d0b5c854e2\",\"name\":\"dmcsrbija.com@gmail.com\",\"image\":{\"@type\":\"ImageObject\",\"inLanguage\":\"en-GB\",\"@id\":\"https:\/\/dmcsrb.com\/#\/schema\/person\/image\/\",\"url\":\"https:\/\/secure.gravatar.com\/avatar\/68592660ad6347fad0fb587f8d5d8f1a7b44961362f56e4f2cd524feb87e9069?s=96&d=mm&r=g\",\"contentUrl\":\"https:\/\/secure.gravatar.com\/avatar\/68592660ad6347fad0fb587f8d5d8f1a7b44961362f56e4f2cd524feb87e9069?s=96&d=mm&r=g\",\"caption\":\"dmcsrbija.com@gmail.com\"},\"sameAs\":[\"https:\/\/dmcsrb.com\"],\"url\":\"https:\/\/dmcsrb.com\/en\/author\/dmcsrbija-comgmail-com\/\"}]}<\/script>\n<!-- \/ Yoast SEO plugin. -->","yoast_head_json":{"title":"Li\u0161en slobode i \u010detvrti maloljetnik osumnji\u010den za nano\u0161enje te\u0161ke tjelesne povrede u\u010deniku u Golubovcima - dmcsrb.com","robots":{"index":"index","follow":"follow","max-snippet":"max-snippet:-1","max-image-preview":"max-image-preview:large","max-video-preview":"max-video-preview:-1"},"canonical":"https:\/\/dmcsrb.com\/en\/hronika\/lisen-slobode-i-cetvrti-maloljetnik-osumnjicen-za-nanosenje-teske-tjelesne-povrede-uceniku-u-golubovcima\/","og_locale":"en_GB","og_type":"article","og_title":"Li\u0161en slobode i \u010detvrti maloljetnik osumnji\u010den za nano\u0161enje te\u0161ke tjelesne povrede u\u010deniku u Golubovcima - dmcsrb.com","og_description":"U nastavku aktivnosti slu\u017ebenika Odjeljenja bezbjednosti Podgorica, na potpunom rasvjetljavanju doga\u0111aja od 8.9.2025. godine, kada je u blizini JU SM\u0160 u Golubovcima od strane vi\u0161e lica, fizi\u010dki napadnut maloljetnik star 15 godina koji je tom prilikom zadobio te\u0161ke tjelesne povrede, identifikovano je i li\u0161eno slobode jo\u0161 jedno maloljetno lice - \u010detvrti osumnji\u010deni za fizi\u010dki napad, saop\u0161teno je iz Uprave policije.","og_url":"https:\/\/dmcsrb.com\/en\/hronika\/lisen-slobode-i-cetvrti-maloljetnik-osumnjicen-za-nanosenje-teske-tjelesne-povrede-uceniku-u-golubovcima\/","og_site_name":"dmcsrb.com","article_published_time":"2025-09-12T10:15:14+00:00","author":"dmcsrbija.com@gmail.com","twitter_card":"summary_large_image","twitter_misc":{"Written by":"dmcsrbija.com@gmail.com","Estimated reading time":"1 minute"},"schema":{"@context":"https:\/\/schema.org","@graph":[{"@type":"Article","@id":"https:\/\/dmcsrb.com\/hronika\/lisen-slobode-i-cetvrti-maloljetnik-osumnjicen-za-nanosenje-teske-tjelesne-povrede-uceniku-u-golubovcima\/#article","isPartOf":{"@id":"https:\/\/dmcsrb.com\/hronika\/lisen-slobode-i-cetvrti-maloljetnik-osumnjicen-za-nanosenje-teske-tjelesne-povrede-uceniku-u-golubovcima\/"},"author":{"name":"dmcsrbija.com@gmail.com","@id":"https:\/\/dmcsrb.com\/#\/schema\/person\/5c39170f12db1b8b457732d0b5c854e2"},"headline":"Li\u0161en slobode i \u010detvrti maloljetnik osumnji\u010den za nano\u0161enje te\u0161ke tjelesne povrede u\u010deniku u Golubovcima","datePublished":"2025-09-12T10:15:14+00:00","mainEntityOfPage":{"@id":"https:\/\/dmcsrb.com\/hronika\/lisen-slobode-i-cetvrti-maloljetnik-osumnjicen-za-nanosenje-teske-tjelesne-povrede-uceniku-u-golubovcima\/"},"wordCount":173,"commentCount":0,"keywords":["policija","tu\u010da","Zeta"],"articleSection":["Hronika"],"inLanguage":"en-GB","potentialAction":[{"@type":"CommentAction","name":"Comment","target":["https:\/\/dmcsrb.com\/hronika\/lisen-slobode-i-cetvrti-maloljetnik-osumnjicen-za-nanosenje-teske-tjelesne-povrede-uceniku-u-golubovcima\/#respond"]}]},{"@type":"WebPage","@id":"https:\/\/dmcsrb.com\/hronika\/lisen-slobode-i-cetvrti-maloljetnik-osumnjicen-za-nanosenje-teske-tjelesne-povrede-uceniku-u-golubovcima\/","url":"https:\/\/dmcsrb.com\/hronika\/lisen-slobode-i-cetvrti-maloljetnik-osumnjicen-za-nanosenje-teske-tjelesne-povrede-uceniku-u-golubovcima\/","name":"Li\u0161en slobode i \u010detvrti maloljetnik osumnji\u010den za nano\u0161enje te\u0161ke tjelesne povrede u\u010deniku u Golubovcima - dmcsrb.com","isPartOf":{"@id":"https:\/\/dmcsrb.com\/#website"},"datePublished":"2025-09-12T10:15:14+00:00","author":{"@id":"https:\/\/dmcsrb.com\/#\/schema\/person\/5c39170f12db1b8b457732d0b5c854e2"},"breadcrumb":{"@id":"https:\/\/dmcsrb.com\/hronika\/lisen-slobode-i-cetvrti-maloljetnik-osumnjicen-za-nanosenje-teske-tjelesne-povrede-uceniku-u-golubovcima\/#breadcrumb"},"inLanguage":"en-GB","potentialAction":[{"@type":"ReadAction","target":["https:\/\/dmcsrb.com\/hronika\/lisen-slobode-i-cetvrti-maloljetnik-osumnjicen-za-nanosenje-teske-tjelesne-povrede-uceniku-u-golubovcima\/"]}]},{"@type":"BreadcrumbList","@id":"https:\/\/dmcsrb.com\/hronika\/lisen-slobode-i-cetvrti-maloljetnik-osumnjicen-za-nanosenje-teske-tjelesne-povrede-uceniku-u-golubovcima\/#breadcrumb","itemListElement":[{"@type":"ListItem","position":1,"name":"Home","item":"https:\/\/dmcsrb.com\/"},{"@type":"ListItem","position":2,"name":"Li\u0161en slobode i \u010detvrti maloljetnik osumnji\u010den za nano\u0161enje te\u0161ke tjelesne povrede u\u010deniku u Golubovcima"}]},{"@type":"WebSite","@id":"https:\/\/dmcsrb.com\/#website","url":"https:\/\/dmcsrb.com\/","name":"dmcsrb.com","description":"","potentialAction":[{"@type":"SearchAction","target":{"@type":"EntryPoint","urlTemplate":"https:\/\/dmcsrb.com\/?s={search_term_string}"},"query-input":{"@type":"PropertyValueSpecification","valueRequired":true,"valueName":"search_term_string"}}],"inLanguage":"en-GB"},{"@type":"Person","@id":"https:\/\/dmcsrb.com\/#\/schema\/person\/5c39170f12db1b8b457732d0b5c854e2","name":"dmcsrbija.com@gmail.com","image":{"@type":"ImageObject","inLanguage":"en-GB","@id":"https:\/\/dmcsrb.com\/#\/schema\/person\/image\/","url":"https:\/\/secure.gravatar.com\/avatar\/68592660ad6347fad0fb587f8d5d8f1a7b44961362f56e4f2cd524feb87e9069?s=96&d=mm&r=g","contentUrl":"https:\/\/secure.gravatar.com\/avatar\/68592660ad6347fad0fb587f8d5d8f1a7b44961362f56e4f2cd524feb87e9069?s=96&d=mm&r=g","caption":"dmcsrbija.com@gmail.com"},"sameAs":["https:\/\/dmcsrb.com"],"url":"https:\/\/dmcsrb.com\/en\/author\/dmcsrbija-comgmail-com\/"}]}},"_links":{"self":[{"href":"https:\/\/dmcsrb.com\/en\/wp-json\/wp\/v2\/posts\/951745","targetHints":{"allow":["GET"]}}],"collection":[{"href":"https:\/\/dmcsrb.com\/en\/wp-json\/wp\/v2\/posts"}],"about":[{"href":"https:\/\/dmcsrb.com\/en\/wp-json\/wp\/v2\/types\/post"}],"author":[{"embeddable":true,"href":"https:\/\/dmcsrb.com\/en\/wp-json\/wp\/v2\/users\/1"}],"replies":[{"embeddable":true,"href":"https:\/\/dmcsrb.com\/en\/wp-json\/wp\/v2\/comments?post=951745"}],"version-history":[{"count":0,"href":"https:\/\/dmcsrb.com\/en\/wp-json\/wp\/v2\/posts\/951745\/revisions"}],"wp:attachment":[{"href":"https:\/\/dmcsrb.com\/en\/wp-json\/wp\/v2\/media?parent=951745"}],"wp:term":[{"taxonomy":"category","embeddable":true,"href":"https:\/\/dmcsrb.com\/en\/wp-json\/wp\/v2\/categories?post=951745"},{"taxonomy":"post_tag","embeddable":true,"href":"https:\/\/dmcsrb.com\/en\/wp-json\/wp\/v2\/tags?post=951745"},{"taxonomy":"naslovna","embeddable":true,"href":"https:\/\/dmcsrb.com\/en\/wp-json\/wp\/v2\/naslovna?post=951745"}],"curies":[{"name":"wp","href":"https:\/\/api.w.org\/{rel}","templated":true}]}}