{"id":951730,"date":"2025-09-12T11:28:00","date_gmt":"2025-09-12T09:28:00","guid":{"rendered":"https:\/\/dmcsrb.com\/uncategorized\/tuzilastvo-ispituje-prekid-projekcije-filma-roda-na-dzada-film-festu\/"},"modified":"2025-09-12T11:28:00","modified_gmt":"2025-09-12T09:28:00","slug":"tuzilastvo-ispituje-prekid-projekcije-filma-roda-na-dzada-film-festu","status":"publish","type":"post","link":"https:\/\/dmcsrb.com\/en\/hronika\/tuzilastvo-ispituje-prekid-projekcije-filma-roda-na-dzada-film-festu\/","title":{"rendered":"Tu\u017eila\u0161tvo ispituje prekid projekcije filma \u201eRoda\u201c na D\u017eada Film Festu"},"content":{"rendered":"<p><\/p>\n\n\n\n<p>Iz ODT-a je saop\u0161teno da je Tu\u017eila\u0161tvo tako\u0111e nalo\u017eilo Upravi policije da identifikuje osobe koje su uticale na odluku organizatora o prekidu projekcije.<\/p>\n\n\n\n<p>&#8220;Nakon \u0161to bude utvr\u0111en identitet tih lica i po njihovom saslu\u0161anju, tu\u017eila\u0161tvo \u0107e, donijeti odluku, o \u010demu \u0107e javnost biti blagovremeno informisana&#8221;, navode u saop\u0161tenju.<\/p>","protected":false},"excerpt":{"rendered":"<p>Osnovno dr\u017eavno tu\u017eila\u0161tvo u Podgorici (ODT) u vezi sa prekidom projekcije filma \u201eRoda\u201c tokom festivala D\u017eada Film Fest saslu\u0161alo je organizatorke festivala u svojstvu svjedoka, saop\u0161teno je iz ODT-a.<\/p>","protected":false},"author":1,"featured_media":947991,"comment_status":"open","ping_status":"open","sticky":false,"template":"","format":"standard","meta":{"_acf_changed":false,"footnotes":""},"categories":[17],"tags":[7026,238,7024,1278],"naslovna":[],"class_list":["post-951730","post","type-post","status-publish","format-standard","has-post-thumbnail","hentry","category-hronika","tag-film-roda","tag-odt-podgorica","tag-prekid-projekcije","tag-tuzilastvo-2"],"acf":[],"yoast_head":"<!-- This site is optimized with the Yoast SEO plugin v27.0 - https:\/\/yoast.com\/product\/yoast-seo-wordpress\/ -->\n<title>Tu\u017eila\u0161tvo ispituje prekid projekcije filma \u201eRoda\u201c na D\u017eada Film Festu - dmcsrb.com<\/title>\n<meta name=\"robots\" content=\"index, follow, max-snippet:-1, max-image-preview:large, max-video-preview:-1\" \/>\n<link rel=\"canonical\" href=\"https:\/\/dmcsrb.com\/en\/hronika\/tuzilastvo-ispituje-prekid-projekcije-filma-roda-na-dzada-film-festu\/\" \/>\n<meta property=\"og:locale\" content=\"en_GB\" \/>\n<meta property=\"og:type\" content=\"article\" \/>\n<meta property=\"og:title\" content=\"Tu\u017eila\u0161tvo ispituje prekid projekcije filma \u201eRoda\u201c na D\u017eada Film Festu - dmcsrb.com\" \/>\n<meta property=\"og:description\" content=\"Osnovno dr\u017eavno tu\u017eila\u0161tvo u Podgorici (ODT) u vezi sa prekidom projekcije filma \u201eRoda\u201c tokom festivala D\u017eada Film Fest saslu\u0161alo je organizatorke festivala u svojstvu svjedoka, saop\u0161teno je iz ODT-a.\" \/>\n<meta property=\"og:url\" content=\"https:\/\/dmcsrb.com\/en\/hronika\/tuzilastvo-ispituje-prekid-projekcije-filma-roda-na-dzada-film-festu\/\" \/>\n<meta property=\"og:site_name\" content=\"dmcsrb.com\" \/>\n<meta property=\"article:published_time\" content=\"2025-09-12T09:28:00+00:00\" \/>\n<meta property=\"og:image\" content=\"https:\/\/dmcsrb.com\/wp-content\/uploads\/2026\/01\/osnovno-drzavno-tuzilastvo.webp\" \/>\n\t<meta property=\"og:image:width\" content=\"927\" \/>\n\t<meta property=\"og:image:height\" content=\"556\" \/>\n\t<meta property=\"og:image:type\" content=\"image\/jpeg\" \/>\n<meta name=\"author\" content=\"dmcsrbija.com@gmail.com\" \/>\n<meta name=\"twitter:card\" content=\"summary_large_image\" \/>\n<meta name=\"twitter:label1\" content=\"Written by\" \/>\n\t<meta name=\"twitter:data1\" content=\"dmcsrbija.com@gmail.com\" \/>\n<script type=\"application\/ld+json\" class=\"yoast-schema-graph\">{\"@context\":\"https:\/\/schema.org\",\"@graph\":[{\"@type\":\"Article\",\"@id\":\"https:\/\/dmcsrb.com\/hronika\/tuzilastvo-ispituje-prekid-projekcije-filma-roda-na-dzada-film-festu\/#article\",\"isPartOf\":{\"@id\":\"https:\/\/dmcsrb.com\/hronika\/tuzilastvo-ispituje-prekid-projekcije-filma-roda-na-dzada-film-festu\/\"},\"author\":{\"name\":\"dmcsrbija.com@gmail.com\",\"@id\":\"https:\/\/dmcsrb.com\/#\/schema\/person\/5c39170f12db1b8b457732d0b5c854e2\"},\"headline\":\"Tu\u017eila\u0161tvo ispituje prekid projekcije filma \u201eRoda\u201c na D\u017eada Film Festu\",\"datePublished\":\"2025-09-12T09:28:00+00:00\",\"mainEntityOfPage\":{\"@id\":\"https:\/\/dmcsrb.com\/hronika\/tuzilastvo-ispituje-prekid-projekcije-filma-roda-na-dzada-film-festu\/\"},\"wordCount\":71,\"commentCount\":0,\"image\":{\"@id\":\"https:\/\/dmcsrb.com\/hronika\/tuzilastvo-ispituje-prekid-projekcije-filma-roda-na-dzada-film-festu\/#primaryimage\"},\"thumbnailUrl\":\"https:\/\/dmcsrb.com\/wp-content\/uploads\/2026\/01\/osnovno-drzavno-tuzilastvo.webp\",\"keywords\":[\"Film \\\"Roda\\\"\",\"ODT Podgorica\",\"prekid projekcije\",\"tuzilastvo\"],\"articleSection\":[\"Hronika\"],\"inLanguage\":\"en-GB\",\"potentialAction\":[{\"@type\":\"CommentAction\",\"name\":\"Comment\",\"target\":[\"https:\/\/dmcsrb.com\/hronika\/tuzilastvo-ispituje-prekid-projekcije-filma-roda-na-dzada-film-festu\/#respond\"]}]},{\"@type\":\"WebPage\",\"@id\":\"https:\/\/dmcsrb.com\/hronika\/tuzilastvo-ispituje-prekid-projekcije-filma-roda-na-dzada-film-festu\/\",\"url\":\"https:\/\/dmcsrb.com\/hronika\/tuzilastvo-ispituje-prekid-projekcije-filma-roda-na-dzada-film-festu\/\",\"name\":\"Tu\u017eila\u0161tvo ispituje prekid projekcije filma \u201eRoda\u201c na D\u017eada Film Festu - dmcsrb.com\",\"isPartOf\":{\"@id\":\"https:\/\/dmcsrb.com\/#website\"},\"primaryImageOfPage\":{\"@id\":\"https:\/\/dmcsrb.com\/hronika\/tuzilastvo-ispituje-prekid-projekcije-filma-roda-na-dzada-film-festu\/#primaryimage\"},\"image\":{\"@id\":\"https:\/\/dmcsrb.com\/hronika\/tuzilastvo-ispituje-prekid-projekcije-filma-roda-na-dzada-film-festu\/#primaryimage\"},\"thumbnailUrl\":\"https:\/\/dmcsrb.com\/wp-content\/uploads\/2026\/01\/osnovno-drzavno-tuzilastvo.webp\",\"datePublished\":\"2025-09-12T09:28:00+00:00\",\"author\":{\"@id\":\"https:\/\/dmcsrb.com\/#\/schema\/person\/5c39170f12db1b8b457732d0b5c854e2\"},\"breadcrumb\":{\"@id\":\"https:\/\/dmcsrb.com\/hronika\/tuzilastvo-ispituje-prekid-projekcije-filma-roda-na-dzada-film-festu\/#breadcrumb\"},\"inLanguage\":\"en-GB\",\"potentialAction\":[{\"@type\":\"ReadAction\",\"target\":[\"https:\/\/dmcsrb.com\/hronika\/tuzilastvo-ispituje-prekid-projekcije-filma-roda-na-dzada-film-festu\/\"]}]},{\"@type\":\"ImageObject\",\"inLanguage\":\"en-GB\",\"@id\":\"https:\/\/dmcsrb.com\/hronika\/tuzilastvo-ispituje-prekid-projekcije-filma-roda-na-dzada-film-festu\/#primaryimage\",\"url\":\"https:\/\/dmcsrb.com\/wp-content\/uploads\/2026\/01\/osnovno-drzavno-tuzilastvo.webp\",\"contentUrl\":\"https:\/\/dmcsrb.com\/wp-content\/uploads\/2026\/01\/osnovno-drzavno-tuzilastvo.webp\",\"width\":927,\"height\":556},{\"@type\":\"BreadcrumbList\",\"@id\":\"https:\/\/dmcsrb.com\/hronika\/tuzilastvo-ispituje-prekid-projekcije-filma-roda-na-dzada-film-festu\/#breadcrumb\",\"itemListElement\":[{\"@type\":\"ListItem\",\"position\":1,\"name\":\"Home\",\"item\":\"https:\/\/dmcsrb.com\/\"},{\"@type\":\"ListItem\",\"position\":2,\"name\":\"Tu\u017eila\u0161tvo ispituje prekid projekcije filma \u201eRoda\u201c na D\u017eada Film Festu\"}]},{\"@type\":\"WebSite\",\"@id\":\"https:\/\/dmcsrb.com\/#website\",\"url\":\"https:\/\/dmcsrb.com\/\",\"name\":\"dmcsrb.com\",\"description\":\"\",\"potentialAction\":[{\"@type\":\"SearchAction\",\"target\":{\"@type\":\"EntryPoint\",\"urlTemplate\":\"https:\/\/dmcsrb.com\/?s={search_term_string}\"},\"query-input\":{\"@type\":\"PropertyValueSpecification\",\"valueRequired\":true,\"valueName\":\"search_term_string\"}}],\"inLanguage\":\"en-GB\"},{\"@type\":\"Person\",\"@id\":\"https:\/\/dmcsrb.com\/#\/schema\/person\/5c39170f12db1b8b457732d0b5c854e2\",\"name\":\"dmcsrbija.com@gmail.com\",\"image\":{\"@type\":\"ImageObject\",\"inLanguage\":\"en-GB\",\"@id\":\"https:\/\/dmcsrb.com\/#\/schema\/person\/image\/\",\"url\":\"https:\/\/secure.gravatar.com\/avatar\/68592660ad6347fad0fb587f8d5d8f1a7b44961362f56e4f2cd524feb87e9069?s=96&d=mm&r=g\",\"contentUrl\":\"https:\/\/secure.gravatar.com\/avatar\/68592660ad6347fad0fb587f8d5d8f1a7b44961362f56e4f2cd524feb87e9069?s=96&d=mm&r=g\",\"caption\":\"dmcsrbija.com@gmail.com\"},\"sameAs\":[\"https:\/\/dmcsrb.com\"],\"url\":\"https:\/\/dmcsrb.com\/en\/author\/dmcsrbija-comgmail-com\/\"}]}<\/script>\n<!-- \/ Yoast SEO plugin. -->","yoast_head_json":{"title":"Tu\u017eila\u0161tvo ispituje prekid projekcije filma \u201eRoda\u201c na D\u017eada Film Festu - dmcsrb.com","robots":{"index":"index","follow":"follow","max-snippet":"max-snippet:-1","max-image-preview":"max-image-preview:large","max-video-preview":"max-video-preview:-1"},"canonical":"https:\/\/dmcsrb.com\/en\/hronika\/tuzilastvo-ispituje-prekid-projekcije-filma-roda-na-dzada-film-festu\/","og_locale":"en_GB","og_type":"article","og_title":"Tu\u017eila\u0161tvo ispituje prekid projekcije filma \u201eRoda\u201c na D\u017eada Film Festu - dmcsrb.com","og_description":"Osnovno dr\u017eavno tu\u017eila\u0161tvo u Podgorici (ODT) u vezi sa prekidom projekcije filma \u201eRoda\u201c tokom festivala D\u017eada Film Fest saslu\u0161alo je organizatorke festivala u svojstvu svjedoka, saop\u0161teno je iz ODT-a.","og_url":"https:\/\/dmcsrb.com\/en\/hronika\/tuzilastvo-ispituje-prekid-projekcije-filma-roda-na-dzada-film-festu\/","og_site_name":"dmcsrb.com","article_published_time":"2025-09-12T09:28:00+00:00","og_image":[{"width":927,"height":556,"url":"https:\/\/dmcsrb.com\/wp-content\/uploads\/2026\/01\/osnovno-drzavno-tuzilastvo.webp","type":"image\/jpeg"}],"author":"dmcsrbija.com@gmail.com","twitter_card":"summary_large_image","twitter_misc":{"Written by":"dmcsrbija.com@gmail.com"},"schema":{"@context":"https:\/\/schema.org","@graph":[{"@type":"Article","@id":"https:\/\/dmcsrb.com\/hronika\/tuzilastvo-ispituje-prekid-projekcije-filma-roda-na-dzada-film-festu\/#article","isPartOf":{"@id":"https:\/\/dmcsrb.com\/hronika\/tuzilastvo-ispituje-prekid-projekcije-filma-roda-na-dzada-film-festu\/"},"author":{"name":"dmcsrbija.com@gmail.com","@id":"https:\/\/dmcsrb.com\/#\/schema\/person\/5c39170f12db1b8b457732d0b5c854e2"},"headline":"Tu\u017eila\u0161tvo ispituje prekid projekcije filma \u201eRoda\u201c na D\u017eada Film Festu","datePublished":"2025-09-12T09:28:00+00:00","mainEntityOfPage":{"@id":"https:\/\/dmcsrb.com\/hronika\/tuzilastvo-ispituje-prekid-projekcije-filma-roda-na-dzada-film-festu\/"},"wordCount":71,"commentCount":0,"image":{"@id":"https:\/\/dmcsrb.com\/hronika\/tuzilastvo-ispituje-prekid-projekcije-filma-roda-na-dzada-film-festu\/#primaryimage"},"thumbnailUrl":"https:\/\/dmcsrb.com\/wp-content\/uploads\/2026\/01\/osnovno-drzavno-tuzilastvo.webp","keywords":["Film \"Roda\"","ODT Podgorica","prekid projekcije","tuzilastvo"],"articleSection":["Hronika"],"inLanguage":"en-GB","potentialAction":[{"@type":"CommentAction","name":"Comment","target":["https:\/\/dmcsrb.com\/hronika\/tuzilastvo-ispituje-prekid-projekcije-filma-roda-na-dzada-film-festu\/#respond"]}]},{"@type":"WebPage","@id":"https:\/\/dmcsrb.com\/hronika\/tuzilastvo-ispituje-prekid-projekcije-filma-roda-na-dzada-film-festu\/","url":"https:\/\/dmcsrb.com\/hronika\/tuzilastvo-ispituje-prekid-projekcije-filma-roda-na-dzada-film-festu\/","name":"Tu\u017eila\u0161tvo ispituje prekid projekcije filma \u201eRoda\u201c na D\u017eada Film Festu - dmcsrb.com","isPartOf":{"@id":"https:\/\/dmcsrb.com\/#website"},"primaryImageOfPage":{"@id":"https:\/\/dmcsrb.com\/hronika\/tuzilastvo-ispituje-prekid-projekcije-filma-roda-na-dzada-film-festu\/#primaryimage"},"image":{"@id":"https:\/\/dmcsrb.com\/hronika\/tuzilastvo-ispituje-prekid-projekcije-filma-roda-na-dzada-film-festu\/#primaryimage"},"thumbnailUrl":"https:\/\/dmcsrb.com\/wp-content\/uploads\/2026\/01\/osnovno-drzavno-tuzilastvo.webp","datePublished":"2025-09-12T09:28:00+00:00","author":{"@id":"https:\/\/dmcsrb.com\/#\/schema\/person\/5c39170f12db1b8b457732d0b5c854e2"},"breadcrumb":{"@id":"https:\/\/dmcsrb.com\/hronika\/tuzilastvo-ispituje-prekid-projekcije-filma-roda-na-dzada-film-festu\/#breadcrumb"},"inLanguage":"en-GB","potentialAction":[{"@type":"ReadAction","target":["https:\/\/dmcsrb.com\/hronika\/tuzilastvo-ispituje-prekid-projekcije-filma-roda-na-dzada-film-festu\/"]}]},{"@type":"ImageObject","inLanguage":"en-GB","@id":"https:\/\/dmcsrb.com\/hronika\/tuzilastvo-ispituje-prekid-projekcije-filma-roda-na-dzada-film-festu\/#primaryimage","url":"https:\/\/dmcsrb.com\/wp-content\/uploads\/2026\/01\/osnovno-drzavno-tuzilastvo.webp","contentUrl":"https:\/\/dmcsrb.com\/wp-content\/uploads\/2026\/01\/osnovno-drzavno-tuzilastvo.webp","width":927,"height":556},{"@type":"BreadcrumbList","@id":"https:\/\/dmcsrb.com\/hronika\/tuzilastvo-ispituje-prekid-projekcije-filma-roda-na-dzada-film-festu\/#breadcrumb","itemListElement":[{"@type":"ListItem","position":1,"name":"Home","item":"https:\/\/dmcsrb.com\/"},{"@type":"ListItem","position":2,"name":"Tu\u017eila\u0161tvo ispituje prekid projekcije filma \u201eRoda\u201c na D\u017eada Film Festu"}]},{"@type":"WebSite","@id":"https:\/\/dmcsrb.com\/#website","url":"https:\/\/dmcsrb.com\/","name":"dmcsrb.com","description":"","potentialAction":[{"@type":"SearchAction","target":{"@type":"EntryPoint","urlTemplate":"https:\/\/dmcsrb.com\/?s={search_term_string}"},"query-input":{"@type":"PropertyValueSpecification","valueRequired":true,"valueName":"search_term_string"}}],"inLanguage":"en-GB"},{"@type":"Person","@id":"https:\/\/dmcsrb.com\/#\/schema\/person\/5c39170f12db1b8b457732d0b5c854e2","name":"dmcsrbija.com@gmail.com","image":{"@type":"ImageObject","inLanguage":"en-GB","@id":"https:\/\/dmcsrb.com\/#\/schema\/person\/image\/","url":"https:\/\/secure.gravatar.com\/avatar\/68592660ad6347fad0fb587f8d5d8f1a7b44961362f56e4f2cd524feb87e9069?s=96&d=mm&r=g","contentUrl":"https:\/\/secure.gravatar.com\/avatar\/68592660ad6347fad0fb587f8d5d8f1a7b44961362f56e4f2cd524feb87e9069?s=96&d=mm&r=g","caption":"dmcsrbija.com@gmail.com"},"sameAs":["https:\/\/dmcsrb.com"],"url":"https:\/\/dmcsrb.com\/en\/author\/dmcsrbija-comgmail-com\/"}]}},"_links":{"self":[{"href":"https:\/\/dmcsrb.com\/en\/wp-json\/wp\/v2\/posts\/951730","targetHints":{"allow":["GET"]}}],"collection":[{"href":"https:\/\/dmcsrb.com\/en\/wp-json\/wp\/v2\/posts"}],"about":[{"href":"https:\/\/dmcsrb.com\/en\/wp-json\/wp\/v2\/types\/post"}],"author":[{"embeddable":true,"href":"https:\/\/dmcsrb.com\/en\/wp-json\/wp\/v2\/users\/1"}],"replies":[{"embeddable":true,"href":"https:\/\/dmcsrb.com\/en\/wp-json\/wp\/v2\/comments?post=951730"}],"version-history":[{"count":0,"href":"https:\/\/dmcsrb.com\/en\/wp-json\/wp\/v2\/posts\/951730\/revisions"}],"wp:featuredmedia":[{"embeddable":true,"href":"https:\/\/dmcsrb.com\/en\/wp-json\/wp\/v2\/media\/947991"}],"wp:attachment":[{"href":"https:\/\/dmcsrb.com\/en\/wp-json\/wp\/v2\/media?parent=951730"}],"wp:term":[{"taxonomy":"category","embeddable":true,"href":"https:\/\/dmcsrb.com\/en\/wp-json\/wp\/v2\/categories?post=951730"},{"taxonomy":"post_tag","embeddable":true,"href":"https:\/\/dmcsrb.com\/en\/wp-json\/wp\/v2\/tags?post=951730"},{"taxonomy":"naslovna","embeddable":true,"href":"https:\/\/dmcsrb.com\/en\/wp-json\/wp\/v2\/naslovna?post=951730"}],"curies":[{"name":"wp","href":"https:\/\/api.w.org\/{rel}","templated":true}]}}