{"id":951725,"date":"2025-09-12T11:48:00","date_gmt":"2025-09-12T09:48:00","guid":{"rendered":"https:\/\/dmcsrb.com\/uncategorized\/oni-su-nove-nade-cg-i-regionalne-muzicke-scene-doris-dekovic-majda-bozovic-isidora-nikolic-i-luka-lekovic\/"},"modified":"2025-09-12T11:48:00","modified_gmt":"2025-09-12T09:48:00","slug":"oni-su-nove-nade-cg-i-regionalne-muzicke-scene-doris-dekovic-majda-bozovic-isidora-nikolic-i-luka-lekovic","status":"publish","type":"post","link":"https:\/\/dmcsrb.com\/en\/zabava\/oni-su-nove-nade-cg-i-regionalne-muzicke-scene-doris-dekovic-majda-bozovic-isidora-nikolic-i-luka-lekovic\/","title":{"rendered":"Oni su nove nade CG i regionalne muzi\u010dke scene: Doris Dekovi\u0107, Majda Bo\u017eovi\u0107, Isidora Nikoli\u0107 i Luka Lekovi\u0107"},"content":{"rendered":"<p><\/p>\n\n\n\n<p>Festival &#8220;Biser Jadrana&#8221;, na svojoj premijeri 2024. godine, nagradu za najboljeg debitanta dodjelio je Tiv\u0107anki &#8211; Doris Dekovi\u0107.&nbsp;<\/p>\n\n\n\n<p>Ove godine jo\u0161 troje pretalentovanih izvo\u0111a\u010da, dobilo je nagrade:<\/p>\n\n\n\n<p>1.Isidora Nikoli\u0107 &#8211; nagrada za najboljeg debitanta ( Doma\u0107e ve\u010de &#8211; numera &#8220;Za ljubav bez bola&#8221;);<\/p>\n\n\n\n<p>2.Luka Lekovi\u0107 &#8211; nagrada za interpretaciju ( Doma\u0107e ve\u010de &#8211; numera &#8220;Ako ti ne vrijedim&#8221;) i&nbsp;<\/p>\n\n\n\n<p>3.Majda Bo\u017eovi\u0107 &#8211; ( 3. mjesto &#8211; &#8220;Doma\u0107e ve\u010de&#8221; i nagrada za interpretaciju&nbsp;<\/p>\n\n\n\n<p>&#8221; Regionalno ve\u010de&#8221; &#8211; numera &#8220;Nemam razloga za to&#8221;.<\/p>\n\n\n\n<figure class=\"wp-block-image size-large\"><img decoding=\"async\" src=\"https:\/\/gradski.me\/wp-content\/uploads\/2025\/09\/Doris-1-683x1024.jpg\" alt=\"\" class=\"wp-image-832305\"\/><figcaption class=\"wp-element-caption\">www.zoan.photography<\/figcaption><\/figure>\n\n\n\n<p>Doris Dekovi\u0107:<\/p>\n\n\n\n<p>\u201eI dalje sam pod utiskom, i dalje dobijam prelijepe komentare po pitanju festivala. Prezadovoljna sam svojim nastupom i povratnom infomacijom koju sam dobila od publike, bilo je zaista jedno predivno iskustvo koje bih ponavljala bezbroj puta iznova. Poslje drugog ucesca utisci su jednako jaki kao i prvog puta. Nisam mjenjala svoj tim koji je i prvog puta postigao i vise nego ocekivano.<\/p>\n\n\n\n<p>Festival za mene znaci jedna sjajna prilika da se predstavim i uzivam u onome sto radim, takodje da to podjelim sa ostalima, sticanje novih prijatelja i znanja iz muzike.<\/p>\n\n\n\n<p>Nakon festivala vise ljudi je culo za mene i dobila sam neke nove prilike za nastupe i rad u muzuci.<\/p>\n\n\n\n<p>Moj savjet za kolege koje zele da se prijave jeste da to i urade jer je ovaj festival sjajna prilika da se predstave, pun je lijepe energije i sjajan korak napred za nesto novo. Takodje da uzuvaju u svakom koraku koji donosi samo ucesce na festivalu jer je to makar za mene nesto posebno\u201c.<\/p>\n\n\n\n<figure class=\"wp-block-image size-large\"><img decoding=\"async\" src=\"https:\/\/gradski.me\/wp-content\/uploads\/2025\/09\/Majda-576x1024.jpg\" alt=\"\" class=\"wp-image-832306\"\/><figcaption class=\"wp-element-caption\">www.zoan.photography<\/figcaption><\/figure>\n\n\n\n<p>Majda Bo\u017eovi\u0107:<\/p>\n\n\n\n<p>\u201eMoje u\u010de\u0161\u0107e na festivalu Biser Jadrana bilo je potpuno spontano i neplanirano, ali upravo zato vjerujem da mi je donijelo jedno od najljep\u0161ih iskustava do sada. Dvije ve\u010deri provedene na festivalu bile su zaista posebne, ispunjene muzikom, emocijama i pozitivnom energijom koju \u0107u dugo pamtiti.<\/p>\n\n\n\n<p>Pored toga \u0161to sam upoznala mnogo divnih i talentovanih ljudi, imala sam priliku da se oprobam na sceni i podijelim svoju pjesmu sa publikom. Prve ve\u010deri plasirala sam se na tre\u0107e mjesto, a posebno mi je draga nagrada za interpretaciju. Ipak, ono \u0161to mi je najvi\u0161e zna\u010dilo jeste reakcija publike \u2013 osje\u0107aj da su u\u017eivali u mojoj pjesmi i da je doprijela do njih vrijedniji je od svake nagrade.<\/p>\n\n\n\n<p>Festival mi je pokazao koliko je va\u017eno prepustiti se trenutku i koliko neo\u010dekivane situacije mogu donijeti najljep\u0161e uspomene. Smatram da je Biser Jadrana odli\u010dna prilika za mlade ljude, ne samo da se predstave i poka\u017eu svoj talenat, ve\u0107 i da steknu nova poznanstva i iskustva.<\/p>\n\n\n\n<p>Zahvalna sam \u0161to sam imala priliku da budem dio ove predivne pri\u010de i sigurna sam da \u0107u ovo iskustvo nositi sa sobom kao va\u017ean podstrek za sve \u0161to dolazi\u201c.<\/p>\n\n\n\n<figure class=\"wp-block-image size-large\"><img decoding=\"async\" src=\"https:\/\/gradski.me\/wp-content\/uploads\/2025\/09\/LUKA-683x1024.jpg\" alt=\"\" class=\"wp-image-832307\"\/><figcaption class=\"wp-element-caption\">www.zoan.photography<\/figcaption><\/figure>\n\n\n\n<p>Luka Lekovi\u0107:<\/p>\n\n\n\n<p>\u201eDrago mi je \u0161to sam imao prilike da se pojavim na jednom ovakvom festivalu kao sto je \u201eBiser Jadrana\u201c, jedan veliki korak za mene i za po\u010detak moje karijere. Velika odsko\u010dna daska za moj dalji muzi\u010dki razvoj, kako u CG tako i u regionu. Ovaj festival zna\u010di mnogo, kako meni tako i ostalim takmi\u010darima, jer smo imali priliku da se predstavimo, da svi mi debitanti budemo na istoj bini sa ve\u0107 poznatim imenima i taj utisak je neopisiv. Beskrajno sam sre\u0107an, \u0161to sam dobio nagradu za najbolju interpretaciju za numeru \u201e Ako ti ne vrijedim\u201c, te je to bila jo\u0161 jedna potvrda da kora\u010dak pravim muzi\u010dkim putem uz moj tim i saradnike. \u0160to vi\u0161e festivala u regionu, vi\u0161e dobrih numera, vi\u0161e prostora i prilike za sve nas. Drago mi je, da se CG muzi\u010dka scena budi, da se snimaju nove pjesme i da \u0107e regionalna publika izabrati neke nove budu\u0107e regionalne muzi\u010dke zvezde \u2013 \u017eelim nam svima da budemo dio i ostalih regionalnog festivala, to je jedna posebna dra\u017e, treba je do\u017eivjeti\u201c.<\/p>\n\n\n\n<figure class=\"wp-block-image size-large\"><img decoding=\"async\" src=\"https:\/\/gradski.me\/wp-content\/uploads\/2025\/09\/Isidora-683x1024.jpg\" alt=\"\" class=\"wp-image-832308\"\/><figcaption class=\"wp-element-caption\">www.zoan.photography<\/figcaption><\/figure>\n\n\n\n<p>Isidora Nikoli\u0107:<\/p>\n\n\n\n<p>\u201eNa festivalu ,,Biser Jadrana\u201d u Tivtu imala sam priliku da predstavim svoju prvu pjesmu \u201eZa ljubav bez bola\u201c za koju je tekst napisala Marijana Kadi\u0107 Bojani\u0107, a muziku i aranzman Dejan Bo\u017eovi\u0107.<\/p>\n\n\n\n<p>Bio je to va\u017ean iskorak za mene, posebno jer sam se po prvi put pred publikom i stru\u010dnim \u017eirijem pojavila na taj na\u010din \u2013 na sceni, premijerom svoje pjesme, svog prvijenca.<\/p>\n\n\n\n<p>Stru\u010dni \u017eiri festivala dodijelio mi je nagradu za najboljeg debitanta, \u010dime je potvr\u0111en kvalitet ali, rekla bih, i potencijal kompozicije koja lako \u201culazi u uvo\u201d. Kako se da \u010duti, uz ostala ostvarenja Festivala, pjesma \u201eZa ljubav bez bola\u201c ve\u0107e se emituje po radijskim stanicama.<\/p>\n\n\n\n<p>Kada je rije\u010d o samom festivalu, isti\u010dem zna\u010daj ovakvih muzi\u010dkih, mogu slobodno re\u0107i, spektakala za male sredine, posebno zbog \u010dinjenice da ve\u0107 neko vrijeme, po mom mi\u0161ljenju, nema sli\u010dnih prezentacija muzi\u010dkog stvarala\u0161tva koje ra\u0111aju potrebu za stvarala\u0161tvom, motivi\u0161u mlade ali i ve\u0107 dokazane umjetnike, zbli\u017eavaju ljude, dovode publiku, podi\u017eu nivo turisti\u010dke ponude destinacije\u2026 Sjetimo se samo kako smo rado pratili \u201cSun\u010dane skale \u201c u Herceg Novom i svih onih regionalnih i doma\u0107ih zvijezda \u010dije hitove rado i danas danas slu\u0161amo. Podsjeti\u0107u na neke: Leontina Vukomanovi\u0107, Filip \u017dmaher, Vlado Georgijev, Tifa i Makadam, Bojan Marovi\u0107, Goran Karan, Kaliopi, Dado Topi\u0107, Nevena Bo\u017eovi\u0107, Emina Jahovi\u0107\u2026<\/p>\n\n\n\n<p>\u201cBiser Jadrana\u201d meni li\u010dno je zna\u010dajan zbog novih poznanstava. Upoznala sam izuzetno talentovane kolege. Moram re\u0107i da mi je bila \u010dast dijeliti istu scenu sa njima. Bilo je to jedno iskustvo koje mi je pokazalo koliko je va\u017eno me\u0111usobno dijeljenje, podr\u0161ka i razmjena energije me\u0111u umjetnicima.<\/p>\n\n\n\n<p>Festival \u201eBiser Jadrana\u201c vidim kao zna\u010dajnu platformu koja pru\u017ea \u0161ansu mladim izvo\u0111a\u010dima da poka\u017eu svoj rad, naprave prve profesionalne kontakte&#8230; Vjerujem da mi je upravo u\u010de\u0161\u0107e na ovom festivalu otvorilo vrata ka daljem razvoju i ka regionalnoj muzi\u010dkoj sceni.<\/p>\n\n\n\n<p>Predstavljanje pjesme \u201eZa ljubav bez bola\u201c na \u201cBiseru Jadrana\u201d za mene je vi\u0161e od debitantskog nastupa. To je po\u010detak profesionalnog puta kojem \u017eelim da ostanem dosljedna\u201c.<\/p>","protected":false},"excerpt":{"rendered":"<p>Da je CG prepuna muzi\u010dkih talenata, te da je region \u017eeljan novih, mladih nada, pokazuje i interesovanje medija i slu\u0161alaca rtv stanica \u0161irom regiona.<\/p>","protected":false},"author":1,"featured_media":951726,"comment_status":"open","ping_status":"open","sticky":false,"template":"","format":"standard","meta":{"_acf_changed":false,"footnotes":""},"categories":[76],"tags":[584,7870,7871,7872,7873,7874,7875],"naslovna":[],"class_list":["post-951725","post","type-post","status-publish","format-standard","has-post-thumbnail","hentry","category-zabava","tag-cg","tag-doris-dekovic","tag-isidora-nikolic","tag-luka-lekovic","tag-majda-bozovic","tag-nove-nade","tag-regionalna-muzicka-scena"],"acf":[],"yoast_head":"<!-- This site is optimized with the Yoast SEO plugin v27.4 - https:\/\/yoast.com\/product\/yoast-seo-wordpress\/ -->\n<title>Oni su nove nade CG i regionalne muzi\u010dke scene: Doris Dekovi\u0107, Majda Bo\u017eovi\u0107, Isidora Nikoli\u0107 i Luka Lekovi\u0107 - dmcsrb.com<\/title>\n<meta name=\"robots\" content=\"index, follow, max-snippet:-1, max-image-preview:large, max-video-preview:-1\" \/>\n<link rel=\"canonical\" href=\"https:\/\/dmcsrb.com\/en\/zabava\/oni-su-nove-nade-cg-i-regionalne-muzicke-scene-doris-dekovic-majda-bozovic-isidora-nikolic-i-luka-lekovic\/\" \/>\n<meta property=\"og:locale\" content=\"en_GB\" \/>\n<meta property=\"og:type\" content=\"article\" \/>\n<meta property=\"og:title\" content=\"Oni su nove nade CG i regionalne muzi\u010dke scene: Doris Dekovi\u0107, Majda Bo\u017eovi\u0107, Isidora Nikoli\u0107 i Luka Lekovi\u0107 - dmcsrb.com\" \/>\n<meta property=\"og:description\" content=\"Da je CG prepuna muzi\u010dkih talenata, te da je region \u017eeljan novih, mladih nada, pokazuje i interesovanje medija i slu\u0161alaca rtv stanica \u0161irom regiona.\" \/>\n<meta property=\"og:url\" content=\"https:\/\/dmcsrb.com\/en\/zabava\/oni-su-nove-nade-cg-i-regionalne-muzicke-scene-doris-dekovic-majda-bozovic-isidora-nikolic-i-luka-lekovic\/\" \/>\n<meta property=\"og:site_name\" content=\"dmcsrb.com\" \/>\n<meta property=\"article:published_time\" content=\"2025-09-12T09:48:00+00:00\" \/>\n<meta property=\"og:image\" content=\"https:\/\/dmcsrb.com\/wp-content\/uploads\/2026\/01\/Doris-scaled-1.webp\" \/>\n\t<meta property=\"og:image:width\" content=\"1708\" \/>\n\t<meta property=\"og:image:height\" content=\"2560\" \/>\n\t<meta property=\"og:image:type\" content=\"image\/jpeg\" \/>\n<meta name=\"author\" content=\"dmcsrbija.com@gmail.com\" \/>\n<meta name=\"twitter:card\" content=\"summary_large_image\" \/>\n<meta name=\"twitter:label1\" content=\"Written by\" \/>\n\t<meta name=\"twitter:data1\" content=\"dmcsrbija.com@gmail.com\" \/>\n\t<meta name=\"twitter:label2\" content=\"Estimated reading time\" \/>\n\t<meta name=\"twitter:data2\" content=\"5 minutes\" \/>\n<script type=\"application\/ld+json\" class=\"yoast-schema-graph\">{\"@context\":\"https:\\\/\\\/schema.org\",\"@graph\":[{\"@type\":\"Article\",\"@id\":\"https:\\\/\\\/dmcsrb.com\\\/zabava\\\/oni-su-nove-nade-cg-i-regionalne-muzicke-scene-doris-dekovic-majda-bozovic-isidora-nikolic-i-luka-lekovic\\\/#article\",\"isPartOf\":{\"@id\":\"https:\\\/\\\/dmcsrb.com\\\/zabava\\\/oni-su-nove-nade-cg-i-regionalne-muzicke-scene-doris-dekovic-majda-bozovic-isidora-nikolic-i-luka-lekovic\\\/\"},\"author\":{\"name\":\"dmcsrbija.com@gmail.com\",\"@id\":\"https:\\\/\\\/dmcsrb.com\\\/#\\\/schema\\\/person\\\/5c39170f12db1b8b457732d0b5c854e2\"},\"headline\":\"Oni su nove nade CG i regionalne muzi\u010dke scene: Doris Dekovi\u0107, Majda Bo\u017eovi\u0107, Isidora Nikoli\u0107 i Luka Lekovi\u0107\",\"datePublished\":\"2025-09-12T09:48:00+00:00\",\"mainEntityOfPage\":{\"@id\":\"https:\\\/\\\/dmcsrb.com\\\/zabava\\\/oni-su-nove-nade-cg-i-regionalne-muzicke-scene-doris-dekovic-majda-bozovic-isidora-nikolic-i-luka-lekovic\\\/\"},\"wordCount\":1046,\"commentCount\":0,\"image\":{\"@id\":\"https:\\\/\\\/dmcsrb.com\\\/zabava\\\/oni-su-nove-nade-cg-i-regionalne-muzicke-scene-doris-dekovic-majda-bozovic-isidora-nikolic-i-luka-lekovic\\\/#primaryimage\"},\"thumbnailUrl\":\"https:\\\/\\\/dmcsrb.com\\\/wp-content\\\/uploads\\\/2026\\\/01\\\/Doris-scaled-1.webp\",\"keywords\":[\"CG\",\"Doris Dekovi\u0107\",\"Isidora Nikoli\u0107\",\"Luka Lekovi\u0107\",\"Majda Bo\u017eovi\u0107\",\"Nove nade\",\"Regionalna muzi\u010dka scena\"],\"articleSection\":[\"Zabava\"],\"inLanguage\":\"en-GB\",\"potentialAction\":[{\"@type\":\"CommentAction\",\"name\":\"Comment\",\"target\":[\"https:\\\/\\\/dmcsrb.com\\\/zabava\\\/oni-su-nove-nade-cg-i-regionalne-muzicke-scene-doris-dekovic-majda-bozovic-isidora-nikolic-i-luka-lekovic\\\/#respond\"]}]},{\"@type\":\"WebPage\",\"@id\":\"https:\\\/\\\/dmcsrb.com\\\/zabava\\\/oni-su-nove-nade-cg-i-regionalne-muzicke-scene-doris-dekovic-majda-bozovic-isidora-nikolic-i-luka-lekovic\\\/\",\"url\":\"https:\\\/\\\/dmcsrb.com\\\/zabava\\\/oni-su-nove-nade-cg-i-regionalne-muzicke-scene-doris-dekovic-majda-bozovic-isidora-nikolic-i-luka-lekovic\\\/\",\"name\":\"Oni su nove nade CG i regionalne muzi\u010dke scene: Doris Dekovi\u0107, Majda Bo\u017eovi\u0107, Isidora Nikoli\u0107 i Luka Lekovi\u0107 - dmcsrb.com\",\"isPartOf\":{\"@id\":\"https:\\\/\\\/dmcsrb.com\\\/#website\"},\"primaryImageOfPage\":{\"@id\":\"https:\\\/\\\/dmcsrb.com\\\/zabava\\\/oni-su-nove-nade-cg-i-regionalne-muzicke-scene-doris-dekovic-majda-bozovic-isidora-nikolic-i-luka-lekovic\\\/#primaryimage\"},\"image\":{\"@id\":\"https:\\\/\\\/dmcsrb.com\\\/zabava\\\/oni-su-nove-nade-cg-i-regionalne-muzicke-scene-doris-dekovic-majda-bozovic-isidora-nikolic-i-luka-lekovic\\\/#primaryimage\"},\"thumbnailUrl\":\"https:\\\/\\\/dmcsrb.com\\\/wp-content\\\/uploads\\\/2026\\\/01\\\/Doris-scaled-1.webp\",\"datePublished\":\"2025-09-12T09:48:00+00:00\",\"author\":{\"@id\":\"https:\\\/\\\/dmcsrb.com\\\/#\\\/schema\\\/person\\\/5c39170f12db1b8b457732d0b5c854e2\"},\"breadcrumb\":{\"@id\":\"https:\\\/\\\/dmcsrb.com\\\/zabava\\\/oni-su-nove-nade-cg-i-regionalne-muzicke-scene-doris-dekovic-majda-bozovic-isidora-nikolic-i-luka-lekovic\\\/#breadcrumb\"},\"inLanguage\":\"en-GB\",\"potentialAction\":[{\"@type\":\"ReadAction\",\"target\":[\"https:\\\/\\\/dmcsrb.com\\\/zabava\\\/oni-su-nove-nade-cg-i-regionalne-muzicke-scene-doris-dekovic-majda-bozovic-isidora-nikolic-i-luka-lekovic\\\/\"]}]},{\"@type\":\"ImageObject\",\"inLanguage\":\"en-GB\",\"@id\":\"https:\\\/\\\/dmcsrb.com\\\/zabava\\\/oni-su-nove-nade-cg-i-regionalne-muzicke-scene-doris-dekovic-majda-bozovic-isidora-nikolic-i-luka-lekovic\\\/#primaryimage\",\"url\":\"https:\\\/\\\/dmcsrb.com\\\/wp-content\\\/uploads\\\/2026\\\/01\\\/Doris-scaled-1.webp\",\"contentUrl\":\"https:\\\/\\\/dmcsrb.com\\\/wp-content\\\/uploads\\\/2026\\\/01\\\/Doris-scaled-1.webp\",\"width\":1708,\"height\":2560},{\"@type\":\"BreadcrumbList\",\"@id\":\"https:\\\/\\\/dmcsrb.com\\\/zabava\\\/oni-su-nove-nade-cg-i-regionalne-muzicke-scene-doris-dekovic-majda-bozovic-isidora-nikolic-i-luka-lekovic\\\/#breadcrumb\",\"itemListElement\":[{\"@type\":\"ListItem\",\"position\":1,\"name\":\"Home\",\"item\":\"https:\\\/\\\/dmcsrb.com\\\/\"},{\"@type\":\"ListItem\",\"position\":2,\"name\":\"Oni su nove nade CG i regionalne muzi\u010dke scene: Doris Dekovi\u0107, Majda Bo\u017eovi\u0107, Isidora Nikoli\u0107 i Luka Lekovi\u0107\"}]},{\"@type\":\"WebSite\",\"@id\":\"https:\\\/\\\/dmcsrb.com\\\/#website\",\"url\":\"https:\\\/\\\/dmcsrb.com\\\/\",\"name\":\"dmcsrb.com\",\"description\":\"\",\"potentialAction\":[{\"@type\":\"SearchAction\",\"target\":{\"@type\":\"EntryPoint\",\"urlTemplate\":\"https:\\\/\\\/dmcsrb.com\\\/?s={search_term_string}\"},\"query-input\":{\"@type\":\"PropertyValueSpecification\",\"valueRequired\":true,\"valueName\":\"search_term_string\"}}],\"inLanguage\":\"en-GB\"},{\"@type\":\"Person\",\"@id\":\"https:\\\/\\\/dmcsrb.com\\\/#\\\/schema\\\/person\\\/5c39170f12db1b8b457732d0b5c854e2\",\"name\":\"dmcsrbija.com@gmail.com\",\"image\":{\"@type\":\"ImageObject\",\"inLanguage\":\"en-GB\",\"@id\":\"https:\\\/\\\/secure.gravatar.com\\\/avatar\\\/68592660ad6347fad0fb587f8d5d8f1a7b44961362f56e4f2cd524feb87e9069?s=96&d=mm&r=g\",\"url\":\"https:\\\/\\\/secure.gravatar.com\\\/avatar\\\/68592660ad6347fad0fb587f8d5d8f1a7b44961362f56e4f2cd524feb87e9069?s=96&d=mm&r=g\",\"contentUrl\":\"https:\\\/\\\/secure.gravatar.com\\\/avatar\\\/68592660ad6347fad0fb587f8d5d8f1a7b44961362f56e4f2cd524feb87e9069?s=96&d=mm&r=g\",\"caption\":\"dmcsrbija.com@gmail.com\"},\"sameAs\":[\"https:\\\/\\\/dmcsrb.com\"],\"url\":\"https:\\\/\\\/dmcsrb.com\\\/en\\\/author\\\/dmcsrbija-comgmail-com\\\/\"}]}<\/script>\n<!-- \/ Yoast SEO plugin. -->","yoast_head_json":{"title":"Oni su nove nade CG i regionalne muzi\u010dke scene: Doris Dekovi\u0107, Majda Bo\u017eovi\u0107, Isidora Nikoli\u0107 i Luka Lekovi\u0107 - dmcsrb.com","robots":{"index":"index","follow":"follow","max-snippet":"max-snippet:-1","max-image-preview":"max-image-preview:large","max-video-preview":"max-video-preview:-1"},"canonical":"https:\/\/dmcsrb.com\/en\/zabava\/oni-su-nove-nade-cg-i-regionalne-muzicke-scene-doris-dekovic-majda-bozovic-isidora-nikolic-i-luka-lekovic\/","og_locale":"en_GB","og_type":"article","og_title":"Oni su nove nade CG i regionalne muzi\u010dke scene: Doris Dekovi\u0107, Majda Bo\u017eovi\u0107, Isidora Nikoli\u0107 i Luka Lekovi\u0107 - dmcsrb.com","og_description":"Da je CG prepuna muzi\u010dkih talenata, te da je region \u017eeljan novih, mladih nada, pokazuje i interesovanje medija i slu\u0161alaca rtv stanica \u0161irom regiona.","og_url":"https:\/\/dmcsrb.com\/en\/zabava\/oni-su-nove-nade-cg-i-regionalne-muzicke-scene-doris-dekovic-majda-bozovic-isidora-nikolic-i-luka-lekovic\/","og_site_name":"dmcsrb.com","article_published_time":"2025-09-12T09:48:00+00:00","og_image":[{"width":1708,"height":2560,"url":"https:\/\/dmcsrb.com\/wp-content\/uploads\/2026\/01\/Doris-scaled-1.webp","type":"image\/jpeg"}],"author":"dmcsrbija.com@gmail.com","twitter_card":"summary_large_image","twitter_misc":{"Written by":"dmcsrbija.com@gmail.com","Estimated reading time":"5 minutes"},"schema":{"@context":"https:\/\/schema.org","@graph":[{"@type":"Article","@id":"https:\/\/dmcsrb.com\/zabava\/oni-su-nove-nade-cg-i-regionalne-muzicke-scene-doris-dekovic-majda-bozovic-isidora-nikolic-i-luka-lekovic\/#article","isPartOf":{"@id":"https:\/\/dmcsrb.com\/zabava\/oni-su-nove-nade-cg-i-regionalne-muzicke-scene-doris-dekovic-majda-bozovic-isidora-nikolic-i-luka-lekovic\/"},"author":{"name":"dmcsrbija.com@gmail.com","@id":"https:\/\/dmcsrb.com\/#\/schema\/person\/5c39170f12db1b8b457732d0b5c854e2"},"headline":"Oni su nove nade CG i regionalne muzi\u010dke scene: Doris Dekovi\u0107, Majda Bo\u017eovi\u0107, Isidora Nikoli\u0107 i Luka Lekovi\u0107","datePublished":"2025-09-12T09:48:00+00:00","mainEntityOfPage":{"@id":"https:\/\/dmcsrb.com\/zabava\/oni-su-nove-nade-cg-i-regionalne-muzicke-scene-doris-dekovic-majda-bozovic-isidora-nikolic-i-luka-lekovic\/"},"wordCount":1046,"commentCount":0,"image":{"@id":"https:\/\/dmcsrb.com\/zabava\/oni-su-nove-nade-cg-i-regionalne-muzicke-scene-doris-dekovic-majda-bozovic-isidora-nikolic-i-luka-lekovic\/#primaryimage"},"thumbnailUrl":"https:\/\/dmcsrb.com\/wp-content\/uploads\/2026\/01\/Doris-scaled-1.webp","keywords":["CG","Doris Dekovi\u0107","Isidora Nikoli\u0107","Luka Lekovi\u0107","Majda Bo\u017eovi\u0107","Nove nade","Regionalna muzi\u010dka scena"],"articleSection":["Zabava"],"inLanguage":"en-GB","potentialAction":[{"@type":"CommentAction","name":"Comment","target":["https:\/\/dmcsrb.com\/zabava\/oni-su-nove-nade-cg-i-regionalne-muzicke-scene-doris-dekovic-majda-bozovic-isidora-nikolic-i-luka-lekovic\/#respond"]}]},{"@type":"WebPage","@id":"https:\/\/dmcsrb.com\/zabava\/oni-su-nove-nade-cg-i-regionalne-muzicke-scene-doris-dekovic-majda-bozovic-isidora-nikolic-i-luka-lekovic\/","url":"https:\/\/dmcsrb.com\/zabava\/oni-su-nove-nade-cg-i-regionalne-muzicke-scene-doris-dekovic-majda-bozovic-isidora-nikolic-i-luka-lekovic\/","name":"Oni su nove nade CG i regionalne muzi\u010dke scene: Doris Dekovi\u0107, Majda Bo\u017eovi\u0107, Isidora Nikoli\u0107 i Luka Lekovi\u0107 - dmcsrb.com","isPartOf":{"@id":"https:\/\/dmcsrb.com\/#website"},"primaryImageOfPage":{"@id":"https:\/\/dmcsrb.com\/zabava\/oni-su-nove-nade-cg-i-regionalne-muzicke-scene-doris-dekovic-majda-bozovic-isidora-nikolic-i-luka-lekovic\/#primaryimage"},"image":{"@id":"https:\/\/dmcsrb.com\/zabava\/oni-su-nove-nade-cg-i-regionalne-muzicke-scene-doris-dekovic-majda-bozovic-isidora-nikolic-i-luka-lekovic\/#primaryimage"},"thumbnailUrl":"https:\/\/dmcsrb.com\/wp-content\/uploads\/2026\/01\/Doris-scaled-1.webp","datePublished":"2025-09-12T09:48:00+00:00","author":{"@id":"https:\/\/dmcsrb.com\/#\/schema\/person\/5c39170f12db1b8b457732d0b5c854e2"},"breadcrumb":{"@id":"https:\/\/dmcsrb.com\/zabava\/oni-su-nove-nade-cg-i-regionalne-muzicke-scene-doris-dekovic-majda-bozovic-isidora-nikolic-i-luka-lekovic\/#breadcrumb"},"inLanguage":"en-GB","potentialAction":[{"@type":"ReadAction","target":["https:\/\/dmcsrb.com\/zabava\/oni-su-nove-nade-cg-i-regionalne-muzicke-scene-doris-dekovic-majda-bozovic-isidora-nikolic-i-luka-lekovic\/"]}]},{"@type":"ImageObject","inLanguage":"en-GB","@id":"https:\/\/dmcsrb.com\/zabava\/oni-su-nove-nade-cg-i-regionalne-muzicke-scene-doris-dekovic-majda-bozovic-isidora-nikolic-i-luka-lekovic\/#primaryimage","url":"https:\/\/dmcsrb.com\/wp-content\/uploads\/2026\/01\/Doris-scaled-1.webp","contentUrl":"https:\/\/dmcsrb.com\/wp-content\/uploads\/2026\/01\/Doris-scaled-1.webp","width":1708,"height":2560},{"@type":"BreadcrumbList","@id":"https:\/\/dmcsrb.com\/zabava\/oni-su-nove-nade-cg-i-regionalne-muzicke-scene-doris-dekovic-majda-bozovic-isidora-nikolic-i-luka-lekovic\/#breadcrumb","itemListElement":[{"@type":"ListItem","position":1,"name":"Home","item":"https:\/\/dmcsrb.com\/"},{"@type":"ListItem","position":2,"name":"Oni su nove nade CG i regionalne muzi\u010dke scene: Doris Dekovi\u0107, Majda Bo\u017eovi\u0107, Isidora Nikoli\u0107 i Luka Lekovi\u0107"}]},{"@type":"WebSite","@id":"https:\/\/dmcsrb.com\/#website","url":"https:\/\/dmcsrb.com\/","name":"dmcsrb.com","description":"","potentialAction":[{"@type":"SearchAction","target":{"@type":"EntryPoint","urlTemplate":"https:\/\/dmcsrb.com\/?s={search_term_string}"},"query-input":{"@type":"PropertyValueSpecification","valueRequired":true,"valueName":"search_term_string"}}],"inLanguage":"en-GB"},{"@type":"Person","@id":"https:\/\/dmcsrb.com\/#\/schema\/person\/5c39170f12db1b8b457732d0b5c854e2","name":"dmcsrbija.com@gmail.com","image":{"@type":"ImageObject","inLanguage":"en-GB","@id":"https:\/\/secure.gravatar.com\/avatar\/68592660ad6347fad0fb587f8d5d8f1a7b44961362f56e4f2cd524feb87e9069?s=96&d=mm&r=g","url":"https:\/\/secure.gravatar.com\/avatar\/68592660ad6347fad0fb587f8d5d8f1a7b44961362f56e4f2cd524feb87e9069?s=96&d=mm&r=g","contentUrl":"https:\/\/secure.gravatar.com\/avatar\/68592660ad6347fad0fb587f8d5d8f1a7b44961362f56e4f2cd524feb87e9069?s=96&d=mm&r=g","caption":"dmcsrbija.com@gmail.com"},"sameAs":["https:\/\/dmcsrb.com"],"url":"https:\/\/dmcsrb.com\/en\/author\/dmcsrbija-comgmail-com\/"}]}},"_links":{"self":[{"href":"https:\/\/dmcsrb.com\/en\/wp-json\/wp\/v2\/posts\/951725","targetHints":{"allow":["GET"]}}],"collection":[{"href":"https:\/\/dmcsrb.com\/en\/wp-json\/wp\/v2\/posts"}],"about":[{"href":"https:\/\/dmcsrb.com\/en\/wp-json\/wp\/v2\/types\/post"}],"author":[{"embeddable":true,"href":"https:\/\/dmcsrb.com\/en\/wp-json\/wp\/v2\/users\/1"}],"replies":[{"embeddable":true,"href":"https:\/\/dmcsrb.com\/en\/wp-json\/wp\/v2\/comments?post=951725"}],"version-history":[{"count":0,"href":"https:\/\/dmcsrb.com\/en\/wp-json\/wp\/v2\/posts\/951725\/revisions"}],"wp:featuredmedia":[{"embeddable":true,"href":"https:\/\/dmcsrb.com\/en\/wp-json\/wp\/v2\/media\/951726"}],"wp:attachment":[{"href":"https:\/\/dmcsrb.com\/en\/wp-json\/wp\/v2\/media?parent=951725"}],"wp:term":[{"taxonomy":"category","embeddable":true,"href":"https:\/\/dmcsrb.com\/en\/wp-json\/wp\/v2\/categories?post=951725"},{"taxonomy":"post_tag","embeddable":true,"href":"https:\/\/dmcsrb.com\/en\/wp-json\/wp\/v2\/tags?post=951725"},{"taxonomy":"naslovna","embeddable":true,"href":"https:\/\/dmcsrb.com\/en\/wp-json\/wp\/v2\/naslovna?post=951725"}],"curies":[{"name":"wp","href":"https:\/\/api.w.org\/{rel}","templated":true}]}}