{"id":951718,"date":"2025-09-12T11:41:00","date_gmt":"2025-09-12T09:41:00","guid":{"rendered":"https:\/\/dmcsrb.com\/uncategorized\/opstine-traze-upravljanje-lukama-od-lokalnog-znacaja\/"},"modified":"2025-09-12T11:41:00","modified_gmt":"2025-09-12T09:41:00","slug":"opstine-traze-upravljanje-lukama-od-lokalnog-znacaja","status":"publish","type":"post","link":"https:\/\/dmcsrb.com\/en\/ekonomija\/opstine-traze-upravljanje-lukama-od-lokalnog-znacaja\/","title":{"rendered":"Op\u0161tine tra\u017ee upravljanje lukama od lokalnog zna\u010daja"},"content":{"rendered":"<p><\/p>\n\n\n\n<p><\/p>\n\n\n\n<p>\u017divkovi\u0107 je podsjetila da je \u0161est primorskih op\u0161tina krajem 2024. godine zajedni\u010dki pokrenulo Inicijativu za izmjene i dopune Zakona o morskom dobru, Zakona o planiranju prostora i izgradnji objekata i Zakona o lukama, \u010diji je cilj da se sprovede decentralizacija i da se ovla\u0161\u0107enja za upravljanje prenesu na lokalne samouprave. Ovakvo rje\u0161enje nije novina \u2013 ono je, kako ka\u017ee \u017divkovi\u0107, ve\u0107 praksa u Hrvatskoj, Albaniji i Italiji, gdje op\u0161tine imaju klju\u010dnu ulogu u redovnom upravljanju obalom i lukama, \u010dime se obezbje\u0111uje odgovornije, odr\u017eivije i pravednije upravljanje resursima.<\/p>\n\n\n\n<p>Tada je predlo\u017eeno da se poslove upravljanja lukama povjere op\u0161tinskim organima, a da se prihodi ostvareni od njihovog kori\u0161\u0107enja slivaju u bud\u017eete jedinica lokalne samouprave na \u010dijoj teritoriji se luke nalaze. Na taj na\u010din sredstva bi se vra\u0107ala tamo gdje su ostvarena i ulaganja bi bila usmjerena na ono \u0161to je gra\u0111anima i privredi najpotrebnije \u2013 razvoj infrastrukture, o\u010duvanje prostora i podizanje kvaliteta \u017eivota.<\/p>\n\n\n\n<p>\u017divkovi\u0107 je istakla i da su principi Evropske povelje o lokalnoj samoupravi, koju je ratifikovala i Crna Gora, jasno definisali da javne poslove treba da obavljaju organi vlasti koji su najbli\u017ei gra\u0111anima, uz puno uva\u017eavanje obima i prirode tih poslova, kao i kriterijuma efikasnosti i ekonomi\u010dnosti. Ustav Crne Gore dodatno garantuje pravo na lokalnu samoupravu, koje podrazumijeva da gra\u0111ani i njihovi izabrani predstavnici imaju pravo i sposobnost da u okviru zakona ure\u0111uju i upravljaju poslovima od neposrednog i zajedni\u010dkog interesa.<\/p>\n\n\n\n<p>&#8220;Polaze\u0107i od ovih principa, kao i od Memoranduma o saradnji potpisanog izme\u0111u Vlade Crne Gore i svih jedinica lokalne samouprave u decembru 2024. godine, Zajednica op\u0161tina smatra da je do\u0161lo vrijeme da se otpo\u010dne proces stvarne decentralizacije u upravljanju morskom obalom i lukama. Podsje\u0107amo i da su do 1992. godine tim prostorom upravljale op\u0161tine, a da je kasnijom centralizacijom nadle\u017enosti formirano javno preduze\u0107e \u201eMorsko dobro\u201c, koje do danas nije uskla\u0111eno sa zakonskim obavezama o reorganizaciji u privredno dru\u0161tvo. Time se, izme\u0111u ostalog, dovodi u pitanje pravna valjanost brojnih odluka i propu\u0161ta prilika da se sredstva ostvarena kori\u0161\u0107enjem morske obale i luka na pravi\u010dan na\u010din vra\u0107aju lokalnim zajednicama&#8221;, naveli su iz Zajednice op\u0161tina.<\/p>\n\n\n\n<p>Isti\u010du da je samo u posljednje tri godine svega \u010detvrtina prihoda od upravljanja morskom obalom vra\u0107ena u infrastrukturne projekte op\u0161tina ju\u017enog regiona, iako se najve\u0107i dio tih prihoda upravo tu ostvaruje.<\/p>\n\n\n\n<p>&#8220;Takva praksa pokazuje da sada\u0161nji model ne doprinosi ravnomjernom razvoju, ve\u0107 produbljuje razlike me\u0111u op\u0161tinama i smanjuje mogu\u0107nost da lokalne zajednice planiraju i ure\u0111uju svoj prostor prema potrebama gra\u0111ana i privrede. Zajednica op\u0161tina Crne Gore vjeruje da \u0107e Skup\u0161tina i Vlada Crne Gore uva\u017eiti ove argumente i prepoznati da decentralizacija nije prijetnja, ve\u0107 \u0161ansa za ja\u010du i odgovorniju dr\u017eavu, u kojoj op\u0161tine i dr\u017eava zajedno rade za dobrobit gra\u0111ana i pravi\u010dan razvoj cijelog primorja&#8221;, poru\u010duju iz Zajednice op\u0161tina.<\/p>","protected":false},"excerpt":{"rendered":"<p>Stav Zajednice op\u0161tina povodom Nacrta zakona o lukama jeste jasan: upravljanje lukama od lokalnog zna\u010daja mora biti u nadle\u017enosti op\u0161tina, naglasila je Sanja \u017divkovi\u0107, sekretarka Odbora za komunalne poslove i \u017eivotnu sredinu Zajednice op\u0161tina, na okruglom stolu organizovanom povodom Nacrta zakona o lukama.<\/p>","protected":false},"author":1,"featured_media":915002,"comment_status":"open","ping_status":"open","sticky":false,"template":"","format":"standard","meta":{"_acf_changed":false,"footnotes":""},"categories":[27],"tags":[7861,6755],"naslovna":[],"class_list":["post-951718","post","type-post","status-publish","format-standard","has-post-thumbnail","hentry","category-ekonomija","tag-sanja-zivkovic","tag-zajednica-opstina"],"acf":[],"yoast_head":"<!-- This site is optimized with the Yoast SEO plugin v27.4 - https:\/\/yoast.com\/product\/yoast-seo-wordpress\/ -->\n<title>Op\u0161tine tra\u017ee upravljanje lukama od lokalnog zna\u010daja - dmcsrb.com<\/title>\n<meta name=\"robots\" content=\"index, follow, max-snippet:-1, max-image-preview:large, max-video-preview:-1\" \/>\n<link rel=\"canonical\" href=\"https:\/\/dmcsrb.com\/en\/ekonomija\/opstine-traze-upravljanje-lukama-od-lokalnog-znacaja\/\" \/>\n<meta property=\"og:locale\" content=\"en_GB\" \/>\n<meta property=\"og:type\" content=\"article\" \/>\n<meta property=\"og:title\" content=\"Op\u0161tine tra\u017ee upravljanje lukama od lokalnog zna\u010daja - dmcsrb.com\" \/>\n<meta property=\"og:description\" content=\"Stav Zajednice op\u0161tina povodom Nacrta zakona o lukama jeste jasan: upravljanje lukama od lokalnog zna\u010daja mora biti u nadle\u017enosti op\u0161tina, naglasila je Sanja \u017divkovi\u0107, sekretarka Odbora za komunalne poslove i \u017eivotnu sredinu Zajednice op\u0161tina, na okruglom stolu organizovanom povodom Nacrta zakona o lukama.\" \/>\n<meta property=\"og:url\" content=\"https:\/\/dmcsrb.com\/en\/ekonomija\/opstine-traze-upravljanje-lukama-od-lokalnog-znacaja\/\" \/>\n<meta property=\"og:site_name\" content=\"dmcsrb.com\" \/>\n<meta property=\"article:published_time\" content=\"2025-09-12T09:41:00+00:00\" \/>\n<meta property=\"og:image\" content=\"https:\/\/dmcsrb.com\/wp-content\/uploads\/2026\/01\/Zajednica-opstina-Crne-Gore-921x556-1.jpg\" \/>\n\t<meta property=\"og:image:width\" content=\"921\" \/>\n\t<meta property=\"og:image:height\" content=\"556\" \/>\n\t<meta property=\"og:image:type\" content=\"image\/jpeg\" \/>\n<meta name=\"author\" content=\"dmcsrbija.com@gmail.com\" \/>\n<meta name=\"twitter:card\" content=\"summary_large_image\" \/>\n<meta name=\"twitter:label1\" content=\"Written by\" \/>\n\t<meta name=\"twitter:data1\" content=\"dmcsrbija.com@gmail.com\" \/>\n\t<meta name=\"twitter:label2\" content=\"Estimated reading time\" \/>\n\t<meta name=\"twitter:data2\" content=\"3 minutes\" \/>\n<script type=\"application\/ld+json\" class=\"yoast-schema-graph\">{\"@context\":\"https:\\\/\\\/schema.org\",\"@graph\":[{\"@type\":\"Article\",\"@id\":\"https:\\\/\\\/dmcsrb.com\\\/ekonomija\\\/opstine-traze-upravljanje-lukama-od-lokalnog-znacaja\\\/#article\",\"isPartOf\":{\"@id\":\"https:\\\/\\\/dmcsrb.com\\\/ekonomija\\\/opstine-traze-upravljanje-lukama-od-lokalnog-znacaja\\\/\"},\"author\":{\"name\":\"dmcsrbija.com@gmail.com\",\"@id\":\"https:\\\/\\\/dmcsrb.com\\\/#\\\/schema\\\/person\\\/5c39170f12db1b8b457732d0b5c854e2\"},\"headline\":\"Op\u0161tine tra\u017ee upravljanje lukama od lokalnog zna\u010daja\",\"datePublished\":\"2025-09-12T09:41:00+00:00\",\"mainEntityOfPage\":{\"@id\":\"https:\\\/\\\/dmcsrb.com\\\/ekonomija\\\/opstine-traze-upravljanje-lukama-od-lokalnog-znacaja\\\/\"},\"wordCount\":521,\"commentCount\":0,\"image\":{\"@id\":\"https:\\\/\\\/dmcsrb.com\\\/ekonomija\\\/opstine-traze-upravljanje-lukama-od-lokalnog-znacaja\\\/#primaryimage\"},\"thumbnailUrl\":\"https:\\\/\\\/dmcsrb.com\\\/wp-content\\\/uploads\\\/2026\\\/01\\\/Zajednica-opstina-Crne-Gore-921x556-1.jpg\",\"keywords\":[\"Sanja \u017divkovi\u0107\",\"Zajednica op\u0161tina\"],\"articleSection\":[\"Ekonomija\"],\"inLanguage\":\"en-GB\",\"potentialAction\":[{\"@type\":\"CommentAction\",\"name\":\"Comment\",\"target\":[\"https:\\\/\\\/dmcsrb.com\\\/ekonomija\\\/opstine-traze-upravljanje-lukama-od-lokalnog-znacaja\\\/#respond\"]}]},{\"@type\":\"WebPage\",\"@id\":\"https:\\\/\\\/dmcsrb.com\\\/ekonomija\\\/opstine-traze-upravljanje-lukama-od-lokalnog-znacaja\\\/\",\"url\":\"https:\\\/\\\/dmcsrb.com\\\/ekonomija\\\/opstine-traze-upravljanje-lukama-od-lokalnog-znacaja\\\/\",\"name\":\"Op\u0161tine tra\u017ee upravljanje lukama od lokalnog zna\u010daja - dmcsrb.com\",\"isPartOf\":{\"@id\":\"https:\\\/\\\/dmcsrb.com\\\/#website\"},\"primaryImageOfPage\":{\"@id\":\"https:\\\/\\\/dmcsrb.com\\\/ekonomija\\\/opstine-traze-upravljanje-lukama-od-lokalnog-znacaja\\\/#primaryimage\"},\"image\":{\"@id\":\"https:\\\/\\\/dmcsrb.com\\\/ekonomija\\\/opstine-traze-upravljanje-lukama-od-lokalnog-znacaja\\\/#primaryimage\"},\"thumbnailUrl\":\"https:\\\/\\\/dmcsrb.com\\\/wp-content\\\/uploads\\\/2026\\\/01\\\/Zajednica-opstina-Crne-Gore-921x556-1.jpg\",\"datePublished\":\"2025-09-12T09:41:00+00:00\",\"author\":{\"@id\":\"https:\\\/\\\/dmcsrb.com\\\/#\\\/schema\\\/person\\\/5c39170f12db1b8b457732d0b5c854e2\"},\"breadcrumb\":{\"@id\":\"https:\\\/\\\/dmcsrb.com\\\/ekonomija\\\/opstine-traze-upravljanje-lukama-od-lokalnog-znacaja\\\/#breadcrumb\"},\"inLanguage\":\"en-GB\",\"potentialAction\":[{\"@type\":\"ReadAction\",\"target\":[\"https:\\\/\\\/dmcsrb.com\\\/ekonomija\\\/opstine-traze-upravljanje-lukama-od-lokalnog-znacaja\\\/\"]}]},{\"@type\":\"ImageObject\",\"inLanguage\":\"en-GB\",\"@id\":\"https:\\\/\\\/dmcsrb.com\\\/ekonomija\\\/opstine-traze-upravljanje-lukama-od-lokalnog-znacaja\\\/#primaryimage\",\"url\":\"https:\\\/\\\/dmcsrb.com\\\/wp-content\\\/uploads\\\/2026\\\/01\\\/Zajednica-opstina-Crne-Gore-921x556-1.jpg\",\"contentUrl\":\"https:\\\/\\\/dmcsrb.com\\\/wp-content\\\/uploads\\\/2026\\\/01\\\/Zajednica-opstina-Crne-Gore-921x556-1.jpg\",\"width\":921,\"height\":556},{\"@type\":\"BreadcrumbList\",\"@id\":\"https:\\\/\\\/dmcsrb.com\\\/ekonomija\\\/opstine-traze-upravljanje-lukama-od-lokalnog-znacaja\\\/#breadcrumb\",\"itemListElement\":[{\"@type\":\"ListItem\",\"position\":1,\"name\":\"Home\",\"item\":\"https:\\\/\\\/dmcsrb.com\\\/\"},{\"@type\":\"ListItem\",\"position\":2,\"name\":\"Op\u0161tine tra\u017ee upravljanje lukama od lokalnog zna\u010daja\"}]},{\"@type\":\"WebSite\",\"@id\":\"https:\\\/\\\/dmcsrb.com\\\/#website\",\"url\":\"https:\\\/\\\/dmcsrb.com\\\/\",\"name\":\"dmcsrb.com\",\"description\":\"\",\"potentialAction\":[{\"@type\":\"SearchAction\",\"target\":{\"@type\":\"EntryPoint\",\"urlTemplate\":\"https:\\\/\\\/dmcsrb.com\\\/?s={search_term_string}\"},\"query-input\":{\"@type\":\"PropertyValueSpecification\",\"valueRequired\":true,\"valueName\":\"search_term_string\"}}],\"inLanguage\":\"en-GB\"},{\"@type\":\"Person\",\"@id\":\"https:\\\/\\\/dmcsrb.com\\\/#\\\/schema\\\/person\\\/5c39170f12db1b8b457732d0b5c854e2\",\"name\":\"dmcsrbija.com@gmail.com\",\"image\":{\"@type\":\"ImageObject\",\"inLanguage\":\"en-GB\",\"@id\":\"https:\\\/\\\/secure.gravatar.com\\\/avatar\\\/68592660ad6347fad0fb587f8d5d8f1a7b44961362f56e4f2cd524feb87e9069?s=96&d=mm&r=g\",\"url\":\"https:\\\/\\\/secure.gravatar.com\\\/avatar\\\/68592660ad6347fad0fb587f8d5d8f1a7b44961362f56e4f2cd524feb87e9069?s=96&d=mm&r=g\",\"contentUrl\":\"https:\\\/\\\/secure.gravatar.com\\\/avatar\\\/68592660ad6347fad0fb587f8d5d8f1a7b44961362f56e4f2cd524feb87e9069?s=96&d=mm&r=g\",\"caption\":\"dmcsrbija.com@gmail.com\"},\"sameAs\":[\"https:\\\/\\\/dmcsrb.com\"],\"url\":\"https:\\\/\\\/dmcsrb.com\\\/en\\\/author\\\/dmcsrbija-comgmail-com\\\/\"}]}<\/script>\n<!-- \/ Yoast SEO plugin. -->","yoast_head_json":{"title":"Op\u0161tine tra\u017ee upravljanje lukama od lokalnog zna\u010daja - dmcsrb.com","robots":{"index":"index","follow":"follow","max-snippet":"max-snippet:-1","max-image-preview":"max-image-preview:large","max-video-preview":"max-video-preview:-1"},"canonical":"https:\/\/dmcsrb.com\/en\/ekonomija\/opstine-traze-upravljanje-lukama-od-lokalnog-znacaja\/","og_locale":"en_GB","og_type":"article","og_title":"Op\u0161tine tra\u017ee upravljanje lukama od lokalnog zna\u010daja - dmcsrb.com","og_description":"Stav Zajednice op\u0161tina povodom Nacrta zakona o lukama jeste jasan: upravljanje lukama od lokalnog zna\u010daja mora biti u nadle\u017enosti op\u0161tina, naglasila je Sanja \u017divkovi\u0107, sekretarka Odbora za komunalne poslove i \u017eivotnu sredinu Zajednice op\u0161tina, na okruglom stolu organizovanom povodom Nacrta zakona o lukama.","og_url":"https:\/\/dmcsrb.com\/en\/ekonomija\/opstine-traze-upravljanje-lukama-od-lokalnog-znacaja\/","og_site_name":"dmcsrb.com","article_published_time":"2025-09-12T09:41:00+00:00","og_image":[{"width":921,"height":556,"url":"https:\/\/dmcsrb.com\/wp-content\/uploads\/2026\/01\/Zajednica-opstina-Crne-Gore-921x556-1.jpg","type":"image\/jpeg"}],"author":"dmcsrbija.com@gmail.com","twitter_card":"summary_large_image","twitter_misc":{"Written by":"dmcsrbija.com@gmail.com","Estimated reading time":"3 minutes"},"schema":{"@context":"https:\/\/schema.org","@graph":[{"@type":"Article","@id":"https:\/\/dmcsrb.com\/ekonomija\/opstine-traze-upravljanje-lukama-od-lokalnog-znacaja\/#article","isPartOf":{"@id":"https:\/\/dmcsrb.com\/ekonomija\/opstine-traze-upravljanje-lukama-od-lokalnog-znacaja\/"},"author":{"name":"dmcsrbija.com@gmail.com","@id":"https:\/\/dmcsrb.com\/#\/schema\/person\/5c39170f12db1b8b457732d0b5c854e2"},"headline":"Op\u0161tine tra\u017ee upravljanje lukama od lokalnog zna\u010daja","datePublished":"2025-09-12T09:41:00+00:00","mainEntityOfPage":{"@id":"https:\/\/dmcsrb.com\/ekonomija\/opstine-traze-upravljanje-lukama-od-lokalnog-znacaja\/"},"wordCount":521,"commentCount":0,"image":{"@id":"https:\/\/dmcsrb.com\/ekonomija\/opstine-traze-upravljanje-lukama-od-lokalnog-znacaja\/#primaryimage"},"thumbnailUrl":"https:\/\/dmcsrb.com\/wp-content\/uploads\/2026\/01\/Zajednica-opstina-Crne-Gore-921x556-1.jpg","keywords":["Sanja \u017divkovi\u0107","Zajednica op\u0161tina"],"articleSection":["Ekonomija"],"inLanguage":"en-GB","potentialAction":[{"@type":"CommentAction","name":"Comment","target":["https:\/\/dmcsrb.com\/ekonomija\/opstine-traze-upravljanje-lukama-od-lokalnog-znacaja\/#respond"]}]},{"@type":"WebPage","@id":"https:\/\/dmcsrb.com\/ekonomija\/opstine-traze-upravljanje-lukama-od-lokalnog-znacaja\/","url":"https:\/\/dmcsrb.com\/ekonomija\/opstine-traze-upravljanje-lukama-od-lokalnog-znacaja\/","name":"Op\u0161tine tra\u017ee upravljanje lukama od lokalnog zna\u010daja - dmcsrb.com","isPartOf":{"@id":"https:\/\/dmcsrb.com\/#website"},"primaryImageOfPage":{"@id":"https:\/\/dmcsrb.com\/ekonomija\/opstine-traze-upravljanje-lukama-od-lokalnog-znacaja\/#primaryimage"},"image":{"@id":"https:\/\/dmcsrb.com\/ekonomija\/opstine-traze-upravljanje-lukama-od-lokalnog-znacaja\/#primaryimage"},"thumbnailUrl":"https:\/\/dmcsrb.com\/wp-content\/uploads\/2026\/01\/Zajednica-opstina-Crne-Gore-921x556-1.jpg","datePublished":"2025-09-12T09:41:00+00:00","author":{"@id":"https:\/\/dmcsrb.com\/#\/schema\/person\/5c39170f12db1b8b457732d0b5c854e2"},"breadcrumb":{"@id":"https:\/\/dmcsrb.com\/ekonomija\/opstine-traze-upravljanje-lukama-od-lokalnog-znacaja\/#breadcrumb"},"inLanguage":"en-GB","potentialAction":[{"@type":"ReadAction","target":["https:\/\/dmcsrb.com\/ekonomija\/opstine-traze-upravljanje-lukama-od-lokalnog-znacaja\/"]}]},{"@type":"ImageObject","inLanguage":"en-GB","@id":"https:\/\/dmcsrb.com\/ekonomija\/opstine-traze-upravljanje-lukama-od-lokalnog-znacaja\/#primaryimage","url":"https:\/\/dmcsrb.com\/wp-content\/uploads\/2026\/01\/Zajednica-opstina-Crne-Gore-921x556-1.jpg","contentUrl":"https:\/\/dmcsrb.com\/wp-content\/uploads\/2026\/01\/Zajednica-opstina-Crne-Gore-921x556-1.jpg","width":921,"height":556},{"@type":"BreadcrumbList","@id":"https:\/\/dmcsrb.com\/ekonomija\/opstine-traze-upravljanje-lukama-od-lokalnog-znacaja\/#breadcrumb","itemListElement":[{"@type":"ListItem","position":1,"name":"Home","item":"https:\/\/dmcsrb.com\/"},{"@type":"ListItem","position":2,"name":"Op\u0161tine tra\u017ee upravljanje lukama od lokalnog zna\u010daja"}]},{"@type":"WebSite","@id":"https:\/\/dmcsrb.com\/#website","url":"https:\/\/dmcsrb.com\/","name":"dmcsrb.com","description":"","potentialAction":[{"@type":"SearchAction","target":{"@type":"EntryPoint","urlTemplate":"https:\/\/dmcsrb.com\/?s={search_term_string}"},"query-input":{"@type":"PropertyValueSpecification","valueRequired":true,"valueName":"search_term_string"}}],"inLanguage":"en-GB"},{"@type":"Person","@id":"https:\/\/dmcsrb.com\/#\/schema\/person\/5c39170f12db1b8b457732d0b5c854e2","name":"dmcsrbija.com@gmail.com","image":{"@type":"ImageObject","inLanguage":"en-GB","@id":"https:\/\/secure.gravatar.com\/avatar\/68592660ad6347fad0fb587f8d5d8f1a7b44961362f56e4f2cd524feb87e9069?s=96&d=mm&r=g","url":"https:\/\/secure.gravatar.com\/avatar\/68592660ad6347fad0fb587f8d5d8f1a7b44961362f56e4f2cd524feb87e9069?s=96&d=mm&r=g","contentUrl":"https:\/\/secure.gravatar.com\/avatar\/68592660ad6347fad0fb587f8d5d8f1a7b44961362f56e4f2cd524feb87e9069?s=96&d=mm&r=g","caption":"dmcsrbija.com@gmail.com"},"sameAs":["https:\/\/dmcsrb.com"],"url":"https:\/\/dmcsrb.com\/en\/author\/dmcsrbija-comgmail-com\/"}]}},"_links":{"self":[{"href":"https:\/\/dmcsrb.com\/en\/wp-json\/wp\/v2\/posts\/951718","targetHints":{"allow":["GET"]}}],"collection":[{"href":"https:\/\/dmcsrb.com\/en\/wp-json\/wp\/v2\/posts"}],"about":[{"href":"https:\/\/dmcsrb.com\/en\/wp-json\/wp\/v2\/types\/post"}],"author":[{"embeddable":true,"href":"https:\/\/dmcsrb.com\/en\/wp-json\/wp\/v2\/users\/1"}],"replies":[{"embeddable":true,"href":"https:\/\/dmcsrb.com\/en\/wp-json\/wp\/v2\/comments?post=951718"}],"version-history":[{"count":0,"href":"https:\/\/dmcsrb.com\/en\/wp-json\/wp\/v2\/posts\/951718\/revisions"}],"wp:featuredmedia":[{"embeddable":true,"href":"https:\/\/dmcsrb.com\/en\/wp-json\/wp\/v2\/media\/915002"}],"wp:attachment":[{"href":"https:\/\/dmcsrb.com\/en\/wp-json\/wp\/v2\/media?parent=951718"}],"wp:term":[{"taxonomy":"category","embeddable":true,"href":"https:\/\/dmcsrb.com\/en\/wp-json\/wp\/v2\/categories?post=951718"},{"taxonomy":"post_tag","embeddable":true,"href":"https:\/\/dmcsrb.com\/en\/wp-json\/wp\/v2\/tags?post=951718"},{"taxonomy":"naslovna","embeddable":true,"href":"https:\/\/dmcsrb.com\/en\/wp-json\/wp\/v2\/naslovna?post=951718"}],"curies":[{"name":"wp","href":"https:\/\/api.w.org\/{rel}","templated":true}]}}