{"id":951699,"date":"2025-09-12T09:55:00","date_gmt":"2025-09-12T07:55:00","guid":{"rendered":"https:\/\/dmcsrb.com\/uncategorized\/albanija-imenovala-prvu-ai-ministarku-na-svijetu\/"},"modified":"2025-09-12T09:55:00","modified_gmt":"2025-09-12T07:55:00","slug":"albanija-imenovala-prvu-ai-ministarku-na-svijetu","status":"publish","type":"post","link":"https:\/\/dmcsrb.com\/en\/svijet\/albanija-imenovala-prvu-ai-ministarku-na-svijetu\/","title":{"rendered":"Albanija imenovala prvu AI ministarku na svijetu"},"content":{"rendered":"<p><\/p>\n\n\n\n<p>Digitalni asistent zove se &#8220;Diela&#8221;, \u0161to zna\u010di Sunce, i od januara savjetuje gra\u0111ane kako da koriste usluge dr\u017eavne uprave putem interneta.&nbsp;<\/p>\n\n\n\n<p>Premijer Albanije Edi Rama je 11. septembra&nbsp;zvani\u010dno predstavio digitalnog ministra u svom kabinetu.<\/p>\n\n\n\n<p>&#8220;Diela je prvi \u010dlan vlade koji nije fizi\u010dki prisutan, ve\u0107 virtuelno stvoren pomo\u0107u vje\u0161ta\u010dke inteligencije&#8221;, rekao je Rama.<\/p>\n\n\n\n<p>Diela \u0107e biti zadu\u017eena za sve odluke u vezi sa javnim nabavkama, \u010dine\u0107i ih &#8220;100 odsto oslobo\u0111enim korupcije&#8221;, rekao je on, dodaju\u0107i da \u0107e &#8220;svaki javni novac uklju\u010den u tenderski postupak biti potpuno transparentan&#8221;, prenosi&nbsp;<a href=\"https:\/\/www.euronews.rs\/evropa\/vesti\/187209\/albanija-ima-prvog-ai-ministra-za-borbu-protiv-korupcije\/vest\" rel=\"noreferrer noopener\" target=\"_blank\">Euronews<\/a>.<\/p>\n\n\n\n<p>Rama je rekao da \u0107e dono\u0161enje odluka o dobitnicima javnih tendera biti uklonjeno iz dr\u017eavnih ministarstava u procesu &#8220;korak po korak&#8221;, dodaju\u0107i da \u0107e vje\u0161ta\u010dka inteligencija obezbijediti da &#8220;sva javna sredstva u tenderskom postupku budu 100 odsto jasna&#8221;.<\/p>\n\n\n\n<p>Korupcija u Albaniji predstavlja veliki problem za zemlju koja ima za cilj da se pridru\u017ei Evropskoj uniji do 2030. godine.<\/p>\n\n\n\n<p>Pro\u0161le godine, zemlja je zauzela 80. mjesto od 180 dr\u017eava na indeksu korupcije, koji rangira zemlje prema percipiranom nivou korupcije u javnom sektoru.<\/p>\n\n\n\n<p>O\u010dekuje se da \u0107e Rama u narednim danima objaviti sastav svoje vlade nakon ponovne pobjede na izborima u maju.<\/p>\n\n\n\n<p>Od svog lansiranja, Diela je predstavljena kao \u017eena obu\u010dena u tradicionalnu albansku no\u0161nju. Nije poznato da li \u0107e zadr\u017eati svoj trenutni izgled.&nbsp;<\/p>\n\n\n\n<p><\/p>","protected":false},"excerpt":{"rendered":"<p>Albanija je imenovala prvog &#8220;ministra&#8221; na svijetu koji je generisan vje\u0161ta\u010dkom inteligencijom, sa ciljem da zemlju u\u010dini &#8220;slobodnom od korupcije&#8221;.<\/p>","protected":false},"author":1,"featured_media":951700,"comment_status":"open","ping_status":"open","sticky":false,"template":"","format":"standard","meta":{"_acf_changed":false,"footnotes":""},"categories":[144],"tags":[7842,1937],"naslovna":[],"class_list":["post-951699","post","type-post","status-publish","format-standard","has-post-thumbnail","hentry","category-svijet","tag-ai-ministarka","tag-albanija"],"acf":[],"yoast_head":"<!-- This site is optimized with the Yoast SEO plugin v27.4 - https:\/\/yoast.com\/product\/yoast-seo-wordpress\/ -->\n<title>Albanija imenovala prvu AI ministarku na svijetu - dmcsrb.com<\/title>\n<meta name=\"robots\" content=\"index, follow, max-snippet:-1, max-image-preview:large, max-video-preview:-1\" \/>\n<link rel=\"canonical\" href=\"https:\/\/dmcsrb.com\/en\/svijet\/albanija-imenovala-prvu-ai-ministarku-na-svijetu\/\" \/>\n<meta property=\"og:locale\" content=\"en_GB\" \/>\n<meta property=\"og:type\" content=\"article\" \/>\n<meta property=\"og:title\" content=\"Albanija imenovala prvu AI ministarku na svijetu - dmcsrb.com\" \/>\n<meta property=\"og:description\" content=\"Albanija je imenovala prvog &quot;ministra&quot; na svijetu koji je generisan vje\u0161ta\u010dkom inteligencijom, sa ciljem da zemlju u\u010dini &quot;slobodnom od korupcije&quot;.\" \/>\n<meta property=\"og:url\" content=\"https:\/\/dmcsrb.com\/en\/svijet\/albanija-imenovala-prvu-ai-ministarku-na-svijetu\/\" \/>\n<meta property=\"og:site_name\" content=\"dmcsrb.com\" \/>\n<meta property=\"article:published_time\" content=\"2025-09-12T07:55:00+00:00\" \/>\n<meta property=\"og:image\" content=\"https:\/\/dmcsrb.com\/wp-content\/uploads\/2026\/01\/20250912105824_926940.webp\" \/>\n\t<meta property=\"og:image:width\" content=\"1200\" \/>\n\t<meta property=\"og:image:height\" content=\"800\" \/>\n\t<meta property=\"og:image:type\" content=\"image\/jpeg\" \/>\n<meta name=\"author\" content=\"dmcsrbija.com@gmail.com\" \/>\n<meta name=\"twitter:card\" content=\"summary_large_image\" \/>\n<meta name=\"twitter:label1\" content=\"Written by\" \/>\n\t<meta name=\"twitter:data1\" content=\"dmcsrbija.com@gmail.com\" \/>\n\t<meta name=\"twitter:label2\" content=\"Estimated reading time\" \/>\n\t<meta name=\"twitter:data2\" content=\"1 minute\" \/>\n<script type=\"application\/ld+json\" class=\"yoast-schema-graph\">{\"@context\":\"https:\\\/\\\/schema.org\",\"@graph\":[{\"@type\":\"Article\",\"@id\":\"https:\\\/\\\/dmcsrb.com\\\/svijet\\\/albanija-imenovala-prvu-ai-ministarku-na-svijetu\\\/#article\",\"isPartOf\":{\"@id\":\"https:\\\/\\\/dmcsrb.com\\\/svijet\\\/albanija-imenovala-prvu-ai-ministarku-na-svijetu\\\/\"},\"author\":{\"name\":\"dmcsrbija.com@gmail.com\",\"@id\":\"https:\\\/\\\/dmcsrb.com\\\/#\\\/schema\\\/person\\\/5c39170f12db1b8b457732d0b5c854e2\"},\"headline\":\"Albanija imenovala prvu AI ministarku na svijetu\",\"datePublished\":\"2025-09-12T07:55:00+00:00\",\"mainEntityOfPage\":{\"@id\":\"https:\\\/\\\/dmcsrb.com\\\/svijet\\\/albanija-imenovala-prvu-ai-ministarku-na-svijetu\\\/\"},\"wordCount\":241,\"commentCount\":0,\"image\":{\"@id\":\"https:\\\/\\\/dmcsrb.com\\\/svijet\\\/albanija-imenovala-prvu-ai-ministarku-na-svijetu\\\/#primaryimage\"},\"thumbnailUrl\":\"https:\\\/\\\/dmcsrb.com\\\/wp-content\\\/uploads\\\/2026\\\/01\\\/20250912105824_926940.webp\",\"keywords\":[\"AI ministarka\",\"Albanija\"],\"articleSection\":[\"Svijet\"],\"inLanguage\":\"en-GB\",\"potentialAction\":[{\"@type\":\"CommentAction\",\"name\":\"Comment\",\"target\":[\"https:\\\/\\\/dmcsrb.com\\\/svijet\\\/albanija-imenovala-prvu-ai-ministarku-na-svijetu\\\/#respond\"]}]},{\"@type\":\"WebPage\",\"@id\":\"https:\\\/\\\/dmcsrb.com\\\/svijet\\\/albanija-imenovala-prvu-ai-ministarku-na-svijetu\\\/\",\"url\":\"https:\\\/\\\/dmcsrb.com\\\/svijet\\\/albanija-imenovala-prvu-ai-ministarku-na-svijetu\\\/\",\"name\":\"Albanija imenovala prvu AI ministarku na svijetu - dmcsrb.com\",\"isPartOf\":{\"@id\":\"https:\\\/\\\/dmcsrb.com\\\/#website\"},\"primaryImageOfPage\":{\"@id\":\"https:\\\/\\\/dmcsrb.com\\\/svijet\\\/albanija-imenovala-prvu-ai-ministarku-na-svijetu\\\/#primaryimage\"},\"image\":{\"@id\":\"https:\\\/\\\/dmcsrb.com\\\/svijet\\\/albanija-imenovala-prvu-ai-ministarku-na-svijetu\\\/#primaryimage\"},\"thumbnailUrl\":\"https:\\\/\\\/dmcsrb.com\\\/wp-content\\\/uploads\\\/2026\\\/01\\\/20250912105824_926940.webp\",\"datePublished\":\"2025-09-12T07:55:00+00:00\",\"author\":{\"@id\":\"https:\\\/\\\/dmcsrb.com\\\/#\\\/schema\\\/person\\\/5c39170f12db1b8b457732d0b5c854e2\"},\"breadcrumb\":{\"@id\":\"https:\\\/\\\/dmcsrb.com\\\/svijet\\\/albanija-imenovala-prvu-ai-ministarku-na-svijetu\\\/#breadcrumb\"},\"inLanguage\":\"en-GB\",\"potentialAction\":[{\"@type\":\"ReadAction\",\"target\":[\"https:\\\/\\\/dmcsrb.com\\\/svijet\\\/albanija-imenovala-prvu-ai-ministarku-na-svijetu\\\/\"]}]},{\"@type\":\"ImageObject\",\"inLanguage\":\"en-GB\",\"@id\":\"https:\\\/\\\/dmcsrb.com\\\/svijet\\\/albanija-imenovala-prvu-ai-ministarku-na-svijetu\\\/#primaryimage\",\"url\":\"https:\\\/\\\/dmcsrb.com\\\/wp-content\\\/uploads\\\/2026\\\/01\\\/20250912105824_926940.webp\",\"contentUrl\":\"https:\\\/\\\/dmcsrb.com\\\/wp-content\\\/uploads\\\/2026\\\/01\\\/20250912105824_926940.webp\",\"width\":1200,\"height\":800},{\"@type\":\"BreadcrumbList\",\"@id\":\"https:\\\/\\\/dmcsrb.com\\\/svijet\\\/albanija-imenovala-prvu-ai-ministarku-na-svijetu\\\/#breadcrumb\",\"itemListElement\":[{\"@type\":\"ListItem\",\"position\":1,\"name\":\"Home\",\"item\":\"https:\\\/\\\/dmcsrb.com\\\/\"},{\"@type\":\"ListItem\",\"position\":2,\"name\":\"Albanija imenovala prvu AI ministarku na svijetu\"}]},{\"@type\":\"WebSite\",\"@id\":\"https:\\\/\\\/dmcsrb.com\\\/#website\",\"url\":\"https:\\\/\\\/dmcsrb.com\\\/\",\"name\":\"dmcsrb.com\",\"description\":\"\",\"potentialAction\":[{\"@type\":\"SearchAction\",\"target\":{\"@type\":\"EntryPoint\",\"urlTemplate\":\"https:\\\/\\\/dmcsrb.com\\\/?s={search_term_string}\"},\"query-input\":{\"@type\":\"PropertyValueSpecification\",\"valueRequired\":true,\"valueName\":\"search_term_string\"}}],\"inLanguage\":\"en-GB\"},{\"@type\":\"Person\",\"@id\":\"https:\\\/\\\/dmcsrb.com\\\/#\\\/schema\\\/person\\\/5c39170f12db1b8b457732d0b5c854e2\",\"name\":\"dmcsrbija.com@gmail.com\",\"image\":{\"@type\":\"ImageObject\",\"inLanguage\":\"en-GB\",\"@id\":\"https:\\\/\\\/secure.gravatar.com\\\/avatar\\\/68592660ad6347fad0fb587f8d5d8f1a7b44961362f56e4f2cd524feb87e9069?s=96&d=mm&r=g\",\"url\":\"https:\\\/\\\/secure.gravatar.com\\\/avatar\\\/68592660ad6347fad0fb587f8d5d8f1a7b44961362f56e4f2cd524feb87e9069?s=96&d=mm&r=g\",\"contentUrl\":\"https:\\\/\\\/secure.gravatar.com\\\/avatar\\\/68592660ad6347fad0fb587f8d5d8f1a7b44961362f56e4f2cd524feb87e9069?s=96&d=mm&r=g\",\"caption\":\"dmcsrbija.com@gmail.com\"},\"sameAs\":[\"https:\\\/\\\/dmcsrb.com\"],\"url\":\"https:\\\/\\\/dmcsrb.com\\\/en\\\/author\\\/dmcsrbija-comgmail-com\\\/\"}]}<\/script>\n<!-- \/ Yoast SEO plugin. -->","yoast_head_json":{"title":"Albanija imenovala prvu AI ministarku na svijetu - dmcsrb.com","robots":{"index":"index","follow":"follow","max-snippet":"max-snippet:-1","max-image-preview":"max-image-preview:large","max-video-preview":"max-video-preview:-1"},"canonical":"https:\/\/dmcsrb.com\/en\/svijet\/albanija-imenovala-prvu-ai-ministarku-na-svijetu\/","og_locale":"en_GB","og_type":"article","og_title":"Albanija imenovala prvu AI ministarku na svijetu - dmcsrb.com","og_description":"Albanija je imenovala prvog \"ministra\" na svijetu koji je generisan vje\u0161ta\u010dkom inteligencijom, sa ciljem da zemlju u\u010dini \"slobodnom od korupcije\".","og_url":"https:\/\/dmcsrb.com\/en\/svijet\/albanija-imenovala-prvu-ai-ministarku-na-svijetu\/","og_site_name":"dmcsrb.com","article_published_time":"2025-09-12T07:55:00+00:00","og_image":[{"width":1200,"height":800,"url":"https:\/\/dmcsrb.com\/wp-content\/uploads\/2026\/01\/20250912105824_926940.webp","type":"image\/jpeg"}],"author":"dmcsrbija.com@gmail.com","twitter_card":"summary_large_image","twitter_misc":{"Written by":"dmcsrbija.com@gmail.com","Estimated reading time":"1 minute"},"schema":{"@context":"https:\/\/schema.org","@graph":[{"@type":"Article","@id":"https:\/\/dmcsrb.com\/svijet\/albanija-imenovala-prvu-ai-ministarku-na-svijetu\/#article","isPartOf":{"@id":"https:\/\/dmcsrb.com\/svijet\/albanija-imenovala-prvu-ai-ministarku-na-svijetu\/"},"author":{"name":"dmcsrbija.com@gmail.com","@id":"https:\/\/dmcsrb.com\/#\/schema\/person\/5c39170f12db1b8b457732d0b5c854e2"},"headline":"Albanija imenovala prvu AI ministarku na svijetu","datePublished":"2025-09-12T07:55:00+00:00","mainEntityOfPage":{"@id":"https:\/\/dmcsrb.com\/svijet\/albanija-imenovala-prvu-ai-ministarku-na-svijetu\/"},"wordCount":241,"commentCount":0,"image":{"@id":"https:\/\/dmcsrb.com\/svijet\/albanija-imenovala-prvu-ai-ministarku-na-svijetu\/#primaryimage"},"thumbnailUrl":"https:\/\/dmcsrb.com\/wp-content\/uploads\/2026\/01\/20250912105824_926940.webp","keywords":["AI ministarka","Albanija"],"articleSection":["Svijet"],"inLanguage":"en-GB","potentialAction":[{"@type":"CommentAction","name":"Comment","target":["https:\/\/dmcsrb.com\/svijet\/albanija-imenovala-prvu-ai-ministarku-na-svijetu\/#respond"]}]},{"@type":"WebPage","@id":"https:\/\/dmcsrb.com\/svijet\/albanija-imenovala-prvu-ai-ministarku-na-svijetu\/","url":"https:\/\/dmcsrb.com\/svijet\/albanija-imenovala-prvu-ai-ministarku-na-svijetu\/","name":"Albanija imenovala prvu AI ministarku na svijetu - dmcsrb.com","isPartOf":{"@id":"https:\/\/dmcsrb.com\/#website"},"primaryImageOfPage":{"@id":"https:\/\/dmcsrb.com\/svijet\/albanija-imenovala-prvu-ai-ministarku-na-svijetu\/#primaryimage"},"image":{"@id":"https:\/\/dmcsrb.com\/svijet\/albanija-imenovala-prvu-ai-ministarku-na-svijetu\/#primaryimage"},"thumbnailUrl":"https:\/\/dmcsrb.com\/wp-content\/uploads\/2026\/01\/20250912105824_926940.webp","datePublished":"2025-09-12T07:55:00+00:00","author":{"@id":"https:\/\/dmcsrb.com\/#\/schema\/person\/5c39170f12db1b8b457732d0b5c854e2"},"breadcrumb":{"@id":"https:\/\/dmcsrb.com\/svijet\/albanija-imenovala-prvu-ai-ministarku-na-svijetu\/#breadcrumb"},"inLanguage":"en-GB","potentialAction":[{"@type":"ReadAction","target":["https:\/\/dmcsrb.com\/svijet\/albanija-imenovala-prvu-ai-ministarku-na-svijetu\/"]}]},{"@type":"ImageObject","inLanguage":"en-GB","@id":"https:\/\/dmcsrb.com\/svijet\/albanija-imenovala-prvu-ai-ministarku-na-svijetu\/#primaryimage","url":"https:\/\/dmcsrb.com\/wp-content\/uploads\/2026\/01\/20250912105824_926940.webp","contentUrl":"https:\/\/dmcsrb.com\/wp-content\/uploads\/2026\/01\/20250912105824_926940.webp","width":1200,"height":800},{"@type":"BreadcrumbList","@id":"https:\/\/dmcsrb.com\/svijet\/albanija-imenovala-prvu-ai-ministarku-na-svijetu\/#breadcrumb","itemListElement":[{"@type":"ListItem","position":1,"name":"Home","item":"https:\/\/dmcsrb.com\/"},{"@type":"ListItem","position":2,"name":"Albanija imenovala prvu AI ministarku na svijetu"}]},{"@type":"WebSite","@id":"https:\/\/dmcsrb.com\/#website","url":"https:\/\/dmcsrb.com\/","name":"dmcsrb.com","description":"","potentialAction":[{"@type":"SearchAction","target":{"@type":"EntryPoint","urlTemplate":"https:\/\/dmcsrb.com\/?s={search_term_string}"},"query-input":{"@type":"PropertyValueSpecification","valueRequired":true,"valueName":"search_term_string"}}],"inLanguage":"en-GB"},{"@type":"Person","@id":"https:\/\/dmcsrb.com\/#\/schema\/person\/5c39170f12db1b8b457732d0b5c854e2","name":"dmcsrbija.com@gmail.com","image":{"@type":"ImageObject","inLanguage":"en-GB","@id":"https:\/\/secure.gravatar.com\/avatar\/68592660ad6347fad0fb587f8d5d8f1a7b44961362f56e4f2cd524feb87e9069?s=96&d=mm&r=g","url":"https:\/\/secure.gravatar.com\/avatar\/68592660ad6347fad0fb587f8d5d8f1a7b44961362f56e4f2cd524feb87e9069?s=96&d=mm&r=g","contentUrl":"https:\/\/secure.gravatar.com\/avatar\/68592660ad6347fad0fb587f8d5d8f1a7b44961362f56e4f2cd524feb87e9069?s=96&d=mm&r=g","caption":"dmcsrbija.com@gmail.com"},"sameAs":["https:\/\/dmcsrb.com"],"url":"https:\/\/dmcsrb.com\/en\/author\/dmcsrbija-comgmail-com\/"}]}},"_links":{"self":[{"href":"https:\/\/dmcsrb.com\/en\/wp-json\/wp\/v2\/posts\/951699","targetHints":{"allow":["GET"]}}],"collection":[{"href":"https:\/\/dmcsrb.com\/en\/wp-json\/wp\/v2\/posts"}],"about":[{"href":"https:\/\/dmcsrb.com\/en\/wp-json\/wp\/v2\/types\/post"}],"author":[{"embeddable":true,"href":"https:\/\/dmcsrb.com\/en\/wp-json\/wp\/v2\/users\/1"}],"replies":[{"embeddable":true,"href":"https:\/\/dmcsrb.com\/en\/wp-json\/wp\/v2\/comments?post=951699"}],"version-history":[{"count":0,"href":"https:\/\/dmcsrb.com\/en\/wp-json\/wp\/v2\/posts\/951699\/revisions"}],"wp:featuredmedia":[{"embeddable":true,"href":"https:\/\/dmcsrb.com\/en\/wp-json\/wp\/v2\/media\/951700"}],"wp:attachment":[{"href":"https:\/\/dmcsrb.com\/en\/wp-json\/wp\/v2\/media?parent=951699"}],"wp:term":[{"taxonomy":"category","embeddable":true,"href":"https:\/\/dmcsrb.com\/en\/wp-json\/wp\/v2\/categories?post=951699"},{"taxonomy":"post_tag","embeddable":true,"href":"https:\/\/dmcsrb.com\/en\/wp-json\/wp\/v2\/tags?post=951699"},{"taxonomy":"naslovna","embeddable":true,"href":"https:\/\/dmcsrb.com\/en\/wp-json\/wp\/v2\/naslovna?post=951699"}],"curies":[{"name":"wp","href":"https:\/\/api.w.org\/{rel}","templated":true}]}}