{"id":951697,"date":"2025-09-12T09:35:00","date_gmt":"2025-09-12T07:35:00","guid":{"rendered":"https:\/\/dmcsrb.com\/uncategorized\/asanovic-podnijeli-smo-krivicnu-protiv-direktora-agencije-za-zastitu-zivotne-sredine-gazdica-knezevic-bazen-crvenog-mulja-je-cernobilj\/"},"modified":"2025-09-12T09:35:00","modified_gmt":"2025-09-12T07:35:00","slug":"asanovic-podnijeli-smo-krivicnu-protiv-direktora-agencije-za-zastitu-zivotne-sredine-gazdica-knezevic-bazen-crvenog-mulja-je-cernobilj","status":"publish","type":"post","link":"https:\/\/dmcsrb.com\/en\/podgorica\/asanovic-podnijeli-smo-krivicnu-protiv-direktora-agencije-za-zastitu-zivotne-sredine-gazdica-knezevic-bazen-crvenog-mulja-je-cernobilj\/","title":{"rendered":"Asanovi\u0107: Podnijeli smo krivi\u010dnu protiv direktora Agencije za za\u0161titu \u017eivotne sredine Gazdi\u0107a, Kne\u017eevi\u0107: Bazen crvenog mulja je \u010cernobilj"},"content":{"rendered":"<p><\/p>\n\n\n\n<p>Kne\u017eevi\u0107 je kazao da su imali prethodnih dana imali brutalnu zloupotrebu dr\u017eavnih institucija.<\/p>\n\n\n\n<p>&#8221; O\u010dekujem da \u0107e SDT odmah reagovati nakon \u0161to smo podnijeli krivi\u010dnu prijavu protiv Gazdi\u0107a. \u017dele da isklju\u010de uticaj Kombinata aluminijuma sa sistemomom za pre\u010di\u0161\u0107avanje oto+padnih voda. Vidimo brutalnu zloupotrebu institucija koji treba da stige \u017eivot u sredinu, i vidjeli smo nevaspitano prozivanje gra\u0111ana Zete i Botuna, sa tvrdnjama da sam ih ja izmanilulisao. Danas sam odlu\u010dio da struku za koju ka\u017eem da je bruka da je razoblicim u param par\u010dad. Podnijeli smo krivi\u010dnu prijavu protiv Gazdica. Dio uprave Glavnog grad, ekolozi koji su sva\u0161tolozi, tajkuni, sve vrijeme obmanjuju javnost i \u017eele da isklju\u010de uticaj KAP-a na \u017eivot u sredinu u Zetu. Slu\u0161aju\u0107i Mujovi\u0107a sti\u010de se utisak da \u0107e kolektor da bude kao dron i ne\u0107e biti na teritoriji Zete&#8221;, kazao je Kne\u017eevi\u0107.<\/p>\n\n\n\n<p>On je kazao da \u0107e predstaviti hronologiju kako su ubijali Zetu, a ovo je nastavak ekolo\u0161kog genocida.<\/p>\n\n\n\n<p>&#8220;Bazen crvenog mulja je \u010cernobilj, a i pored toga odlu\u010dili su da postave kolektor. Plan je da se od Zete napravi otpad ne samo za Crnu Goru ve\u0107 i cijeli region. Postoji elaborat o sanaciji bazena crvenog mulja ali ga Agencija za za\u0161titu \u017eivotne&#8221;, kazao je Kne\u017eevi\u0107.<\/p>\n\n\n\n<p>Knezevic je optu\u017eio Gazdi\u0107a &#8220;da je krao drva i da je protiv njega vo\u0111en postupak&#8221;.<\/p>\n\n\n\n<p>&#8221; Nama je \u0161umokradica direktor Agencije za zastitu zivotne sredine i sad misli da su Ze\u0107ani bukve koje \u0107e da on \u010dukne. Mi sigurno odustati ne\u0107emo i opela koje sam odr\u017eao ovoj komisiji, ostaje nam samo da branimo pravo na na\u0161u \u017eivotnu sredinu. Slede\u0107i skupovi \u0107e pokazati odlu\u010dnost Ze\u0107ana da ne dozvole da nas iko ubija na rate samo zato sto \u0107e neko da se ugradi. Zeta \u0107e se zadu\u017eiti da sanira bazen crvenog mulja, ne mora Podgorica&#8221;, kazao je Kne\u017eevi\u0107.<\/p>\n\n\n\n<p>On je kazao da cijevi koje treba da natapaju bazen crvenog mulja ne rade<\/p>\n\n\n\n<p>&#8221; Tra\u017ei\u0107u od odbornika DNP da napuste vlast u PG, ali vlast ne\u0107e biti ugro\u017eena jer \u0107e se napraviti koalicija sa DPS i Du\u0161kom Markovi\u0107em&#8221;, kazao je Kne\u017eevi\u0107.<\/p>\n\n\n\n<p>Ocijenio je da ne vidi razlog da napusti vlast na dr\u017eavnom nivou.<\/p>\n\n\n\n<p>&#8220;Dolaskom prvih ma\u0161ina na teritoriju za kolektor DNP napu\u0161ta vlast&#8221;, kazao je Kne\u017eevi\u0107.<\/p>\n\n\n\n<p>Kazao je da je postorijenje na teritoriji Zete.<\/p>\n\n\n\n<p>&#8220;Mi razgrani\u010denjem tra\u017eimo teritoriju do manastira Dajbabe. Podgorica misli da je njihova mi mislimo da je na\u0161a.<\/p>\n\n\n\n<p>Ne gledam glasove nego za\u0161titu \u017eivotne sredine. DPS i SD \u010dekaju da ulete po du\u017eini i \u0161irini. Dove\u0161\u0107emo djecu,  sta\u0107emo u prve redove pa neka krene narodna milicija. Umjesto da naprave onkolo\u0161ko odeljenje na mjesto gdje je planirano, ho\u0107e kolektor. Na onkologiju je najvi\u0161e Ze\u0107ana&#8221;, kazao je Kne\u017eevi\u0107.<\/p>","protected":false},"excerpt":{"rendered":"<p>Predsjednik Op\u0161tine Zeta  Mihailo Asanovi\u0107 saop\u0161tio je da su danas on i predsjednik DNP Milan Kne\u017eevi\u0107 podnijeli krivi\u010dnu prijavu protiv direktora Agencije za za\u0161titu \u017eivotne sredine Milana Gazdi\u0107a zbog propusta u saniranju bazena crvenog mulja u sklopu nekada\u0161njeg Kombinata aluminijuma.<\/p>","protected":false},"author":1,"featured_media":951698,"comment_status":"open","ping_status":"open","sticky":false,"template":"","format":"standard","meta":{"_acf_changed":false,"footnotes":""},"categories":[56],"tags":[1281,7841],"naslovna":[],"class_list":["post-951697","post","type-post","status-publish","format-standard","has-post-thumbnail","hentry","category-podgorica","tag-knezevic","tag-pres-konferencija"],"acf":[],"yoast_head":"<!-- This site is optimized with the Yoast SEO plugin v27.4 - https:\/\/yoast.com\/product\/yoast-seo-wordpress\/ -->\n<title>Asanovi\u0107: Podnijeli smo krivi\u010dnu protiv direktora Agencije za za\u0161titu \u017eivotne sredine Gazdi\u0107a, Kne\u017eevi\u0107: Bazen crvenog mulja je \u010cernobilj - dmcsrb.com<\/title>\n<meta name=\"robots\" content=\"index, follow, max-snippet:-1, max-image-preview:large, max-video-preview:-1\" \/>\n<link rel=\"canonical\" href=\"https:\/\/dmcsrb.com\/en\/podgorica\/asanovic-podnijeli-smo-krivicnu-protiv-direktora-agencije-za-zastitu-zivotne-sredine-gazdica-knezevic-bazen-crvenog-mulja-je-cernobilj\/\" \/>\n<meta property=\"og:locale\" content=\"en_GB\" \/>\n<meta property=\"og:type\" content=\"article\" \/>\n<meta property=\"og:title\" content=\"Asanovi\u0107: Podnijeli smo krivi\u010dnu protiv direktora Agencije za za\u0161titu \u017eivotne sredine Gazdi\u0107a, Kne\u017eevi\u0107: Bazen crvenog mulja je \u010cernobilj - dmcsrb.com\" \/>\n<meta property=\"og:description\" content=\"Predsjednik Op\u0161tine Zeta Mihailo Asanovi\u0107 saop\u0161tio je da su danas on i predsjednik DNP Milan Kne\u017eevi\u0107 podnijeli krivi\u010dnu prijavu protiv direktora Agencije za za\u0161titu \u017eivotne sredine Milana Gazdi\u0107a zbog propusta u saniranju bazena crvenog mulja u sklopu nekada\u0161njeg Kombinata aluminijuma.\" \/>\n<meta property=\"og:url\" content=\"https:\/\/dmcsrb.com\/en\/podgorica\/asanovic-podnijeli-smo-krivicnu-protiv-direktora-agencije-za-zastitu-zivotne-sredine-gazdica-knezevic-bazen-crvenog-mulja-je-cernobilj\/\" \/>\n<meta property=\"og:site_name\" content=\"dmcsrb.com\" \/>\n<meta property=\"article:published_time\" content=\"2025-09-12T07:35:00+00:00\" \/>\n<meta property=\"og:image\" content=\"https:\/\/dmcsrb.com\/wp-content\/uploads\/2026\/01\/eec46bea-9d75-4c7f-8338-ff15faa7b54f.webp\" \/>\n\t<meta property=\"og:image:width\" content=\"1600\" \/>\n\t<meta property=\"og:image:height\" content=\"1200\" \/>\n\t<meta property=\"og:image:type\" content=\"image\/jpeg\" \/>\n<meta name=\"author\" content=\"dmcsrbija.com@gmail.com\" \/>\n<meta name=\"twitter:card\" content=\"summary_large_image\" \/>\n<meta name=\"twitter:label1\" content=\"Written by\" \/>\n\t<meta name=\"twitter:data1\" content=\"dmcsrbija.com@gmail.com\" \/>\n\t<meta name=\"twitter:label2\" content=\"Estimated reading time\" \/>\n\t<meta name=\"twitter:data2\" content=\"2 minutes\" \/>\n<script type=\"application\/ld+json\" class=\"yoast-schema-graph\">{\"@context\":\"https:\\\/\\\/schema.org\",\"@graph\":[{\"@type\":\"Article\",\"@id\":\"https:\\\/\\\/dmcsrb.com\\\/podgorica\\\/asanovic-podnijeli-smo-krivicnu-protiv-direktora-agencije-za-zastitu-zivotne-sredine-gazdica-knezevic-bazen-crvenog-mulja-je-cernobilj\\\/#article\",\"isPartOf\":{\"@id\":\"https:\\\/\\\/dmcsrb.com\\\/podgorica\\\/asanovic-podnijeli-smo-krivicnu-protiv-direktora-agencije-za-zastitu-zivotne-sredine-gazdica-knezevic-bazen-crvenog-mulja-je-cernobilj\\\/\"},\"author\":{\"name\":\"dmcsrbija.com@gmail.com\",\"@id\":\"https:\\\/\\\/dmcsrb.com\\\/#\\\/schema\\\/person\\\/5c39170f12db1b8b457732d0b5c854e2\"},\"headline\":\"Asanovi\u0107: Podnijeli smo krivi\u010dnu protiv direktora Agencije za za\u0161titu \u017eivotne sredine Gazdi\u0107a, Kne\u017eevi\u0107: Bazen crvenog mulja je \u010cernobilj\",\"datePublished\":\"2025-09-12T07:35:00+00:00\",\"mainEntityOfPage\":{\"@id\":\"https:\\\/\\\/dmcsrb.com\\\/podgorica\\\/asanovic-podnijeli-smo-krivicnu-protiv-direktora-agencije-za-zastitu-zivotne-sredine-gazdica-knezevic-bazen-crvenog-mulja-je-cernobilj\\\/\"},\"wordCount\":516,\"commentCount\":0,\"image\":{\"@id\":\"https:\\\/\\\/dmcsrb.com\\\/podgorica\\\/asanovic-podnijeli-smo-krivicnu-protiv-direktora-agencije-za-zastitu-zivotne-sredine-gazdica-knezevic-bazen-crvenog-mulja-je-cernobilj\\\/#primaryimage\"},\"thumbnailUrl\":\"https:\\\/\\\/dmcsrb.com\\\/wp-content\\\/uploads\\\/2026\\\/01\\\/eec46bea-9d75-4c7f-8338-ff15faa7b54f.webp\",\"keywords\":[\"Kne\u017eevi\u0107\",\"pres konferencija\"],\"articleSection\":[\"Podgorica\"],\"inLanguage\":\"en-GB\",\"potentialAction\":[{\"@type\":\"CommentAction\",\"name\":\"Comment\",\"target\":[\"https:\\\/\\\/dmcsrb.com\\\/podgorica\\\/asanovic-podnijeli-smo-krivicnu-protiv-direktora-agencije-za-zastitu-zivotne-sredine-gazdica-knezevic-bazen-crvenog-mulja-je-cernobilj\\\/#respond\"]}]},{\"@type\":\"WebPage\",\"@id\":\"https:\\\/\\\/dmcsrb.com\\\/podgorica\\\/asanovic-podnijeli-smo-krivicnu-protiv-direktora-agencije-za-zastitu-zivotne-sredine-gazdica-knezevic-bazen-crvenog-mulja-je-cernobilj\\\/\",\"url\":\"https:\\\/\\\/dmcsrb.com\\\/podgorica\\\/asanovic-podnijeli-smo-krivicnu-protiv-direktora-agencije-za-zastitu-zivotne-sredine-gazdica-knezevic-bazen-crvenog-mulja-je-cernobilj\\\/\",\"name\":\"Asanovi\u0107: Podnijeli smo krivi\u010dnu protiv direktora Agencije za za\u0161titu \u017eivotne sredine Gazdi\u0107a, Kne\u017eevi\u0107: Bazen crvenog mulja je \u010cernobilj - dmcsrb.com\",\"isPartOf\":{\"@id\":\"https:\\\/\\\/dmcsrb.com\\\/#website\"},\"primaryImageOfPage\":{\"@id\":\"https:\\\/\\\/dmcsrb.com\\\/podgorica\\\/asanovic-podnijeli-smo-krivicnu-protiv-direktora-agencije-za-zastitu-zivotne-sredine-gazdica-knezevic-bazen-crvenog-mulja-je-cernobilj\\\/#primaryimage\"},\"image\":{\"@id\":\"https:\\\/\\\/dmcsrb.com\\\/podgorica\\\/asanovic-podnijeli-smo-krivicnu-protiv-direktora-agencije-za-zastitu-zivotne-sredine-gazdica-knezevic-bazen-crvenog-mulja-je-cernobilj\\\/#primaryimage\"},\"thumbnailUrl\":\"https:\\\/\\\/dmcsrb.com\\\/wp-content\\\/uploads\\\/2026\\\/01\\\/eec46bea-9d75-4c7f-8338-ff15faa7b54f.webp\",\"datePublished\":\"2025-09-12T07:35:00+00:00\",\"author\":{\"@id\":\"https:\\\/\\\/dmcsrb.com\\\/#\\\/schema\\\/person\\\/5c39170f12db1b8b457732d0b5c854e2\"},\"breadcrumb\":{\"@id\":\"https:\\\/\\\/dmcsrb.com\\\/podgorica\\\/asanovic-podnijeli-smo-krivicnu-protiv-direktora-agencije-za-zastitu-zivotne-sredine-gazdica-knezevic-bazen-crvenog-mulja-je-cernobilj\\\/#breadcrumb\"},\"inLanguage\":\"en-GB\",\"potentialAction\":[{\"@type\":\"ReadAction\",\"target\":[\"https:\\\/\\\/dmcsrb.com\\\/podgorica\\\/asanovic-podnijeli-smo-krivicnu-protiv-direktora-agencije-za-zastitu-zivotne-sredine-gazdica-knezevic-bazen-crvenog-mulja-je-cernobilj\\\/\"]}]},{\"@type\":\"ImageObject\",\"inLanguage\":\"en-GB\",\"@id\":\"https:\\\/\\\/dmcsrb.com\\\/podgorica\\\/asanovic-podnijeli-smo-krivicnu-protiv-direktora-agencije-za-zastitu-zivotne-sredine-gazdica-knezevic-bazen-crvenog-mulja-je-cernobilj\\\/#primaryimage\",\"url\":\"https:\\\/\\\/dmcsrb.com\\\/wp-content\\\/uploads\\\/2026\\\/01\\\/eec46bea-9d75-4c7f-8338-ff15faa7b54f.webp\",\"contentUrl\":\"https:\\\/\\\/dmcsrb.com\\\/wp-content\\\/uploads\\\/2026\\\/01\\\/eec46bea-9d75-4c7f-8338-ff15faa7b54f.webp\",\"width\":1600,\"height\":1200},{\"@type\":\"BreadcrumbList\",\"@id\":\"https:\\\/\\\/dmcsrb.com\\\/podgorica\\\/asanovic-podnijeli-smo-krivicnu-protiv-direktora-agencije-za-zastitu-zivotne-sredine-gazdica-knezevic-bazen-crvenog-mulja-je-cernobilj\\\/#breadcrumb\",\"itemListElement\":[{\"@type\":\"ListItem\",\"position\":1,\"name\":\"Home\",\"item\":\"https:\\\/\\\/dmcsrb.com\\\/\"},{\"@type\":\"ListItem\",\"position\":2,\"name\":\"Asanovi\u0107: Podnijeli smo krivi\u010dnu protiv direktora Agencije za za\u0161titu \u017eivotne sredine Gazdi\u0107a, Kne\u017eevi\u0107: Bazen crvenog mulja je \u010cernobilj\"}]},{\"@type\":\"WebSite\",\"@id\":\"https:\\\/\\\/dmcsrb.com\\\/#website\",\"url\":\"https:\\\/\\\/dmcsrb.com\\\/\",\"name\":\"dmcsrb.com\",\"description\":\"\",\"potentialAction\":[{\"@type\":\"SearchAction\",\"target\":{\"@type\":\"EntryPoint\",\"urlTemplate\":\"https:\\\/\\\/dmcsrb.com\\\/?s={search_term_string}\"},\"query-input\":{\"@type\":\"PropertyValueSpecification\",\"valueRequired\":true,\"valueName\":\"search_term_string\"}}],\"inLanguage\":\"en-GB\"},{\"@type\":\"Person\",\"@id\":\"https:\\\/\\\/dmcsrb.com\\\/#\\\/schema\\\/person\\\/5c39170f12db1b8b457732d0b5c854e2\",\"name\":\"dmcsrbija.com@gmail.com\",\"image\":{\"@type\":\"ImageObject\",\"inLanguage\":\"en-GB\",\"@id\":\"https:\\\/\\\/secure.gravatar.com\\\/avatar\\\/68592660ad6347fad0fb587f8d5d8f1a7b44961362f56e4f2cd524feb87e9069?s=96&d=mm&r=g\",\"url\":\"https:\\\/\\\/secure.gravatar.com\\\/avatar\\\/68592660ad6347fad0fb587f8d5d8f1a7b44961362f56e4f2cd524feb87e9069?s=96&d=mm&r=g\",\"contentUrl\":\"https:\\\/\\\/secure.gravatar.com\\\/avatar\\\/68592660ad6347fad0fb587f8d5d8f1a7b44961362f56e4f2cd524feb87e9069?s=96&d=mm&r=g\",\"caption\":\"dmcsrbija.com@gmail.com\"},\"sameAs\":[\"https:\\\/\\\/dmcsrb.com\"],\"url\":\"https:\\\/\\\/dmcsrb.com\\\/en\\\/author\\\/dmcsrbija-comgmail-com\\\/\"}]}<\/script>\n<!-- \/ Yoast SEO plugin. -->","yoast_head_json":{"title":"Asanovi\u0107: Podnijeli smo krivi\u010dnu protiv direktora Agencije za za\u0161titu \u017eivotne sredine Gazdi\u0107a, Kne\u017eevi\u0107: Bazen crvenog mulja je \u010cernobilj - dmcsrb.com","robots":{"index":"index","follow":"follow","max-snippet":"max-snippet:-1","max-image-preview":"max-image-preview:large","max-video-preview":"max-video-preview:-1"},"canonical":"https:\/\/dmcsrb.com\/en\/podgorica\/asanovic-podnijeli-smo-krivicnu-protiv-direktora-agencije-za-zastitu-zivotne-sredine-gazdica-knezevic-bazen-crvenog-mulja-je-cernobilj\/","og_locale":"en_GB","og_type":"article","og_title":"Asanovi\u0107: Podnijeli smo krivi\u010dnu protiv direktora Agencije za za\u0161titu \u017eivotne sredine Gazdi\u0107a, Kne\u017eevi\u0107: Bazen crvenog mulja je \u010cernobilj - dmcsrb.com","og_description":"Predsjednik Op\u0161tine Zeta Mihailo Asanovi\u0107 saop\u0161tio je da su danas on i predsjednik DNP Milan Kne\u017eevi\u0107 podnijeli krivi\u010dnu prijavu protiv direktora Agencije za za\u0161titu \u017eivotne sredine Milana Gazdi\u0107a zbog propusta u saniranju bazena crvenog mulja u sklopu nekada\u0161njeg Kombinata aluminijuma.","og_url":"https:\/\/dmcsrb.com\/en\/podgorica\/asanovic-podnijeli-smo-krivicnu-protiv-direktora-agencije-za-zastitu-zivotne-sredine-gazdica-knezevic-bazen-crvenog-mulja-je-cernobilj\/","og_site_name":"dmcsrb.com","article_published_time":"2025-09-12T07:35:00+00:00","og_image":[{"width":1600,"height":1200,"url":"https:\/\/dmcsrb.com\/wp-content\/uploads\/2026\/01\/eec46bea-9d75-4c7f-8338-ff15faa7b54f.webp","type":"image\/jpeg"}],"author":"dmcsrbija.com@gmail.com","twitter_card":"summary_large_image","twitter_misc":{"Written by":"dmcsrbija.com@gmail.com","Estimated reading time":"2 minutes"},"schema":{"@context":"https:\/\/schema.org","@graph":[{"@type":"Article","@id":"https:\/\/dmcsrb.com\/podgorica\/asanovic-podnijeli-smo-krivicnu-protiv-direktora-agencije-za-zastitu-zivotne-sredine-gazdica-knezevic-bazen-crvenog-mulja-je-cernobilj\/#article","isPartOf":{"@id":"https:\/\/dmcsrb.com\/podgorica\/asanovic-podnijeli-smo-krivicnu-protiv-direktora-agencije-za-zastitu-zivotne-sredine-gazdica-knezevic-bazen-crvenog-mulja-je-cernobilj\/"},"author":{"name":"dmcsrbija.com@gmail.com","@id":"https:\/\/dmcsrb.com\/#\/schema\/person\/5c39170f12db1b8b457732d0b5c854e2"},"headline":"Asanovi\u0107: Podnijeli smo krivi\u010dnu protiv direktora Agencije za za\u0161titu \u017eivotne sredine Gazdi\u0107a, Kne\u017eevi\u0107: Bazen crvenog mulja je \u010cernobilj","datePublished":"2025-09-12T07:35:00+00:00","mainEntityOfPage":{"@id":"https:\/\/dmcsrb.com\/podgorica\/asanovic-podnijeli-smo-krivicnu-protiv-direktora-agencije-za-zastitu-zivotne-sredine-gazdica-knezevic-bazen-crvenog-mulja-je-cernobilj\/"},"wordCount":516,"commentCount":0,"image":{"@id":"https:\/\/dmcsrb.com\/podgorica\/asanovic-podnijeli-smo-krivicnu-protiv-direktora-agencije-za-zastitu-zivotne-sredine-gazdica-knezevic-bazen-crvenog-mulja-je-cernobilj\/#primaryimage"},"thumbnailUrl":"https:\/\/dmcsrb.com\/wp-content\/uploads\/2026\/01\/eec46bea-9d75-4c7f-8338-ff15faa7b54f.webp","keywords":["Kne\u017eevi\u0107","pres konferencija"],"articleSection":["Podgorica"],"inLanguage":"en-GB","potentialAction":[{"@type":"CommentAction","name":"Comment","target":["https:\/\/dmcsrb.com\/podgorica\/asanovic-podnijeli-smo-krivicnu-protiv-direktora-agencije-za-zastitu-zivotne-sredine-gazdica-knezevic-bazen-crvenog-mulja-je-cernobilj\/#respond"]}]},{"@type":"WebPage","@id":"https:\/\/dmcsrb.com\/podgorica\/asanovic-podnijeli-smo-krivicnu-protiv-direktora-agencije-za-zastitu-zivotne-sredine-gazdica-knezevic-bazen-crvenog-mulja-je-cernobilj\/","url":"https:\/\/dmcsrb.com\/podgorica\/asanovic-podnijeli-smo-krivicnu-protiv-direktora-agencije-za-zastitu-zivotne-sredine-gazdica-knezevic-bazen-crvenog-mulja-je-cernobilj\/","name":"Asanovi\u0107: Podnijeli smo krivi\u010dnu protiv direktora Agencije za za\u0161titu \u017eivotne sredine Gazdi\u0107a, Kne\u017eevi\u0107: Bazen crvenog mulja je \u010cernobilj - dmcsrb.com","isPartOf":{"@id":"https:\/\/dmcsrb.com\/#website"},"primaryImageOfPage":{"@id":"https:\/\/dmcsrb.com\/podgorica\/asanovic-podnijeli-smo-krivicnu-protiv-direktora-agencije-za-zastitu-zivotne-sredine-gazdica-knezevic-bazen-crvenog-mulja-je-cernobilj\/#primaryimage"},"image":{"@id":"https:\/\/dmcsrb.com\/podgorica\/asanovic-podnijeli-smo-krivicnu-protiv-direktora-agencije-za-zastitu-zivotne-sredine-gazdica-knezevic-bazen-crvenog-mulja-je-cernobilj\/#primaryimage"},"thumbnailUrl":"https:\/\/dmcsrb.com\/wp-content\/uploads\/2026\/01\/eec46bea-9d75-4c7f-8338-ff15faa7b54f.webp","datePublished":"2025-09-12T07:35:00+00:00","author":{"@id":"https:\/\/dmcsrb.com\/#\/schema\/person\/5c39170f12db1b8b457732d0b5c854e2"},"breadcrumb":{"@id":"https:\/\/dmcsrb.com\/podgorica\/asanovic-podnijeli-smo-krivicnu-protiv-direktora-agencije-za-zastitu-zivotne-sredine-gazdica-knezevic-bazen-crvenog-mulja-je-cernobilj\/#breadcrumb"},"inLanguage":"en-GB","potentialAction":[{"@type":"ReadAction","target":["https:\/\/dmcsrb.com\/podgorica\/asanovic-podnijeli-smo-krivicnu-protiv-direktora-agencije-za-zastitu-zivotne-sredine-gazdica-knezevic-bazen-crvenog-mulja-je-cernobilj\/"]}]},{"@type":"ImageObject","inLanguage":"en-GB","@id":"https:\/\/dmcsrb.com\/podgorica\/asanovic-podnijeli-smo-krivicnu-protiv-direktora-agencije-za-zastitu-zivotne-sredine-gazdica-knezevic-bazen-crvenog-mulja-je-cernobilj\/#primaryimage","url":"https:\/\/dmcsrb.com\/wp-content\/uploads\/2026\/01\/eec46bea-9d75-4c7f-8338-ff15faa7b54f.webp","contentUrl":"https:\/\/dmcsrb.com\/wp-content\/uploads\/2026\/01\/eec46bea-9d75-4c7f-8338-ff15faa7b54f.webp","width":1600,"height":1200},{"@type":"BreadcrumbList","@id":"https:\/\/dmcsrb.com\/podgorica\/asanovic-podnijeli-smo-krivicnu-protiv-direktora-agencije-za-zastitu-zivotne-sredine-gazdica-knezevic-bazen-crvenog-mulja-je-cernobilj\/#breadcrumb","itemListElement":[{"@type":"ListItem","position":1,"name":"Home","item":"https:\/\/dmcsrb.com\/"},{"@type":"ListItem","position":2,"name":"Asanovi\u0107: Podnijeli smo krivi\u010dnu protiv direktora Agencije za za\u0161titu \u017eivotne sredine Gazdi\u0107a, Kne\u017eevi\u0107: Bazen crvenog mulja je \u010cernobilj"}]},{"@type":"WebSite","@id":"https:\/\/dmcsrb.com\/#website","url":"https:\/\/dmcsrb.com\/","name":"dmcsrb.com","description":"","potentialAction":[{"@type":"SearchAction","target":{"@type":"EntryPoint","urlTemplate":"https:\/\/dmcsrb.com\/?s={search_term_string}"},"query-input":{"@type":"PropertyValueSpecification","valueRequired":true,"valueName":"search_term_string"}}],"inLanguage":"en-GB"},{"@type":"Person","@id":"https:\/\/dmcsrb.com\/#\/schema\/person\/5c39170f12db1b8b457732d0b5c854e2","name":"dmcsrbija.com@gmail.com","image":{"@type":"ImageObject","inLanguage":"en-GB","@id":"https:\/\/secure.gravatar.com\/avatar\/68592660ad6347fad0fb587f8d5d8f1a7b44961362f56e4f2cd524feb87e9069?s=96&d=mm&r=g","url":"https:\/\/secure.gravatar.com\/avatar\/68592660ad6347fad0fb587f8d5d8f1a7b44961362f56e4f2cd524feb87e9069?s=96&d=mm&r=g","contentUrl":"https:\/\/secure.gravatar.com\/avatar\/68592660ad6347fad0fb587f8d5d8f1a7b44961362f56e4f2cd524feb87e9069?s=96&d=mm&r=g","caption":"dmcsrbija.com@gmail.com"},"sameAs":["https:\/\/dmcsrb.com"],"url":"https:\/\/dmcsrb.com\/en\/author\/dmcsrbija-comgmail-com\/"}]}},"_links":{"self":[{"href":"https:\/\/dmcsrb.com\/en\/wp-json\/wp\/v2\/posts\/951697","targetHints":{"allow":["GET"]}}],"collection":[{"href":"https:\/\/dmcsrb.com\/en\/wp-json\/wp\/v2\/posts"}],"about":[{"href":"https:\/\/dmcsrb.com\/en\/wp-json\/wp\/v2\/types\/post"}],"author":[{"embeddable":true,"href":"https:\/\/dmcsrb.com\/en\/wp-json\/wp\/v2\/users\/1"}],"replies":[{"embeddable":true,"href":"https:\/\/dmcsrb.com\/en\/wp-json\/wp\/v2\/comments?post=951697"}],"version-history":[{"count":0,"href":"https:\/\/dmcsrb.com\/en\/wp-json\/wp\/v2\/posts\/951697\/revisions"}],"wp:featuredmedia":[{"embeddable":true,"href":"https:\/\/dmcsrb.com\/en\/wp-json\/wp\/v2\/media\/951698"}],"wp:attachment":[{"href":"https:\/\/dmcsrb.com\/en\/wp-json\/wp\/v2\/media?parent=951697"}],"wp:term":[{"taxonomy":"category","embeddable":true,"href":"https:\/\/dmcsrb.com\/en\/wp-json\/wp\/v2\/categories?post=951697"},{"taxonomy":"post_tag","embeddable":true,"href":"https:\/\/dmcsrb.com\/en\/wp-json\/wp\/v2\/tags?post=951697"},{"taxonomy":"naslovna","embeddable":true,"href":"https:\/\/dmcsrb.com\/en\/wp-json\/wp\/v2\/naslovna?post=951697"}],"curies":[{"name":"wp","href":"https:\/\/api.w.org\/{rel}","templated":true}]}}