{"id":951684,"date":"2025-09-12T08:53:00","date_gmt":"2025-09-12T06:53:00","guid":{"rendered":"https:\/\/dmcsrb.com\/uncategorized\/zajednicka-antifasisticka-tradicija-crnogorskog-i-slovackog-naroda\/"},"modified":"2025-09-12T08:53:00","modified_gmt":"2025-09-12T06:53:00","slug":"zajednicka-antifasisticka-tradicija-crnogorskog-i-slovackog-naroda","status":"publish","type":"post","link":"https:\/\/dmcsrb.com\/en\/drustvo\/zajednicka-antifasisticka-tradicija-crnogorskog-i-slovackog-naroda\/","title":{"rendered":"Zajedni\u010dka antifa\u0161isti\u010dka tradicija crnogorskog i slova\u010dkog naroda"},"content":{"rendered":"<p><\/p>\n\n\n\n<p><\/p>\n\n\n\n<p><\/p>\n\n\n\n<p>Jovovi\u0107 je zahvalio u svoje i ime Matice crnogorske organizatorima na pozivu da bude neposredno uklju\u010den u Kongres i podsjetio na crnogorsko-slova\u010dke \u201eintenzivne i sadr\u017eajne istorijske veze koje su uslovljene sli\u010dnim etno-jezi\u010dkim identitetom, koje se\u017eu duboko u pro\u0161lost, u rani srednji vijek, u doba pokr\u0161tavanja Slovena, tj. djelatnost zajedni\u010dkih svetitelja isto\u010dne i zapadne crkve \u0106irila i Metodija, \u010dije je djelo jedan od nose\u0107ih stubova hri\u0161\u0107anske Evrope.\u201c<\/p>\n\n\n\n<p>&#8220;Misija koju su nastavili njihovi u\u010denici i sljedbenici omogu\u0107ila je da i poslije toliko vjekova na jednom \u0161irokom geografskom prostoru, uprkos \u010dinjenici \u0161to je ve\u0107ina slovenskih naroda dugo vremena bila izlo\u017eena razli\u010ditim oblicima asimilacije, opstane svijest o zajedni\u010dkom porijeklu, bez obzira \u0161to su \u017eivjeli u razli\u010ditim dr\u017eavnim formacijama, uslovljavaju\u0107i razli\u010dite kulturolo\u0161ke obrasce me\u0111u Ju\u017enim, Zapadnim i Isto\u010dnim Slovenima. Jednu od neizostavnih li\u010dnosti koja je aktivno sudjelovala u izgradnji panslavisti\u010dke ideologije, daju\u0107i nemjerljiv doprinos prou\u010davanju pro\u0161losti, odnosno identiteta slovenskih naroda, predstavlja Jozef \u0160afarik, kome je s razlogom posve\u0107ena predmetna me\u0111unarodna nau\u010dna konferencija, pri \u010demu \u017eelim da napomenem da su odjeci njegove nau\u010dne djelatnosti bili prisutni u posrednoj i neposrednoj komunikaciji sa crnogorskim vladikom Petrom II Petrovi\u0107em Njego\u0161em&#8221;, istakao je Jovovi\u0107.<\/p>\n\n\n\n<p>On je prokomentarisao i otkrivanje biste antifa\u0161iste Jana Bulika, istaknutog Slovaka iz Kraljevine Jugoslavije, koji je stradao u nacisti\u010dkom konc-logoru.<\/p>\n\n\n\n<p>&#8220;Takav \u010din Matice slova\u010dke svjedo\u010di da ona njeguje kulturu sje\u0107anja, u ovom slu\u010daju antifa\u0161isti\u010dke tradicije, koja je danas svuda u Evropi na udaru revizionisti\u010dkih pokreta, koji u svom djelovanju koriste razli\u010ditu metodologiju, da bi rehabilitovali razne kolaborante u svojim sredinama. Upravo ovom prilikom \u017eelim da apostrofiram zajedni\u010dku antifa\u0161isti\u010dku tradiciju crnogorskog i slova\u010dkog naroda oli\u010denu u pukovniku Arseniju Boljevi\u0107u, koji se nakon bjekstva iz logora priklju\u010dio slova\u010dkim ustanicima u Banskoj Bistrici, sredi\u0161tu Slova\u010dkog narodnog ustanka, daju\u0107i puni doprinos u osloba\u0111anju Slova\u010dke od nacisti\u010dke okupacije&#8221;, rekao je Jovovi\u0107.<\/p>\n\n\n\n<p>Petar Leki\u0107 je izlo\u017eio svoj rad na temu \u201eKult sv. \u0106irila i Metodija u crnogorskoj istoriji\u201c u kome je, izme\u0111u ostalog, istakao da se \u0161tovanje sv. \u0106irila u crnogorskoj tradiciji pronalazi u \u201eMolitvenoslovu\u201c iz 1494. godine koji je \u0161tampan u \u0161tampariji crnogorske dinastije Crnojevi\u0107a i to u okviru \u201ePsaltira s posljedovanjem\u201c, jednoj od pet knjiga koje su tamo \u0161tampane.<\/p>\n\n\n\n<p>&#8220;Brojne bogoslu\u017ebene knjige sadr\u017ee \u0161tovanje sveslovenskog svetitelja \u0106irila. Svakako da je za sve crkve slovenskih naroda njegov kult bio od izuzetnog uticaja, pa je bio nezaobilazan u procesijama&#8221;, rekao je Leki\u0107 i dodao da je jedno vrijeme bio izostavljen iz crkvenih kalendara, da bi se od 1885. godine u crnogorskom crnogorskom \u010dasopisu \u201eOrli\u0107\u201c ponovo na\u0161lo \u0161tovanje sv. \u0106irila, u\u010ditelja slovenskog 14. februara i 11. maja sv. \u0106irila i Metodija za pravoslavni kalendar.<\/p>\n\n\n\n<p>&#8220;Posebno slavljenje sv. \u0106irila se pronalazi za 14. februar i sv. \u0106irila i Metodija za 11. maj tako\u0111e u sadr\u017eaju pravoslavnog crkvenog kalendara u \u010dasopisu Grlica koji je izlazio od 1889. do 1897. godine u crnogorskoj prijestonici. Tokom modernog doba i u rimokatoli\u010dkoj i isto\u010dnopravoslavnoj tradiciji grade se hramovi posve\u0107eni sveslovenskim prosvjetiteljima&#8221;, rekao je Leki\u0107.<\/p>\n\n\n\n<p>Matica slova\u010dka je zajedno sa Ministarstvom vanjskih poslova i evropskih integracija Republike Slova\u010dke organizovala ovaj kongres i me\u0111unarodnu konferenciju povodom 230 godina od ro\u0111enja Pavla Jozefa \u0160afarika, kao i drugih predstavnika tzv. Generacije sveslovenske ideje. Izlaganja sa konferencije bi\u0107e objedinjena u posebnom zborniku.<\/p>","protected":false},"excerpt":{"rendered":"<p>Predsjednik Matice crnogorske Ivan Jovovi\u0107 i \u010dlan Matice crnogorske, crnogorski istori\u010dar Petar Leki\u0107 u\u010destvovali su na dvodnevnom VI Kongresu matica i institucija slovenskih naroda u gradu Martin na sjeveru Slova\u010dke u okviru koga je danas odr\u017ean i nau\u010dni skup na temu \u201eDrugi talas narodnog preporoda \/ Generacija sveslovenskog jedinstva\u201c.<\/p>","protected":false},"author":1,"featured_media":951685,"comment_status":"open","ping_status":"open","sticky":false,"template":"","format":"standard","meta":{"_acf_changed":false,"footnotes":""},"categories":[2],"tags":[3362,1226,7831,2776],"naslovna":[],"class_list":["post-951684","post","type-post","status-publish","format-standard","has-post-thumbnail","hentry","category-drustvo","tag-ivan-jovovic","tag-matica-crnogorska","tag-petar-lekic","tag-slovacka-2"],"acf":[],"yoast_head":"<!-- This site is optimized with the Yoast SEO plugin v27.4 - https:\/\/yoast.com\/product\/yoast-seo-wordpress\/ -->\n<title>Zajedni\u010dka antifa\u0161isti\u010dka tradicija crnogorskog i slova\u010dkog naroda - dmcsrb.com<\/title>\n<meta name=\"robots\" content=\"index, follow, max-snippet:-1, max-image-preview:large, max-video-preview:-1\" \/>\n<link rel=\"canonical\" href=\"https:\/\/dmcsrb.com\/en\/drustvo\/zajednicka-antifasisticka-tradicija-crnogorskog-i-slovackog-naroda\/\" \/>\n<meta property=\"og:locale\" content=\"en_GB\" \/>\n<meta property=\"og:type\" content=\"article\" \/>\n<meta property=\"og:title\" content=\"Zajedni\u010dka antifa\u0161isti\u010dka tradicija crnogorskog i slova\u010dkog naroda - dmcsrb.com\" \/>\n<meta property=\"og:description\" content=\"Predsjednik Matice crnogorske Ivan Jovovi\u0107 i \u010dlan Matice crnogorske, crnogorski istori\u010dar Petar Leki\u0107 u\u010destvovali su na dvodnevnom VI Kongresu matica i institucija slovenskih naroda u gradu Martin na sjeveru Slova\u010dke u okviru koga je danas odr\u017ean i nau\u010dni skup na temu \u201eDrugi talas narodnog preporoda \/ Generacija sveslovenskog jedinstva\u201c.\" \/>\n<meta property=\"og:url\" content=\"https:\/\/dmcsrb.com\/en\/drustvo\/zajednicka-antifasisticka-tradicija-crnogorskog-i-slovackog-naroda\/\" \/>\n<meta property=\"og:site_name\" content=\"dmcsrb.com\" \/>\n<meta property=\"article:published_time\" content=\"2025-09-12T06:53:00+00:00\" \/>\n<meta property=\"og:image\" content=\"https:\/\/dmcsrb.com\/wp-content\/uploads\/2026\/01\/Matica-crnogorska-u-Slovackoj-foto-matica.webp\" \/>\n\t<meta property=\"og:image:width\" content=\"858\" \/>\n\t<meta property=\"og:image:height\" content=\"578\" \/>\n\t<meta property=\"og:image:type\" content=\"image\/jpeg\" \/>\n<meta name=\"author\" content=\"dmcsrbija.com@gmail.com\" \/>\n<meta name=\"twitter:card\" content=\"summary_large_image\" \/>\n<meta name=\"twitter:label1\" content=\"Written by\" \/>\n\t<meta name=\"twitter:data1\" content=\"dmcsrbija.com@gmail.com\" \/>\n\t<meta name=\"twitter:label2\" content=\"Estimated reading time\" \/>\n\t<meta name=\"twitter:data2\" content=\"3 minutes\" \/>\n<script type=\"application\/ld+json\" class=\"yoast-schema-graph\">{\"@context\":\"https:\\\/\\\/schema.org\",\"@graph\":[{\"@type\":\"Article\",\"@id\":\"https:\\\/\\\/dmcsrb.com\\\/en\\\/drustvo\\\/zajednicka-antifasisticka-tradicija-crnogorskog-i-slovackog-naroda\\\/#article\",\"isPartOf\":{\"@id\":\"https:\\\/\\\/dmcsrb.com\\\/en\\\/drustvo\\\/zajednicka-antifasisticka-tradicija-crnogorskog-i-slovackog-naroda\\\/\"},\"author\":{\"name\":\"dmcsrbija.com@gmail.com\",\"@id\":\"https:\\\/\\\/dmcsrb.com\\\/#\\\/schema\\\/person\\\/5c39170f12db1b8b457732d0b5c854e2\"},\"headline\":\"Zajedni\u010dka antifa\u0161isti\u010dka tradicija crnogorskog i slova\u010dkog naroda\",\"datePublished\":\"2025-09-12T06:53:00+00:00\",\"mainEntityOfPage\":{\"@id\":\"https:\\\/\\\/dmcsrb.com\\\/en\\\/drustvo\\\/zajednicka-antifasisticka-tradicija-crnogorskog-i-slovackog-naroda\\\/\"},\"wordCount\":600,\"commentCount\":0,\"image\":{\"@id\":\"https:\\\/\\\/dmcsrb.com\\\/en\\\/drustvo\\\/zajednicka-antifasisticka-tradicija-crnogorskog-i-slovackog-naroda\\\/#primaryimage\"},\"thumbnailUrl\":\"https:\\\/\\\/dmcsrb.com\\\/wp-content\\\/uploads\\\/2026\\\/01\\\/Matica-crnogorska-u-Slovackoj-foto-matica.webp\",\"keywords\":[\"Ivan Jovovi\u0107\",\"Matica Crnogorska\",\"Petar Leki\u0107\",\"Slova\u010dka\"],\"articleSection\":[\"Dru\u0161tvo\"],\"inLanguage\":\"en-GB\",\"potentialAction\":[{\"@type\":\"CommentAction\",\"name\":\"Comment\",\"target\":[\"https:\\\/\\\/dmcsrb.com\\\/en\\\/drustvo\\\/zajednicka-antifasisticka-tradicija-crnogorskog-i-slovackog-naroda\\\/#respond\"]}]},{\"@type\":\"WebPage\",\"@id\":\"https:\\\/\\\/dmcsrb.com\\\/en\\\/drustvo\\\/zajednicka-antifasisticka-tradicija-crnogorskog-i-slovackog-naroda\\\/\",\"url\":\"https:\\\/\\\/dmcsrb.com\\\/en\\\/drustvo\\\/zajednicka-antifasisticka-tradicija-crnogorskog-i-slovackog-naroda\\\/\",\"name\":\"Zajedni\u010dka antifa\u0161isti\u010dka tradicija crnogorskog i slova\u010dkog naroda - dmcsrb.com\",\"isPartOf\":{\"@id\":\"https:\\\/\\\/dmcsrb.com\\\/#website\"},\"primaryImageOfPage\":{\"@id\":\"https:\\\/\\\/dmcsrb.com\\\/en\\\/drustvo\\\/zajednicka-antifasisticka-tradicija-crnogorskog-i-slovackog-naroda\\\/#primaryimage\"},\"image\":{\"@id\":\"https:\\\/\\\/dmcsrb.com\\\/en\\\/drustvo\\\/zajednicka-antifasisticka-tradicija-crnogorskog-i-slovackog-naroda\\\/#primaryimage\"},\"thumbnailUrl\":\"https:\\\/\\\/dmcsrb.com\\\/wp-content\\\/uploads\\\/2026\\\/01\\\/Matica-crnogorska-u-Slovackoj-foto-matica.webp\",\"datePublished\":\"2025-09-12T06:53:00+00:00\",\"author\":{\"@id\":\"https:\\\/\\\/dmcsrb.com\\\/#\\\/schema\\\/person\\\/5c39170f12db1b8b457732d0b5c854e2\"},\"breadcrumb\":{\"@id\":\"https:\\\/\\\/dmcsrb.com\\\/en\\\/drustvo\\\/zajednicka-antifasisticka-tradicija-crnogorskog-i-slovackog-naroda\\\/#breadcrumb\"},\"inLanguage\":\"en-GB\",\"potentialAction\":[{\"@type\":\"ReadAction\",\"target\":[\"https:\\\/\\\/dmcsrb.com\\\/en\\\/drustvo\\\/zajednicka-antifasisticka-tradicija-crnogorskog-i-slovackog-naroda\\\/\"]}]},{\"@type\":\"ImageObject\",\"inLanguage\":\"en-GB\",\"@id\":\"https:\\\/\\\/dmcsrb.com\\\/en\\\/drustvo\\\/zajednicka-antifasisticka-tradicija-crnogorskog-i-slovackog-naroda\\\/#primaryimage\",\"url\":\"https:\\\/\\\/dmcsrb.com\\\/wp-content\\\/uploads\\\/2026\\\/01\\\/Matica-crnogorska-u-Slovackoj-foto-matica.webp\",\"contentUrl\":\"https:\\\/\\\/dmcsrb.com\\\/wp-content\\\/uploads\\\/2026\\\/01\\\/Matica-crnogorska-u-Slovackoj-foto-matica.webp\",\"width\":858,\"height\":578},{\"@type\":\"BreadcrumbList\",\"@id\":\"https:\\\/\\\/dmcsrb.com\\\/en\\\/drustvo\\\/zajednicka-antifasisticka-tradicija-crnogorskog-i-slovackog-naroda\\\/#breadcrumb\",\"itemListElement\":[{\"@type\":\"ListItem\",\"position\":1,\"name\":\"Home\",\"item\":\"https:\\\/\\\/dmcsrb.com\\\/\"},{\"@type\":\"ListItem\",\"position\":2,\"name\":\"Zajedni\u010dka antifa\u0161isti\u010dka tradicija crnogorskog i slova\u010dkog naroda\"}]},{\"@type\":\"WebSite\",\"@id\":\"https:\\\/\\\/dmcsrb.com\\\/#website\",\"url\":\"https:\\\/\\\/dmcsrb.com\\\/\",\"name\":\"dmcsrb.com\",\"description\":\"\",\"potentialAction\":[{\"@type\":\"SearchAction\",\"target\":{\"@type\":\"EntryPoint\",\"urlTemplate\":\"https:\\\/\\\/dmcsrb.com\\\/?s={search_term_string}\"},\"query-input\":{\"@type\":\"PropertyValueSpecification\",\"valueRequired\":true,\"valueName\":\"search_term_string\"}}],\"inLanguage\":\"en-GB\"},{\"@type\":\"Person\",\"@id\":\"https:\\\/\\\/dmcsrb.com\\\/#\\\/schema\\\/person\\\/5c39170f12db1b8b457732d0b5c854e2\",\"name\":\"dmcsrbija.com@gmail.com\",\"image\":{\"@type\":\"ImageObject\",\"inLanguage\":\"en-GB\",\"@id\":\"https:\\\/\\\/secure.gravatar.com\\\/avatar\\\/68592660ad6347fad0fb587f8d5d8f1a7b44961362f56e4f2cd524feb87e9069?s=96&d=mm&r=g\",\"url\":\"https:\\\/\\\/secure.gravatar.com\\\/avatar\\\/68592660ad6347fad0fb587f8d5d8f1a7b44961362f56e4f2cd524feb87e9069?s=96&d=mm&r=g\",\"contentUrl\":\"https:\\\/\\\/secure.gravatar.com\\\/avatar\\\/68592660ad6347fad0fb587f8d5d8f1a7b44961362f56e4f2cd524feb87e9069?s=96&d=mm&r=g\",\"caption\":\"dmcsrbija.com@gmail.com\"},\"sameAs\":[\"https:\\\/\\\/dmcsrb.com\"],\"url\":\"https:\\\/\\\/dmcsrb.com\\\/en\\\/author\\\/dmcsrbija-comgmail-com\\\/\"}]}<\/script>\n<!-- \/ Yoast SEO plugin. -->","yoast_head_json":{"title":"Zajedni\u010dka antifa\u0161isti\u010dka tradicija crnogorskog i slova\u010dkog naroda - dmcsrb.com","robots":{"index":"index","follow":"follow","max-snippet":"max-snippet:-1","max-image-preview":"max-image-preview:large","max-video-preview":"max-video-preview:-1"},"canonical":"https:\/\/dmcsrb.com\/en\/drustvo\/zajednicka-antifasisticka-tradicija-crnogorskog-i-slovackog-naroda\/","og_locale":"en_GB","og_type":"article","og_title":"Zajedni\u010dka antifa\u0161isti\u010dka tradicija crnogorskog i slova\u010dkog naroda - dmcsrb.com","og_description":"Predsjednik Matice crnogorske Ivan Jovovi\u0107 i \u010dlan Matice crnogorske, crnogorski istori\u010dar Petar Leki\u0107 u\u010destvovali su na dvodnevnom VI Kongresu matica i institucija slovenskih naroda u gradu Martin na sjeveru Slova\u010dke u okviru koga je danas odr\u017ean i nau\u010dni skup na temu \u201eDrugi talas narodnog preporoda \/ Generacija sveslovenskog jedinstva\u201c.","og_url":"https:\/\/dmcsrb.com\/en\/drustvo\/zajednicka-antifasisticka-tradicija-crnogorskog-i-slovackog-naroda\/","og_site_name":"dmcsrb.com","article_published_time":"2025-09-12T06:53:00+00:00","og_image":[{"width":858,"height":578,"url":"https:\/\/dmcsrb.com\/wp-content\/uploads\/2026\/01\/Matica-crnogorska-u-Slovackoj-foto-matica.webp","type":"image\/jpeg"}],"author":"dmcsrbija.com@gmail.com","twitter_card":"summary_large_image","twitter_misc":{"Written by":"dmcsrbija.com@gmail.com","Estimated reading time":"3 minutes"},"schema":{"@context":"https:\/\/schema.org","@graph":[{"@type":"Article","@id":"https:\/\/dmcsrb.com\/en\/drustvo\/zajednicka-antifasisticka-tradicija-crnogorskog-i-slovackog-naroda\/#article","isPartOf":{"@id":"https:\/\/dmcsrb.com\/en\/drustvo\/zajednicka-antifasisticka-tradicija-crnogorskog-i-slovackog-naroda\/"},"author":{"name":"dmcsrbija.com@gmail.com","@id":"https:\/\/dmcsrb.com\/#\/schema\/person\/5c39170f12db1b8b457732d0b5c854e2"},"headline":"Zajedni\u010dka antifa\u0161isti\u010dka tradicija crnogorskog i slova\u010dkog naroda","datePublished":"2025-09-12T06:53:00+00:00","mainEntityOfPage":{"@id":"https:\/\/dmcsrb.com\/en\/drustvo\/zajednicka-antifasisticka-tradicija-crnogorskog-i-slovackog-naroda\/"},"wordCount":600,"commentCount":0,"image":{"@id":"https:\/\/dmcsrb.com\/en\/drustvo\/zajednicka-antifasisticka-tradicija-crnogorskog-i-slovackog-naroda\/#primaryimage"},"thumbnailUrl":"https:\/\/dmcsrb.com\/wp-content\/uploads\/2026\/01\/Matica-crnogorska-u-Slovackoj-foto-matica.webp","keywords":["Ivan Jovovi\u0107","Matica Crnogorska","Petar Leki\u0107","Slova\u010dka"],"articleSection":["Dru\u0161tvo"],"inLanguage":"en-GB","potentialAction":[{"@type":"CommentAction","name":"Comment","target":["https:\/\/dmcsrb.com\/en\/drustvo\/zajednicka-antifasisticka-tradicija-crnogorskog-i-slovackog-naroda\/#respond"]}]},{"@type":"WebPage","@id":"https:\/\/dmcsrb.com\/en\/drustvo\/zajednicka-antifasisticka-tradicija-crnogorskog-i-slovackog-naroda\/","url":"https:\/\/dmcsrb.com\/en\/drustvo\/zajednicka-antifasisticka-tradicija-crnogorskog-i-slovackog-naroda\/","name":"Zajedni\u010dka antifa\u0161isti\u010dka tradicija crnogorskog i slova\u010dkog naroda - dmcsrb.com","isPartOf":{"@id":"https:\/\/dmcsrb.com\/#website"},"primaryImageOfPage":{"@id":"https:\/\/dmcsrb.com\/en\/drustvo\/zajednicka-antifasisticka-tradicija-crnogorskog-i-slovackog-naroda\/#primaryimage"},"image":{"@id":"https:\/\/dmcsrb.com\/en\/drustvo\/zajednicka-antifasisticka-tradicija-crnogorskog-i-slovackog-naroda\/#primaryimage"},"thumbnailUrl":"https:\/\/dmcsrb.com\/wp-content\/uploads\/2026\/01\/Matica-crnogorska-u-Slovackoj-foto-matica.webp","datePublished":"2025-09-12T06:53:00+00:00","author":{"@id":"https:\/\/dmcsrb.com\/#\/schema\/person\/5c39170f12db1b8b457732d0b5c854e2"},"breadcrumb":{"@id":"https:\/\/dmcsrb.com\/en\/drustvo\/zajednicka-antifasisticka-tradicija-crnogorskog-i-slovackog-naroda\/#breadcrumb"},"inLanguage":"en-GB","potentialAction":[{"@type":"ReadAction","target":["https:\/\/dmcsrb.com\/en\/drustvo\/zajednicka-antifasisticka-tradicija-crnogorskog-i-slovackog-naroda\/"]}]},{"@type":"ImageObject","inLanguage":"en-GB","@id":"https:\/\/dmcsrb.com\/en\/drustvo\/zajednicka-antifasisticka-tradicija-crnogorskog-i-slovackog-naroda\/#primaryimage","url":"https:\/\/dmcsrb.com\/wp-content\/uploads\/2026\/01\/Matica-crnogorska-u-Slovackoj-foto-matica.webp","contentUrl":"https:\/\/dmcsrb.com\/wp-content\/uploads\/2026\/01\/Matica-crnogorska-u-Slovackoj-foto-matica.webp","width":858,"height":578},{"@type":"BreadcrumbList","@id":"https:\/\/dmcsrb.com\/en\/drustvo\/zajednicka-antifasisticka-tradicija-crnogorskog-i-slovackog-naroda\/#breadcrumb","itemListElement":[{"@type":"ListItem","position":1,"name":"Home","item":"https:\/\/dmcsrb.com\/"},{"@type":"ListItem","position":2,"name":"Zajedni\u010dka antifa\u0161isti\u010dka tradicija crnogorskog i slova\u010dkog naroda"}]},{"@type":"WebSite","@id":"https:\/\/dmcsrb.com\/#website","url":"https:\/\/dmcsrb.com\/","name":"dmcsrb.com","description":"","potentialAction":[{"@type":"SearchAction","target":{"@type":"EntryPoint","urlTemplate":"https:\/\/dmcsrb.com\/?s={search_term_string}"},"query-input":{"@type":"PropertyValueSpecification","valueRequired":true,"valueName":"search_term_string"}}],"inLanguage":"en-GB"},{"@type":"Person","@id":"https:\/\/dmcsrb.com\/#\/schema\/person\/5c39170f12db1b8b457732d0b5c854e2","name":"dmcsrbija.com@gmail.com","image":{"@type":"ImageObject","inLanguage":"en-GB","@id":"https:\/\/secure.gravatar.com\/avatar\/68592660ad6347fad0fb587f8d5d8f1a7b44961362f56e4f2cd524feb87e9069?s=96&d=mm&r=g","url":"https:\/\/secure.gravatar.com\/avatar\/68592660ad6347fad0fb587f8d5d8f1a7b44961362f56e4f2cd524feb87e9069?s=96&d=mm&r=g","contentUrl":"https:\/\/secure.gravatar.com\/avatar\/68592660ad6347fad0fb587f8d5d8f1a7b44961362f56e4f2cd524feb87e9069?s=96&d=mm&r=g","caption":"dmcsrbija.com@gmail.com"},"sameAs":["https:\/\/dmcsrb.com"],"url":"https:\/\/dmcsrb.com\/en\/author\/dmcsrbija-comgmail-com\/"}]}},"_links":{"self":[{"href":"https:\/\/dmcsrb.com\/en\/wp-json\/wp\/v2\/posts\/951684","targetHints":{"allow":["GET"]}}],"collection":[{"href":"https:\/\/dmcsrb.com\/en\/wp-json\/wp\/v2\/posts"}],"about":[{"href":"https:\/\/dmcsrb.com\/en\/wp-json\/wp\/v2\/types\/post"}],"author":[{"embeddable":true,"href":"https:\/\/dmcsrb.com\/en\/wp-json\/wp\/v2\/users\/1"}],"replies":[{"embeddable":true,"href":"https:\/\/dmcsrb.com\/en\/wp-json\/wp\/v2\/comments?post=951684"}],"version-history":[{"count":0,"href":"https:\/\/dmcsrb.com\/en\/wp-json\/wp\/v2\/posts\/951684\/revisions"}],"wp:featuredmedia":[{"embeddable":true,"href":"https:\/\/dmcsrb.com\/en\/wp-json\/wp\/v2\/media\/951685"}],"wp:attachment":[{"href":"https:\/\/dmcsrb.com\/en\/wp-json\/wp\/v2\/media?parent=951684"}],"wp:term":[{"taxonomy":"category","embeddable":true,"href":"https:\/\/dmcsrb.com\/en\/wp-json\/wp\/v2\/categories?post=951684"},{"taxonomy":"post_tag","embeddable":true,"href":"https:\/\/dmcsrb.com\/en\/wp-json\/wp\/v2\/tags?post=951684"},{"taxonomy":"naslovna","embeddable":true,"href":"https:\/\/dmcsrb.com\/en\/wp-json\/wp\/v2\/naslovna?post=951684"}],"curies":[{"name":"wp","href":"https:\/\/api.w.org\/{rel}","templated":true}]}}