{"id":951671,"date":"2025-09-12T07:22:34","date_gmt":"2025-09-12T05:22:34","guid":{"rendered":"https:\/\/dmcsrb.com\/uncategorized\/vujovic-vjerujemo-da-ce-ucesce-predstavnika-lokalnih-javnih-emitera-u-radnoj-grupi-biti-od-znacaja-za-unaredjenje-seta-medijskih-zakona\/"},"modified":"2025-09-12T07:22:34","modified_gmt":"2025-09-12T05:22:34","slug":"vujovic-vjerujemo-da-ce-ucesce-predstavnika-lokalnih-javnih-emitera-u-radnoj-grupi-biti-od-znacaja-za-unaredjenje-seta-medijskih-zakona","status":"publish","type":"post","link":"https:\/\/dmcsrb.com\/en\/drustvo\/vujovic-vjerujemo-da-ce-ucesce-predstavnika-lokalnih-javnih-emitera-u-radnoj-grupi-biti-od-znacaja-za-unaredjenje-seta-medijskih-zakona\/","title":{"rendered":"Vujovi\u0107: Vjerujemo da \u0107e u\u010de\u0161\u0107e predstavnika lokalnih javnih emitera u Radnoj grupi biti od zna\u010daja za unare\u0111enje seta medijskih zakona"},"content":{"rendered":"<p>To udru\u017eenje 26. avgusta je poslalo dopis Ministarstvu kulture i medija u kojem je tra\u017eeno da se u Radno tijelo za izmjenu medijskih zakona imenuju i dva predstavnika lokalnih javnih emitera.<\/p>\n\n\n\n<p>Radno tijelo za izradu predloga zakona u cilju implementacije Uredbe EU o slobodi medija (Euroean Media Freedom Act) i Uredbe EU o digitalnim uslugama (Digital Service Act) oformljeno je jo\u0161 prije nekoliko mjeseci, bez u\u010de\u0161\u0107a predstavnika lokalnih javnih emitera.<\/p>\n\n\n\n<p>Uskoro \u0107e to biti promijenjeno, a nakon \u0161to su putem medija upu\u0107ene javne kritike takvog odnosa Ministarstva kulture i medija od strane predsjednice Skup\u0161tine Udru\u017eenja lokalnih javnih emitera Crne Gore Ive Pavlovi\u0107 i izvr\u0161nog direktora RTV Podgorica Vladimira Ota\u0161evi\u0107a.<\/p>\n\n\n\n<p>&#8220;Uva\u017eavaju\u0107i zna\u010daj i nemjerljiv doprinos lokalnih javnih emitera u pogledu pru\u017eanja javnih usluga informisanja gra\u0111ana, \u0161to je od nesumnjivog javnog interesa, te pitanja koja se odnose na specifi\u010dne izazove koje navedeni mediji imaju u pogledu obezbje\u0111ivanja pune funkcionalnosti, ure\u0111iva\u010dke nezavisnosti, ali i finansiranja, Ministarstvo kulture i medija \u0107e pokrenuti postupak izmjena i dopuna Rje\u0161enja o formiranju Radne grupe, u cilju uklju\u010divanja predlo\u017eenih predstavnika Udru\u017eenja lokalnih javnih emitera. Vjerujemo da \u0107e njihovo u\u010de\u0161\u0107e u radu navedenog tijela biti od zna\u010daja za unapre\u0111enje postoje\u0107ih rje\u0161enja iz seta medijskih zakona, koji se odnose na rad i funkcionisanje lokalnih javnih emitera&#8221;, navodi se izme\u0111u ostalog u odgovoru ministarke Tamare Vujovi\u0107, koji je danas primio predsjednik Udru\u017eenja lokalnih javnih emitera Crne Gore i direktor Radio televizije Nik\u0161i\u0107 Nikola Markovi\u0107.<\/p>\n\n\n\n<p>Predstavnici lokalnih javnih emitera u Radnom tijelu za izmjenu medijskih zakona bi\u0107e Relja Stamatovi\u0107, rukovodilac Sektora za pravne, kadrovske i op\u0161te poslove RTV Podgorica i Ivan Jovovi\u0107, izvr\u0161ni direktor Radio Bara.<\/p>","protected":false},"excerpt":{"rendered":"<p>Ministarka kulture i medija Tamara Vujovi\u0107 odgovorila je dopisom Udru\u017eenju lokalnih javnih emitera Crne Gore.<\/p>","protected":false},"author":1,"featured_media":912704,"comment_status":"open","ping_status":"open","sticky":false,"template":"","format":"standard","meta":{"_acf_changed":false,"footnotes":""},"categories":[2],"tags":[7818,123,7819,5091,3516,5031],"naslovna":[],"class_list":["post-951671","post","type-post","status-publish","format-standard","has-post-thumbnail","hentry","category-drustvo","tag-iva-pavlovic","tag-lokalni-javni-emiteri","tag-medijski-zakoni","tag-ministarstvo-kulture-i-medija","tag-nikola-markovic","tag-vladimir-otasevic"],"acf":[],"yoast_head":"<!-- This site is optimized with the Yoast SEO plugin v27.4 - https:\/\/yoast.com\/product\/yoast-seo-wordpress\/ -->\n<title>Vujovi\u0107: Vjerujemo da \u0107e u\u010de\u0161\u0107e predstavnika lokalnih javnih emitera u Radnoj grupi biti od zna\u010daja za unare\u0111enje seta medijskih zakona - dmcsrb.com<\/title>\n<meta name=\"robots\" content=\"index, follow, max-snippet:-1, max-image-preview:large, max-video-preview:-1\" \/>\n<link rel=\"canonical\" href=\"https:\/\/dmcsrb.com\/en\/drustvo\/vujovic-vjerujemo-da-ce-ucesce-predstavnika-lokalnih-javnih-emitera-u-radnoj-grupi-biti-od-znacaja-za-unaredjenje-seta-medijskih-zakona\/\" \/>\n<meta property=\"og:locale\" content=\"en_GB\" \/>\n<meta property=\"og:type\" content=\"article\" \/>\n<meta property=\"og:title\" content=\"Vujovi\u0107: Vjerujemo da \u0107e u\u010de\u0161\u0107e predstavnika lokalnih javnih emitera u Radnoj grupi biti od zna\u010daja za unare\u0111enje seta medijskih zakona - dmcsrb.com\" \/>\n<meta property=\"og:description\" content=\"Ministarka kulture i medija Tamara Vujovi\u0107 odgovorila je dopisom Udru\u017eenju lokalnih javnih emitera Crne Gore.\" \/>\n<meta property=\"og:url\" content=\"https:\/\/dmcsrb.com\/en\/drustvo\/vujovic-vjerujemo-da-ce-ucesce-predstavnika-lokalnih-javnih-emitera-u-radnoj-grupi-biti-od-znacaja-za-unaredjenje-seta-medijskih-zakona\/\" \/>\n<meta property=\"og:site_name\" content=\"dmcsrb.com\" \/>\n<meta property=\"article:published_time\" content=\"2025-09-12T05:22:34+00:00\" \/>\n<meta property=\"og:image\" content=\"https:\/\/dmcsrb.com\/wp-content\/uploads\/2026\/01\/Tamara-Vujovic-ministarka-foto-pr-centar.jpg\" \/>\n\t<meta property=\"og:image:width\" content=\"1041\" \/>\n\t<meta property=\"og:image:height\" content=\"618\" \/>\n\t<meta property=\"og:image:type\" content=\"image\/jpeg\" \/>\n<meta name=\"author\" content=\"dmcsrbija.com@gmail.com\" \/>\n<meta name=\"twitter:card\" content=\"summary_large_image\" \/>\n<meta name=\"twitter:label1\" content=\"Written by\" \/>\n\t<meta name=\"twitter:data1\" content=\"dmcsrbija.com@gmail.com\" \/>\n\t<meta name=\"twitter:label2\" content=\"Estimated reading time\" \/>\n\t<meta name=\"twitter:data2\" content=\"1 minute\" \/>\n<script type=\"application\/ld+json\" class=\"yoast-schema-graph\">{\"@context\":\"https:\\\/\\\/schema.org\",\"@graph\":[{\"@type\":\"Article\",\"@id\":\"https:\\\/\\\/dmcsrb.com\\\/drustvo\\\/vujovic-vjerujemo-da-ce-ucesce-predstavnika-lokalnih-javnih-emitera-u-radnoj-grupi-biti-od-znacaja-za-unaredjenje-seta-medijskih-zakona\\\/#article\",\"isPartOf\":{\"@id\":\"https:\\\/\\\/dmcsrb.com\\\/drustvo\\\/vujovic-vjerujemo-da-ce-ucesce-predstavnika-lokalnih-javnih-emitera-u-radnoj-grupi-biti-od-znacaja-za-unaredjenje-seta-medijskih-zakona\\\/\"},\"author\":{\"name\":\"dmcsrbija.com@gmail.com\",\"@id\":\"https:\\\/\\\/dmcsrb.com\\\/#\\\/schema\\\/person\\\/5c39170f12db1b8b457732d0b5c854e2\"},\"headline\":\"Vujovi\u0107: Vjerujemo da \u0107e u\u010de\u0161\u0107e predstavnika lokalnih javnih emitera u Radnoj grupi biti od zna\u010daja za unare\u0111enje seta medijskih zakona\",\"datePublished\":\"2025-09-12T05:22:34+00:00\",\"mainEntityOfPage\":{\"@id\":\"https:\\\/\\\/dmcsrb.com\\\/drustvo\\\/vujovic-vjerujemo-da-ce-ucesce-predstavnika-lokalnih-javnih-emitera-u-radnoj-grupi-biti-od-znacaja-za-unaredjenje-seta-medijskih-zakona\\\/\"},\"wordCount\":322,\"commentCount\":0,\"image\":{\"@id\":\"https:\\\/\\\/dmcsrb.com\\\/drustvo\\\/vujovic-vjerujemo-da-ce-ucesce-predstavnika-lokalnih-javnih-emitera-u-radnoj-grupi-biti-od-znacaja-za-unaredjenje-seta-medijskih-zakona\\\/#primaryimage\"},\"thumbnailUrl\":\"https:\\\/\\\/dmcsrb.com\\\/wp-content\\\/uploads\\\/2026\\\/01\\\/Tamara-Vujovic-ministarka-foto-pr-centar.jpg\",\"keywords\":[\"Iva Pavlovi\u0107\",\"Lokalni javni emiteri\",\"medijski zakoni\",\"Ministarstvo kulture i medija\",\"Nikola Markovi\u0107\",\"Vladimir Ota\u0161evi\u0107\"],\"articleSection\":[\"Dru\u0161tvo\"],\"inLanguage\":\"en-GB\",\"potentialAction\":[{\"@type\":\"CommentAction\",\"name\":\"Comment\",\"target\":[\"https:\\\/\\\/dmcsrb.com\\\/drustvo\\\/vujovic-vjerujemo-da-ce-ucesce-predstavnika-lokalnih-javnih-emitera-u-radnoj-grupi-biti-od-znacaja-za-unaredjenje-seta-medijskih-zakona\\\/#respond\"]}]},{\"@type\":\"WebPage\",\"@id\":\"https:\\\/\\\/dmcsrb.com\\\/drustvo\\\/vujovic-vjerujemo-da-ce-ucesce-predstavnika-lokalnih-javnih-emitera-u-radnoj-grupi-biti-od-znacaja-za-unaredjenje-seta-medijskih-zakona\\\/\",\"url\":\"https:\\\/\\\/dmcsrb.com\\\/drustvo\\\/vujovic-vjerujemo-da-ce-ucesce-predstavnika-lokalnih-javnih-emitera-u-radnoj-grupi-biti-od-znacaja-za-unaredjenje-seta-medijskih-zakona\\\/\",\"name\":\"Vujovi\u0107: Vjerujemo da \u0107e u\u010de\u0161\u0107e predstavnika lokalnih javnih emitera u Radnoj grupi biti od zna\u010daja za unare\u0111enje seta medijskih zakona - dmcsrb.com\",\"isPartOf\":{\"@id\":\"https:\\\/\\\/dmcsrb.com\\\/#website\"},\"primaryImageOfPage\":{\"@id\":\"https:\\\/\\\/dmcsrb.com\\\/drustvo\\\/vujovic-vjerujemo-da-ce-ucesce-predstavnika-lokalnih-javnih-emitera-u-radnoj-grupi-biti-od-znacaja-za-unaredjenje-seta-medijskih-zakona\\\/#primaryimage\"},\"image\":{\"@id\":\"https:\\\/\\\/dmcsrb.com\\\/drustvo\\\/vujovic-vjerujemo-da-ce-ucesce-predstavnika-lokalnih-javnih-emitera-u-radnoj-grupi-biti-od-znacaja-za-unaredjenje-seta-medijskih-zakona\\\/#primaryimage\"},\"thumbnailUrl\":\"https:\\\/\\\/dmcsrb.com\\\/wp-content\\\/uploads\\\/2026\\\/01\\\/Tamara-Vujovic-ministarka-foto-pr-centar.jpg\",\"datePublished\":\"2025-09-12T05:22:34+00:00\",\"author\":{\"@id\":\"https:\\\/\\\/dmcsrb.com\\\/#\\\/schema\\\/person\\\/5c39170f12db1b8b457732d0b5c854e2\"},\"breadcrumb\":{\"@id\":\"https:\\\/\\\/dmcsrb.com\\\/drustvo\\\/vujovic-vjerujemo-da-ce-ucesce-predstavnika-lokalnih-javnih-emitera-u-radnoj-grupi-biti-od-znacaja-za-unaredjenje-seta-medijskih-zakona\\\/#breadcrumb\"},\"inLanguage\":\"en-GB\",\"potentialAction\":[{\"@type\":\"ReadAction\",\"target\":[\"https:\\\/\\\/dmcsrb.com\\\/drustvo\\\/vujovic-vjerujemo-da-ce-ucesce-predstavnika-lokalnih-javnih-emitera-u-radnoj-grupi-biti-od-znacaja-za-unaredjenje-seta-medijskih-zakona\\\/\"]}]},{\"@type\":\"ImageObject\",\"inLanguage\":\"en-GB\",\"@id\":\"https:\\\/\\\/dmcsrb.com\\\/drustvo\\\/vujovic-vjerujemo-da-ce-ucesce-predstavnika-lokalnih-javnih-emitera-u-radnoj-grupi-biti-od-znacaja-za-unaredjenje-seta-medijskih-zakona\\\/#primaryimage\",\"url\":\"https:\\\/\\\/dmcsrb.com\\\/wp-content\\\/uploads\\\/2026\\\/01\\\/Tamara-Vujovic-ministarka-foto-pr-centar.jpg\",\"contentUrl\":\"https:\\\/\\\/dmcsrb.com\\\/wp-content\\\/uploads\\\/2026\\\/01\\\/Tamara-Vujovic-ministarka-foto-pr-centar.jpg\",\"width\":1041,\"height\":618},{\"@type\":\"BreadcrumbList\",\"@id\":\"https:\\\/\\\/dmcsrb.com\\\/drustvo\\\/vujovic-vjerujemo-da-ce-ucesce-predstavnika-lokalnih-javnih-emitera-u-radnoj-grupi-biti-od-znacaja-za-unaredjenje-seta-medijskih-zakona\\\/#breadcrumb\",\"itemListElement\":[{\"@type\":\"ListItem\",\"position\":1,\"name\":\"Home\",\"item\":\"https:\\\/\\\/dmcsrb.com\\\/\"},{\"@type\":\"ListItem\",\"position\":2,\"name\":\"Vujovi\u0107: Vjerujemo da \u0107e u\u010de\u0161\u0107e predstavnika lokalnih javnih emitera u Radnoj grupi biti od zna\u010daja za unare\u0111enje seta medijskih zakona\"}]},{\"@type\":\"WebSite\",\"@id\":\"https:\\\/\\\/dmcsrb.com\\\/#website\",\"url\":\"https:\\\/\\\/dmcsrb.com\\\/\",\"name\":\"dmcsrb.com\",\"description\":\"\",\"potentialAction\":[{\"@type\":\"SearchAction\",\"target\":{\"@type\":\"EntryPoint\",\"urlTemplate\":\"https:\\\/\\\/dmcsrb.com\\\/?s={search_term_string}\"},\"query-input\":{\"@type\":\"PropertyValueSpecification\",\"valueRequired\":true,\"valueName\":\"search_term_string\"}}],\"inLanguage\":\"en-GB\"},{\"@type\":\"Person\",\"@id\":\"https:\\\/\\\/dmcsrb.com\\\/#\\\/schema\\\/person\\\/5c39170f12db1b8b457732d0b5c854e2\",\"name\":\"dmcsrbija.com@gmail.com\",\"image\":{\"@type\":\"ImageObject\",\"inLanguage\":\"en-GB\",\"@id\":\"https:\\\/\\\/secure.gravatar.com\\\/avatar\\\/68592660ad6347fad0fb587f8d5d8f1a7b44961362f56e4f2cd524feb87e9069?s=96&d=mm&r=g\",\"url\":\"https:\\\/\\\/secure.gravatar.com\\\/avatar\\\/68592660ad6347fad0fb587f8d5d8f1a7b44961362f56e4f2cd524feb87e9069?s=96&d=mm&r=g\",\"contentUrl\":\"https:\\\/\\\/secure.gravatar.com\\\/avatar\\\/68592660ad6347fad0fb587f8d5d8f1a7b44961362f56e4f2cd524feb87e9069?s=96&d=mm&r=g\",\"caption\":\"dmcsrbija.com@gmail.com\"},\"sameAs\":[\"https:\\\/\\\/dmcsrb.com\"],\"url\":\"https:\\\/\\\/dmcsrb.com\\\/en\\\/author\\\/dmcsrbija-comgmail-com\\\/\"}]}<\/script>\n<!-- \/ Yoast SEO plugin. -->","yoast_head_json":{"title":"Vujovi\u0107: Vjerujemo da \u0107e u\u010de\u0161\u0107e predstavnika lokalnih javnih emitera u Radnoj grupi biti od zna\u010daja za unare\u0111enje seta medijskih zakona - dmcsrb.com","robots":{"index":"index","follow":"follow","max-snippet":"max-snippet:-1","max-image-preview":"max-image-preview:large","max-video-preview":"max-video-preview:-1"},"canonical":"https:\/\/dmcsrb.com\/en\/drustvo\/vujovic-vjerujemo-da-ce-ucesce-predstavnika-lokalnih-javnih-emitera-u-radnoj-grupi-biti-od-znacaja-za-unaredjenje-seta-medijskih-zakona\/","og_locale":"en_GB","og_type":"article","og_title":"Vujovi\u0107: Vjerujemo da \u0107e u\u010de\u0161\u0107e predstavnika lokalnih javnih emitera u Radnoj grupi biti od zna\u010daja za unare\u0111enje seta medijskih zakona - dmcsrb.com","og_description":"Ministarka kulture i medija Tamara Vujovi\u0107 odgovorila je dopisom Udru\u017eenju lokalnih javnih emitera Crne Gore.","og_url":"https:\/\/dmcsrb.com\/en\/drustvo\/vujovic-vjerujemo-da-ce-ucesce-predstavnika-lokalnih-javnih-emitera-u-radnoj-grupi-biti-od-znacaja-za-unaredjenje-seta-medijskih-zakona\/","og_site_name":"dmcsrb.com","article_published_time":"2025-09-12T05:22:34+00:00","og_image":[{"width":1041,"height":618,"url":"https:\/\/dmcsrb.com\/wp-content\/uploads\/2026\/01\/Tamara-Vujovic-ministarka-foto-pr-centar.jpg","type":"image\/jpeg"}],"author":"dmcsrbija.com@gmail.com","twitter_card":"summary_large_image","twitter_misc":{"Written by":"dmcsrbija.com@gmail.com","Estimated reading time":"1 minute"},"schema":{"@context":"https:\/\/schema.org","@graph":[{"@type":"Article","@id":"https:\/\/dmcsrb.com\/drustvo\/vujovic-vjerujemo-da-ce-ucesce-predstavnika-lokalnih-javnih-emitera-u-radnoj-grupi-biti-od-znacaja-za-unaredjenje-seta-medijskih-zakona\/#article","isPartOf":{"@id":"https:\/\/dmcsrb.com\/drustvo\/vujovic-vjerujemo-da-ce-ucesce-predstavnika-lokalnih-javnih-emitera-u-radnoj-grupi-biti-od-znacaja-za-unaredjenje-seta-medijskih-zakona\/"},"author":{"name":"dmcsrbija.com@gmail.com","@id":"https:\/\/dmcsrb.com\/#\/schema\/person\/5c39170f12db1b8b457732d0b5c854e2"},"headline":"Vujovi\u0107: Vjerujemo da \u0107e u\u010de\u0161\u0107e predstavnika lokalnih javnih emitera u Radnoj grupi biti od zna\u010daja za unare\u0111enje seta medijskih zakona","datePublished":"2025-09-12T05:22:34+00:00","mainEntityOfPage":{"@id":"https:\/\/dmcsrb.com\/drustvo\/vujovic-vjerujemo-da-ce-ucesce-predstavnika-lokalnih-javnih-emitera-u-radnoj-grupi-biti-od-znacaja-za-unaredjenje-seta-medijskih-zakona\/"},"wordCount":322,"commentCount":0,"image":{"@id":"https:\/\/dmcsrb.com\/drustvo\/vujovic-vjerujemo-da-ce-ucesce-predstavnika-lokalnih-javnih-emitera-u-radnoj-grupi-biti-od-znacaja-za-unaredjenje-seta-medijskih-zakona\/#primaryimage"},"thumbnailUrl":"https:\/\/dmcsrb.com\/wp-content\/uploads\/2026\/01\/Tamara-Vujovic-ministarka-foto-pr-centar.jpg","keywords":["Iva Pavlovi\u0107","Lokalni javni emiteri","medijski zakoni","Ministarstvo kulture i medija","Nikola Markovi\u0107","Vladimir Ota\u0161evi\u0107"],"articleSection":["Dru\u0161tvo"],"inLanguage":"en-GB","potentialAction":[{"@type":"CommentAction","name":"Comment","target":["https:\/\/dmcsrb.com\/drustvo\/vujovic-vjerujemo-da-ce-ucesce-predstavnika-lokalnih-javnih-emitera-u-radnoj-grupi-biti-od-znacaja-za-unaredjenje-seta-medijskih-zakona\/#respond"]}]},{"@type":"WebPage","@id":"https:\/\/dmcsrb.com\/drustvo\/vujovic-vjerujemo-da-ce-ucesce-predstavnika-lokalnih-javnih-emitera-u-radnoj-grupi-biti-od-znacaja-za-unaredjenje-seta-medijskih-zakona\/","url":"https:\/\/dmcsrb.com\/drustvo\/vujovic-vjerujemo-da-ce-ucesce-predstavnika-lokalnih-javnih-emitera-u-radnoj-grupi-biti-od-znacaja-za-unaredjenje-seta-medijskih-zakona\/","name":"Vujovi\u0107: Vjerujemo da \u0107e u\u010de\u0161\u0107e predstavnika lokalnih javnih emitera u Radnoj grupi biti od zna\u010daja za unare\u0111enje seta medijskih zakona - dmcsrb.com","isPartOf":{"@id":"https:\/\/dmcsrb.com\/#website"},"primaryImageOfPage":{"@id":"https:\/\/dmcsrb.com\/drustvo\/vujovic-vjerujemo-da-ce-ucesce-predstavnika-lokalnih-javnih-emitera-u-radnoj-grupi-biti-od-znacaja-za-unaredjenje-seta-medijskih-zakona\/#primaryimage"},"image":{"@id":"https:\/\/dmcsrb.com\/drustvo\/vujovic-vjerujemo-da-ce-ucesce-predstavnika-lokalnih-javnih-emitera-u-radnoj-grupi-biti-od-znacaja-za-unaredjenje-seta-medijskih-zakona\/#primaryimage"},"thumbnailUrl":"https:\/\/dmcsrb.com\/wp-content\/uploads\/2026\/01\/Tamara-Vujovic-ministarka-foto-pr-centar.jpg","datePublished":"2025-09-12T05:22:34+00:00","author":{"@id":"https:\/\/dmcsrb.com\/#\/schema\/person\/5c39170f12db1b8b457732d0b5c854e2"},"breadcrumb":{"@id":"https:\/\/dmcsrb.com\/drustvo\/vujovic-vjerujemo-da-ce-ucesce-predstavnika-lokalnih-javnih-emitera-u-radnoj-grupi-biti-od-znacaja-za-unaredjenje-seta-medijskih-zakona\/#breadcrumb"},"inLanguage":"en-GB","potentialAction":[{"@type":"ReadAction","target":["https:\/\/dmcsrb.com\/drustvo\/vujovic-vjerujemo-da-ce-ucesce-predstavnika-lokalnih-javnih-emitera-u-radnoj-grupi-biti-od-znacaja-za-unaredjenje-seta-medijskih-zakona\/"]}]},{"@type":"ImageObject","inLanguage":"en-GB","@id":"https:\/\/dmcsrb.com\/drustvo\/vujovic-vjerujemo-da-ce-ucesce-predstavnika-lokalnih-javnih-emitera-u-radnoj-grupi-biti-od-znacaja-za-unaredjenje-seta-medijskih-zakona\/#primaryimage","url":"https:\/\/dmcsrb.com\/wp-content\/uploads\/2026\/01\/Tamara-Vujovic-ministarka-foto-pr-centar.jpg","contentUrl":"https:\/\/dmcsrb.com\/wp-content\/uploads\/2026\/01\/Tamara-Vujovic-ministarka-foto-pr-centar.jpg","width":1041,"height":618},{"@type":"BreadcrumbList","@id":"https:\/\/dmcsrb.com\/drustvo\/vujovic-vjerujemo-da-ce-ucesce-predstavnika-lokalnih-javnih-emitera-u-radnoj-grupi-biti-od-znacaja-za-unaredjenje-seta-medijskih-zakona\/#breadcrumb","itemListElement":[{"@type":"ListItem","position":1,"name":"Home","item":"https:\/\/dmcsrb.com\/"},{"@type":"ListItem","position":2,"name":"Vujovi\u0107: Vjerujemo da \u0107e u\u010de\u0161\u0107e predstavnika lokalnih javnih emitera u Radnoj grupi biti od zna\u010daja za unare\u0111enje seta medijskih zakona"}]},{"@type":"WebSite","@id":"https:\/\/dmcsrb.com\/#website","url":"https:\/\/dmcsrb.com\/","name":"dmcsrb.com","description":"","potentialAction":[{"@type":"SearchAction","target":{"@type":"EntryPoint","urlTemplate":"https:\/\/dmcsrb.com\/?s={search_term_string}"},"query-input":{"@type":"PropertyValueSpecification","valueRequired":true,"valueName":"search_term_string"}}],"inLanguage":"en-GB"},{"@type":"Person","@id":"https:\/\/dmcsrb.com\/#\/schema\/person\/5c39170f12db1b8b457732d0b5c854e2","name":"dmcsrbija.com@gmail.com","image":{"@type":"ImageObject","inLanguage":"en-GB","@id":"https:\/\/secure.gravatar.com\/avatar\/68592660ad6347fad0fb587f8d5d8f1a7b44961362f56e4f2cd524feb87e9069?s=96&d=mm&r=g","url":"https:\/\/secure.gravatar.com\/avatar\/68592660ad6347fad0fb587f8d5d8f1a7b44961362f56e4f2cd524feb87e9069?s=96&d=mm&r=g","contentUrl":"https:\/\/secure.gravatar.com\/avatar\/68592660ad6347fad0fb587f8d5d8f1a7b44961362f56e4f2cd524feb87e9069?s=96&d=mm&r=g","caption":"dmcsrbija.com@gmail.com"},"sameAs":["https:\/\/dmcsrb.com"],"url":"https:\/\/dmcsrb.com\/en\/author\/dmcsrbija-comgmail-com\/"}]}},"_links":{"self":[{"href":"https:\/\/dmcsrb.com\/en\/wp-json\/wp\/v2\/posts\/951671","targetHints":{"allow":["GET"]}}],"collection":[{"href":"https:\/\/dmcsrb.com\/en\/wp-json\/wp\/v2\/posts"}],"about":[{"href":"https:\/\/dmcsrb.com\/en\/wp-json\/wp\/v2\/types\/post"}],"author":[{"embeddable":true,"href":"https:\/\/dmcsrb.com\/en\/wp-json\/wp\/v2\/users\/1"}],"replies":[{"embeddable":true,"href":"https:\/\/dmcsrb.com\/en\/wp-json\/wp\/v2\/comments?post=951671"}],"version-history":[{"count":0,"href":"https:\/\/dmcsrb.com\/en\/wp-json\/wp\/v2\/posts\/951671\/revisions"}],"wp:featuredmedia":[{"embeddable":true,"href":"https:\/\/dmcsrb.com\/en\/wp-json\/wp\/v2\/media\/912704"}],"wp:attachment":[{"href":"https:\/\/dmcsrb.com\/en\/wp-json\/wp\/v2\/media?parent=951671"}],"wp:term":[{"taxonomy":"category","embeddable":true,"href":"https:\/\/dmcsrb.com\/en\/wp-json\/wp\/v2\/categories?post=951671"},{"taxonomy":"post_tag","embeddable":true,"href":"https:\/\/dmcsrb.com\/en\/wp-json\/wp\/v2\/tags?post=951671"},{"taxonomy":"naslovna","embeddable":true,"href":"https:\/\/dmcsrb.com\/en\/wp-json\/wp\/v2\/naslovna?post=951671"}],"curies":[{"name":"wp","href":"https:\/\/api.w.org\/{rel}","templated":true}]}}