{"id":951600,"date":"2025-09-11T15:39:14","date_gmt":"2025-09-11T13:39:14","guid":{"rendered":"https:\/\/dmcsrb.com\/uncategorized\/usvojen-budzet-za-rad-drzavnih-tuzilastava-i-tuzilackog-savjeta-za-2026\/"},"modified":"2025-09-11T15:39:14","modified_gmt":"2025-09-11T13:39:14","slug":"usvojen-budzet-za-rad-drzavnih-tuzilastava-i-tuzilackog-savjeta-za-2026","status":"publish","type":"post","link":"https:\/\/dmcsrb.com\/en\/drustvo\/usvojen-budzet-za-rad-drzavnih-tuzilastava-i-tuzilackog-savjeta-za-2026\/","title":{"rendered":"Usvojen bud\u017eet za rad dr\u017eavnih tu\u017eila\u0161tava i Tu\u017eila\u010dkog savjeta za 2026."},"content":{"rendered":"<p>Iz Tu\u017eila\u010dkog savjeta je saop\u0161teno da su, nakon obavljenog intervjua, izabrani dr\u017eavni tu\u017eioci za \u010dlanove i zamjenike \u010dlanova Komisije za polaganje pravosudnog ispita.<\/p>\n\n\n\n<p>&#8220;Savjet je na sjednici donio Odluku o izmjeni Odluke o broju dr\u017eavnih tu\u017eilaca kojom je u Specijalnom dr\u017eavnom tu\u017eila\u0161tvu pove\u0107an broj specijalnih dr\u017eavnih tu\u017eilaca sa 16 na 20, i donio Odluku o izmjeni Poslovnika Tu\u017eila\u010dkog savjeta&#8221;, navode iz Tu\u017eila\u010dkog savjeta.<\/p>\n\n\n\n<p><a href=\"https:\/\/play.google.com\/store\/apps\/details?id=me.rtcg\" target=\"_blank\" rel=\"noreferrer noopener\"><\/a><a href=\"https:\/\/apps.apple.com\/us\/app\/rtcg\/id1400067551\" target=\"_blank\" rel=\"noreferrer noopener\"><\/a><\/p>\n\n\n\n<p><a target=\"_blank\" href=\"https:\/\/www.facebook.com\/PortalRTCG\/\" rel=\"noreferrer noopener\"><\/a><a target=\"_blank\" href=\"https:\/\/twitter.com\/MMC_RTCG\" rel=\"noreferrer noopener\"><\/a><a target=\"_blank\" href=\"https:\/\/www.youtube.com\/channel\/UC-wb2t0TEiMtfmdiB169MPw\/videos?view=0%22\" rel=\"noreferrer noopener\"><\/a><a target=\"_blank\" href=\"https:\/\/www.instagram.com\/rtcg_me\/\" rel=\"noreferrer noopener\"><\/a><a target=\"_blank\" href=\"https:\/\/www.tiktok.com\/@rtcg_me?referer_url=https%3A%2F%2Fwww.rtcg.me%2F&amp;referer_video_id=7082740740232596742&amp;refer=embed\" rel=\"noreferrer noopener\"><\/a><a target=\"_blank\" href=\"https:\/\/invite.viber.com\/?g2=AQAoelI5rYb5tk%2BEdfzIV9p8V1QhJQr56MYLT%2FU0YpvefIh3ZlAzupEpZiY1i6r3\" rel=\"noreferrer noopener\"><\/a><a target=\"_blank\" href=\"https:\/\/t.me\/rtcgjavniservis\" rel=\"noreferrer noopener\"><\/a><a target=\"_blank\" href=\"https:\/\/bsky.app\/profile\/rtcgme.bsky.social\" rel=\"noreferrer noopener\"><\/a><\/p>","protected":false},"excerpt":{"rendered":"<p>Tu\u017eila\u010dki savjet je, na sjednici kojom je predsjedavao vrhovni dr\u017eavni tu\u017eilac Milorad Markovi\u0107, razmatrao i usvojio predlog razdjela godi\u0161njeg bud\u017eeta za rad svakog dr\u017eavnog tu\u017eila\u0161tva posebno i Tu\u017eila\u010dkog savjeta za 2026. godinu.<\/p>","protected":false},"author":1,"featured_media":951601,"comment_status":"open","ping_status":"open","sticky":false,"template":"","format":"standard","meta":{"_acf_changed":false,"footnotes":""},"categories":[2],"tags":[7795,2181,492],"naslovna":[],"class_list":["post-951600","post","type-post","status-publish","format-standard","has-post-thumbnail","hentry","category-drustvo","tag-budzet-za-rad-drzavnih-tuzilastava","tag-milorad-markovic","tag-vdt"],"acf":[],"yoast_head":"<!-- This site is optimized with the Yoast SEO plugin v27.4 - https:\/\/yoast.com\/product\/yoast-seo-wordpress\/ -->\n<title>Usvojen bud\u017eet za rad dr\u017eavnih tu\u017eila\u0161tava i Tu\u017eila\u010dkog savjeta za 2026. - dmcsrb.com<\/title>\n<meta name=\"robots\" content=\"index, follow, max-snippet:-1, max-image-preview:large, max-video-preview:-1\" \/>\n<link rel=\"canonical\" href=\"https:\/\/dmcsrb.com\/en\/drustvo\/usvojen-budzet-za-rad-drzavnih-tuzilastava-i-tuzilackog-savjeta-za-2026\/\" \/>\n<meta property=\"og:locale\" content=\"en_GB\" \/>\n<meta property=\"og:type\" content=\"article\" \/>\n<meta property=\"og:title\" content=\"Usvojen bud\u017eet za rad dr\u017eavnih tu\u017eila\u0161tava i Tu\u017eila\u010dkog savjeta za 2026. - dmcsrb.com\" \/>\n<meta property=\"og:description\" content=\"Tu\u017eila\u010dki savjet je, na sjednici kojom je predsjedavao vrhovni dr\u017eavni tu\u017eilac Milorad Markovi\u0107, razmatrao i usvojio predlog razdjela godi\u0161njeg bud\u017eeta za rad svakog dr\u017eavnog tu\u017eila\u0161tva posebno i Tu\u017eila\u010dkog savjeta za 2026. godinu.\" \/>\n<meta property=\"og:url\" content=\"https:\/\/dmcsrb.com\/en\/drustvo\/usvojen-budzet-za-rad-drzavnih-tuzilastava-i-tuzilackog-savjeta-za-2026\/\" \/>\n<meta property=\"og:site_name\" content=\"dmcsrb.com\" \/>\n<meta property=\"article:published_time\" content=\"2025-09-11T13:39:14+00:00\" \/>\n<meta property=\"og:image\" content=\"https:\/\/dmcsrb.com\/wp-content\/uploads\/2026\/01\/Milorad-Markovic-foto-VDT.webp\" \/>\n\t<meta property=\"og:image:width\" content=\"928\" \/>\n\t<meta property=\"og:image:height\" content=\"598\" \/>\n\t<meta property=\"og:image:type\" content=\"image\/jpeg\" \/>\n<meta name=\"author\" content=\"dmcsrbija.com@gmail.com\" \/>\n<meta name=\"twitter:card\" content=\"summary_large_image\" \/>\n<meta name=\"twitter:label1\" content=\"Written by\" \/>\n\t<meta name=\"twitter:data1\" content=\"dmcsrbija.com@gmail.com\" \/>\n<script type=\"application\/ld+json\" class=\"yoast-schema-graph\">{\"@context\":\"https:\\\/\\\/schema.org\",\"@graph\":[{\"@type\":\"Article\",\"@id\":\"https:\\\/\\\/dmcsrb.com\\\/drustvo\\\/usvojen-budzet-za-rad-drzavnih-tuzilastava-i-tuzilackog-savjeta-za-2026\\\/#article\",\"isPartOf\":{\"@id\":\"https:\\\/\\\/dmcsrb.com\\\/drustvo\\\/usvojen-budzet-za-rad-drzavnih-tuzilastava-i-tuzilackog-savjeta-za-2026\\\/\"},\"author\":{\"name\":\"dmcsrbija.com@gmail.com\",\"@id\":\"https:\\\/\\\/dmcsrb.com\\\/#\\\/schema\\\/person\\\/5c39170f12db1b8b457732d0b5c854e2\"},\"headline\":\"Usvojen bud\u017eet za rad dr\u017eavnih tu\u017eila\u0161tava i Tu\u017eila\u010dkog savjeta za 2026.\",\"datePublished\":\"2025-09-11T13:39:14+00:00\",\"mainEntityOfPage\":{\"@id\":\"https:\\\/\\\/dmcsrb.com\\\/drustvo\\\/usvojen-budzet-za-rad-drzavnih-tuzilastava-i-tuzilackog-savjeta-za-2026\\\/\"},\"wordCount\":94,\"commentCount\":0,\"image\":{\"@id\":\"https:\\\/\\\/dmcsrb.com\\\/drustvo\\\/usvojen-budzet-za-rad-drzavnih-tuzilastava-i-tuzilackog-savjeta-za-2026\\\/#primaryimage\"},\"thumbnailUrl\":\"https:\\\/\\\/dmcsrb.com\\\/wp-content\\\/uploads\\\/2026\\\/01\\\/Milorad-Markovic-foto-VDT.webp\",\"keywords\":[\"bud\u017eet za rad dr\u017eavnih tu\u017eila\u0161tava\",\"Milorad Markovi\u0107\",\"VDT\"],\"articleSection\":[\"Dru\u0161tvo\"],\"inLanguage\":\"en-GB\",\"potentialAction\":[{\"@type\":\"CommentAction\",\"name\":\"Comment\",\"target\":[\"https:\\\/\\\/dmcsrb.com\\\/drustvo\\\/usvojen-budzet-za-rad-drzavnih-tuzilastava-i-tuzilackog-savjeta-za-2026\\\/#respond\"]}]},{\"@type\":\"WebPage\",\"@id\":\"https:\\\/\\\/dmcsrb.com\\\/drustvo\\\/usvojen-budzet-za-rad-drzavnih-tuzilastava-i-tuzilackog-savjeta-za-2026\\\/\",\"url\":\"https:\\\/\\\/dmcsrb.com\\\/drustvo\\\/usvojen-budzet-za-rad-drzavnih-tuzilastava-i-tuzilackog-savjeta-za-2026\\\/\",\"name\":\"Usvojen bud\u017eet za rad dr\u017eavnih tu\u017eila\u0161tava i Tu\u017eila\u010dkog savjeta za 2026. - dmcsrb.com\",\"isPartOf\":{\"@id\":\"https:\\\/\\\/dmcsrb.com\\\/#website\"},\"primaryImageOfPage\":{\"@id\":\"https:\\\/\\\/dmcsrb.com\\\/drustvo\\\/usvojen-budzet-za-rad-drzavnih-tuzilastava-i-tuzilackog-savjeta-za-2026\\\/#primaryimage\"},\"image\":{\"@id\":\"https:\\\/\\\/dmcsrb.com\\\/drustvo\\\/usvojen-budzet-za-rad-drzavnih-tuzilastava-i-tuzilackog-savjeta-za-2026\\\/#primaryimage\"},\"thumbnailUrl\":\"https:\\\/\\\/dmcsrb.com\\\/wp-content\\\/uploads\\\/2026\\\/01\\\/Milorad-Markovic-foto-VDT.webp\",\"datePublished\":\"2025-09-11T13:39:14+00:00\",\"author\":{\"@id\":\"https:\\\/\\\/dmcsrb.com\\\/#\\\/schema\\\/person\\\/5c39170f12db1b8b457732d0b5c854e2\"},\"breadcrumb\":{\"@id\":\"https:\\\/\\\/dmcsrb.com\\\/drustvo\\\/usvojen-budzet-za-rad-drzavnih-tuzilastava-i-tuzilackog-savjeta-za-2026\\\/#breadcrumb\"},\"inLanguage\":\"en-GB\",\"potentialAction\":[{\"@type\":\"ReadAction\",\"target\":[\"https:\\\/\\\/dmcsrb.com\\\/drustvo\\\/usvojen-budzet-za-rad-drzavnih-tuzilastava-i-tuzilackog-savjeta-za-2026\\\/\"]}]},{\"@type\":\"ImageObject\",\"inLanguage\":\"en-GB\",\"@id\":\"https:\\\/\\\/dmcsrb.com\\\/drustvo\\\/usvojen-budzet-za-rad-drzavnih-tuzilastava-i-tuzilackog-savjeta-za-2026\\\/#primaryimage\",\"url\":\"https:\\\/\\\/dmcsrb.com\\\/wp-content\\\/uploads\\\/2026\\\/01\\\/Milorad-Markovic-foto-VDT.webp\",\"contentUrl\":\"https:\\\/\\\/dmcsrb.com\\\/wp-content\\\/uploads\\\/2026\\\/01\\\/Milorad-Markovic-foto-VDT.webp\",\"width\":928,\"height\":598},{\"@type\":\"BreadcrumbList\",\"@id\":\"https:\\\/\\\/dmcsrb.com\\\/drustvo\\\/usvojen-budzet-za-rad-drzavnih-tuzilastava-i-tuzilackog-savjeta-za-2026\\\/#breadcrumb\",\"itemListElement\":[{\"@type\":\"ListItem\",\"position\":1,\"name\":\"Home\",\"item\":\"https:\\\/\\\/dmcsrb.com\\\/\"},{\"@type\":\"ListItem\",\"position\":2,\"name\":\"Usvojen bud\u017eet za rad dr\u017eavnih tu\u017eila\u0161tava i Tu\u017eila\u010dkog savjeta za 2026.\"}]},{\"@type\":\"WebSite\",\"@id\":\"https:\\\/\\\/dmcsrb.com\\\/#website\",\"url\":\"https:\\\/\\\/dmcsrb.com\\\/\",\"name\":\"dmcsrb.com\",\"description\":\"\",\"potentialAction\":[{\"@type\":\"SearchAction\",\"target\":{\"@type\":\"EntryPoint\",\"urlTemplate\":\"https:\\\/\\\/dmcsrb.com\\\/?s={search_term_string}\"},\"query-input\":{\"@type\":\"PropertyValueSpecification\",\"valueRequired\":true,\"valueName\":\"search_term_string\"}}],\"inLanguage\":\"en-GB\"},{\"@type\":\"Person\",\"@id\":\"https:\\\/\\\/dmcsrb.com\\\/#\\\/schema\\\/person\\\/5c39170f12db1b8b457732d0b5c854e2\",\"name\":\"dmcsrbija.com@gmail.com\",\"image\":{\"@type\":\"ImageObject\",\"inLanguage\":\"en-GB\",\"@id\":\"https:\\\/\\\/secure.gravatar.com\\\/avatar\\\/68592660ad6347fad0fb587f8d5d8f1a7b44961362f56e4f2cd524feb87e9069?s=96&d=mm&r=g\",\"url\":\"https:\\\/\\\/secure.gravatar.com\\\/avatar\\\/68592660ad6347fad0fb587f8d5d8f1a7b44961362f56e4f2cd524feb87e9069?s=96&d=mm&r=g\",\"contentUrl\":\"https:\\\/\\\/secure.gravatar.com\\\/avatar\\\/68592660ad6347fad0fb587f8d5d8f1a7b44961362f56e4f2cd524feb87e9069?s=96&d=mm&r=g\",\"caption\":\"dmcsrbija.com@gmail.com\"},\"sameAs\":[\"https:\\\/\\\/dmcsrb.com\"],\"url\":\"https:\\\/\\\/dmcsrb.com\\\/en\\\/author\\\/dmcsrbija-comgmail-com\\\/\"}]}<\/script>\n<!-- \/ Yoast SEO plugin. -->","yoast_head_json":{"title":"Usvojen bud\u017eet za rad dr\u017eavnih tu\u017eila\u0161tava i Tu\u017eila\u010dkog savjeta za 2026. - dmcsrb.com","robots":{"index":"index","follow":"follow","max-snippet":"max-snippet:-1","max-image-preview":"max-image-preview:large","max-video-preview":"max-video-preview:-1"},"canonical":"https:\/\/dmcsrb.com\/en\/drustvo\/usvojen-budzet-za-rad-drzavnih-tuzilastava-i-tuzilackog-savjeta-za-2026\/","og_locale":"en_GB","og_type":"article","og_title":"Usvojen bud\u017eet za rad dr\u017eavnih tu\u017eila\u0161tava i Tu\u017eila\u010dkog savjeta za 2026. - dmcsrb.com","og_description":"Tu\u017eila\u010dki savjet je, na sjednici kojom je predsjedavao vrhovni dr\u017eavni tu\u017eilac Milorad Markovi\u0107, razmatrao i usvojio predlog razdjela godi\u0161njeg bud\u017eeta za rad svakog dr\u017eavnog tu\u017eila\u0161tva posebno i Tu\u017eila\u010dkog savjeta za 2026. godinu.","og_url":"https:\/\/dmcsrb.com\/en\/drustvo\/usvojen-budzet-za-rad-drzavnih-tuzilastava-i-tuzilackog-savjeta-za-2026\/","og_site_name":"dmcsrb.com","article_published_time":"2025-09-11T13:39:14+00:00","og_image":[{"width":928,"height":598,"url":"https:\/\/dmcsrb.com\/wp-content\/uploads\/2026\/01\/Milorad-Markovic-foto-VDT.webp","type":"image\/jpeg"}],"author":"dmcsrbija.com@gmail.com","twitter_card":"summary_large_image","twitter_misc":{"Written by":"dmcsrbija.com@gmail.com"},"schema":{"@context":"https:\/\/schema.org","@graph":[{"@type":"Article","@id":"https:\/\/dmcsrb.com\/drustvo\/usvojen-budzet-za-rad-drzavnih-tuzilastava-i-tuzilackog-savjeta-za-2026\/#article","isPartOf":{"@id":"https:\/\/dmcsrb.com\/drustvo\/usvojen-budzet-za-rad-drzavnih-tuzilastava-i-tuzilackog-savjeta-za-2026\/"},"author":{"name":"dmcsrbija.com@gmail.com","@id":"https:\/\/dmcsrb.com\/#\/schema\/person\/5c39170f12db1b8b457732d0b5c854e2"},"headline":"Usvojen bud\u017eet za rad dr\u017eavnih tu\u017eila\u0161tava i Tu\u017eila\u010dkog savjeta za 2026.","datePublished":"2025-09-11T13:39:14+00:00","mainEntityOfPage":{"@id":"https:\/\/dmcsrb.com\/drustvo\/usvojen-budzet-za-rad-drzavnih-tuzilastava-i-tuzilackog-savjeta-za-2026\/"},"wordCount":94,"commentCount":0,"image":{"@id":"https:\/\/dmcsrb.com\/drustvo\/usvojen-budzet-za-rad-drzavnih-tuzilastava-i-tuzilackog-savjeta-za-2026\/#primaryimage"},"thumbnailUrl":"https:\/\/dmcsrb.com\/wp-content\/uploads\/2026\/01\/Milorad-Markovic-foto-VDT.webp","keywords":["bud\u017eet za rad dr\u017eavnih tu\u017eila\u0161tava","Milorad Markovi\u0107","VDT"],"articleSection":["Dru\u0161tvo"],"inLanguage":"en-GB","potentialAction":[{"@type":"CommentAction","name":"Comment","target":["https:\/\/dmcsrb.com\/drustvo\/usvojen-budzet-za-rad-drzavnih-tuzilastava-i-tuzilackog-savjeta-za-2026\/#respond"]}]},{"@type":"WebPage","@id":"https:\/\/dmcsrb.com\/drustvo\/usvojen-budzet-za-rad-drzavnih-tuzilastava-i-tuzilackog-savjeta-za-2026\/","url":"https:\/\/dmcsrb.com\/drustvo\/usvojen-budzet-za-rad-drzavnih-tuzilastava-i-tuzilackog-savjeta-za-2026\/","name":"Usvojen bud\u017eet za rad dr\u017eavnih tu\u017eila\u0161tava i Tu\u017eila\u010dkog savjeta za 2026. - dmcsrb.com","isPartOf":{"@id":"https:\/\/dmcsrb.com\/#website"},"primaryImageOfPage":{"@id":"https:\/\/dmcsrb.com\/drustvo\/usvojen-budzet-za-rad-drzavnih-tuzilastava-i-tuzilackog-savjeta-za-2026\/#primaryimage"},"image":{"@id":"https:\/\/dmcsrb.com\/drustvo\/usvojen-budzet-za-rad-drzavnih-tuzilastava-i-tuzilackog-savjeta-za-2026\/#primaryimage"},"thumbnailUrl":"https:\/\/dmcsrb.com\/wp-content\/uploads\/2026\/01\/Milorad-Markovic-foto-VDT.webp","datePublished":"2025-09-11T13:39:14+00:00","author":{"@id":"https:\/\/dmcsrb.com\/#\/schema\/person\/5c39170f12db1b8b457732d0b5c854e2"},"breadcrumb":{"@id":"https:\/\/dmcsrb.com\/drustvo\/usvojen-budzet-za-rad-drzavnih-tuzilastava-i-tuzilackog-savjeta-za-2026\/#breadcrumb"},"inLanguage":"en-GB","potentialAction":[{"@type":"ReadAction","target":["https:\/\/dmcsrb.com\/drustvo\/usvojen-budzet-za-rad-drzavnih-tuzilastava-i-tuzilackog-savjeta-za-2026\/"]}]},{"@type":"ImageObject","inLanguage":"en-GB","@id":"https:\/\/dmcsrb.com\/drustvo\/usvojen-budzet-za-rad-drzavnih-tuzilastava-i-tuzilackog-savjeta-za-2026\/#primaryimage","url":"https:\/\/dmcsrb.com\/wp-content\/uploads\/2026\/01\/Milorad-Markovic-foto-VDT.webp","contentUrl":"https:\/\/dmcsrb.com\/wp-content\/uploads\/2026\/01\/Milorad-Markovic-foto-VDT.webp","width":928,"height":598},{"@type":"BreadcrumbList","@id":"https:\/\/dmcsrb.com\/drustvo\/usvojen-budzet-za-rad-drzavnih-tuzilastava-i-tuzilackog-savjeta-za-2026\/#breadcrumb","itemListElement":[{"@type":"ListItem","position":1,"name":"Home","item":"https:\/\/dmcsrb.com\/"},{"@type":"ListItem","position":2,"name":"Usvojen bud\u017eet za rad dr\u017eavnih tu\u017eila\u0161tava i Tu\u017eila\u010dkog savjeta za 2026."}]},{"@type":"WebSite","@id":"https:\/\/dmcsrb.com\/#website","url":"https:\/\/dmcsrb.com\/","name":"dmcsrb.com","description":"","potentialAction":[{"@type":"SearchAction","target":{"@type":"EntryPoint","urlTemplate":"https:\/\/dmcsrb.com\/?s={search_term_string}"},"query-input":{"@type":"PropertyValueSpecification","valueRequired":true,"valueName":"search_term_string"}}],"inLanguage":"en-GB"},{"@type":"Person","@id":"https:\/\/dmcsrb.com\/#\/schema\/person\/5c39170f12db1b8b457732d0b5c854e2","name":"dmcsrbija.com@gmail.com","image":{"@type":"ImageObject","inLanguage":"en-GB","@id":"https:\/\/secure.gravatar.com\/avatar\/68592660ad6347fad0fb587f8d5d8f1a7b44961362f56e4f2cd524feb87e9069?s=96&d=mm&r=g","url":"https:\/\/secure.gravatar.com\/avatar\/68592660ad6347fad0fb587f8d5d8f1a7b44961362f56e4f2cd524feb87e9069?s=96&d=mm&r=g","contentUrl":"https:\/\/secure.gravatar.com\/avatar\/68592660ad6347fad0fb587f8d5d8f1a7b44961362f56e4f2cd524feb87e9069?s=96&d=mm&r=g","caption":"dmcsrbija.com@gmail.com"},"sameAs":["https:\/\/dmcsrb.com"],"url":"https:\/\/dmcsrb.com\/en\/author\/dmcsrbija-comgmail-com\/"}]}},"_links":{"self":[{"href":"https:\/\/dmcsrb.com\/en\/wp-json\/wp\/v2\/posts\/951600","targetHints":{"allow":["GET"]}}],"collection":[{"href":"https:\/\/dmcsrb.com\/en\/wp-json\/wp\/v2\/posts"}],"about":[{"href":"https:\/\/dmcsrb.com\/en\/wp-json\/wp\/v2\/types\/post"}],"author":[{"embeddable":true,"href":"https:\/\/dmcsrb.com\/en\/wp-json\/wp\/v2\/users\/1"}],"replies":[{"embeddable":true,"href":"https:\/\/dmcsrb.com\/en\/wp-json\/wp\/v2\/comments?post=951600"}],"version-history":[{"count":0,"href":"https:\/\/dmcsrb.com\/en\/wp-json\/wp\/v2\/posts\/951600\/revisions"}],"wp:featuredmedia":[{"embeddable":true,"href":"https:\/\/dmcsrb.com\/en\/wp-json\/wp\/v2\/media\/951601"}],"wp:attachment":[{"href":"https:\/\/dmcsrb.com\/en\/wp-json\/wp\/v2\/media?parent=951600"}],"wp:term":[{"taxonomy":"category","embeddable":true,"href":"https:\/\/dmcsrb.com\/en\/wp-json\/wp\/v2\/categories?post=951600"},{"taxonomy":"post_tag","embeddable":true,"href":"https:\/\/dmcsrb.com\/en\/wp-json\/wp\/v2\/tags?post=951600"},{"taxonomy":"naslovna","embeddable":true,"href":"https:\/\/dmcsrb.com\/en\/wp-json\/wp\/v2\/naslovna?post=951600"}],"curies":[{"name":"wp","href":"https:\/\/api.w.org\/{rel}","templated":true}]}}