{"id":951581,"date":"2025-09-11T14:05:09","date_gmt":"2025-09-11T12:05:09","guid":{"rendered":"https:\/\/dmcsrb.com\/uncategorized\/u-risanskoj-bolnici-otvoren-prijemno-urgentni-blok\/"},"modified":"2025-09-11T14:05:09","modified_gmt":"2025-09-11T12:05:09","slug":"u-risanskoj-bolnici-otvoren-prijemno-urgentni-blok","status":"publish","type":"post","link":"https:\/\/dmcsrb.com\/en\/drustvo\/u-risanskoj-bolnici-otvoren-prijemno-urgentni-blok\/","title":{"rendered":"U risanskoj bolnici otvoren prijemno-urgentni blok"},"content":{"rendered":"<p>Ministar zdravlja Vojislav \u0160imun poru\u010dio je da projekat vrijedan preko dva miliona eura od velikog zna\u010daja za Boku Kotorsku i cijelu Crnu Goru<\/p>\n\n\n\n<p>&#8220;Ovaj projekat predstavlja zna\u010dajan iskorak ne samo za ovu ustanovu i regiju Boke Kotorske ve\u0107 i za cijeli zdravstveni sistem Crne Gore. Adaptacija klju\u010dnih bolni\u010dkih prostora, uz pro\u0161irenje, nove ambulante i savremeno opremljene prijemne sale, omogu\u0107ava osoblju da radi u uslovima koji zadovoljavaju najvi\u0161e standarde, a pacijentima pru\u017ea br\u017eu i kvalitetniju zdravstvenu za\u0161titu, po \u010demu je risanska bolnica prepoznatljiva&#8221;, kazao je \u0160imun.<\/p>\n\n\n\n<p><img decoding=\"async\" width=\"100%\" alt=\"\" src=\"https:\/\/rtcg.me\/upload\/\/media\/2025\/8\/11\/15\/27\/188\/2255521\/resize\/2255524\/54778909732_3e75ab1ab3_k_600x900\"><em>&nbsp;(Foto: Vlada Crne Gore)<\/em><\/p>\n\n\n\n<p>On je naveo da je vrijednost radova u ovoj fazi iznosila ukupno 2 miliona i 190 hiljada eura, od \u010dega je u savremenu medicinsku opremu i obuku kadra ulo\u017eeno gotovo 400 hiljada eura.<\/p>\n\n\n\n<p>&#8220;Posebno \u017eelim da istaknem da je ovo tek prva faza. U narednom periodu slijedi projekat regulacije saobra\u0107ajnog i parking prostora u okviru bolnice, a ve\u0107 je u pripremi i projekat adaptacije operacionog bloka. Na ovaj na\u010din, Specijalna bolnica u Risnu postaje istinski regionalni centar izvrsnosti, spreman da odgovori na najzahtjevnije zdravstvene izazove&#8221;, istakao je \u0160imun.<\/p>\n\n\n\n<p><img decoding=\"async\" width=\"100%\" alt=\"\" src=\"https:\/\/rtcg.me\/upload\/\/media\/2025\/8\/11\/15\/52\/73\/2255527\/resize\/2255530\/54779989014_5ac3c71ff0_k_600x900\"><em>&nbsp;(Foto: Vlada Crne Gore)<\/em><\/p>\n\n\n\n<p>Risanska bolnica, kako je rekao, u\u017eiva tradiciju i ugled koji se prepoznaju i van granica na\u0161e zemlje, a posve\u0107enost i human odnos kojim se ovdje do\u010dekuju i lije\u010de pacijenti primjer su na koji osoblje i menad\u017ement s pravom mogu biti ponosni.<\/p>\n\n\n\n<p>\u201eIpak, moramo priznati da je ova ustanova godinama bila nepravedno zapostavljena, iako se ovdje izvode zahvati i procedure koje su uporedive sa onima u razvijenim evropskim i svjetskim centrima. Upravo to nas obavezuje da, zajedno sa vizijom menad\u017ementa i posve\u0107eno\u0161\u0107u zaposlenih, obezbijedimo nova ulaganja, kako bi bolnica zadr\u017eala svoj ugled i status koji zaslu\u017euje\u201c, naglasio je ministar zdravlja i uputio rije\u010di zahvalnosti svim u\u010desnicima u ovom procesu \u2013 od rukovodstva bolnice i lokalne zajednice, do ljekara, medicinskih sestara i tehni\u010dara, dodaju\u0107i da su njihova posve\u0107enost i energija najbolji garant da \u0107e ulaganja dr\u017eave donijeti dugoro\u010dnu korist gra\u0111anima.<\/p>\n\n\n\n<p>\u201eZahvaljujem i Ministarstvu javnih radova i ministarki Ad\u017eovi\u0107 na predanom radu i uspje\u0161noj realizaciji ovog zna\u010dajnog projekta, koji predstavlja va\u017ean iskorak u unapre\u0111enju zdravstvene infrastrukture. Ministarstvo javnih radova i Ministarstvo zdravlja nastavi\u0107e da ula\u017eu u&nbsp; zdravstvenu infrastrukturu, kako bi se obezbijedili \u0161to bolji uslovi za rad\u201c, poru\u010dio je \u0160imun.<\/p>\n\n\n\n<p><img decoding=\"async\" width=\"100%\" alt=\"\" src=\"https:\/\/rtcg.me\/upload\/\/media\/2025\/8\/11\/15\/42\/630\/2255548\/resize\/2255551\/54779988819_36c52457e8_k_600x900\"><em>&nbsp;(Foto: Vlada Crne Gore)<\/em><\/p>\n\n\n\n<p>Direktor risanske bolnice dr Vlado Popovi\u0107 naglasio je da je ovaj projekat jedan u nizu koji su realizovani u ovoj godini.<\/p>\n\n\n\n<p>\u201eMoram ista\u0107i da smo u godini za nama u potpunosti adaptirali i zamijenili stare kerami\u010dke podove, sredstvima Ameri\u010dke ambasade u CG, u vrijednosti 186 hiljada dolara, zatim, sredstvima Fonda za zdravstveno osiguranje, zamijenjen je stari dotrajali sterilizator, u vrijednosti 287 hiljada eura, a iz sredstava ustanove smo adaptirali prostoriju gdje je smje\u0161ten sterilizator. Pored toga, za par sedmica privodimo kraju i adaptaciju operacionih sala\u201c, naveo je dr Popovi\u0107.<\/p>\n\n\n\n<p>On je istakao da je novi prijemni blok slika u mozaiku koji su sklapali zadnjih skoro osam godina i podsjetio da je za vrijeme mandata postoje\u0107e administracije zamijenjen krov, fasada, obnovljeno i modernizovano gotovo svako odjeljenje.<\/p>\n\n\n\n<p>&#8220;Da bi do kraja ostvarili zacrtane ciljeve i risanska bolnica ostala jedan od nose\u0107ih stubova crnogorskog zdravstvenog sistema, dr Popovi\u0107 je izrazio o\u010dekivanje da \u0107e i narednom periodu imati podr\u0161ku Ministarstva zdravlja, lokalne samouprave i dru\u0161tveno odgovornih kompanija, kojima se zahvalio na dosada\u0161njoj pomo\u0107i&#8221;, zaklju\u010dili su u saop\u0161tenju.<\/p>","protected":false},"excerpt":{"rendered":"<p>U Specijalnoj bolnici \u201eDr Vaso \u0106ukovi\u0107\u201c u Risnu danas je pu\u0161ten u rad prijemno-urgentni blok, investicija vrijedna preko dva miliona eura, saop\u0161tilo je Ministarstvo zdravlja.<\/p>","protected":false},"author":1,"featured_media":951582,"comment_status":"open","ping_status":"open","sticky":false,"template":"","format":"standard","meta":{"_acf_changed":false,"footnotes":""},"categories":[2],"tags":[323,6379,442],"naslovna":[],"class_list":["post-951581","post","type-post","status-publish","format-standard","has-post-thumbnail","hentry","category-drustvo","tag-ministarstvo-zdravlja","tag-risan","tag-vojislav-simun"],"acf":[],"yoast_head":"<!-- This site is optimized with the Yoast SEO plugin v27.4 - https:\/\/yoast.com\/product\/yoast-seo-wordpress\/ -->\n<title>U risanskoj bolnici otvoren prijemno-urgentni blok - dmcsrb.com<\/title>\n<meta name=\"robots\" content=\"index, follow, max-snippet:-1, max-image-preview:large, max-video-preview:-1\" \/>\n<link rel=\"canonical\" href=\"https:\/\/dmcsrb.com\/en\/drustvo\/u-risanskoj-bolnici-otvoren-prijemno-urgentni-blok\/\" \/>\n<meta property=\"og:locale\" content=\"en_GB\" \/>\n<meta property=\"og:type\" content=\"article\" \/>\n<meta property=\"og:title\" content=\"U risanskoj bolnici otvoren prijemno-urgentni blok - dmcsrb.com\" \/>\n<meta property=\"og:description\" content=\"U Specijalnoj bolnici \u201eDr Vaso \u0106ukovi\u0107\u201c u Risnu danas je pu\u0161ten u rad prijemno-urgentni blok, investicija vrijedna preko dva miliona eura, saop\u0161tilo je Ministarstvo zdravlja.\" \/>\n<meta property=\"og:url\" content=\"https:\/\/dmcsrb.com\/en\/drustvo\/u-risanskoj-bolnici-otvoren-prijemno-urgentni-blok\/\" \/>\n<meta property=\"og:site_name\" content=\"dmcsrb.com\" \/>\n<meta property=\"article:published_time\" content=\"2025-09-11T12:05:09+00:00\" \/>\n<meta property=\"og:image\" content=\"https:\/\/dmcsrb.com\/wp-content\/uploads\/2026\/01\/54779988904_c213f719e7_k_600x900.webp\" \/>\n\t<meta property=\"og:image:width\" content=\"900\" \/>\n\t<meta property=\"og:image:height\" content=\"600\" \/>\n\t<meta property=\"og:image:type\" content=\"image\/jpeg\" \/>\n<meta name=\"author\" content=\"dmcsrbija.com@gmail.com\" \/>\n<meta name=\"twitter:card\" content=\"summary_large_image\" \/>\n<meta name=\"twitter:label1\" content=\"Written by\" \/>\n\t<meta name=\"twitter:data1\" content=\"dmcsrbija.com@gmail.com\" \/>\n\t<meta name=\"twitter:label2\" content=\"Estimated reading time\" \/>\n\t<meta name=\"twitter:data2\" content=\"3 minutes\" \/>\n<script type=\"application\/ld+json\" class=\"yoast-schema-graph\">{\"@context\":\"https:\\\/\\\/schema.org\",\"@graph\":[{\"@type\":\"Article\",\"@id\":\"https:\\\/\\\/dmcsrb.com\\\/drustvo\\\/u-risanskoj-bolnici-otvoren-prijemno-urgentni-blok\\\/#article\",\"isPartOf\":{\"@id\":\"https:\\\/\\\/dmcsrb.com\\\/drustvo\\\/u-risanskoj-bolnici-otvoren-prijemno-urgentni-blok\\\/\"},\"author\":{\"name\":\"dmcsrbija.com@gmail.com\",\"@id\":\"https:\\\/\\\/dmcsrb.com\\\/#\\\/schema\\\/person\\\/5c39170f12db1b8b457732d0b5c854e2\"},\"headline\":\"U risanskoj bolnici otvoren prijemno-urgentni blok\",\"datePublished\":\"2025-09-11T12:05:09+00:00\",\"mainEntityOfPage\":{\"@id\":\"https:\\\/\\\/dmcsrb.com\\\/drustvo\\\/u-risanskoj-bolnici-otvoren-prijemno-urgentni-blok\\\/\"},\"wordCount\":603,\"commentCount\":0,\"image\":{\"@id\":\"https:\\\/\\\/dmcsrb.com\\\/drustvo\\\/u-risanskoj-bolnici-otvoren-prijemno-urgentni-blok\\\/#primaryimage\"},\"thumbnailUrl\":\"https:\\\/\\\/dmcsrb.com\\\/wp-content\\\/uploads\\\/2026\\\/01\\\/54779988904_c213f719e7_k_600x900.webp\",\"keywords\":[\"Ministarstvo zdravlja\",\"Risan\",\"Vojislav \u0160imun\"],\"articleSection\":[\"Dru\u0161tvo\"],\"inLanguage\":\"en-GB\",\"potentialAction\":[{\"@type\":\"CommentAction\",\"name\":\"Comment\",\"target\":[\"https:\\\/\\\/dmcsrb.com\\\/drustvo\\\/u-risanskoj-bolnici-otvoren-prijemno-urgentni-blok\\\/#respond\"]}]},{\"@type\":\"WebPage\",\"@id\":\"https:\\\/\\\/dmcsrb.com\\\/drustvo\\\/u-risanskoj-bolnici-otvoren-prijemno-urgentni-blok\\\/\",\"url\":\"https:\\\/\\\/dmcsrb.com\\\/drustvo\\\/u-risanskoj-bolnici-otvoren-prijemno-urgentni-blok\\\/\",\"name\":\"U risanskoj bolnici otvoren prijemno-urgentni blok - dmcsrb.com\",\"isPartOf\":{\"@id\":\"https:\\\/\\\/dmcsrb.com\\\/#website\"},\"primaryImageOfPage\":{\"@id\":\"https:\\\/\\\/dmcsrb.com\\\/drustvo\\\/u-risanskoj-bolnici-otvoren-prijemno-urgentni-blok\\\/#primaryimage\"},\"image\":{\"@id\":\"https:\\\/\\\/dmcsrb.com\\\/drustvo\\\/u-risanskoj-bolnici-otvoren-prijemno-urgentni-blok\\\/#primaryimage\"},\"thumbnailUrl\":\"https:\\\/\\\/dmcsrb.com\\\/wp-content\\\/uploads\\\/2026\\\/01\\\/54779988904_c213f719e7_k_600x900.webp\",\"datePublished\":\"2025-09-11T12:05:09+00:00\",\"author\":{\"@id\":\"https:\\\/\\\/dmcsrb.com\\\/#\\\/schema\\\/person\\\/5c39170f12db1b8b457732d0b5c854e2\"},\"breadcrumb\":{\"@id\":\"https:\\\/\\\/dmcsrb.com\\\/drustvo\\\/u-risanskoj-bolnici-otvoren-prijemno-urgentni-blok\\\/#breadcrumb\"},\"inLanguage\":\"en-GB\",\"potentialAction\":[{\"@type\":\"ReadAction\",\"target\":[\"https:\\\/\\\/dmcsrb.com\\\/drustvo\\\/u-risanskoj-bolnici-otvoren-prijemno-urgentni-blok\\\/\"]}]},{\"@type\":\"ImageObject\",\"inLanguage\":\"en-GB\",\"@id\":\"https:\\\/\\\/dmcsrb.com\\\/drustvo\\\/u-risanskoj-bolnici-otvoren-prijemno-urgentni-blok\\\/#primaryimage\",\"url\":\"https:\\\/\\\/dmcsrb.com\\\/wp-content\\\/uploads\\\/2026\\\/01\\\/54779988904_c213f719e7_k_600x900.webp\",\"contentUrl\":\"https:\\\/\\\/dmcsrb.com\\\/wp-content\\\/uploads\\\/2026\\\/01\\\/54779988904_c213f719e7_k_600x900.webp\",\"width\":900,\"height\":600},{\"@type\":\"BreadcrumbList\",\"@id\":\"https:\\\/\\\/dmcsrb.com\\\/drustvo\\\/u-risanskoj-bolnici-otvoren-prijemno-urgentni-blok\\\/#breadcrumb\",\"itemListElement\":[{\"@type\":\"ListItem\",\"position\":1,\"name\":\"Home\",\"item\":\"https:\\\/\\\/dmcsrb.com\\\/\"},{\"@type\":\"ListItem\",\"position\":2,\"name\":\"U risanskoj bolnici otvoren prijemno-urgentni blok\"}]},{\"@type\":\"WebSite\",\"@id\":\"https:\\\/\\\/dmcsrb.com\\\/#website\",\"url\":\"https:\\\/\\\/dmcsrb.com\\\/\",\"name\":\"dmcsrb.com\",\"description\":\"\",\"potentialAction\":[{\"@type\":\"SearchAction\",\"target\":{\"@type\":\"EntryPoint\",\"urlTemplate\":\"https:\\\/\\\/dmcsrb.com\\\/?s={search_term_string}\"},\"query-input\":{\"@type\":\"PropertyValueSpecification\",\"valueRequired\":true,\"valueName\":\"search_term_string\"}}],\"inLanguage\":\"en-GB\"},{\"@type\":\"Person\",\"@id\":\"https:\\\/\\\/dmcsrb.com\\\/#\\\/schema\\\/person\\\/5c39170f12db1b8b457732d0b5c854e2\",\"name\":\"dmcsrbija.com@gmail.com\",\"image\":{\"@type\":\"ImageObject\",\"inLanguage\":\"en-GB\",\"@id\":\"https:\\\/\\\/secure.gravatar.com\\\/avatar\\\/68592660ad6347fad0fb587f8d5d8f1a7b44961362f56e4f2cd524feb87e9069?s=96&d=mm&r=g\",\"url\":\"https:\\\/\\\/secure.gravatar.com\\\/avatar\\\/68592660ad6347fad0fb587f8d5d8f1a7b44961362f56e4f2cd524feb87e9069?s=96&d=mm&r=g\",\"contentUrl\":\"https:\\\/\\\/secure.gravatar.com\\\/avatar\\\/68592660ad6347fad0fb587f8d5d8f1a7b44961362f56e4f2cd524feb87e9069?s=96&d=mm&r=g\",\"caption\":\"dmcsrbija.com@gmail.com\"},\"sameAs\":[\"https:\\\/\\\/dmcsrb.com\"],\"url\":\"https:\\\/\\\/dmcsrb.com\\\/en\\\/author\\\/dmcsrbija-comgmail-com\\\/\"}]}<\/script>\n<!-- \/ Yoast SEO plugin. -->","yoast_head_json":{"title":"U risanskoj bolnici otvoren prijemno-urgentni blok - dmcsrb.com","robots":{"index":"index","follow":"follow","max-snippet":"max-snippet:-1","max-image-preview":"max-image-preview:large","max-video-preview":"max-video-preview:-1"},"canonical":"https:\/\/dmcsrb.com\/en\/drustvo\/u-risanskoj-bolnici-otvoren-prijemno-urgentni-blok\/","og_locale":"en_GB","og_type":"article","og_title":"U risanskoj bolnici otvoren prijemno-urgentni blok - dmcsrb.com","og_description":"U Specijalnoj bolnici \u201eDr Vaso \u0106ukovi\u0107\u201c u Risnu danas je pu\u0161ten u rad prijemno-urgentni blok, investicija vrijedna preko dva miliona eura, saop\u0161tilo je Ministarstvo zdravlja.","og_url":"https:\/\/dmcsrb.com\/en\/drustvo\/u-risanskoj-bolnici-otvoren-prijemno-urgentni-blok\/","og_site_name":"dmcsrb.com","article_published_time":"2025-09-11T12:05:09+00:00","og_image":[{"width":900,"height":600,"url":"https:\/\/dmcsrb.com\/wp-content\/uploads\/2026\/01\/54779988904_c213f719e7_k_600x900.webp","type":"image\/jpeg"}],"author":"dmcsrbija.com@gmail.com","twitter_card":"summary_large_image","twitter_misc":{"Written by":"dmcsrbija.com@gmail.com","Estimated reading time":"3 minutes"},"schema":{"@context":"https:\/\/schema.org","@graph":[{"@type":"Article","@id":"https:\/\/dmcsrb.com\/drustvo\/u-risanskoj-bolnici-otvoren-prijemno-urgentni-blok\/#article","isPartOf":{"@id":"https:\/\/dmcsrb.com\/drustvo\/u-risanskoj-bolnici-otvoren-prijemno-urgentni-blok\/"},"author":{"name":"dmcsrbija.com@gmail.com","@id":"https:\/\/dmcsrb.com\/#\/schema\/person\/5c39170f12db1b8b457732d0b5c854e2"},"headline":"U risanskoj bolnici otvoren prijemno-urgentni blok","datePublished":"2025-09-11T12:05:09+00:00","mainEntityOfPage":{"@id":"https:\/\/dmcsrb.com\/drustvo\/u-risanskoj-bolnici-otvoren-prijemno-urgentni-blok\/"},"wordCount":603,"commentCount":0,"image":{"@id":"https:\/\/dmcsrb.com\/drustvo\/u-risanskoj-bolnici-otvoren-prijemno-urgentni-blok\/#primaryimage"},"thumbnailUrl":"https:\/\/dmcsrb.com\/wp-content\/uploads\/2026\/01\/54779988904_c213f719e7_k_600x900.webp","keywords":["Ministarstvo zdravlja","Risan","Vojislav \u0160imun"],"articleSection":["Dru\u0161tvo"],"inLanguage":"en-GB","potentialAction":[{"@type":"CommentAction","name":"Comment","target":["https:\/\/dmcsrb.com\/drustvo\/u-risanskoj-bolnici-otvoren-prijemno-urgentni-blok\/#respond"]}]},{"@type":"WebPage","@id":"https:\/\/dmcsrb.com\/drustvo\/u-risanskoj-bolnici-otvoren-prijemno-urgentni-blok\/","url":"https:\/\/dmcsrb.com\/drustvo\/u-risanskoj-bolnici-otvoren-prijemno-urgentni-blok\/","name":"U risanskoj bolnici otvoren prijemno-urgentni blok - dmcsrb.com","isPartOf":{"@id":"https:\/\/dmcsrb.com\/#website"},"primaryImageOfPage":{"@id":"https:\/\/dmcsrb.com\/drustvo\/u-risanskoj-bolnici-otvoren-prijemno-urgentni-blok\/#primaryimage"},"image":{"@id":"https:\/\/dmcsrb.com\/drustvo\/u-risanskoj-bolnici-otvoren-prijemno-urgentni-blok\/#primaryimage"},"thumbnailUrl":"https:\/\/dmcsrb.com\/wp-content\/uploads\/2026\/01\/54779988904_c213f719e7_k_600x900.webp","datePublished":"2025-09-11T12:05:09+00:00","author":{"@id":"https:\/\/dmcsrb.com\/#\/schema\/person\/5c39170f12db1b8b457732d0b5c854e2"},"breadcrumb":{"@id":"https:\/\/dmcsrb.com\/drustvo\/u-risanskoj-bolnici-otvoren-prijemno-urgentni-blok\/#breadcrumb"},"inLanguage":"en-GB","potentialAction":[{"@type":"ReadAction","target":["https:\/\/dmcsrb.com\/drustvo\/u-risanskoj-bolnici-otvoren-prijemno-urgentni-blok\/"]}]},{"@type":"ImageObject","inLanguage":"en-GB","@id":"https:\/\/dmcsrb.com\/drustvo\/u-risanskoj-bolnici-otvoren-prijemno-urgentni-blok\/#primaryimage","url":"https:\/\/dmcsrb.com\/wp-content\/uploads\/2026\/01\/54779988904_c213f719e7_k_600x900.webp","contentUrl":"https:\/\/dmcsrb.com\/wp-content\/uploads\/2026\/01\/54779988904_c213f719e7_k_600x900.webp","width":900,"height":600},{"@type":"BreadcrumbList","@id":"https:\/\/dmcsrb.com\/drustvo\/u-risanskoj-bolnici-otvoren-prijemno-urgentni-blok\/#breadcrumb","itemListElement":[{"@type":"ListItem","position":1,"name":"Home","item":"https:\/\/dmcsrb.com\/"},{"@type":"ListItem","position":2,"name":"U risanskoj bolnici otvoren prijemno-urgentni blok"}]},{"@type":"WebSite","@id":"https:\/\/dmcsrb.com\/#website","url":"https:\/\/dmcsrb.com\/","name":"dmcsrb.com","description":"","potentialAction":[{"@type":"SearchAction","target":{"@type":"EntryPoint","urlTemplate":"https:\/\/dmcsrb.com\/?s={search_term_string}"},"query-input":{"@type":"PropertyValueSpecification","valueRequired":true,"valueName":"search_term_string"}}],"inLanguage":"en-GB"},{"@type":"Person","@id":"https:\/\/dmcsrb.com\/#\/schema\/person\/5c39170f12db1b8b457732d0b5c854e2","name":"dmcsrbija.com@gmail.com","image":{"@type":"ImageObject","inLanguage":"en-GB","@id":"https:\/\/secure.gravatar.com\/avatar\/68592660ad6347fad0fb587f8d5d8f1a7b44961362f56e4f2cd524feb87e9069?s=96&d=mm&r=g","url":"https:\/\/secure.gravatar.com\/avatar\/68592660ad6347fad0fb587f8d5d8f1a7b44961362f56e4f2cd524feb87e9069?s=96&d=mm&r=g","contentUrl":"https:\/\/secure.gravatar.com\/avatar\/68592660ad6347fad0fb587f8d5d8f1a7b44961362f56e4f2cd524feb87e9069?s=96&d=mm&r=g","caption":"dmcsrbija.com@gmail.com"},"sameAs":["https:\/\/dmcsrb.com"],"url":"https:\/\/dmcsrb.com\/en\/author\/dmcsrbija-comgmail-com\/"}]}},"_links":{"self":[{"href":"https:\/\/dmcsrb.com\/en\/wp-json\/wp\/v2\/posts\/951581","targetHints":{"allow":["GET"]}}],"collection":[{"href":"https:\/\/dmcsrb.com\/en\/wp-json\/wp\/v2\/posts"}],"about":[{"href":"https:\/\/dmcsrb.com\/en\/wp-json\/wp\/v2\/types\/post"}],"author":[{"embeddable":true,"href":"https:\/\/dmcsrb.com\/en\/wp-json\/wp\/v2\/users\/1"}],"replies":[{"embeddable":true,"href":"https:\/\/dmcsrb.com\/en\/wp-json\/wp\/v2\/comments?post=951581"}],"version-history":[{"count":0,"href":"https:\/\/dmcsrb.com\/en\/wp-json\/wp\/v2\/posts\/951581\/revisions"}],"wp:featuredmedia":[{"embeddable":true,"href":"https:\/\/dmcsrb.com\/en\/wp-json\/wp\/v2\/media\/951582"}],"wp:attachment":[{"href":"https:\/\/dmcsrb.com\/en\/wp-json\/wp\/v2\/media?parent=951581"}],"wp:term":[{"taxonomy":"category","embeddable":true,"href":"https:\/\/dmcsrb.com\/en\/wp-json\/wp\/v2\/categories?post=951581"},{"taxonomy":"post_tag","embeddable":true,"href":"https:\/\/dmcsrb.com\/en\/wp-json\/wp\/v2\/tags?post=951581"},{"taxonomy":"naslovna","embeddable":true,"href":"https:\/\/dmcsrb.com\/en\/wp-json\/wp\/v2\/naslovna?post=951581"}],"curies":[{"name":"wp","href":"https:\/\/api.w.org\/{rel}","templated":true}]}}