{"id":951562,"date":"2025-09-11T15:50:00","date_gmt":"2025-09-11T13:50:00","guid":{"rendered":"https:\/\/dmcsrb.com\/uncategorized\/maskovic-opozicija-zahtijeva-posebnu-sjednicu-gradjane-informisati-oko-izgradnje-kolektora\/"},"modified":"2025-09-11T15:50:00","modified_gmt":"2025-09-11T13:50:00","slug":"maskovic-opozicija-zahtijeva-posebnu-sjednicu-gradjane-informisati-oko-izgradnje-kolektora","status":"publish","type":"post","link":"https:\/\/dmcsrb.com\/en\/podgorica\/maskovic-opozicija-zahtijeva-posebnu-sjednicu-gradjane-informisati-oko-izgradnje-kolektora\/","title":{"rendered":"Ma\u0161kovi\u0107: Opozicija zahtijeva posebnu sjednicu, gra\u0111ane informisati oko izgradnje kolektora"},"content":{"rendered":"<p><\/p>\n\n\n\n<p>&#8221;Smatramo da je neophodno da odbornici, a time i gra\u0111ani, budu informisani o brojnim pitanjima od neposrednog zna\u010daja za funkcionisanje Glavnog grada. Me\u0111u njima se posebno izdvajaju pitanja u vezi sa izgradnjom i funkcionisanjem postrojenja za pre\u010di\u0161\u0107avanje otpadnih voda, realizacijom klju\u010dnih infrastrukturnih projekata, kao i odgovornim upravljanjem javnim resursima i sredstvima kojima Glavni grad raspola\u017ee&#8221;, kazao je Ma\u0161kovi\u0107.<\/p>\n\n\n\n<p>Na ovaj korak odlu\u010dili smo se jer sjednica, koju je gradona\u010delnik Mujovi\u0107 najavio za po\u010detak septembra, nije zakazana, a o\u010digledno je da se to de\u0161ava zbog aktuelne politi\u010dke krize izme\u0111u partija koje \u010dine vlast u Podgorici, smatra Ma\u0161kovi\u0107.<\/p>\n\n\n\n<p>&#8221;Inicijativu za zakazivanje sjednice potpisali su odbornici Klubova odbornika Evropskog saveza i Demokratske partije socijalista, kao i odbornici Stranke evropskog progresa i Gra\u0111anskog pokreta URA&#8221;, zaklju\u010duje Ma\u0161kovi\u0107.<\/p>\n\n\n\n<figure class=\"wp-block-embed is-type-rich is-provider-twitter wp-block-embed-twitter\"><div class=\"wp-block-embed__wrapper\">\n<blockquote class=\"twitter-tweet\" data-width=\"500\" data-dnt=\"true\"><p lang=\"und\" dir=\"ltr\">Opozicija u Skup\u0161tini Glavnog grada uputila je inicijativu za zakazivanje posebne sjednice Skup\u0161tine Glavnog grada, posve\u0107ene odborni\u010dkim pitanjima, kako bismo od gradona\u010delnika i drugih predstavnika lokalne samouprave dobili odgovore u odnosu na aktuelnu politi\u010dku situaciju.\u2026 <a href=\"https:\/\/t.co\/ytZMsbdsg6\">pic.twitter.com\/ytZMsbdsg6<\/a><\/p>&mdash; Milo\u0161 Ma\u0161kovi\u0107 (@milosmaskovic) <a href=\"https:\/\/twitter.com\/milosmaskovic\/status\/1966122427706126753?ref_src=twsrc%5Etfw\">September 11, 2025<\/a><\/blockquote><script async src=\"https:\/\/platform.twitter.com\/widgets.js\" charset=\"utf-8\"><\/script>\n<\/div><\/figure>","protected":false},"excerpt":{"rendered":"<p>Opozicija u Skup\u0161tini Glavnog grada uputila je inicijativu za zakazivanje posebne sjednice Skup\u0161tine Glavnog grada, posve\u0107ene odborni\u010dkim pitanjima, kako bismo od gradona\u010delnika i drugih predstavnika lokalne samouprave dobili odgovore u odnosu na aktuelnu politi\u010dku situaciju, saop\u0161tio je predsjednik Kluba odbornika Evropskog saveza u Skup\u0161tini Glavnog grada, Milo\u0161 Ma\u0161kovi\u0107.<\/p>","protected":false},"author":1,"featured_media":951563,"comment_status":"open","ping_status":"open","sticky":false,"template":"","format":"standard","meta":{"_acf_changed":false,"footnotes":""},"categories":[56],"tags":[2571,7772,7773,4387,1164,7774,3459],"naslovna":[],"class_list":["post-951562","post","type-post","status-publish","format-standard","has-post-thumbnail","hentry","category-podgorica","tag-gradjani","tag-igradnja-kolektora","tag-informisanje","tag-milos-maskovic","tag-opozicija","tag-poseba-sjednica","tag-zahtjev"],"acf":[],"yoast_head":"<!-- This site is optimized with the Yoast SEO plugin v27.0 - https:\/\/yoast.com\/product\/yoast-seo-wordpress\/ -->\n<title>Ma\u0161kovi\u0107: Opozicija zahtijeva posebnu sjednicu, gra\u0111ane informisati oko izgradnje kolektora - dmcsrb.com<\/title>\n<meta name=\"robots\" content=\"index, follow, max-snippet:-1, max-image-preview:large, max-video-preview:-1\" \/>\n<link rel=\"canonical\" href=\"https:\/\/dmcsrb.com\/en\/podgorica\/maskovic-opozicija-zahtijeva-posebnu-sjednicu-gradjane-informisati-oko-izgradnje-kolektora\/\" \/>\n<meta property=\"og:locale\" content=\"en_GB\" \/>\n<meta property=\"og:type\" content=\"article\" \/>\n<meta property=\"og:title\" content=\"Ma\u0161kovi\u0107: Opozicija zahtijeva posebnu sjednicu, gra\u0111ane informisati oko izgradnje kolektora - dmcsrb.com\" \/>\n<meta property=\"og:description\" content=\"Opozicija u Skup\u0161tini Glavnog grada uputila je inicijativu za zakazivanje posebne sjednice Skup\u0161tine Glavnog grada, posve\u0107ene odborni\u010dkim pitanjima, kako bismo od gradona\u010delnika i drugih predstavnika lokalne samouprave dobili odgovore u odnosu na aktuelnu politi\u010dku situaciju, saop\u0161tio je predsjednik Kluba odbornika Evropskog saveza u Skup\u0161tini Glavnog grada, Milo\u0161 Ma\u0161kovi\u0107.\" \/>\n<meta property=\"og:url\" content=\"https:\/\/dmcsrb.com\/en\/podgorica\/maskovic-opozicija-zahtijeva-posebnu-sjednicu-gradjane-informisati-oko-izgradnje-kolektora\/\" \/>\n<meta property=\"og:site_name\" content=\"dmcsrb.com\" \/>\n<meta property=\"article:published_time\" content=\"2025-09-11T13:50:00+00:00\" \/>\n<meta property=\"og:image\" content=\"https:\/\/dmcsrb.com\/wp-content\/uploads\/2026\/01\/Maskovic1.webp\" \/>\n\t<meta property=\"og:image:width\" content=\"945\" \/>\n\t<meta property=\"og:image:height\" content=\"480\" \/>\n\t<meta property=\"og:image:type\" content=\"image\/jpeg\" \/>\n<meta name=\"author\" content=\"dmcsrbija.com@gmail.com\" \/>\n<meta name=\"twitter:card\" content=\"summary_large_image\" \/>\n<meta name=\"twitter:label1\" content=\"Written by\" \/>\n\t<meta name=\"twitter:data1\" content=\"dmcsrbija.com@gmail.com\" \/>\n\t<meta name=\"twitter:label2\" content=\"Estimated reading time\" \/>\n\t<meta name=\"twitter:data2\" content=\"1 minute\" \/>\n<script type=\"application\/ld+json\" class=\"yoast-schema-graph\">{\"@context\":\"https:\/\/schema.org\",\"@graph\":[{\"@type\":\"Article\",\"@id\":\"https:\/\/dmcsrb.com\/podgorica\/maskovic-opozicija-zahtijeva-posebnu-sjednicu-gradjane-informisati-oko-izgradnje-kolektora\/#article\",\"isPartOf\":{\"@id\":\"https:\/\/dmcsrb.com\/podgorica\/maskovic-opozicija-zahtijeva-posebnu-sjednicu-gradjane-informisati-oko-izgradnje-kolektora\/\"},\"author\":{\"name\":\"dmcsrbija.com@gmail.com\",\"@id\":\"https:\/\/dmcsrb.com\/#\/schema\/person\/5c39170f12db1b8b457732d0b5c854e2\"},\"headline\":\"Ma\u0161kovi\u0107: Opozicija zahtijeva posebnu sjednicu, gra\u0111ane informisati oko izgradnje kolektora\",\"datePublished\":\"2025-09-11T13:50:00+00:00\",\"mainEntityOfPage\":{\"@id\":\"https:\/\/dmcsrb.com\/podgorica\/maskovic-opozicija-zahtijeva-posebnu-sjednicu-gradjane-informisati-oko-izgradnje-kolektora\/\"},\"wordCount\":159,\"commentCount\":0,\"image\":{\"@id\":\"https:\/\/dmcsrb.com\/podgorica\/maskovic-opozicija-zahtijeva-posebnu-sjednicu-gradjane-informisati-oko-izgradnje-kolektora\/#primaryimage\"},\"thumbnailUrl\":\"https:\/\/dmcsrb.com\/wp-content\/uploads\/2026\/01\/Maskovic1.webp\",\"keywords\":[\"gra\u0111ani\",\"Igradnja kolektora\",\"Informisanje\",\"Milo\u0161 Ma\u0161kovi\u0107\",\"opozicija\",\"Poseba sjednica\",\"zahtjev\"],\"articleSection\":[\"Podgorica\"],\"inLanguage\":\"en-GB\",\"potentialAction\":[{\"@type\":\"CommentAction\",\"name\":\"Comment\",\"target\":[\"https:\/\/dmcsrb.com\/podgorica\/maskovic-opozicija-zahtijeva-posebnu-sjednicu-gradjane-informisati-oko-izgradnje-kolektora\/#respond\"]}]},{\"@type\":\"WebPage\",\"@id\":\"https:\/\/dmcsrb.com\/podgorica\/maskovic-opozicija-zahtijeva-posebnu-sjednicu-gradjane-informisati-oko-izgradnje-kolektora\/\",\"url\":\"https:\/\/dmcsrb.com\/podgorica\/maskovic-opozicija-zahtijeva-posebnu-sjednicu-gradjane-informisati-oko-izgradnje-kolektora\/\",\"name\":\"Ma\u0161kovi\u0107: Opozicija zahtijeva posebnu sjednicu, gra\u0111ane informisati oko izgradnje kolektora - dmcsrb.com\",\"isPartOf\":{\"@id\":\"https:\/\/dmcsrb.com\/#website\"},\"primaryImageOfPage\":{\"@id\":\"https:\/\/dmcsrb.com\/podgorica\/maskovic-opozicija-zahtijeva-posebnu-sjednicu-gradjane-informisati-oko-izgradnje-kolektora\/#primaryimage\"},\"image\":{\"@id\":\"https:\/\/dmcsrb.com\/podgorica\/maskovic-opozicija-zahtijeva-posebnu-sjednicu-gradjane-informisati-oko-izgradnje-kolektora\/#primaryimage\"},\"thumbnailUrl\":\"https:\/\/dmcsrb.com\/wp-content\/uploads\/2026\/01\/Maskovic1.webp\",\"datePublished\":\"2025-09-11T13:50:00+00:00\",\"author\":{\"@id\":\"https:\/\/dmcsrb.com\/#\/schema\/person\/5c39170f12db1b8b457732d0b5c854e2\"},\"breadcrumb\":{\"@id\":\"https:\/\/dmcsrb.com\/podgorica\/maskovic-opozicija-zahtijeva-posebnu-sjednicu-gradjane-informisati-oko-izgradnje-kolektora\/#breadcrumb\"},\"inLanguage\":\"en-GB\",\"potentialAction\":[{\"@type\":\"ReadAction\",\"target\":[\"https:\/\/dmcsrb.com\/podgorica\/maskovic-opozicija-zahtijeva-posebnu-sjednicu-gradjane-informisati-oko-izgradnje-kolektora\/\"]}]},{\"@type\":\"ImageObject\",\"inLanguage\":\"en-GB\",\"@id\":\"https:\/\/dmcsrb.com\/podgorica\/maskovic-opozicija-zahtijeva-posebnu-sjednicu-gradjane-informisati-oko-izgradnje-kolektora\/#primaryimage\",\"url\":\"https:\/\/dmcsrb.com\/wp-content\/uploads\/2026\/01\/Maskovic1.webp\",\"contentUrl\":\"https:\/\/dmcsrb.com\/wp-content\/uploads\/2026\/01\/Maskovic1.webp\",\"width\":945,\"height\":480},{\"@type\":\"BreadcrumbList\",\"@id\":\"https:\/\/dmcsrb.com\/podgorica\/maskovic-opozicija-zahtijeva-posebnu-sjednicu-gradjane-informisati-oko-izgradnje-kolektora\/#breadcrumb\",\"itemListElement\":[{\"@type\":\"ListItem\",\"position\":1,\"name\":\"Home\",\"item\":\"https:\/\/dmcsrb.com\/\"},{\"@type\":\"ListItem\",\"position\":2,\"name\":\"Ma\u0161kovi\u0107: Opozicija zahtijeva posebnu sjednicu, gra\u0111ane informisati oko izgradnje kolektora\"}]},{\"@type\":\"WebSite\",\"@id\":\"https:\/\/dmcsrb.com\/#website\",\"url\":\"https:\/\/dmcsrb.com\/\",\"name\":\"dmcsrb.com\",\"description\":\"\",\"potentialAction\":[{\"@type\":\"SearchAction\",\"target\":{\"@type\":\"EntryPoint\",\"urlTemplate\":\"https:\/\/dmcsrb.com\/?s={search_term_string}\"},\"query-input\":{\"@type\":\"PropertyValueSpecification\",\"valueRequired\":true,\"valueName\":\"search_term_string\"}}],\"inLanguage\":\"en-GB\"},{\"@type\":\"Person\",\"@id\":\"https:\/\/dmcsrb.com\/#\/schema\/person\/5c39170f12db1b8b457732d0b5c854e2\",\"name\":\"dmcsrbija.com@gmail.com\",\"image\":{\"@type\":\"ImageObject\",\"inLanguage\":\"en-GB\",\"@id\":\"https:\/\/dmcsrb.com\/#\/schema\/person\/image\/\",\"url\":\"https:\/\/secure.gravatar.com\/avatar\/68592660ad6347fad0fb587f8d5d8f1a7b44961362f56e4f2cd524feb87e9069?s=96&d=mm&r=g\",\"contentUrl\":\"https:\/\/secure.gravatar.com\/avatar\/68592660ad6347fad0fb587f8d5d8f1a7b44961362f56e4f2cd524feb87e9069?s=96&d=mm&r=g\",\"caption\":\"dmcsrbija.com@gmail.com\"},\"sameAs\":[\"https:\/\/dmcsrb.com\"],\"url\":\"https:\/\/dmcsrb.com\/en\/author\/dmcsrbija-comgmail-com\/\"}]}<\/script>\n<!-- \/ Yoast SEO plugin. -->","yoast_head_json":{"title":"Ma\u0161kovi\u0107: Opozicija zahtijeva posebnu sjednicu, gra\u0111ane informisati oko izgradnje kolektora - dmcsrb.com","robots":{"index":"index","follow":"follow","max-snippet":"max-snippet:-1","max-image-preview":"max-image-preview:large","max-video-preview":"max-video-preview:-1"},"canonical":"https:\/\/dmcsrb.com\/en\/podgorica\/maskovic-opozicija-zahtijeva-posebnu-sjednicu-gradjane-informisati-oko-izgradnje-kolektora\/","og_locale":"en_GB","og_type":"article","og_title":"Ma\u0161kovi\u0107: Opozicija zahtijeva posebnu sjednicu, gra\u0111ane informisati oko izgradnje kolektora - dmcsrb.com","og_description":"Opozicija u Skup\u0161tini Glavnog grada uputila je inicijativu za zakazivanje posebne sjednice Skup\u0161tine Glavnog grada, posve\u0107ene odborni\u010dkim pitanjima, kako bismo od gradona\u010delnika i drugih predstavnika lokalne samouprave dobili odgovore u odnosu na aktuelnu politi\u010dku situaciju, saop\u0161tio je predsjednik Kluba odbornika Evropskog saveza u Skup\u0161tini Glavnog grada, Milo\u0161 Ma\u0161kovi\u0107.","og_url":"https:\/\/dmcsrb.com\/en\/podgorica\/maskovic-opozicija-zahtijeva-posebnu-sjednicu-gradjane-informisati-oko-izgradnje-kolektora\/","og_site_name":"dmcsrb.com","article_published_time":"2025-09-11T13:50:00+00:00","og_image":[{"width":945,"height":480,"url":"https:\/\/dmcsrb.com\/wp-content\/uploads\/2026\/01\/Maskovic1.webp","type":"image\/jpeg"}],"author":"dmcsrbija.com@gmail.com","twitter_card":"summary_large_image","twitter_misc":{"Written by":"dmcsrbija.com@gmail.com","Estimated reading time":"1 minute"},"schema":{"@context":"https:\/\/schema.org","@graph":[{"@type":"Article","@id":"https:\/\/dmcsrb.com\/podgorica\/maskovic-opozicija-zahtijeva-posebnu-sjednicu-gradjane-informisati-oko-izgradnje-kolektora\/#article","isPartOf":{"@id":"https:\/\/dmcsrb.com\/podgorica\/maskovic-opozicija-zahtijeva-posebnu-sjednicu-gradjane-informisati-oko-izgradnje-kolektora\/"},"author":{"name":"dmcsrbija.com@gmail.com","@id":"https:\/\/dmcsrb.com\/#\/schema\/person\/5c39170f12db1b8b457732d0b5c854e2"},"headline":"Ma\u0161kovi\u0107: Opozicija zahtijeva posebnu sjednicu, gra\u0111ane informisati oko izgradnje kolektora","datePublished":"2025-09-11T13:50:00+00:00","mainEntityOfPage":{"@id":"https:\/\/dmcsrb.com\/podgorica\/maskovic-opozicija-zahtijeva-posebnu-sjednicu-gradjane-informisati-oko-izgradnje-kolektora\/"},"wordCount":159,"commentCount":0,"image":{"@id":"https:\/\/dmcsrb.com\/podgorica\/maskovic-opozicija-zahtijeva-posebnu-sjednicu-gradjane-informisati-oko-izgradnje-kolektora\/#primaryimage"},"thumbnailUrl":"https:\/\/dmcsrb.com\/wp-content\/uploads\/2026\/01\/Maskovic1.webp","keywords":["gra\u0111ani","Igradnja kolektora","Informisanje","Milo\u0161 Ma\u0161kovi\u0107","opozicija","Poseba sjednica","zahtjev"],"articleSection":["Podgorica"],"inLanguage":"en-GB","potentialAction":[{"@type":"CommentAction","name":"Comment","target":["https:\/\/dmcsrb.com\/podgorica\/maskovic-opozicija-zahtijeva-posebnu-sjednicu-gradjane-informisati-oko-izgradnje-kolektora\/#respond"]}]},{"@type":"WebPage","@id":"https:\/\/dmcsrb.com\/podgorica\/maskovic-opozicija-zahtijeva-posebnu-sjednicu-gradjane-informisati-oko-izgradnje-kolektora\/","url":"https:\/\/dmcsrb.com\/podgorica\/maskovic-opozicija-zahtijeva-posebnu-sjednicu-gradjane-informisati-oko-izgradnje-kolektora\/","name":"Ma\u0161kovi\u0107: Opozicija zahtijeva posebnu sjednicu, gra\u0111ane informisati oko izgradnje kolektora - dmcsrb.com","isPartOf":{"@id":"https:\/\/dmcsrb.com\/#website"},"primaryImageOfPage":{"@id":"https:\/\/dmcsrb.com\/podgorica\/maskovic-opozicija-zahtijeva-posebnu-sjednicu-gradjane-informisati-oko-izgradnje-kolektora\/#primaryimage"},"image":{"@id":"https:\/\/dmcsrb.com\/podgorica\/maskovic-opozicija-zahtijeva-posebnu-sjednicu-gradjane-informisati-oko-izgradnje-kolektora\/#primaryimage"},"thumbnailUrl":"https:\/\/dmcsrb.com\/wp-content\/uploads\/2026\/01\/Maskovic1.webp","datePublished":"2025-09-11T13:50:00+00:00","author":{"@id":"https:\/\/dmcsrb.com\/#\/schema\/person\/5c39170f12db1b8b457732d0b5c854e2"},"breadcrumb":{"@id":"https:\/\/dmcsrb.com\/podgorica\/maskovic-opozicija-zahtijeva-posebnu-sjednicu-gradjane-informisati-oko-izgradnje-kolektora\/#breadcrumb"},"inLanguage":"en-GB","potentialAction":[{"@type":"ReadAction","target":["https:\/\/dmcsrb.com\/podgorica\/maskovic-opozicija-zahtijeva-posebnu-sjednicu-gradjane-informisati-oko-izgradnje-kolektora\/"]}]},{"@type":"ImageObject","inLanguage":"en-GB","@id":"https:\/\/dmcsrb.com\/podgorica\/maskovic-opozicija-zahtijeva-posebnu-sjednicu-gradjane-informisati-oko-izgradnje-kolektora\/#primaryimage","url":"https:\/\/dmcsrb.com\/wp-content\/uploads\/2026\/01\/Maskovic1.webp","contentUrl":"https:\/\/dmcsrb.com\/wp-content\/uploads\/2026\/01\/Maskovic1.webp","width":945,"height":480},{"@type":"BreadcrumbList","@id":"https:\/\/dmcsrb.com\/podgorica\/maskovic-opozicija-zahtijeva-posebnu-sjednicu-gradjane-informisati-oko-izgradnje-kolektora\/#breadcrumb","itemListElement":[{"@type":"ListItem","position":1,"name":"Home","item":"https:\/\/dmcsrb.com\/"},{"@type":"ListItem","position":2,"name":"Ma\u0161kovi\u0107: Opozicija zahtijeva posebnu sjednicu, gra\u0111ane informisati oko izgradnje kolektora"}]},{"@type":"WebSite","@id":"https:\/\/dmcsrb.com\/#website","url":"https:\/\/dmcsrb.com\/","name":"dmcsrb.com","description":"","potentialAction":[{"@type":"SearchAction","target":{"@type":"EntryPoint","urlTemplate":"https:\/\/dmcsrb.com\/?s={search_term_string}"},"query-input":{"@type":"PropertyValueSpecification","valueRequired":true,"valueName":"search_term_string"}}],"inLanguage":"en-GB"},{"@type":"Person","@id":"https:\/\/dmcsrb.com\/#\/schema\/person\/5c39170f12db1b8b457732d0b5c854e2","name":"dmcsrbija.com@gmail.com","image":{"@type":"ImageObject","inLanguage":"en-GB","@id":"https:\/\/dmcsrb.com\/#\/schema\/person\/image\/","url":"https:\/\/secure.gravatar.com\/avatar\/68592660ad6347fad0fb587f8d5d8f1a7b44961362f56e4f2cd524feb87e9069?s=96&d=mm&r=g","contentUrl":"https:\/\/secure.gravatar.com\/avatar\/68592660ad6347fad0fb587f8d5d8f1a7b44961362f56e4f2cd524feb87e9069?s=96&d=mm&r=g","caption":"dmcsrbija.com@gmail.com"},"sameAs":["https:\/\/dmcsrb.com"],"url":"https:\/\/dmcsrb.com\/en\/author\/dmcsrbija-comgmail-com\/"}]}},"_links":{"self":[{"href":"https:\/\/dmcsrb.com\/en\/wp-json\/wp\/v2\/posts\/951562","targetHints":{"allow":["GET"]}}],"collection":[{"href":"https:\/\/dmcsrb.com\/en\/wp-json\/wp\/v2\/posts"}],"about":[{"href":"https:\/\/dmcsrb.com\/en\/wp-json\/wp\/v2\/types\/post"}],"author":[{"embeddable":true,"href":"https:\/\/dmcsrb.com\/en\/wp-json\/wp\/v2\/users\/1"}],"replies":[{"embeddable":true,"href":"https:\/\/dmcsrb.com\/en\/wp-json\/wp\/v2\/comments?post=951562"}],"version-history":[{"count":0,"href":"https:\/\/dmcsrb.com\/en\/wp-json\/wp\/v2\/posts\/951562\/revisions"}],"wp:featuredmedia":[{"embeddable":true,"href":"https:\/\/dmcsrb.com\/en\/wp-json\/wp\/v2\/media\/951563"}],"wp:attachment":[{"href":"https:\/\/dmcsrb.com\/en\/wp-json\/wp\/v2\/media?parent=951562"}],"wp:term":[{"taxonomy":"category","embeddable":true,"href":"https:\/\/dmcsrb.com\/en\/wp-json\/wp\/v2\/categories?post=951562"},{"taxonomy":"post_tag","embeddable":true,"href":"https:\/\/dmcsrb.com\/en\/wp-json\/wp\/v2\/tags?post=951562"},{"taxonomy":"naslovna","embeddable":true,"href":"https:\/\/dmcsrb.com\/en\/wp-json\/wp\/v2\/naslovna?post=951562"}],"curies":[{"name":"wp","href":"https:\/\/api.w.org\/{rel}","templated":true}]}}