{"id":951546,"date":"2025-09-11T13:57:00","date_gmt":"2025-09-11T11:57:00","guid":{"rendered":"https:\/\/dmcsrb.com\/uncategorized\/pkcg-i-ntp-organizovali-dogadjaj-kompakt-rjesenja-za-modernizaciju-i-unapredjenje-poslovanja\/"},"modified":"2025-09-11T13:57:00","modified_gmt":"2025-09-11T11:57:00","slug":"pkcg-i-ntp-organizovali-dogadjaj-kompakt-rjesenja-za-modernizaciju-i-unapredjenje-poslovanja","status":"publish","type":"post","link":"https:\/\/dmcsrb.com\/en\/ekonomija\/pkcg-i-ntp-organizovali-dogadjaj-kompakt-rjesenja-za-modernizaciju-i-unapredjenje-poslovanja\/","title":{"rendered":"PKCG i NTP organizovali doga\u0111aj KOMPakt: Rje\u0161enja za modernizaciju i unapre\u0111enje poslovanja"},"content":{"rendered":"<p><\/p>\n\n\n\n<p>Predsjednica Privredne komore Crne Gore <strong>dr Nina Draki\u0107<\/strong> je u uvodnom obra\u0107anju kazala da je KOMPakt osmi\u0161ljen kao most izme\u0111u potreba privrede i rje\u0161enja za modernizaciju i unapre\u0111enje poslovanja koja nude institucije, univerziteti, inovativne kompanije i IT sektor.<\/p>\n\n\n\n<figure class=\"wp-block-image size-large\"><img decoding=\"async\" src=\"https:\/\/gradski.me\/wp-content\/uploads\/2025\/09\/Kompakt-0-1024x737.jpg\" alt=\"\" class=\"wp-image-831801\"\/><\/figure>\n\n\n\n<p>Ona je istakla da partnerstvo Privredne komore i Nau\u010dno tehnolo\u0161kog parka pravi primjer kvalitetne i sadr\u017eajne instutucionalne saradnje \u010diji je cilj stvaranje sna\u017enije poslovne zajednice, spremne da stvara i inkorporira inovacije u svoje poslovanje.<\/p>\n\n\n\n<p>\u2013 Tu smo da povezujemo znanje i napredna rje\u0161enja sa realnim sektorom, ali i dajemo drugu neophodnu podr\u0161ku doma\u0107em biznisu. Komora je va\u0161 partner, saveznik i podr\u0161ka. Na\u0161 zadatak je da zastupamo va\u0161e interese, da se borimo za povoljniji poslovni ambijent i da vas povezujemo sa znanjem, institucijama i tr\u017ei\u0161tima. U vremenu ubrzanih tehnolo\u0161kih i ekonomskih promjena, snaga zajedni\u0161tva i udru\u017eivanja je neprocjenjiva. Samo zajedno mo\u017eemo odgovoriti na izazove i iskoristiti \u0161anse koje su pred nama \u2013 kazala je predsjednica PKCG.<\/p>\n\n\n\n<p>Prema njenim rije\u010dima, organizatori \u017eele da KOMPakt postane tradicija \u2013 doga\u0111aj koji \u0107e svake godine donositi nova znanja, povezivanja i prilike.<\/p>\n\n\n\n<p>\u2013 Jer samo ako sektor mikro, malih i srednjih preduze\u0107a bude sna\u017ean, crnogorska ekonomija \u0107e biti spremna za digitalnu i zelenu transformaciju, za evropske integracije i globalnu konkurenciju \u2013 kazala je Draki\u0107.<\/p>\n\n\n\n<p>Draki\u0107 je, izme\u0111u ostalog, kazala da Komora kontinuirano podr\u017eava doma\u0107e IT firme da budu prisutne na presti\u017enim doga\u0111ajima gdje se razmjenjuju znanja i iskustva kako bi unaprijedili kapacitete i mogli da podr\u017ee digitalnu transformaciju mikro, malih i srednjih preduze\u0107a iz drugih sektora. Najavila je njihovo u\u010de\u0161\u0107e na Web Summitu u Lisabonu, jednom od najve\u0107ih svjetskih doga\u0111aja posve\u0107enih tehnologiji i inovacijama.<\/p>\n\n\n\n<figure class=\"wp-block-image size-large\"><img decoding=\"async\" src=\"https:\/\/gradski.me\/wp-content\/uploads\/2025\/09\/Kompakt-1-1024x732.jpg\" alt=\"\" class=\"wp-image-831800\"\/><\/figure>\n\n\n\n<p><strong>Mr Valentina Radulovi\u0107<\/strong>, direktorica NTP CG istakla je da je cilj dana\u0161njeg doga\u0111aja da se inspiri\u0161u kompanije da iskoriste postoje\u0107i inovativni potencijal u Crnoj Gori, te da se stvori prostor za nova partnerstva koja mogu donijeti dodatnu vrijednost cijelom privrednom sistemu.<\/p>\n\n\n\n<p>-Nau\u010dno-tehnolo\u0161ki park Crne Gore zami\u0161ljen kao referentna ta\u010dka gdje se susre\u0107u ideje i biznis, znanje i tr\u017ei\u0161te, kreativnost i tehnologija. Ta vizija postaje stvarnost zahvaljuju\u0107i otvorenosti na\u0161ih kompanija, energiji inovatora i spremnosti da se udru\u017eimo u zajedni\u010dkom djelovanju \u2013 kazala je ona.<\/p>\n\n\n\n<p>Radulovi\u0107 je posebno istakla va\u017enost inovativnih i kreativnih kapaciteta stanara u Nau\u010dno-tehnolo\u0161kom parku, ali i svih kompanija i institucija koje su spremne da prihvate promjene i ula\u017eu u znanje i nove tehnologije.<\/p>\n\n\n\n<p>\u2013 Upravo ta spremnost na povezivanje, na dijeljenje ideja i na zajedni\u010dko djelovanje, predstavlja osnovu odr\u017eivog razvoja i konkurentnosti na\u0161e ekonomije. Vjerujem da \u0107e dana\u0161nji susret otvoriti nova vrata saradnje i inspirisati sve u\u010desnike da kroz zajedni\u010dke inicijative stvaramo bolje uslove za razvoj inovacija i poslovanja u Crnoj Gori \u2013 zaklju\u010dila je ona.<\/p>\n\n\n\n<figure class=\"wp-block-image size-large\"><img decoding=\"async\" src=\"https:\/\/gradski.me\/wp-content\/uploads\/2025\/09\/kompakt-2-1024x683.jpg\" alt=\"\" class=\"wp-image-831802\"\/><\/figure>\n\n\n\n<p>Pozitivno iskustvo o kori\u0161\u0107enju institucionalne podr\u0161ke sa u\u010desnicima skupa je podijelio&nbsp;<strong>Neboj\u0161a Janovi\u0107<\/strong>&nbsp;iz kompanije Paidt.<\/p>\n\n\n\n<p>-Mi smo startap koji se bavi razvojem berzanskih rje\u0161enja i stanari smo Nau\u010dno-tehnolo\u0161kog parka. Prije ulaska u NTP imali smo neku vrstu vizije o onome \u0161ta \u017eelimo, me\u0111utim kroz saradnju sa ovim ljudima, zna\u010dajno smo osna\u017eeni jer smo dobili ne\u0161to o \u010demu smo samo mogli da ma\u0161tamo: znanja, tehnologiju, konekcije i finansijske resurse. Topla preporuka svima da ukoliko ve\u0107 nijesu stanari NTP to postanu \u0161to prije jer je ovo mjesto gdje resursi znanja i ljudi dobijaju potpuno druge perspektive \u2013 rekao je Janovi\u0107.<\/p>\n\n\n\n<p><strong>Uro\u0161 Mirkovi\u0107<\/strong>, izvr\u0161ni direktor Trony Network iz Kotora, ocijenio je da su ovakva okupljanja od ogromnog zna\u010daja, jer je zaista rijetko da se na jednom mjestu okupe oko zajedni\u010dkih ciljeva privrednici, inovatori i institucije.<\/p>\n\n\n\n<p>-U ovom slu\u010daju okupili su nas digitalna transformacija i inovacije. Dobili smo priliku da predstavimo svoj rad i proizvode, razmijenimo znanja i nau\u010dimo ne\u0161to novo. Na kraju krajeva, kroz razmjenu mi\u0161ljenja mo\u017eemo da do\u0111emo do unapre\u0111enja u na\u0161im proizvodima. Za privrednike je ovaj skup od izuzetnog zna\u010daja, jer kada se upoznaju sa ponudom na crnogorskom tr\u017ei\u0161tu to \u0107e ih podsta\u0107i da ubrzaju put ka digitalnoj transformaciji, kori\u0161\u0107enju novih tehnologija i inovacija &#8211; kazao je Mirkovi\u0107.<\/p>\n\n\n\n<p><strong>Milica Matovi\u0107<\/strong> iz kompanije Alicorn, predstavljaju\u0107i aplikaciju Lead ESG Coach, kazala je da je cilj ove aplikacije da kompanijama olak\u0161a usvajanje ESG standarda i regulative koja iz Evropske unije postepeno dolazi i u Crnu Goru.<\/p>\n\n\n\n<p>Ona je istakla da je aplikacija trenutno u fazi razvoja, a lansiranje je planirano za naredni mjesec u Banjaluci.<\/p>\n\n\n\n<p>-Ovaj doga\u0111aj je bila savr\u0161ena prilika da privredi poka\u017eemo \u0161ta radimo, da saznamo dokle su kompanije stigle sa usvajanjem ESG regulativa i da predstavimo rje\u0161enje koje \u0107e, nadamo se, pomo\u0107i privrednicima da budu \u0161to bolje pripremljeni za obaveze koje slijede &#8211; navela je Matovi\u0107.<\/p>","protected":false},"excerpt":{"rendered":"<p>Privredna komora Crne Gore je u saradnji sa Nau\u010dno-tehnolo\u0161kim parkom organizovala interaktivni doga\u0111aj KOMPakt, tokom kojeg su u\u010desnici mogli dobiti relevantne informacije o mogu\u0107nostima institucionalne podr\u0161ke (grantovi, olak\u0161ice, obuke), programima digitalne i zelene transformacije, uslugama i tehnologijama koje nude inovativne i IT kompanije, te na\u010dinima za internacionalizaciju poslovanja i pove\u0107anje konkurentnosti.<\/p>","protected":false},"author":1,"featured_media":951547,"comment_status":"open","ping_status":"open","sticky":false,"template":"","format":"standard","meta":{"_acf_changed":false,"footnotes":""},"categories":[27],"tags":[7764,7765,6219,3485,7766],"naslovna":[],"class_list":["post-951546","post","type-post","status-publish","format-standard","has-post-thumbnail","hentry","category-ekonomija","tag-kompakt","tag-modernizacija","tag-ntp","tag-pkcg","tag-unapredjenje-poslovanja"],"acf":[],"yoast_head":"<!-- This site is optimized with the Yoast SEO plugin v27.0 - https:\/\/yoast.com\/product\/yoast-seo-wordpress\/ -->\n<title>PKCG i NTP organizovali doga\u0111aj KOMPakt: Rje\u0161enja za modernizaciju i unapre\u0111enje poslovanja - dmcsrb.com<\/title>\n<meta name=\"robots\" content=\"index, follow, max-snippet:-1, max-image-preview:large, max-video-preview:-1\" \/>\n<link rel=\"canonical\" href=\"https:\/\/dmcsrb.com\/en\/ekonomija\/pkcg-i-ntp-organizovali-dogadjaj-kompakt-rjesenja-za-modernizaciju-i-unapredjenje-poslovanja\/\" \/>\n<meta property=\"og:locale\" content=\"en_GB\" \/>\n<meta property=\"og:type\" content=\"article\" \/>\n<meta property=\"og:title\" content=\"PKCG i NTP organizovali doga\u0111aj KOMPakt: Rje\u0161enja za modernizaciju i unapre\u0111enje poslovanja - dmcsrb.com\" \/>\n<meta property=\"og:description\" content=\"Privredna komora Crne Gore je u saradnji sa Nau\u010dno-tehnolo\u0161kim parkom organizovala interaktivni doga\u0111aj KOMPakt, tokom kojeg su u\u010desnici mogli dobiti relevantne informacije o mogu\u0107nostima institucionalne podr\u0161ke (grantovi, olak\u0161ice, obuke), programima digitalne i zelene transformacije, uslugama i tehnologijama koje nude inovativne i IT kompanije, te na\u010dinima za internacionalizaciju poslovanja i pove\u0107anje konkurentnosti.\" \/>\n<meta property=\"og:url\" content=\"https:\/\/dmcsrb.com\/en\/ekonomija\/pkcg-i-ntp-organizovali-dogadjaj-kompakt-rjesenja-za-modernizaciju-i-unapredjenje-poslovanja\/\" \/>\n<meta property=\"og:site_name\" content=\"dmcsrb.com\" \/>\n<meta property=\"article:published_time\" content=\"2025-09-11T11:57:00+00:00\" \/>\n<meta property=\"og:image\" content=\"https:\/\/dmcsrb.com\/wp-content\/uploads\/2026\/01\/kompakt-6-scaled-1.webp\" \/>\n\t<meta property=\"og:image:width\" content=\"2560\" \/>\n\t<meta property=\"og:image:height\" content=\"1707\" \/>\n\t<meta property=\"og:image:type\" content=\"image\/jpeg\" \/>\n<meta name=\"author\" content=\"dmcsrbija.com@gmail.com\" \/>\n<meta name=\"twitter:card\" content=\"summary_large_image\" \/>\n<meta name=\"twitter:label1\" content=\"Written by\" \/>\n\t<meta name=\"twitter:data1\" content=\"dmcsrbija.com@gmail.com\" \/>\n\t<meta name=\"twitter:label2\" content=\"Estimated reading time\" \/>\n\t<meta name=\"twitter:data2\" content=\"4 minutes\" \/>\n<script type=\"application\/ld+json\" class=\"yoast-schema-graph\">{\"@context\":\"https:\/\/schema.org\",\"@graph\":[{\"@type\":\"Article\",\"@id\":\"https:\/\/dmcsrb.com\/ekonomija\/pkcg-i-ntp-organizovali-dogadjaj-kompakt-rjesenja-za-modernizaciju-i-unapredjenje-poslovanja\/#article\",\"isPartOf\":{\"@id\":\"https:\/\/dmcsrb.com\/ekonomija\/pkcg-i-ntp-organizovali-dogadjaj-kompakt-rjesenja-za-modernizaciju-i-unapredjenje-poslovanja\/\"},\"author\":{\"name\":\"dmcsrbija.com@gmail.com\",\"@id\":\"https:\/\/dmcsrb.com\/#\/schema\/person\/5c39170f12db1b8b457732d0b5c854e2\"},\"headline\":\"PKCG i NTP organizovali doga\u0111aj KOMPakt: Rje\u0161enja za modernizaciju i unapre\u0111enje poslovanja\",\"datePublished\":\"2025-09-11T11:57:00+00:00\",\"mainEntityOfPage\":{\"@id\":\"https:\/\/dmcsrb.com\/ekonomija\/pkcg-i-ntp-organizovali-dogadjaj-kompakt-rjesenja-za-modernizaciju-i-unapredjenje-poslovanja\/\"},\"wordCount\":845,\"commentCount\":0,\"image\":{\"@id\":\"https:\/\/dmcsrb.com\/ekonomija\/pkcg-i-ntp-organizovali-dogadjaj-kompakt-rjesenja-za-modernizaciju-i-unapredjenje-poslovanja\/#primaryimage\"},\"thumbnailUrl\":\"https:\/\/dmcsrb.com\/wp-content\/uploads\/2026\/01\/kompakt-6-scaled-1.webp\",\"keywords\":[\"KOMPakt\",\"Modernizacija\",\"NTP\",\"PKCG\",\"Unapre\u0111enje poslovanja\"],\"articleSection\":[\"Ekonomija\"],\"inLanguage\":\"en-GB\",\"potentialAction\":[{\"@type\":\"CommentAction\",\"name\":\"Comment\",\"target\":[\"https:\/\/dmcsrb.com\/ekonomija\/pkcg-i-ntp-organizovali-dogadjaj-kompakt-rjesenja-za-modernizaciju-i-unapredjenje-poslovanja\/#respond\"]}]},{\"@type\":\"WebPage\",\"@id\":\"https:\/\/dmcsrb.com\/ekonomija\/pkcg-i-ntp-organizovali-dogadjaj-kompakt-rjesenja-za-modernizaciju-i-unapredjenje-poslovanja\/\",\"url\":\"https:\/\/dmcsrb.com\/ekonomija\/pkcg-i-ntp-organizovali-dogadjaj-kompakt-rjesenja-za-modernizaciju-i-unapredjenje-poslovanja\/\",\"name\":\"PKCG i NTP organizovali doga\u0111aj KOMPakt: Rje\u0161enja za modernizaciju i unapre\u0111enje poslovanja - dmcsrb.com\",\"isPartOf\":{\"@id\":\"https:\/\/dmcsrb.com\/#website\"},\"primaryImageOfPage\":{\"@id\":\"https:\/\/dmcsrb.com\/ekonomija\/pkcg-i-ntp-organizovali-dogadjaj-kompakt-rjesenja-za-modernizaciju-i-unapredjenje-poslovanja\/#primaryimage\"},\"image\":{\"@id\":\"https:\/\/dmcsrb.com\/ekonomija\/pkcg-i-ntp-organizovali-dogadjaj-kompakt-rjesenja-za-modernizaciju-i-unapredjenje-poslovanja\/#primaryimage\"},\"thumbnailUrl\":\"https:\/\/dmcsrb.com\/wp-content\/uploads\/2026\/01\/kompakt-6-scaled-1.webp\",\"datePublished\":\"2025-09-11T11:57:00+00:00\",\"author\":{\"@id\":\"https:\/\/dmcsrb.com\/#\/schema\/person\/5c39170f12db1b8b457732d0b5c854e2\"},\"breadcrumb\":{\"@id\":\"https:\/\/dmcsrb.com\/ekonomija\/pkcg-i-ntp-organizovali-dogadjaj-kompakt-rjesenja-za-modernizaciju-i-unapredjenje-poslovanja\/#breadcrumb\"},\"inLanguage\":\"en-GB\",\"potentialAction\":[{\"@type\":\"ReadAction\",\"target\":[\"https:\/\/dmcsrb.com\/ekonomija\/pkcg-i-ntp-organizovali-dogadjaj-kompakt-rjesenja-za-modernizaciju-i-unapredjenje-poslovanja\/\"]}]},{\"@type\":\"ImageObject\",\"inLanguage\":\"en-GB\",\"@id\":\"https:\/\/dmcsrb.com\/ekonomija\/pkcg-i-ntp-organizovali-dogadjaj-kompakt-rjesenja-za-modernizaciju-i-unapredjenje-poslovanja\/#primaryimage\",\"url\":\"https:\/\/dmcsrb.com\/wp-content\/uploads\/2026\/01\/kompakt-6-scaled-1.webp\",\"contentUrl\":\"https:\/\/dmcsrb.com\/wp-content\/uploads\/2026\/01\/kompakt-6-scaled-1.webp\",\"width\":2560,\"height\":1707},{\"@type\":\"BreadcrumbList\",\"@id\":\"https:\/\/dmcsrb.com\/ekonomija\/pkcg-i-ntp-organizovali-dogadjaj-kompakt-rjesenja-za-modernizaciju-i-unapredjenje-poslovanja\/#breadcrumb\",\"itemListElement\":[{\"@type\":\"ListItem\",\"position\":1,\"name\":\"Home\",\"item\":\"https:\/\/dmcsrb.com\/\"},{\"@type\":\"ListItem\",\"position\":2,\"name\":\"PKCG i NTP organizovali doga\u0111aj KOMPakt: Rje\u0161enja za modernizaciju i unapre\u0111enje poslovanja\"}]},{\"@type\":\"WebSite\",\"@id\":\"https:\/\/dmcsrb.com\/#website\",\"url\":\"https:\/\/dmcsrb.com\/\",\"name\":\"dmcsrb.com\",\"description\":\"\",\"potentialAction\":[{\"@type\":\"SearchAction\",\"target\":{\"@type\":\"EntryPoint\",\"urlTemplate\":\"https:\/\/dmcsrb.com\/?s={search_term_string}\"},\"query-input\":{\"@type\":\"PropertyValueSpecification\",\"valueRequired\":true,\"valueName\":\"search_term_string\"}}],\"inLanguage\":\"en-GB\"},{\"@type\":\"Person\",\"@id\":\"https:\/\/dmcsrb.com\/#\/schema\/person\/5c39170f12db1b8b457732d0b5c854e2\",\"name\":\"dmcsrbija.com@gmail.com\",\"image\":{\"@type\":\"ImageObject\",\"inLanguage\":\"en-GB\",\"@id\":\"https:\/\/dmcsrb.com\/#\/schema\/person\/image\/\",\"url\":\"https:\/\/secure.gravatar.com\/avatar\/68592660ad6347fad0fb587f8d5d8f1a7b44961362f56e4f2cd524feb87e9069?s=96&d=mm&r=g\",\"contentUrl\":\"https:\/\/secure.gravatar.com\/avatar\/68592660ad6347fad0fb587f8d5d8f1a7b44961362f56e4f2cd524feb87e9069?s=96&d=mm&r=g\",\"caption\":\"dmcsrbija.com@gmail.com\"},\"sameAs\":[\"https:\/\/dmcsrb.com\"],\"url\":\"https:\/\/dmcsrb.com\/en\/author\/dmcsrbija-comgmail-com\/\"}]}<\/script>\n<!-- \/ Yoast SEO plugin. -->","yoast_head_json":{"title":"PKCG i NTP organizovali doga\u0111aj KOMPakt: Rje\u0161enja za modernizaciju i unapre\u0111enje poslovanja - dmcsrb.com","robots":{"index":"index","follow":"follow","max-snippet":"max-snippet:-1","max-image-preview":"max-image-preview:large","max-video-preview":"max-video-preview:-1"},"canonical":"https:\/\/dmcsrb.com\/en\/ekonomija\/pkcg-i-ntp-organizovali-dogadjaj-kompakt-rjesenja-za-modernizaciju-i-unapredjenje-poslovanja\/","og_locale":"en_GB","og_type":"article","og_title":"PKCG i NTP organizovali doga\u0111aj KOMPakt: Rje\u0161enja za modernizaciju i unapre\u0111enje poslovanja - dmcsrb.com","og_description":"Privredna komora Crne Gore je u saradnji sa Nau\u010dno-tehnolo\u0161kim parkom organizovala interaktivni doga\u0111aj KOMPakt, tokom kojeg su u\u010desnici mogli dobiti relevantne informacije o mogu\u0107nostima institucionalne podr\u0161ke (grantovi, olak\u0161ice, obuke), programima digitalne i zelene transformacije, uslugama i tehnologijama koje nude inovativne i IT kompanije, te na\u010dinima za internacionalizaciju poslovanja i pove\u0107anje konkurentnosti.","og_url":"https:\/\/dmcsrb.com\/en\/ekonomija\/pkcg-i-ntp-organizovali-dogadjaj-kompakt-rjesenja-za-modernizaciju-i-unapredjenje-poslovanja\/","og_site_name":"dmcsrb.com","article_published_time":"2025-09-11T11:57:00+00:00","og_image":[{"width":2560,"height":1707,"url":"https:\/\/dmcsrb.com\/wp-content\/uploads\/2026\/01\/kompakt-6-scaled-1.webp","type":"image\/jpeg"}],"author":"dmcsrbija.com@gmail.com","twitter_card":"summary_large_image","twitter_misc":{"Written by":"dmcsrbija.com@gmail.com","Estimated reading time":"4 minutes"},"schema":{"@context":"https:\/\/schema.org","@graph":[{"@type":"Article","@id":"https:\/\/dmcsrb.com\/ekonomija\/pkcg-i-ntp-organizovali-dogadjaj-kompakt-rjesenja-za-modernizaciju-i-unapredjenje-poslovanja\/#article","isPartOf":{"@id":"https:\/\/dmcsrb.com\/ekonomija\/pkcg-i-ntp-organizovali-dogadjaj-kompakt-rjesenja-za-modernizaciju-i-unapredjenje-poslovanja\/"},"author":{"name":"dmcsrbija.com@gmail.com","@id":"https:\/\/dmcsrb.com\/#\/schema\/person\/5c39170f12db1b8b457732d0b5c854e2"},"headline":"PKCG i NTP organizovali doga\u0111aj KOMPakt: Rje\u0161enja za modernizaciju i unapre\u0111enje poslovanja","datePublished":"2025-09-11T11:57:00+00:00","mainEntityOfPage":{"@id":"https:\/\/dmcsrb.com\/ekonomija\/pkcg-i-ntp-organizovali-dogadjaj-kompakt-rjesenja-za-modernizaciju-i-unapredjenje-poslovanja\/"},"wordCount":845,"commentCount":0,"image":{"@id":"https:\/\/dmcsrb.com\/ekonomija\/pkcg-i-ntp-organizovali-dogadjaj-kompakt-rjesenja-za-modernizaciju-i-unapredjenje-poslovanja\/#primaryimage"},"thumbnailUrl":"https:\/\/dmcsrb.com\/wp-content\/uploads\/2026\/01\/kompakt-6-scaled-1.webp","keywords":["KOMPakt","Modernizacija","NTP","PKCG","Unapre\u0111enje poslovanja"],"articleSection":["Ekonomija"],"inLanguage":"en-GB","potentialAction":[{"@type":"CommentAction","name":"Comment","target":["https:\/\/dmcsrb.com\/ekonomija\/pkcg-i-ntp-organizovali-dogadjaj-kompakt-rjesenja-za-modernizaciju-i-unapredjenje-poslovanja\/#respond"]}]},{"@type":"WebPage","@id":"https:\/\/dmcsrb.com\/ekonomija\/pkcg-i-ntp-organizovali-dogadjaj-kompakt-rjesenja-za-modernizaciju-i-unapredjenje-poslovanja\/","url":"https:\/\/dmcsrb.com\/ekonomija\/pkcg-i-ntp-organizovali-dogadjaj-kompakt-rjesenja-za-modernizaciju-i-unapredjenje-poslovanja\/","name":"PKCG i NTP organizovali doga\u0111aj KOMPakt: Rje\u0161enja za modernizaciju i unapre\u0111enje poslovanja - dmcsrb.com","isPartOf":{"@id":"https:\/\/dmcsrb.com\/#website"},"primaryImageOfPage":{"@id":"https:\/\/dmcsrb.com\/ekonomija\/pkcg-i-ntp-organizovali-dogadjaj-kompakt-rjesenja-za-modernizaciju-i-unapredjenje-poslovanja\/#primaryimage"},"image":{"@id":"https:\/\/dmcsrb.com\/ekonomija\/pkcg-i-ntp-organizovali-dogadjaj-kompakt-rjesenja-za-modernizaciju-i-unapredjenje-poslovanja\/#primaryimage"},"thumbnailUrl":"https:\/\/dmcsrb.com\/wp-content\/uploads\/2026\/01\/kompakt-6-scaled-1.webp","datePublished":"2025-09-11T11:57:00+00:00","author":{"@id":"https:\/\/dmcsrb.com\/#\/schema\/person\/5c39170f12db1b8b457732d0b5c854e2"},"breadcrumb":{"@id":"https:\/\/dmcsrb.com\/ekonomija\/pkcg-i-ntp-organizovali-dogadjaj-kompakt-rjesenja-za-modernizaciju-i-unapredjenje-poslovanja\/#breadcrumb"},"inLanguage":"en-GB","potentialAction":[{"@type":"ReadAction","target":["https:\/\/dmcsrb.com\/ekonomija\/pkcg-i-ntp-organizovali-dogadjaj-kompakt-rjesenja-za-modernizaciju-i-unapredjenje-poslovanja\/"]}]},{"@type":"ImageObject","inLanguage":"en-GB","@id":"https:\/\/dmcsrb.com\/ekonomija\/pkcg-i-ntp-organizovali-dogadjaj-kompakt-rjesenja-za-modernizaciju-i-unapredjenje-poslovanja\/#primaryimage","url":"https:\/\/dmcsrb.com\/wp-content\/uploads\/2026\/01\/kompakt-6-scaled-1.webp","contentUrl":"https:\/\/dmcsrb.com\/wp-content\/uploads\/2026\/01\/kompakt-6-scaled-1.webp","width":2560,"height":1707},{"@type":"BreadcrumbList","@id":"https:\/\/dmcsrb.com\/ekonomija\/pkcg-i-ntp-organizovali-dogadjaj-kompakt-rjesenja-za-modernizaciju-i-unapredjenje-poslovanja\/#breadcrumb","itemListElement":[{"@type":"ListItem","position":1,"name":"Home","item":"https:\/\/dmcsrb.com\/"},{"@type":"ListItem","position":2,"name":"PKCG i NTP organizovali doga\u0111aj KOMPakt: Rje\u0161enja za modernizaciju i unapre\u0111enje poslovanja"}]},{"@type":"WebSite","@id":"https:\/\/dmcsrb.com\/#website","url":"https:\/\/dmcsrb.com\/","name":"dmcsrb.com","description":"","potentialAction":[{"@type":"SearchAction","target":{"@type":"EntryPoint","urlTemplate":"https:\/\/dmcsrb.com\/?s={search_term_string}"},"query-input":{"@type":"PropertyValueSpecification","valueRequired":true,"valueName":"search_term_string"}}],"inLanguage":"en-GB"},{"@type":"Person","@id":"https:\/\/dmcsrb.com\/#\/schema\/person\/5c39170f12db1b8b457732d0b5c854e2","name":"dmcsrbija.com@gmail.com","image":{"@type":"ImageObject","inLanguage":"en-GB","@id":"https:\/\/dmcsrb.com\/#\/schema\/person\/image\/","url":"https:\/\/secure.gravatar.com\/avatar\/68592660ad6347fad0fb587f8d5d8f1a7b44961362f56e4f2cd524feb87e9069?s=96&d=mm&r=g","contentUrl":"https:\/\/secure.gravatar.com\/avatar\/68592660ad6347fad0fb587f8d5d8f1a7b44961362f56e4f2cd524feb87e9069?s=96&d=mm&r=g","caption":"dmcsrbija.com@gmail.com"},"sameAs":["https:\/\/dmcsrb.com"],"url":"https:\/\/dmcsrb.com\/en\/author\/dmcsrbija-comgmail-com\/"}]}},"_links":{"self":[{"href":"https:\/\/dmcsrb.com\/en\/wp-json\/wp\/v2\/posts\/951546","targetHints":{"allow":["GET"]}}],"collection":[{"href":"https:\/\/dmcsrb.com\/en\/wp-json\/wp\/v2\/posts"}],"about":[{"href":"https:\/\/dmcsrb.com\/en\/wp-json\/wp\/v2\/types\/post"}],"author":[{"embeddable":true,"href":"https:\/\/dmcsrb.com\/en\/wp-json\/wp\/v2\/users\/1"}],"replies":[{"embeddable":true,"href":"https:\/\/dmcsrb.com\/en\/wp-json\/wp\/v2\/comments?post=951546"}],"version-history":[{"count":0,"href":"https:\/\/dmcsrb.com\/en\/wp-json\/wp\/v2\/posts\/951546\/revisions"}],"wp:featuredmedia":[{"embeddable":true,"href":"https:\/\/dmcsrb.com\/en\/wp-json\/wp\/v2\/media\/951547"}],"wp:attachment":[{"href":"https:\/\/dmcsrb.com\/en\/wp-json\/wp\/v2\/media?parent=951546"}],"wp:term":[{"taxonomy":"category","embeddable":true,"href":"https:\/\/dmcsrb.com\/en\/wp-json\/wp\/v2\/categories?post=951546"},{"taxonomy":"post_tag","embeddable":true,"href":"https:\/\/dmcsrb.com\/en\/wp-json\/wp\/v2\/tags?post=951546"},{"taxonomy":"naslovna","embeddable":true,"href":"https:\/\/dmcsrb.com\/en\/wp-json\/wp\/v2\/naslovna?post=951546"}],"curies":[{"name":"wp","href":"https:\/\/api.w.org\/{rel}","templated":true}]}}