{"id":951536,"date":"2025-09-11T15:03:00","date_gmt":"2025-09-11T13:03:00","guid":{"rendered":"https:\/\/dmcsrb.com\/uncategorized\/slovenija-uvela-sankcije-dodiku-i-zabranila-ulazak-u-zemlju\/"},"modified":"2025-09-11T15:03:00","modified_gmt":"2025-09-11T13:03:00","slug":"slovenija-uvela-sankcije-dodiku-i-zabranila-ulazak-u-zemlju","status":"publish","type":"post","link":"https:\/\/dmcsrb.com\/en\/region\/slovenija-uvela-sankcije-dodiku-i-zabranila-ulazak-u-zemlju\/","title":{"rendered":"Slovenija uvela sankcije Dodiku i zabranila ulazak u zemlju"},"content":{"rendered":"<p><\/p>\n\n\n\n<p>. Kao va\u017ean razlog za mjeru protiv Dodika navodi se obimno prelivanje kapitala sumnjivog porijekla iz Republike Srpske i \u0161ireg podru\u010dja Zapadnog Balkana u Sloveniju.<\/p>\n\n\n\n<p><\/p>\n\n\n\n<p>Prema informacijama N1 Slovenija, vlada je na dana\u0161njoj sjednici potvrdila zabranu ulaska razrije\u0161enom predsjedniku Republike Srpske Miloradu Dodiku u Sloveniju. Materijal je pripremilo Ministarstvo za spoljne i evropske poslove (MZEZ).<\/p>\n\n\n\n<p>Kao \u0161to je N1 ranije izvijestio, ministarski savjet je polazne osnove za zabranu ulaska Dodiku u Sloveniju razmatrao jo\u0161 prije dvije nedjelje, ali su tada MZEZ-u nalo\u017eili da materijal dopuni prije vladine odluke.<\/p>\n\n\n\n<p>Razloga za\u0161to je Slovenija uvela sankcije Dodiku ima vi\u0161e. Osim presude suda BiH, koju Dodik u dijelu o povla\u010denju sa polo\u017eaja predsjednika Republike Srpske ne po\u0161tuje, tu su i njegove separatisti\u010dke te\u017enje, kao i podrivanje dr\u017eavnih institucija i ustava BiH, navodi N1 Slovenija.<\/p>\n\n\n\n<p>Va\u017ean razlog je i &#8220;osnovana sumnja da Dodik i \u010dlanovi njegove porodice u Sloveniji preko razli\u010ditih osoba i firmi posjeduju zna\u010dajnu imovinu ste\u010denu na sporan na\u010din&#8221;.<\/p>\n\n\n\n<p>Prema nezvani\u010dnim informacijama, na slovena\u010dkoj obali imaju najmanje pet nekretnina \u010diji su formalni vlasnici ro\u0111aci i prijatelji porodice Dodik. Jedna od tih nekretnina je i luksuzna vila u Portoro\u017eu.<\/p>\n\n\n\n<p>Vila u Portoro\u017eu vodi se na \u0110or\u0111a \u0110uri\u0107a, koji nije bilo ko \u2013 on je zet Dodikovog sina Igora, a od pro\u0161le godine i sam je, zajedno sa Igorom, na listi sankcija ameri\u010dkog Ministarstva finansija.<\/p>\n\n\n\n<p>\u201eNastavi\u0107emo da razotkrivamo prevarantske \u0161eme koje Miloradu Dodiku i njegovoj porodici omogu\u0107avaju da iskori\u0161\u0107avaju sopstveni narod u li\u010dnu korist\u201c, navelo je ameri\u010dko Ministarstvo finansija prilikom uvo\u0111enja sankcija protiv \u0110uri\u0107a.<\/p>\n\n\n\n<p>Dodali su i da Milorad Dodik zloupotrebljava svoj zvani\u010dni polo\u017eaj za usmjeravanje dr\u017eavnih poslova u mre\u017eu privatnih firmi nad kojima kontrolu imaju on i njegov sin Igor, a upravo Igor, uz pomo\u0107 \u201evlasnika i direktora\u201c kojima vjeruje, nadgleda funkcionisanje te mre\u017ee.<\/p>\n\n\n\n<p>Pored SAD, sa zabranom ulaska i zamrzavanjem imovine protiv Dodika, njegove porodice i nekih drugih visokih funkcionera Republike Srpske ve\u0107 su postupile i Velika Britanija, Njema\u010dka, Austrija, Poljska i Litvanija.<\/p>","protected":false},"excerpt":{"rendered":"<p>Nakon \u0161to je Vlada Slovenije prije dvije nedjelje nalo\u017eila Ministarstvu spoljnih poslova da dopuni materijal o zabrani ulaska Miloradu Dodiku u Sloveniju, a pro\u0161le nedjelje tu ta\u010dku nije stavila na dnevni red sjednice, danas je potvrdila uvo\u0111enje sankcija<\/p>","protected":false},"author":1,"featured_media":944700,"comment_status":"open","ping_status":"open","sticky":false,"template":"","format":"standard","meta":{"_acf_changed":false,"footnotes":""},"categories":[103],"tags":[6776,191],"naslovna":[],"class_list":["post-951536","post","type-post","status-publish","format-standard","has-post-thumbnail","hentry","category-region","tag-dodik","tag-slovenija"],"acf":[],"yoast_head":"<!-- This site is optimized with the Yoast SEO plugin v27.4 - https:\/\/yoast.com\/product\/yoast-seo-wordpress\/ -->\n<title>Slovenija uvela sankcije Dodiku i zabranila ulazak u zemlju - dmcsrb.com<\/title>\n<meta name=\"robots\" content=\"index, follow, max-snippet:-1, max-image-preview:large, max-video-preview:-1\" \/>\n<link rel=\"canonical\" href=\"https:\/\/dmcsrb.com\/en\/region\/slovenija-uvela-sankcije-dodiku-i-zabranila-ulazak-u-zemlju\/\" \/>\n<meta property=\"og:locale\" content=\"en_GB\" \/>\n<meta property=\"og:type\" content=\"article\" \/>\n<meta property=\"og:title\" content=\"Slovenija uvela sankcije Dodiku i zabranila ulazak u zemlju - dmcsrb.com\" \/>\n<meta property=\"og:description\" content=\"Nakon \u0161to je Vlada Slovenije prije dvije nedjelje nalo\u017eila Ministarstvu spoljnih poslova da dopuni materijal o zabrani ulaska Miloradu Dodiku u Sloveniju, a pro\u0161le nedjelje tu ta\u010dku nije stavila na dnevni red sjednice, danas je potvrdila uvo\u0111enje sankcija\" \/>\n<meta property=\"og:url\" content=\"https:\/\/dmcsrb.com\/en\/region\/slovenija-uvela-sankcije-dodiku-i-zabranila-ulazak-u-zemlju\/\" \/>\n<meta property=\"og:site_name\" content=\"dmcsrb.com\" \/>\n<meta property=\"article:published_time\" content=\"2025-09-11T13:03:00+00:00\" \/>\n<meta property=\"og:image\" content=\"https:\/\/dmcsrb.com\/wp-content\/uploads\/2026\/01\/dodik-printscreen-rtrs.webp\" \/>\n\t<meta property=\"og:image:width\" content=\"798\" \/>\n\t<meta property=\"og:image:height\" content=\"489\" \/>\n\t<meta property=\"og:image:type\" content=\"image\/jpeg\" \/>\n<meta name=\"author\" content=\"dmcsrbija.com@gmail.com\" \/>\n<meta name=\"twitter:card\" content=\"summary_large_image\" \/>\n<meta name=\"twitter:label1\" content=\"Written by\" \/>\n\t<meta name=\"twitter:data1\" content=\"dmcsrbija.com@gmail.com\" \/>\n\t<meta name=\"twitter:label2\" content=\"Estimated reading time\" \/>\n\t<meta name=\"twitter:data2\" content=\"2 minutes\" \/>\n<script type=\"application\/ld+json\" class=\"yoast-schema-graph\">{\"@context\":\"https:\\\/\\\/schema.org\",\"@graph\":[{\"@type\":\"Article\",\"@id\":\"https:\\\/\\\/dmcsrb.com\\\/region\\\/slovenija-uvela-sankcije-dodiku-i-zabranila-ulazak-u-zemlju\\\/#article\",\"isPartOf\":{\"@id\":\"https:\\\/\\\/dmcsrb.com\\\/region\\\/slovenija-uvela-sankcije-dodiku-i-zabranila-ulazak-u-zemlju\\\/\"},\"author\":{\"name\":\"dmcsrbija.com@gmail.com\",\"@id\":\"https:\\\/\\\/dmcsrb.com\\\/#\\\/schema\\\/person\\\/5c39170f12db1b8b457732d0b5c854e2\"},\"headline\":\"Slovenija uvela sankcije Dodiku i zabranila ulazak u zemlju\",\"datePublished\":\"2025-09-11T13:03:00+00:00\",\"mainEntityOfPage\":{\"@id\":\"https:\\\/\\\/dmcsrb.com\\\/region\\\/slovenija-uvela-sankcije-dodiku-i-zabranila-ulazak-u-zemlju\\\/\"},\"wordCount\":368,\"commentCount\":0,\"image\":{\"@id\":\"https:\\\/\\\/dmcsrb.com\\\/region\\\/slovenija-uvela-sankcije-dodiku-i-zabranila-ulazak-u-zemlju\\\/#primaryimage\"},\"thumbnailUrl\":\"https:\\\/\\\/dmcsrb.com\\\/wp-content\\\/uploads\\\/2026\\\/01\\\/dodik-printscreen-rtrs.webp\",\"keywords\":[\"Dodik\",\"Slovenija\"],\"articleSection\":[\"Region\"],\"inLanguage\":\"en-GB\",\"potentialAction\":[{\"@type\":\"CommentAction\",\"name\":\"Comment\",\"target\":[\"https:\\\/\\\/dmcsrb.com\\\/region\\\/slovenija-uvela-sankcije-dodiku-i-zabranila-ulazak-u-zemlju\\\/#respond\"]}]},{\"@type\":\"WebPage\",\"@id\":\"https:\\\/\\\/dmcsrb.com\\\/region\\\/slovenija-uvela-sankcije-dodiku-i-zabranila-ulazak-u-zemlju\\\/\",\"url\":\"https:\\\/\\\/dmcsrb.com\\\/region\\\/slovenija-uvela-sankcije-dodiku-i-zabranila-ulazak-u-zemlju\\\/\",\"name\":\"Slovenija uvela sankcije Dodiku i zabranila ulazak u zemlju - dmcsrb.com\",\"isPartOf\":{\"@id\":\"https:\\\/\\\/dmcsrb.com\\\/#website\"},\"primaryImageOfPage\":{\"@id\":\"https:\\\/\\\/dmcsrb.com\\\/region\\\/slovenija-uvela-sankcije-dodiku-i-zabranila-ulazak-u-zemlju\\\/#primaryimage\"},\"image\":{\"@id\":\"https:\\\/\\\/dmcsrb.com\\\/region\\\/slovenija-uvela-sankcije-dodiku-i-zabranila-ulazak-u-zemlju\\\/#primaryimage\"},\"thumbnailUrl\":\"https:\\\/\\\/dmcsrb.com\\\/wp-content\\\/uploads\\\/2026\\\/01\\\/dodik-printscreen-rtrs.webp\",\"datePublished\":\"2025-09-11T13:03:00+00:00\",\"author\":{\"@id\":\"https:\\\/\\\/dmcsrb.com\\\/#\\\/schema\\\/person\\\/5c39170f12db1b8b457732d0b5c854e2\"},\"breadcrumb\":{\"@id\":\"https:\\\/\\\/dmcsrb.com\\\/region\\\/slovenija-uvela-sankcije-dodiku-i-zabranila-ulazak-u-zemlju\\\/#breadcrumb\"},\"inLanguage\":\"en-GB\",\"potentialAction\":[{\"@type\":\"ReadAction\",\"target\":[\"https:\\\/\\\/dmcsrb.com\\\/region\\\/slovenija-uvela-sankcije-dodiku-i-zabranila-ulazak-u-zemlju\\\/\"]}]},{\"@type\":\"ImageObject\",\"inLanguage\":\"en-GB\",\"@id\":\"https:\\\/\\\/dmcsrb.com\\\/region\\\/slovenija-uvela-sankcije-dodiku-i-zabranila-ulazak-u-zemlju\\\/#primaryimage\",\"url\":\"https:\\\/\\\/dmcsrb.com\\\/wp-content\\\/uploads\\\/2026\\\/01\\\/dodik-printscreen-rtrs.webp\",\"contentUrl\":\"https:\\\/\\\/dmcsrb.com\\\/wp-content\\\/uploads\\\/2026\\\/01\\\/dodik-printscreen-rtrs.webp\",\"width\":798,\"height\":489},{\"@type\":\"BreadcrumbList\",\"@id\":\"https:\\\/\\\/dmcsrb.com\\\/region\\\/slovenija-uvela-sankcije-dodiku-i-zabranila-ulazak-u-zemlju\\\/#breadcrumb\",\"itemListElement\":[{\"@type\":\"ListItem\",\"position\":1,\"name\":\"Home\",\"item\":\"https:\\\/\\\/dmcsrb.com\\\/\"},{\"@type\":\"ListItem\",\"position\":2,\"name\":\"Slovenija uvela sankcije Dodiku i zabranila ulazak u zemlju\"}]},{\"@type\":\"WebSite\",\"@id\":\"https:\\\/\\\/dmcsrb.com\\\/#website\",\"url\":\"https:\\\/\\\/dmcsrb.com\\\/\",\"name\":\"dmcsrb.com\",\"description\":\"\",\"potentialAction\":[{\"@type\":\"SearchAction\",\"target\":{\"@type\":\"EntryPoint\",\"urlTemplate\":\"https:\\\/\\\/dmcsrb.com\\\/?s={search_term_string}\"},\"query-input\":{\"@type\":\"PropertyValueSpecification\",\"valueRequired\":true,\"valueName\":\"search_term_string\"}}],\"inLanguage\":\"en-GB\"},{\"@type\":\"Person\",\"@id\":\"https:\\\/\\\/dmcsrb.com\\\/#\\\/schema\\\/person\\\/5c39170f12db1b8b457732d0b5c854e2\",\"name\":\"dmcsrbija.com@gmail.com\",\"image\":{\"@type\":\"ImageObject\",\"inLanguage\":\"en-GB\",\"@id\":\"https:\\\/\\\/secure.gravatar.com\\\/avatar\\\/68592660ad6347fad0fb587f8d5d8f1a7b44961362f56e4f2cd524feb87e9069?s=96&d=mm&r=g\",\"url\":\"https:\\\/\\\/secure.gravatar.com\\\/avatar\\\/68592660ad6347fad0fb587f8d5d8f1a7b44961362f56e4f2cd524feb87e9069?s=96&d=mm&r=g\",\"contentUrl\":\"https:\\\/\\\/secure.gravatar.com\\\/avatar\\\/68592660ad6347fad0fb587f8d5d8f1a7b44961362f56e4f2cd524feb87e9069?s=96&d=mm&r=g\",\"caption\":\"dmcsrbija.com@gmail.com\"},\"sameAs\":[\"https:\\\/\\\/dmcsrb.com\"],\"url\":\"https:\\\/\\\/dmcsrb.com\\\/en\\\/author\\\/dmcsrbija-comgmail-com\\\/\"}]}<\/script>\n<!-- \/ Yoast SEO plugin. -->","yoast_head_json":{"title":"Slovenija uvela sankcije Dodiku i zabranila ulazak u zemlju - dmcsrb.com","robots":{"index":"index","follow":"follow","max-snippet":"max-snippet:-1","max-image-preview":"max-image-preview:large","max-video-preview":"max-video-preview:-1"},"canonical":"https:\/\/dmcsrb.com\/en\/region\/slovenija-uvela-sankcije-dodiku-i-zabranila-ulazak-u-zemlju\/","og_locale":"en_GB","og_type":"article","og_title":"Slovenija uvela sankcije Dodiku i zabranila ulazak u zemlju - dmcsrb.com","og_description":"Nakon \u0161to je Vlada Slovenije prije dvije nedjelje nalo\u017eila Ministarstvu spoljnih poslova da dopuni materijal o zabrani ulaska Miloradu Dodiku u Sloveniju, a pro\u0161le nedjelje tu ta\u010dku nije stavila na dnevni red sjednice, danas je potvrdila uvo\u0111enje sankcija","og_url":"https:\/\/dmcsrb.com\/en\/region\/slovenija-uvela-sankcije-dodiku-i-zabranila-ulazak-u-zemlju\/","og_site_name":"dmcsrb.com","article_published_time":"2025-09-11T13:03:00+00:00","og_image":[{"width":798,"height":489,"url":"https:\/\/dmcsrb.com\/wp-content\/uploads\/2026\/01\/dodik-printscreen-rtrs.webp","type":"image\/jpeg"}],"author":"dmcsrbija.com@gmail.com","twitter_card":"summary_large_image","twitter_misc":{"Written by":"dmcsrbija.com@gmail.com","Estimated reading time":"2 minutes"},"schema":{"@context":"https:\/\/schema.org","@graph":[{"@type":"Article","@id":"https:\/\/dmcsrb.com\/region\/slovenija-uvela-sankcije-dodiku-i-zabranila-ulazak-u-zemlju\/#article","isPartOf":{"@id":"https:\/\/dmcsrb.com\/region\/slovenija-uvela-sankcije-dodiku-i-zabranila-ulazak-u-zemlju\/"},"author":{"name":"dmcsrbija.com@gmail.com","@id":"https:\/\/dmcsrb.com\/#\/schema\/person\/5c39170f12db1b8b457732d0b5c854e2"},"headline":"Slovenija uvela sankcije Dodiku i zabranila ulazak u zemlju","datePublished":"2025-09-11T13:03:00+00:00","mainEntityOfPage":{"@id":"https:\/\/dmcsrb.com\/region\/slovenija-uvela-sankcije-dodiku-i-zabranila-ulazak-u-zemlju\/"},"wordCount":368,"commentCount":0,"image":{"@id":"https:\/\/dmcsrb.com\/region\/slovenija-uvela-sankcije-dodiku-i-zabranila-ulazak-u-zemlju\/#primaryimage"},"thumbnailUrl":"https:\/\/dmcsrb.com\/wp-content\/uploads\/2026\/01\/dodik-printscreen-rtrs.webp","keywords":["Dodik","Slovenija"],"articleSection":["Region"],"inLanguage":"en-GB","potentialAction":[{"@type":"CommentAction","name":"Comment","target":["https:\/\/dmcsrb.com\/region\/slovenija-uvela-sankcije-dodiku-i-zabranila-ulazak-u-zemlju\/#respond"]}]},{"@type":"WebPage","@id":"https:\/\/dmcsrb.com\/region\/slovenija-uvela-sankcije-dodiku-i-zabranila-ulazak-u-zemlju\/","url":"https:\/\/dmcsrb.com\/region\/slovenija-uvela-sankcije-dodiku-i-zabranila-ulazak-u-zemlju\/","name":"Slovenija uvela sankcije Dodiku i zabranila ulazak u zemlju - dmcsrb.com","isPartOf":{"@id":"https:\/\/dmcsrb.com\/#website"},"primaryImageOfPage":{"@id":"https:\/\/dmcsrb.com\/region\/slovenija-uvela-sankcije-dodiku-i-zabranila-ulazak-u-zemlju\/#primaryimage"},"image":{"@id":"https:\/\/dmcsrb.com\/region\/slovenija-uvela-sankcije-dodiku-i-zabranila-ulazak-u-zemlju\/#primaryimage"},"thumbnailUrl":"https:\/\/dmcsrb.com\/wp-content\/uploads\/2026\/01\/dodik-printscreen-rtrs.webp","datePublished":"2025-09-11T13:03:00+00:00","author":{"@id":"https:\/\/dmcsrb.com\/#\/schema\/person\/5c39170f12db1b8b457732d0b5c854e2"},"breadcrumb":{"@id":"https:\/\/dmcsrb.com\/region\/slovenija-uvela-sankcije-dodiku-i-zabranila-ulazak-u-zemlju\/#breadcrumb"},"inLanguage":"en-GB","potentialAction":[{"@type":"ReadAction","target":["https:\/\/dmcsrb.com\/region\/slovenija-uvela-sankcije-dodiku-i-zabranila-ulazak-u-zemlju\/"]}]},{"@type":"ImageObject","inLanguage":"en-GB","@id":"https:\/\/dmcsrb.com\/region\/slovenija-uvela-sankcije-dodiku-i-zabranila-ulazak-u-zemlju\/#primaryimage","url":"https:\/\/dmcsrb.com\/wp-content\/uploads\/2026\/01\/dodik-printscreen-rtrs.webp","contentUrl":"https:\/\/dmcsrb.com\/wp-content\/uploads\/2026\/01\/dodik-printscreen-rtrs.webp","width":798,"height":489},{"@type":"BreadcrumbList","@id":"https:\/\/dmcsrb.com\/region\/slovenija-uvela-sankcije-dodiku-i-zabranila-ulazak-u-zemlju\/#breadcrumb","itemListElement":[{"@type":"ListItem","position":1,"name":"Home","item":"https:\/\/dmcsrb.com\/"},{"@type":"ListItem","position":2,"name":"Slovenija uvela sankcije Dodiku i zabranila ulazak u zemlju"}]},{"@type":"WebSite","@id":"https:\/\/dmcsrb.com\/#website","url":"https:\/\/dmcsrb.com\/","name":"dmcsrb.com","description":"","potentialAction":[{"@type":"SearchAction","target":{"@type":"EntryPoint","urlTemplate":"https:\/\/dmcsrb.com\/?s={search_term_string}"},"query-input":{"@type":"PropertyValueSpecification","valueRequired":true,"valueName":"search_term_string"}}],"inLanguage":"en-GB"},{"@type":"Person","@id":"https:\/\/dmcsrb.com\/#\/schema\/person\/5c39170f12db1b8b457732d0b5c854e2","name":"dmcsrbija.com@gmail.com","image":{"@type":"ImageObject","inLanguage":"en-GB","@id":"https:\/\/secure.gravatar.com\/avatar\/68592660ad6347fad0fb587f8d5d8f1a7b44961362f56e4f2cd524feb87e9069?s=96&d=mm&r=g","url":"https:\/\/secure.gravatar.com\/avatar\/68592660ad6347fad0fb587f8d5d8f1a7b44961362f56e4f2cd524feb87e9069?s=96&d=mm&r=g","contentUrl":"https:\/\/secure.gravatar.com\/avatar\/68592660ad6347fad0fb587f8d5d8f1a7b44961362f56e4f2cd524feb87e9069?s=96&d=mm&r=g","caption":"dmcsrbija.com@gmail.com"},"sameAs":["https:\/\/dmcsrb.com"],"url":"https:\/\/dmcsrb.com\/en\/author\/dmcsrbija-comgmail-com\/"}]}},"_links":{"self":[{"href":"https:\/\/dmcsrb.com\/en\/wp-json\/wp\/v2\/posts\/951536","targetHints":{"allow":["GET"]}}],"collection":[{"href":"https:\/\/dmcsrb.com\/en\/wp-json\/wp\/v2\/posts"}],"about":[{"href":"https:\/\/dmcsrb.com\/en\/wp-json\/wp\/v2\/types\/post"}],"author":[{"embeddable":true,"href":"https:\/\/dmcsrb.com\/en\/wp-json\/wp\/v2\/users\/1"}],"replies":[{"embeddable":true,"href":"https:\/\/dmcsrb.com\/en\/wp-json\/wp\/v2\/comments?post=951536"}],"version-history":[{"count":0,"href":"https:\/\/dmcsrb.com\/en\/wp-json\/wp\/v2\/posts\/951536\/revisions"}],"wp:featuredmedia":[{"embeddable":true,"href":"https:\/\/dmcsrb.com\/en\/wp-json\/wp\/v2\/media\/944700"}],"wp:attachment":[{"href":"https:\/\/dmcsrb.com\/en\/wp-json\/wp\/v2\/media?parent=951536"}],"wp:term":[{"taxonomy":"category","embeddable":true,"href":"https:\/\/dmcsrb.com\/en\/wp-json\/wp\/v2\/categories?post=951536"},{"taxonomy":"post_tag","embeddable":true,"href":"https:\/\/dmcsrb.com\/en\/wp-json\/wp\/v2\/tags?post=951536"},{"taxonomy":"naslovna","embeddable":true,"href":"https:\/\/dmcsrb.com\/en\/wp-json\/wp\/v2\/naslovna?post=951536"}],"curies":[{"name":"wp","href":"https:\/\/api.w.org\/{rel}","templated":true}]}}