{"id":951492,"date":"2025-09-11T11:32:00","date_gmt":"2025-09-11T09:32:00","guid":{"rendered":"https:\/\/dmcsrb.com\/uncategorized\/sancez-nemamo-nuklearke-ni-naftu-da-zaustavimo-izrael-ali-necemo-odustati\/"},"modified":"2025-09-11T11:32:00","modified_gmt":"2025-09-11T09:32:00","slug":"sancez-nemamo-nuklearke-ni-naftu-da-zaustavimo-izrael-ali-necemo-odustati","status":"publish","type":"post","link":"https:\/\/dmcsrb.com\/en\/svijet\/sancez-nemamo-nuklearke-ni-naftu-da-zaustavimo-izrael-ali-necemo-odustati\/","title":{"rendered":"San\u010dez: Nemamo nuklearke ni naftu da zaustavimo Izrael, ali ne\u0107emo odustati"},"content":{"rendered":"<p><\/p>\n\n\n\n<p>&#8220;\u0160panija, kao \u0161to znate, nema nuklearne bombe, nosa\u010de aviona ili velike rezerve nafte. Mi sami ne mo\u017eemo zaustaviti izraelsku ofanzivu. Ali to ne zna\u010di da ne\u0107emo nastaviti poku\u0161avati. Jer postoje ciljevi za koje vrijedi boriti se, \u010dak i kada njihovo ostvarenje ne zavisi samo od nas&#8221;, rekao je San\u010dez.<\/p>\n\n\n\n<p>Premijer je podsjetio na mjere koje je \u0160panija usvojila u posljednje dvije godine kako bi izvr\u0161ila pritisak na vladu izraelskog premijera Benjamina Netanjahua i ubla\u017eila patnje civila u Gazi.<\/p>\n\n\n\n<p>Me\u0111u njima su obustava prodaje vojne opreme Izraelu, pove\u0107ana humanitarna pomo\u0107 Gazi te nedavno priznanje dr\u017eave Palestine.<\/p>\n\n\n\n<p>San\u010dez je tom prilikom najavio i devet novih mjera, me\u0111u kojima se posebno izdvajaju potpuni embargo na izvoz oru\u017eja u Izrael i zabrana uvoza proizvoda iz ilegalnih izraelskih naselja.<\/p>\n\n\n\n<p>Na ovaj na\u010din Madrid se, uz ograni\u010dene mogu\u0107nosti, profili\u0161e kao jedna od rijetkih evropskih prestonica koja aktivno i javno osporava izraelsku politiku prema Palestincima, \u0161alju\u0107i jasnu poruku da moralna i politi\u010dka odgovornost ne zavisi isklju\u010divo od snage oru\u017eja ili ekonomske mo\u0107i.<\/p>","protected":false},"excerpt":{"rendered":"<p>\u0160panski premijer Pedro San\u010dez poru\u010dio je da njegova zemlja, iako nema nuklearno oru\u017eje, nosa\u010de aviona niti velike zalihe nafte, koristi sve raspolo\u017eive mehanizme kako bi poku\u0161ala zaustaviti izraelsku ofanzivu na Gazu, gdje je broj poginulih Palestinaca prema podacima Ministarstva zdravstva prema\u0161io 64.000.<\/p>","protected":false},"author":1,"featured_media":917200,"comment_status":"open","ping_status":"open","sticky":false,"template":"","format":"standard","meta":{"_acf_changed":false,"footnotes":""},"categories":[144],"tags":[751,143,7720,5368,6208],"naslovna":[],"class_list":["post-951492","post","type-post","status-publish","format-standard","has-post-thumbnail","hentry","category-svijet","tag-izrael","tag-nafta","tag-nuklearka","tag-pedro-sancez","tag-zaustavljanje"],"acf":[],"yoast_head":"<!-- This site is optimized with the Yoast SEO plugin v27.4 - https:\/\/yoast.com\/product\/yoast-seo-wordpress\/ -->\n<title>San\u010dez: Nemamo nuklearke ni naftu da zaustavimo Izrael, ali ne\u0107emo odustati - dmcsrb.com<\/title>\n<meta name=\"robots\" content=\"index, follow, max-snippet:-1, max-image-preview:large, max-video-preview:-1\" \/>\n<link rel=\"canonical\" href=\"https:\/\/dmcsrb.com\/en\/svijet\/sancez-nemamo-nuklearke-ni-naftu-da-zaustavimo-izrael-ali-necemo-odustati\/\" \/>\n<meta property=\"og:locale\" content=\"en_GB\" \/>\n<meta property=\"og:type\" content=\"article\" \/>\n<meta property=\"og:title\" content=\"San\u010dez: Nemamo nuklearke ni naftu da zaustavimo Izrael, ali ne\u0107emo odustati - dmcsrb.com\" \/>\n<meta property=\"og:description\" content=\"\u0160panski premijer Pedro San\u010dez poru\u010dio je da njegova zemlja, iako nema nuklearno oru\u017eje, nosa\u010de aviona niti velike zalihe nafte, koristi sve raspolo\u017eive mehanizme kako bi poku\u0161ala zaustaviti izraelsku ofanzivu na Gazu, gdje je broj poginulih Palestinaca prema podacima Ministarstva zdravstva prema\u0161io 64.000.\" \/>\n<meta property=\"og:url\" content=\"https:\/\/dmcsrb.com\/en\/svijet\/sancez-nemamo-nuklearke-ni-naftu-da-zaustavimo-izrael-ali-necemo-odustati\/\" \/>\n<meta property=\"og:site_name\" content=\"dmcsrb.com\" \/>\n<meta property=\"article:published_time\" content=\"2025-09-11T09:32:00+00:00\" \/>\n<meta property=\"og:image\" content=\"https:\/\/dmcsrb.com\/wp-content\/uploads\/2026\/01\/Pedro-Sancez-1068x540-1-1000x540-1.jpg\" \/>\n\t<meta property=\"og:image:width\" content=\"1000\" \/>\n\t<meta property=\"og:image:height\" content=\"540\" \/>\n\t<meta property=\"og:image:type\" content=\"image\/jpeg\" \/>\n<meta name=\"author\" content=\"dmcsrbija.com@gmail.com\" \/>\n<meta name=\"twitter:card\" content=\"summary_large_image\" \/>\n<meta name=\"twitter:label1\" content=\"Written by\" \/>\n\t<meta name=\"twitter:data1\" content=\"dmcsrbija.com@gmail.com\" \/>\n\t<meta name=\"twitter:label2\" content=\"Estimated reading time\" \/>\n\t<meta name=\"twitter:data2\" content=\"1 minute\" \/>\n<script type=\"application\/ld+json\" class=\"yoast-schema-graph\">{\"@context\":\"https:\\\/\\\/schema.org\",\"@graph\":[{\"@type\":\"Article\",\"@id\":\"https:\\\/\\\/dmcsrb.com\\\/svijet\\\/sancez-nemamo-nuklearke-ni-naftu-da-zaustavimo-izrael-ali-necemo-odustati\\\/#article\",\"isPartOf\":{\"@id\":\"https:\\\/\\\/dmcsrb.com\\\/svijet\\\/sancez-nemamo-nuklearke-ni-naftu-da-zaustavimo-izrael-ali-necemo-odustati\\\/\"},\"author\":{\"name\":\"dmcsrbija.com@gmail.com\",\"@id\":\"https:\\\/\\\/dmcsrb.com\\\/#\\\/schema\\\/person\\\/5c39170f12db1b8b457732d0b5c854e2\"},\"headline\":\"San\u010dez: Nemamo nuklearke ni naftu da zaustavimo Izrael, ali ne\u0107emo odustati\",\"datePublished\":\"2025-09-11T09:32:00+00:00\",\"mainEntityOfPage\":{\"@id\":\"https:\\\/\\\/dmcsrb.com\\\/svijet\\\/sancez-nemamo-nuklearke-ni-naftu-da-zaustavimo-izrael-ali-necemo-odustati\\\/\"},\"wordCount\":201,\"commentCount\":0,\"image\":{\"@id\":\"https:\\\/\\\/dmcsrb.com\\\/svijet\\\/sancez-nemamo-nuklearke-ni-naftu-da-zaustavimo-izrael-ali-necemo-odustati\\\/#primaryimage\"},\"thumbnailUrl\":\"https:\\\/\\\/dmcsrb.com\\\/wp-content\\\/uploads\\\/2026\\\/01\\\/Pedro-Sancez-1068x540-1-1000x540-1.jpg\",\"keywords\":[\"Izrael\",\"nafta\",\"nuklearka\",\"Pedro San\u010dez\",\"Zaustavljanje\"],\"articleSection\":[\"Svijet\"],\"inLanguage\":\"en-GB\",\"potentialAction\":[{\"@type\":\"CommentAction\",\"name\":\"Comment\",\"target\":[\"https:\\\/\\\/dmcsrb.com\\\/svijet\\\/sancez-nemamo-nuklearke-ni-naftu-da-zaustavimo-izrael-ali-necemo-odustati\\\/#respond\"]}]},{\"@type\":\"WebPage\",\"@id\":\"https:\\\/\\\/dmcsrb.com\\\/svijet\\\/sancez-nemamo-nuklearke-ni-naftu-da-zaustavimo-izrael-ali-necemo-odustati\\\/\",\"url\":\"https:\\\/\\\/dmcsrb.com\\\/svijet\\\/sancez-nemamo-nuklearke-ni-naftu-da-zaustavimo-izrael-ali-necemo-odustati\\\/\",\"name\":\"San\u010dez: Nemamo nuklearke ni naftu da zaustavimo Izrael, ali ne\u0107emo odustati - dmcsrb.com\",\"isPartOf\":{\"@id\":\"https:\\\/\\\/dmcsrb.com\\\/#website\"},\"primaryImageOfPage\":{\"@id\":\"https:\\\/\\\/dmcsrb.com\\\/svijet\\\/sancez-nemamo-nuklearke-ni-naftu-da-zaustavimo-izrael-ali-necemo-odustati\\\/#primaryimage\"},\"image\":{\"@id\":\"https:\\\/\\\/dmcsrb.com\\\/svijet\\\/sancez-nemamo-nuklearke-ni-naftu-da-zaustavimo-izrael-ali-necemo-odustati\\\/#primaryimage\"},\"thumbnailUrl\":\"https:\\\/\\\/dmcsrb.com\\\/wp-content\\\/uploads\\\/2026\\\/01\\\/Pedro-Sancez-1068x540-1-1000x540-1.jpg\",\"datePublished\":\"2025-09-11T09:32:00+00:00\",\"author\":{\"@id\":\"https:\\\/\\\/dmcsrb.com\\\/#\\\/schema\\\/person\\\/5c39170f12db1b8b457732d0b5c854e2\"},\"breadcrumb\":{\"@id\":\"https:\\\/\\\/dmcsrb.com\\\/svijet\\\/sancez-nemamo-nuklearke-ni-naftu-da-zaustavimo-izrael-ali-necemo-odustati\\\/#breadcrumb\"},\"inLanguage\":\"en-GB\",\"potentialAction\":[{\"@type\":\"ReadAction\",\"target\":[\"https:\\\/\\\/dmcsrb.com\\\/svijet\\\/sancez-nemamo-nuklearke-ni-naftu-da-zaustavimo-izrael-ali-necemo-odustati\\\/\"]}]},{\"@type\":\"ImageObject\",\"inLanguage\":\"en-GB\",\"@id\":\"https:\\\/\\\/dmcsrb.com\\\/svijet\\\/sancez-nemamo-nuklearke-ni-naftu-da-zaustavimo-izrael-ali-necemo-odustati\\\/#primaryimage\",\"url\":\"https:\\\/\\\/dmcsrb.com\\\/wp-content\\\/uploads\\\/2026\\\/01\\\/Pedro-Sancez-1068x540-1-1000x540-1.jpg\",\"contentUrl\":\"https:\\\/\\\/dmcsrb.com\\\/wp-content\\\/uploads\\\/2026\\\/01\\\/Pedro-Sancez-1068x540-1-1000x540-1.jpg\",\"width\":1000,\"height\":540},{\"@type\":\"BreadcrumbList\",\"@id\":\"https:\\\/\\\/dmcsrb.com\\\/svijet\\\/sancez-nemamo-nuklearke-ni-naftu-da-zaustavimo-izrael-ali-necemo-odustati\\\/#breadcrumb\",\"itemListElement\":[{\"@type\":\"ListItem\",\"position\":1,\"name\":\"Home\",\"item\":\"https:\\\/\\\/dmcsrb.com\\\/\"},{\"@type\":\"ListItem\",\"position\":2,\"name\":\"San\u010dez: Nemamo nuklearke ni naftu da zaustavimo Izrael, ali ne\u0107emo odustati\"}]},{\"@type\":\"WebSite\",\"@id\":\"https:\\\/\\\/dmcsrb.com\\\/#website\",\"url\":\"https:\\\/\\\/dmcsrb.com\\\/\",\"name\":\"dmcsrb.com\",\"description\":\"\",\"potentialAction\":[{\"@type\":\"SearchAction\",\"target\":{\"@type\":\"EntryPoint\",\"urlTemplate\":\"https:\\\/\\\/dmcsrb.com\\\/?s={search_term_string}\"},\"query-input\":{\"@type\":\"PropertyValueSpecification\",\"valueRequired\":true,\"valueName\":\"search_term_string\"}}],\"inLanguage\":\"en-GB\"},{\"@type\":\"Person\",\"@id\":\"https:\\\/\\\/dmcsrb.com\\\/#\\\/schema\\\/person\\\/5c39170f12db1b8b457732d0b5c854e2\",\"name\":\"dmcsrbija.com@gmail.com\",\"image\":{\"@type\":\"ImageObject\",\"inLanguage\":\"en-GB\",\"@id\":\"https:\\\/\\\/secure.gravatar.com\\\/avatar\\\/68592660ad6347fad0fb587f8d5d8f1a7b44961362f56e4f2cd524feb87e9069?s=96&d=mm&r=g\",\"url\":\"https:\\\/\\\/secure.gravatar.com\\\/avatar\\\/68592660ad6347fad0fb587f8d5d8f1a7b44961362f56e4f2cd524feb87e9069?s=96&d=mm&r=g\",\"contentUrl\":\"https:\\\/\\\/secure.gravatar.com\\\/avatar\\\/68592660ad6347fad0fb587f8d5d8f1a7b44961362f56e4f2cd524feb87e9069?s=96&d=mm&r=g\",\"caption\":\"dmcsrbija.com@gmail.com\"},\"sameAs\":[\"https:\\\/\\\/dmcsrb.com\"],\"url\":\"https:\\\/\\\/dmcsrb.com\\\/en\\\/author\\\/dmcsrbija-comgmail-com\\\/\"}]}<\/script>\n<!-- \/ Yoast SEO plugin. -->","yoast_head_json":{"title":"San\u010dez: Nemamo nuklearke ni naftu da zaustavimo Izrael, ali ne\u0107emo odustati - dmcsrb.com","robots":{"index":"index","follow":"follow","max-snippet":"max-snippet:-1","max-image-preview":"max-image-preview:large","max-video-preview":"max-video-preview:-1"},"canonical":"https:\/\/dmcsrb.com\/en\/svijet\/sancez-nemamo-nuklearke-ni-naftu-da-zaustavimo-izrael-ali-necemo-odustati\/","og_locale":"en_GB","og_type":"article","og_title":"San\u010dez: Nemamo nuklearke ni naftu da zaustavimo Izrael, ali ne\u0107emo odustati - dmcsrb.com","og_description":"\u0160panski premijer Pedro San\u010dez poru\u010dio je da njegova zemlja, iako nema nuklearno oru\u017eje, nosa\u010de aviona niti velike zalihe nafte, koristi sve raspolo\u017eive mehanizme kako bi poku\u0161ala zaustaviti izraelsku ofanzivu na Gazu, gdje je broj poginulih Palestinaca prema podacima Ministarstva zdravstva prema\u0161io 64.000.","og_url":"https:\/\/dmcsrb.com\/en\/svijet\/sancez-nemamo-nuklearke-ni-naftu-da-zaustavimo-izrael-ali-necemo-odustati\/","og_site_name":"dmcsrb.com","article_published_time":"2025-09-11T09:32:00+00:00","og_image":[{"width":1000,"height":540,"url":"https:\/\/dmcsrb.com\/wp-content\/uploads\/2026\/01\/Pedro-Sancez-1068x540-1-1000x540-1.jpg","type":"image\/jpeg"}],"author":"dmcsrbija.com@gmail.com","twitter_card":"summary_large_image","twitter_misc":{"Written by":"dmcsrbija.com@gmail.com","Estimated reading time":"1 minute"},"schema":{"@context":"https:\/\/schema.org","@graph":[{"@type":"Article","@id":"https:\/\/dmcsrb.com\/svijet\/sancez-nemamo-nuklearke-ni-naftu-da-zaustavimo-izrael-ali-necemo-odustati\/#article","isPartOf":{"@id":"https:\/\/dmcsrb.com\/svijet\/sancez-nemamo-nuklearke-ni-naftu-da-zaustavimo-izrael-ali-necemo-odustati\/"},"author":{"name":"dmcsrbija.com@gmail.com","@id":"https:\/\/dmcsrb.com\/#\/schema\/person\/5c39170f12db1b8b457732d0b5c854e2"},"headline":"San\u010dez: Nemamo nuklearke ni naftu da zaustavimo Izrael, ali ne\u0107emo odustati","datePublished":"2025-09-11T09:32:00+00:00","mainEntityOfPage":{"@id":"https:\/\/dmcsrb.com\/svijet\/sancez-nemamo-nuklearke-ni-naftu-da-zaustavimo-izrael-ali-necemo-odustati\/"},"wordCount":201,"commentCount":0,"image":{"@id":"https:\/\/dmcsrb.com\/svijet\/sancez-nemamo-nuklearke-ni-naftu-da-zaustavimo-izrael-ali-necemo-odustati\/#primaryimage"},"thumbnailUrl":"https:\/\/dmcsrb.com\/wp-content\/uploads\/2026\/01\/Pedro-Sancez-1068x540-1-1000x540-1.jpg","keywords":["Izrael","nafta","nuklearka","Pedro San\u010dez","Zaustavljanje"],"articleSection":["Svijet"],"inLanguage":"en-GB","potentialAction":[{"@type":"CommentAction","name":"Comment","target":["https:\/\/dmcsrb.com\/svijet\/sancez-nemamo-nuklearke-ni-naftu-da-zaustavimo-izrael-ali-necemo-odustati\/#respond"]}]},{"@type":"WebPage","@id":"https:\/\/dmcsrb.com\/svijet\/sancez-nemamo-nuklearke-ni-naftu-da-zaustavimo-izrael-ali-necemo-odustati\/","url":"https:\/\/dmcsrb.com\/svijet\/sancez-nemamo-nuklearke-ni-naftu-da-zaustavimo-izrael-ali-necemo-odustati\/","name":"San\u010dez: Nemamo nuklearke ni naftu da zaustavimo Izrael, ali ne\u0107emo odustati - dmcsrb.com","isPartOf":{"@id":"https:\/\/dmcsrb.com\/#website"},"primaryImageOfPage":{"@id":"https:\/\/dmcsrb.com\/svijet\/sancez-nemamo-nuklearke-ni-naftu-da-zaustavimo-izrael-ali-necemo-odustati\/#primaryimage"},"image":{"@id":"https:\/\/dmcsrb.com\/svijet\/sancez-nemamo-nuklearke-ni-naftu-da-zaustavimo-izrael-ali-necemo-odustati\/#primaryimage"},"thumbnailUrl":"https:\/\/dmcsrb.com\/wp-content\/uploads\/2026\/01\/Pedro-Sancez-1068x540-1-1000x540-1.jpg","datePublished":"2025-09-11T09:32:00+00:00","author":{"@id":"https:\/\/dmcsrb.com\/#\/schema\/person\/5c39170f12db1b8b457732d0b5c854e2"},"breadcrumb":{"@id":"https:\/\/dmcsrb.com\/svijet\/sancez-nemamo-nuklearke-ni-naftu-da-zaustavimo-izrael-ali-necemo-odustati\/#breadcrumb"},"inLanguage":"en-GB","potentialAction":[{"@type":"ReadAction","target":["https:\/\/dmcsrb.com\/svijet\/sancez-nemamo-nuklearke-ni-naftu-da-zaustavimo-izrael-ali-necemo-odustati\/"]}]},{"@type":"ImageObject","inLanguage":"en-GB","@id":"https:\/\/dmcsrb.com\/svijet\/sancez-nemamo-nuklearke-ni-naftu-da-zaustavimo-izrael-ali-necemo-odustati\/#primaryimage","url":"https:\/\/dmcsrb.com\/wp-content\/uploads\/2026\/01\/Pedro-Sancez-1068x540-1-1000x540-1.jpg","contentUrl":"https:\/\/dmcsrb.com\/wp-content\/uploads\/2026\/01\/Pedro-Sancez-1068x540-1-1000x540-1.jpg","width":1000,"height":540},{"@type":"BreadcrumbList","@id":"https:\/\/dmcsrb.com\/svijet\/sancez-nemamo-nuklearke-ni-naftu-da-zaustavimo-izrael-ali-necemo-odustati\/#breadcrumb","itemListElement":[{"@type":"ListItem","position":1,"name":"Home","item":"https:\/\/dmcsrb.com\/"},{"@type":"ListItem","position":2,"name":"San\u010dez: Nemamo nuklearke ni naftu da zaustavimo Izrael, ali ne\u0107emo odustati"}]},{"@type":"WebSite","@id":"https:\/\/dmcsrb.com\/#website","url":"https:\/\/dmcsrb.com\/","name":"dmcsrb.com","description":"","potentialAction":[{"@type":"SearchAction","target":{"@type":"EntryPoint","urlTemplate":"https:\/\/dmcsrb.com\/?s={search_term_string}"},"query-input":{"@type":"PropertyValueSpecification","valueRequired":true,"valueName":"search_term_string"}}],"inLanguage":"en-GB"},{"@type":"Person","@id":"https:\/\/dmcsrb.com\/#\/schema\/person\/5c39170f12db1b8b457732d0b5c854e2","name":"dmcsrbija.com@gmail.com","image":{"@type":"ImageObject","inLanguage":"en-GB","@id":"https:\/\/secure.gravatar.com\/avatar\/68592660ad6347fad0fb587f8d5d8f1a7b44961362f56e4f2cd524feb87e9069?s=96&d=mm&r=g","url":"https:\/\/secure.gravatar.com\/avatar\/68592660ad6347fad0fb587f8d5d8f1a7b44961362f56e4f2cd524feb87e9069?s=96&d=mm&r=g","contentUrl":"https:\/\/secure.gravatar.com\/avatar\/68592660ad6347fad0fb587f8d5d8f1a7b44961362f56e4f2cd524feb87e9069?s=96&d=mm&r=g","caption":"dmcsrbija.com@gmail.com"},"sameAs":["https:\/\/dmcsrb.com"],"url":"https:\/\/dmcsrb.com\/en\/author\/dmcsrbija-comgmail-com\/"}]}},"_links":{"self":[{"href":"https:\/\/dmcsrb.com\/en\/wp-json\/wp\/v2\/posts\/951492","targetHints":{"allow":["GET"]}}],"collection":[{"href":"https:\/\/dmcsrb.com\/en\/wp-json\/wp\/v2\/posts"}],"about":[{"href":"https:\/\/dmcsrb.com\/en\/wp-json\/wp\/v2\/types\/post"}],"author":[{"embeddable":true,"href":"https:\/\/dmcsrb.com\/en\/wp-json\/wp\/v2\/users\/1"}],"replies":[{"embeddable":true,"href":"https:\/\/dmcsrb.com\/en\/wp-json\/wp\/v2\/comments?post=951492"}],"version-history":[{"count":0,"href":"https:\/\/dmcsrb.com\/en\/wp-json\/wp\/v2\/posts\/951492\/revisions"}],"wp:featuredmedia":[{"embeddable":true,"href":"https:\/\/dmcsrb.com\/en\/wp-json\/wp\/v2\/media\/917200"}],"wp:attachment":[{"href":"https:\/\/dmcsrb.com\/en\/wp-json\/wp\/v2\/media?parent=951492"}],"wp:term":[{"taxonomy":"category","embeddable":true,"href":"https:\/\/dmcsrb.com\/en\/wp-json\/wp\/v2\/categories?post=951492"},{"taxonomy":"post_tag","embeddable":true,"href":"https:\/\/dmcsrb.com\/en\/wp-json\/wp\/v2\/tags?post=951492"},{"taxonomy":"naslovna","embeddable":true,"href":"https:\/\/dmcsrb.com\/en\/wp-json\/wp\/v2\/naslovna?post=951492"}],"curies":[{"name":"wp","href":"https:\/\/api.w.org\/{rel}","templated":true}]}}