{"id":951465,"date":"2025-09-11T09:07:00","date_gmt":"2025-09-11T07:07:00","guid":{"rendered":"https:\/\/dmcsrb.com\/uncategorized\/nina-drakic-izabrana-u-upravni-odbor-eurochambresa\/"},"modified":"2025-09-11T09:07:00","modified_gmt":"2025-09-11T07:07:00","slug":"nina-drakic-izabrana-u-upravni-odbor-eurochambresa","status":"publish","type":"post","link":"https:\/\/dmcsrb.com\/en\/ekonomija\/nina-drakic-izabrana-u-upravni-odbor-eurochambresa\/","title":{"rendered":"Nina Draki\u0107 izabrana u Upravni odbor Eurochambresa"},"content":{"rendered":"<p><\/p>\n\n\n\n<p><\/p>\n\n\n\n<p>Sastanak je, kako su kazali, bio dragocjena prilika za razmjenu iskustava, ja\u010danje me\u0111ukomorske saradnje i razmatranje na\u010dina za unapre\u0111enje poslovnog ambijenta i podr\u0161ku privredi u vremenu brzih i slo\u017eenih promjena.<\/p>\n\n\n\n<p>Uz Draki\u0107, iz pridru\u017eenih \u010dlanica Eurochambresa u Upravni odbor izabrani su&nbsp;<strong>Vjekoslav Vukovi\u0107<\/strong>, potpredsjednik Spoljnotrgovinske komore Bosne i Hercegovine,&nbsp;<strong>Giorgi Pertaia<\/strong>, predsjednik Privredne komore Gruzije i&nbsp;<strong>Gennadiy Chyzhkov<\/strong>, predsjednik Privredne komore Ukrajine.<\/p>\n\n\n\n<p>Kako se dodaje u saop\u0161tenju, Draki\u0107 je zahvalila na izboru, istakav\u0161i da \u0107e se kroz rad u Upravnom odboru zalagati da crnogorska ekonomija postane aktivniji partner u oblikovanju poslovnog ambijenta, te da \u017eeli da doprinese ja\u010danju konkurentnosti na\u0161e ekonomije i njenoj punoj integraciji u evropsko tr\u017ei\u0161te.<\/p>\n\n\n\n<p>\u201cCrna Gora, kao predvodnica u procesu pristupanja EU, ima odli\u010dnu poziciju da poka\u017ee kako pro\u0161irenje mo\u017ee da funkcioni\u0161e u praksi, posebno kada je privatni sektor u potpunosti uklju\u010den, a Privredna komora je spremna da ima aktivnu ulogu. Zato ve\u0107 sada podr\u017eavamo na\u0161a preduze\u0107a kroz pru\u017eanje ciljanih usluga i obuka uskla\u0111enih sa standardima EU, olak\u0161avanje pristupa finansijama i EU programima, kao i ja\u010danje javno-privatnog dijaloga kako bi reforme odra\u017eavale stvarne potrebe biznisa\u201d, rekla je Draki\u0107.<\/p>\n\n\n\n<p>Prema njenim rije\u010dima, Crna Gora je, kao mala, ali istovremeno dinami\u010dna ekonomija, posve\u0107ena evropskim integracijama i razvoju konkurentnog, odr\u017eivog i inovativnog privrednog sistema. U tom procesu, Privredna komora Crne Gore prepoznaje zna\u010daj me\u0111unarodne saradnje, a posebno vrijednost \u010dlanstva i aktivnog u\u010de\u0161\u0107a u radu Eurochambresa koji predstavlja sna\u017ean glas evropske privrede i klju\u010dnu platformu za povezivanje privreda i unapre\u0111enje poslovnog okru\u017eenja Evrope.<\/p>\n\n\n\n<p>Kako je navela, sastanak je bio jo\u0161 jedna potvrda zajedni\u010dke opredijeljenosti ka sna\u017enijoj i povezanijoj privredi u Evropi.<\/p>\n\n\n\n<p>\u201cEvropi u kojoj komore igraju klju\u010dnu ulogu kao most izme\u0111u institucija i preduze\u0107a, ali i kao nosioci ideja, inicijativa i konkretnih rje\u0161enja\u201d, rekla je Draki\u0107<\/p>\n\n\n\n<p>Ona je, kako se navodi, zahvalila Eurochambresu na kontinuiranoj podr\u0161ci i povjerenju koje ukazuje Privrednoj komori Crne Gore i na\u0161oj zemlji kao perspektivnoj kandidatkinji za skoro \u010dlanstvo u EU.<\/p>\n\n\n\n<p>Predsjedavaju\u0107i sastankom, potpredsjednik Eurochambresa&nbsp;<strong>M. Rifat Hisarc\u0131kl\u0131o\u011flu<\/strong>&nbsp;naglasio je va\u017enost \u010dvrste me\u0111usobne povezanosti privrednih komora, kao i nastavka EU integracija u izazovnom vremenu za cio svijet koje karakteri\u0161u ratovi i nestabilnost ekonomskih prilika. Naglasio je da u izazovnim vremenima uloga privrednih komora postaje va\u017enija nego ikad.<\/p>\n\n\n\n<p>\u201cSuo\u010davamo se sa rastu\u0107im protekcionizmom, trgovinskim ratovima i regionalnim konfliktima. U takvim vremenima, uloga privrednih komora postaje va\u017enija nego ikada. Jer, komore predstavljaju most izme\u0111u privrede, vlada i dru\u0161tva. Mi branimo otvorena tr\u017ei\u0161ta, zala\u017eemo se za fer konkurenciju i pru\u017eamo privredi alate koji su joj potrebni za poslovanje. Glas smo preduzetnika, velikih i malih\u201d, kazao je.<\/p>\n\n\n\n<p>Istakao je da je zagovaranje jedna od klju\u010dnih uloga mre\u017ee komora.<\/p>\n\n\n\n<p>\u201cOva uloga treba da bude upotpunjena solidarno\u0161\u0107u i razmjenom znanja. Komore koje se dr\u017ee zajedno, u\u010de jedna od druge i govore jednim glasom suo\u010dene sa globalnim izazovima. Zato su nam potrebne ovakve platforme \u2013 da se okupimo, podijelimo brige, stavove i najbolje prakse\u201d, rekao je Hisarc\u0131kl\u0131o\u011flu koji je i predsjedavaju\u0107i Svjetske asocijacije Privrednih komora i predsjednik Unije privrednih komora i berzi Turske TOBB.<\/p>\n\n\n\n<p>Skup je, kako pi\u0161e u saop\u0161tenju, putem online uklju\u010denja pozdravio i predsjednik Eurochambresa&nbsp;<strong>Vladim\u00edr Dlouh\u00fd<\/strong>&nbsp;koji je naglasio da ova asocijacija ne okuplja samo komore iz EU ve\u0107 i dr\u017eava koje su van nje.<\/p>\n\n\n\n<p>\u201cMi zastupamo interese svih na\u0161ih \u010dlanica uklju\u010duju\u0107i i one koje su izvan EU. Jednako poku\u0161avamo da vas podr\u017eimo u procesima i izazovima, naro\u010dito onim koji se odnose na pristupanje EU. Sa takvom podr\u0161kom ne mo\u017eemo da pretjeramo, jer moramo doprinijeti rje\u0161avanju dugoro\u010dnih problema koji uti\u010du na konkurentnost EU na globalnom nivou\u201d, rekao je Dlouh\u00fd.<\/p>\n\n\n\n<p>On je najavio da \u0107e, ukoliko dobije jo\u0161 jedan mandat na \u010delu Eurochambres, doprinijeti pojednostavljenju evropskih procedura i unapre\u0111enju poslovnog ambijenta kako za biznise u EU tako i van njega.<\/p>\n\n\n\n<p>Prema njegovim rije\u010dima, mir jeste klju\u010dni preduslov za to i Evropa se svakako za to zala\u017ee.<\/p>\n\n\n\n<p>Tokom sastanka su se, ka\u017eu iz PKCG, predstavili kandidati za \u010dlanove Upravnog odbora Eurochambresa, a sa aktuelnim i budu\u0107im aktivnostima Eurochambresa u\u010desnike je upoznao izvr\u0161ni direktor te asocijacije&nbsp;<strong>Ben Butters<\/strong>.<\/p>\n\n\n\n<p>\u201cProces pro\u0161irenja je jedan od klju\u010dnih prioriteta Asocijacije evropskih privrednih komora. \u017delimo da pomognemo nacionalnim komorama zemalja \u010dlanica, da njihove biznis zajednice budu spremne za Evropsku uniju u budu\u0107nosti. U tom smislu blisko sara\u0111ujemo da Privrednom komorom Crne Gore i komorama drugih zemalja kandidata. Od komora o\u010dekujemo inpute kako bismo evropskim institucijama mogli prenijeti sna\u017enu poruku o mogu\u0107nostima i izazovima biznis zajednica u zemljama kandidatima dok se pripremaju za Evropsku uniju u budu\u0107nosti\u201d, rekao je Butters.<\/p>\n\n\n\n<p>Kako su zaklju\u010dili, uslijedila je diskusija u\u010desnika sastanka, tokom koje su predstavnici komora ukazali na izazove sa kojima se njihove \u010dlanice susre\u0107u na putu privrednog razvoja.<\/p>","protected":false},"excerpt":{"rendered":"<p>Predsjednica Privredne komore Crne Gore (PKCG)\u00a0Nina Draki\u0107\u00a0izabrana je u Upravni odbor Asocijacije privrednih komora Evrope \u2013 Eurochambres, na sastanku pridru\u017eenih \u010dlanica u Podgorici, saop\u0161teno je iz PKCG.<\/p>","protected":false},"author":1,"featured_media":951466,"comment_status":"open","ping_status":"open","sticky":false,"template":"","format":"standard","meta":{"_acf_changed":false,"footnotes":""},"categories":[27],"tags":[4630,5357],"naslovna":[],"class_list":["post-951465","post","type-post","status-publish","format-standard","has-post-thumbnail","hentry","category-ekonomija","tag-nina-drakic","tag-upravni-odbor"],"acf":[],"yoast_head":"<!-- This site is optimized with the Yoast SEO plugin v27.4 - https:\/\/yoast.com\/product\/yoast-seo-wordpress\/ -->\n<title>Nina Draki\u0107 izabrana u Upravni odbor Eurochambresa - dmcsrb.com<\/title>\n<meta name=\"robots\" content=\"index, follow, max-snippet:-1, max-image-preview:large, max-video-preview:-1\" \/>\n<link rel=\"canonical\" href=\"https:\/\/dmcsrb.com\/en\/ekonomija\/nina-drakic-izabrana-u-upravni-odbor-eurochambresa\/\" \/>\n<meta property=\"og:locale\" content=\"en_GB\" \/>\n<meta property=\"og:type\" content=\"article\" \/>\n<meta property=\"og:title\" content=\"Nina Draki\u0107 izabrana u Upravni odbor Eurochambresa - dmcsrb.com\" \/>\n<meta property=\"og:description\" content=\"Predsjednica Privredne komore Crne Gore (PKCG)\u00a0Nina Draki\u0107\u00a0izabrana je u Upravni odbor Asocijacije privrednih komora Evrope \u2013 Eurochambres, na sastanku pridru\u017eenih \u010dlanica u Podgorici, saop\u0161teno je iz PKCG.\" \/>\n<meta property=\"og:url\" content=\"https:\/\/dmcsrb.com\/en\/ekonomija\/nina-drakic-izabrana-u-upravni-odbor-eurochambresa\/\" \/>\n<meta property=\"og:site_name\" content=\"dmcsrb.com\" \/>\n<meta property=\"article:published_time\" content=\"2025-09-11T07:07:00+00:00\" \/>\n<meta property=\"og:image\" content=\"https:\/\/dmcsrb.com\/wp-content\/uploads\/2026\/01\/EUCHAMBRES-zajednicka-1000x555-1.webp\" \/>\n\t<meta property=\"og:image:width\" content=\"1000\" \/>\n\t<meta property=\"og:image:height\" content=\"555\" \/>\n\t<meta property=\"og:image:type\" content=\"image\/jpeg\" \/>\n<meta name=\"author\" content=\"dmcsrbija.com@gmail.com\" \/>\n<meta name=\"twitter:card\" content=\"summary_large_image\" \/>\n<meta name=\"twitter:label1\" content=\"Written by\" \/>\n\t<meta name=\"twitter:data1\" content=\"dmcsrbija.com@gmail.com\" \/>\n\t<meta name=\"twitter:label2\" content=\"Estimated reading time\" \/>\n\t<meta name=\"twitter:data2\" content=\"4 minutes\" \/>\n<script type=\"application\/ld+json\" class=\"yoast-schema-graph\">{\"@context\":\"https:\\\/\\\/schema.org\",\"@graph\":[{\"@type\":\"Article\",\"@id\":\"https:\\\/\\\/dmcsrb.com\\\/ekonomija\\\/nina-drakic-izabrana-u-upravni-odbor-eurochambresa\\\/#article\",\"isPartOf\":{\"@id\":\"https:\\\/\\\/dmcsrb.com\\\/ekonomija\\\/nina-drakic-izabrana-u-upravni-odbor-eurochambresa\\\/\"},\"author\":{\"name\":\"dmcsrbija.com@gmail.com\",\"@id\":\"https:\\\/\\\/dmcsrb.com\\\/#\\\/schema\\\/person\\\/5c39170f12db1b8b457732d0b5c854e2\"},\"headline\":\"Nina Draki\u0107 izabrana u Upravni odbor Eurochambresa\",\"datePublished\":\"2025-09-11T07:07:00+00:00\",\"mainEntityOfPage\":{\"@id\":\"https:\\\/\\\/dmcsrb.com\\\/ekonomija\\\/nina-drakic-izabrana-u-upravni-odbor-eurochambresa\\\/\"},\"wordCount\":880,\"commentCount\":0,\"image\":{\"@id\":\"https:\\\/\\\/dmcsrb.com\\\/ekonomija\\\/nina-drakic-izabrana-u-upravni-odbor-eurochambresa\\\/#primaryimage\"},\"thumbnailUrl\":\"https:\\\/\\\/dmcsrb.com\\\/wp-content\\\/uploads\\\/2026\\\/01\\\/EUCHAMBRES-zajednicka-1000x555-1.webp\",\"keywords\":[\"Nina Draki\u0107\",\"upravni odbor\"],\"articleSection\":[\"Ekonomija\"],\"inLanguage\":\"en-GB\",\"potentialAction\":[{\"@type\":\"CommentAction\",\"name\":\"Comment\",\"target\":[\"https:\\\/\\\/dmcsrb.com\\\/ekonomija\\\/nina-drakic-izabrana-u-upravni-odbor-eurochambresa\\\/#respond\"]}]},{\"@type\":\"WebPage\",\"@id\":\"https:\\\/\\\/dmcsrb.com\\\/ekonomija\\\/nina-drakic-izabrana-u-upravni-odbor-eurochambresa\\\/\",\"url\":\"https:\\\/\\\/dmcsrb.com\\\/ekonomija\\\/nina-drakic-izabrana-u-upravni-odbor-eurochambresa\\\/\",\"name\":\"Nina Draki\u0107 izabrana u Upravni odbor Eurochambresa - dmcsrb.com\",\"isPartOf\":{\"@id\":\"https:\\\/\\\/dmcsrb.com\\\/#website\"},\"primaryImageOfPage\":{\"@id\":\"https:\\\/\\\/dmcsrb.com\\\/ekonomija\\\/nina-drakic-izabrana-u-upravni-odbor-eurochambresa\\\/#primaryimage\"},\"image\":{\"@id\":\"https:\\\/\\\/dmcsrb.com\\\/ekonomija\\\/nina-drakic-izabrana-u-upravni-odbor-eurochambresa\\\/#primaryimage\"},\"thumbnailUrl\":\"https:\\\/\\\/dmcsrb.com\\\/wp-content\\\/uploads\\\/2026\\\/01\\\/EUCHAMBRES-zajednicka-1000x555-1.webp\",\"datePublished\":\"2025-09-11T07:07:00+00:00\",\"author\":{\"@id\":\"https:\\\/\\\/dmcsrb.com\\\/#\\\/schema\\\/person\\\/5c39170f12db1b8b457732d0b5c854e2\"},\"breadcrumb\":{\"@id\":\"https:\\\/\\\/dmcsrb.com\\\/ekonomija\\\/nina-drakic-izabrana-u-upravni-odbor-eurochambresa\\\/#breadcrumb\"},\"inLanguage\":\"en-GB\",\"potentialAction\":[{\"@type\":\"ReadAction\",\"target\":[\"https:\\\/\\\/dmcsrb.com\\\/ekonomija\\\/nina-drakic-izabrana-u-upravni-odbor-eurochambresa\\\/\"]}]},{\"@type\":\"ImageObject\",\"inLanguage\":\"en-GB\",\"@id\":\"https:\\\/\\\/dmcsrb.com\\\/ekonomija\\\/nina-drakic-izabrana-u-upravni-odbor-eurochambresa\\\/#primaryimage\",\"url\":\"https:\\\/\\\/dmcsrb.com\\\/wp-content\\\/uploads\\\/2026\\\/01\\\/EUCHAMBRES-zajednicka-1000x555-1.webp\",\"contentUrl\":\"https:\\\/\\\/dmcsrb.com\\\/wp-content\\\/uploads\\\/2026\\\/01\\\/EUCHAMBRES-zajednicka-1000x555-1.webp\",\"width\":1000,\"height\":555},{\"@type\":\"BreadcrumbList\",\"@id\":\"https:\\\/\\\/dmcsrb.com\\\/ekonomija\\\/nina-drakic-izabrana-u-upravni-odbor-eurochambresa\\\/#breadcrumb\",\"itemListElement\":[{\"@type\":\"ListItem\",\"position\":1,\"name\":\"Home\",\"item\":\"https:\\\/\\\/dmcsrb.com\\\/\"},{\"@type\":\"ListItem\",\"position\":2,\"name\":\"Nina Draki\u0107 izabrana u Upravni odbor Eurochambresa\"}]},{\"@type\":\"WebSite\",\"@id\":\"https:\\\/\\\/dmcsrb.com\\\/#website\",\"url\":\"https:\\\/\\\/dmcsrb.com\\\/\",\"name\":\"dmcsrb.com\",\"description\":\"\",\"potentialAction\":[{\"@type\":\"SearchAction\",\"target\":{\"@type\":\"EntryPoint\",\"urlTemplate\":\"https:\\\/\\\/dmcsrb.com\\\/?s={search_term_string}\"},\"query-input\":{\"@type\":\"PropertyValueSpecification\",\"valueRequired\":true,\"valueName\":\"search_term_string\"}}],\"inLanguage\":\"en-GB\"},{\"@type\":\"Person\",\"@id\":\"https:\\\/\\\/dmcsrb.com\\\/#\\\/schema\\\/person\\\/5c39170f12db1b8b457732d0b5c854e2\",\"name\":\"dmcsrbija.com@gmail.com\",\"image\":{\"@type\":\"ImageObject\",\"inLanguage\":\"en-GB\",\"@id\":\"https:\\\/\\\/secure.gravatar.com\\\/avatar\\\/68592660ad6347fad0fb587f8d5d8f1a7b44961362f56e4f2cd524feb87e9069?s=96&d=mm&r=g\",\"url\":\"https:\\\/\\\/secure.gravatar.com\\\/avatar\\\/68592660ad6347fad0fb587f8d5d8f1a7b44961362f56e4f2cd524feb87e9069?s=96&d=mm&r=g\",\"contentUrl\":\"https:\\\/\\\/secure.gravatar.com\\\/avatar\\\/68592660ad6347fad0fb587f8d5d8f1a7b44961362f56e4f2cd524feb87e9069?s=96&d=mm&r=g\",\"caption\":\"dmcsrbija.com@gmail.com\"},\"sameAs\":[\"https:\\\/\\\/dmcsrb.com\"],\"url\":\"https:\\\/\\\/dmcsrb.com\\\/en\\\/author\\\/dmcsrbija-comgmail-com\\\/\"}]}<\/script>\n<!-- \/ Yoast SEO plugin. -->","yoast_head_json":{"title":"Nina Draki\u0107 izabrana u Upravni odbor Eurochambresa - dmcsrb.com","robots":{"index":"index","follow":"follow","max-snippet":"max-snippet:-1","max-image-preview":"max-image-preview:large","max-video-preview":"max-video-preview:-1"},"canonical":"https:\/\/dmcsrb.com\/en\/ekonomija\/nina-drakic-izabrana-u-upravni-odbor-eurochambresa\/","og_locale":"en_GB","og_type":"article","og_title":"Nina Draki\u0107 izabrana u Upravni odbor Eurochambresa - dmcsrb.com","og_description":"Predsjednica Privredne komore Crne Gore (PKCG)\u00a0Nina Draki\u0107\u00a0izabrana je u Upravni odbor Asocijacije privrednih komora Evrope \u2013 Eurochambres, na sastanku pridru\u017eenih \u010dlanica u Podgorici, saop\u0161teno je iz PKCG.","og_url":"https:\/\/dmcsrb.com\/en\/ekonomija\/nina-drakic-izabrana-u-upravni-odbor-eurochambresa\/","og_site_name":"dmcsrb.com","article_published_time":"2025-09-11T07:07:00+00:00","og_image":[{"width":1000,"height":555,"url":"https:\/\/dmcsrb.com\/wp-content\/uploads\/2026\/01\/EUCHAMBRES-zajednicka-1000x555-1.webp","type":"image\/jpeg"}],"author":"dmcsrbija.com@gmail.com","twitter_card":"summary_large_image","twitter_misc":{"Written by":"dmcsrbija.com@gmail.com","Estimated reading time":"4 minutes"},"schema":{"@context":"https:\/\/schema.org","@graph":[{"@type":"Article","@id":"https:\/\/dmcsrb.com\/ekonomija\/nina-drakic-izabrana-u-upravni-odbor-eurochambresa\/#article","isPartOf":{"@id":"https:\/\/dmcsrb.com\/ekonomija\/nina-drakic-izabrana-u-upravni-odbor-eurochambresa\/"},"author":{"name":"dmcsrbija.com@gmail.com","@id":"https:\/\/dmcsrb.com\/#\/schema\/person\/5c39170f12db1b8b457732d0b5c854e2"},"headline":"Nina Draki\u0107 izabrana u Upravni odbor Eurochambresa","datePublished":"2025-09-11T07:07:00+00:00","mainEntityOfPage":{"@id":"https:\/\/dmcsrb.com\/ekonomija\/nina-drakic-izabrana-u-upravni-odbor-eurochambresa\/"},"wordCount":880,"commentCount":0,"image":{"@id":"https:\/\/dmcsrb.com\/ekonomija\/nina-drakic-izabrana-u-upravni-odbor-eurochambresa\/#primaryimage"},"thumbnailUrl":"https:\/\/dmcsrb.com\/wp-content\/uploads\/2026\/01\/EUCHAMBRES-zajednicka-1000x555-1.webp","keywords":["Nina Draki\u0107","upravni odbor"],"articleSection":["Ekonomija"],"inLanguage":"en-GB","potentialAction":[{"@type":"CommentAction","name":"Comment","target":["https:\/\/dmcsrb.com\/ekonomija\/nina-drakic-izabrana-u-upravni-odbor-eurochambresa\/#respond"]}]},{"@type":"WebPage","@id":"https:\/\/dmcsrb.com\/ekonomija\/nina-drakic-izabrana-u-upravni-odbor-eurochambresa\/","url":"https:\/\/dmcsrb.com\/ekonomija\/nina-drakic-izabrana-u-upravni-odbor-eurochambresa\/","name":"Nina Draki\u0107 izabrana u Upravni odbor Eurochambresa - dmcsrb.com","isPartOf":{"@id":"https:\/\/dmcsrb.com\/#website"},"primaryImageOfPage":{"@id":"https:\/\/dmcsrb.com\/ekonomija\/nina-drakic-izabrana-u-upravni-odbor-eurochambresa\/#primaryimage"},"image":{"@id":"https:\/\/dmcsrb.com\/ekonomija\/nina-drakic-izabrana-u-upravni-odbor-eurochambresa\/#primaryimage"},"thumbnailUrl":"https:\/\/dmcsrb.com\/wp-content\/uploads\/2026\/01\/EUCHAMBRES-zajednicka-1000x555-1.webp","datePublished":"2025-09-11T07:07:00+00:00","author":{"@id":"https:\/\/dmcsrb.com\/#\/schema\/person\/5c39170f12db1b8b457732d0b5c854e2"},"breadcrumb":{"@id":"https:\/\/dmcsrb.com\/ekonomija\/nina-drakic-izabrana-u-upravni-odbor-eurochambresa\/#breadcrumb"},"inLanguage":"en-GB","potentialAction":[{"@type":"ReadAction","target":["https:\/\/dmcsrb.com\/ekonomija\/nina-drakic-izabrana-u-upravni-odbor-eurochambresa\/"]}]},{"@type":"ImageObject","inLanguage":"en-GB","@id":"https:\/\/dmcsrb.com\/ekonomija\/nina-drakic-izabrana-u-upravni-odbor-eurochambresa\/#primaryimage","url":"https:\/\/dmcsrb.com\/wp-content\/uploads\/2026\/01\/EUCHAMBRES-zajednicka-1000x555-1.webp","contentUrl":"https:\/\/dmcsrb.com\/wp-content\/uploads\/2026\/01\/EUCHAMBRES-zajednicka-1000x555-1.webp","width":1000,"height":555},{"@type":"BreadcrumbList","@id":"https:\/\/dmcsrb.com\/ekonomija\/nina-drakic-izabrana-u-upravni-odbor-eurochambresa\/#breadcrumb","itemListElement":[{"@type":"ListItem","position":1,"name":"Home","item":"https:\/\/dmcsrb.com\/"},{"@type":"ListItem","position":2,"name":"Nina Draki\u0107 izabrana u Upravni odbor Eurochambresa"}]},{"@type":"WebSite","@id":"https:\/\/dmcsrb.com\/#website","url":"https:\/\/dmcsrb.com\/","name":"dmcsrb.com","description":"","potentialAction":[{"@type":"SearchAction","target":{"@type":"EntryPoint","urlTemplate":"https:\/\/dmcsrb.com\/?s={search_term_string}"},"query-input":{"@type":"PropertyValueSpecification","valueRequired":true,"valueName":"search_term_string"}}],"inLanguage":"en-GB"},{"@type":"Person","@id":"https:\/\/dmcsrb.com\/#\/schema\/person\/5c39170f12db1b8b457732d0b5c854e2","name":"dmcsrbija.com@gmail.com","image":{"@type":"ImageObject","inLanguage":"en-GB","@id":"https:\/\/secure.gravatar.com\/avatar\/68592660ad6347fad0fb587f8d5d8f1a7b44961362f56e4f2cd524feb87e9069?s=96&d=mm&r=g","url":"https:\/\/secure.gravatar.com\/avatar\/68592660ad6347fad0fb587f8d5d8f1a7b44961362f56e4f2cd524feb87e9069?s=96&d=mm&r=g","contentUrl":"https:\/\/secure.gravatar.com\/avatar\/68592660ad6347fad0fb587f8d5d8f1a7b44961362f56e4f2cd524feb87e9069?s=96&d=mm&r=g","caption":"dmcsrbija.com@gmail.com"},"sameAs":["https:\/\/dmcsrb.com"],"url":"https:\/\/dmcsrb.com\/en\/author\/dmcsrbija-comgmail-com\/"}]}},"_links":{"self":[{"href":"https:\/\/dmcsrb.com\/en\/wp-json\/wp\/v2\/posts\/951465","targetHints":{"allow":["GET"]}}],"collection":[{"href":"https:\/\/dmcsrb.com\/en\/wp-json\/wp\/v2\/posts"}],"about":[{"href":"https:\/\/dmcsrb.com\/en\/wp-json\/wp\/v2\/types\/post"}],"author":[{"embeddable":true,"href":"https:\/\/dmcsrb.com\/en\/wp-json\/wp\/v2\/users\/1"}],"replies":[{"embeddable":true,"href":"https:\/\/dmcsrb.com\/en\/wp-json\/wp\/v2\/comments?post=951465"}],"version-history":[{"count":0,"href":"https:\/\/dmcsrb.com\/en\/wp-json\/wp\/v2\/posts\/951465\/revisions"}],"wp:featuredmedia":[{"embeddable":true,"href":"https:\/\/dmcsrb.com\/en\/wp-json\/wp\/v2\/media\/951466"}],"wp:attachment":[{"href":"https:\/\/dmcsrb.com\/en\/wp-json\/wp\/v2\/media?parent=951465"}],"wp:term":[{"taxonomy":"category","embeddable":true,"href":"https:\/\/dmcsrb.com\/en\/wp-json\/wp\/v2\/categories?post=951465"},{"taxonomy":"post_tag","embeddable":true,"href":"https:\/\/dmcsrb.com\/en\/wp-json\/wp\/v2\/tags?post=951465"},{"taxonomy":"naslovna","embeddable":true,"href":"https:\/\/dmcsrb.com\/en\/wp-json\/wp\/v2\/naslovna?post=951465"}],"curies":[{"name":"wp","href":"https:\/\/api.w.org\/{rel}","templated":true}]}}