{"id":951463,"date":"2025-09-11T08:08:00","date_gmt":"2025-09-11T06:08:00","guid":{"rendered":"https:\/\/dmcsrb.com\/uncategorized\/brza-reakcija-gradskih-sluzbi-podvoznjak-na-zlatici-kratko-bio-zatvoren-za-saobracaj\/"},"modified":"2025-09-11T08:08:00","modified_gmt":"2025-09-11T06:08:00","slug":"brza-reakcija-gradskih-sluzbi-podvoznjak-na-zlatici-kratko-bio-zatvoren-za-saobracaj","status":"publish","type":"post","link":"https:\/\/dmcsrb.com\/en\/podgorica\/brza-reakcija-gradskih-sluzbi-podvoznjak-na-zlatici-kratko-bio-zatvoren-za-saobracaj\/","title":{"rendered":"Brza reakcija gradskih slu\u017ebi: Podvo\u017enjak na Zlatici kratko bio zatvoren za saobra\u0107aj"},"content":{"rendered":"<p><\/p>\n\n\n\n<p>Kako navode iz preduze\u0107a &#8220;Vodovod i kanalizacija&#8221;, prve sezonske padavine u Podgorici ponovo su ukazale na potrebu za pa\u017eljivim pra\u0107enjem stanja na pojedinim lokacijama, me\u0111u kojima se izdvaja Zlati\u010dki podvo\u017enjak.<\/p>\n\n\n\n<p>&#8220;Re\u0161etka za odvod vode bila je privremeno zagu\u0161ena opalim rastinjem sa okolnog drve\u0107a, kao i otpadnim materijalom (plasti\u010dne kese, ambala\u017ea i sl.), \u0161to je dovelo do kratkotrajnog zadr\u017eavanja vode. Zahvaljuju\u0107i brzoj i efikasnoj intervenciji ekipe Dru\u0161tva, re\u0161etka je odgu\u0161ena, a voda se ubrzo povukla, \u010dime je omogu\u0107ena normalizacija saobra\u0107aja&#8221;, kazali su iz Vodovoda.<\/p>\n\n\n\n<p>Ova situacija, kako navode, podsje\u0107a na zna\u010daj redovnog odr\u017eavanja i preventivnih aktivnosti, posebno na mjestima koja su sklonija ovakvim pojavama tokom nepovoljnih vremenskih uslova.<\/p>\n\n\n\n<p>&#8220;Tako\u0111e, posebno je va\u017eno da svi poka\u017eemo kulturu \u017eivljenja i da otpad odla\u017eemo na mjestima koja su za to predvi\u0111ena. Na taj na\u010din \u010duvamo prirodu, uljep\u0161avamo grad, ali i poma\u017eemo slu\u017ebama u na\u0161em gradu da lak\u0161e obavljaju svakodnevne poslove&#8221;, naveli su iz Vodovoda.<\/p>\n\n\n\n<figure class=\"wp-block-image size-large\"><img decoding=\"async\" src=\"https:\/\/gradski.me\/wp-content\/uploads\/2025\/09\/1000054631-1021x1024.jpg\" alt=\"\" class=\"wp-image-831567\"\/><figcaption class=\"wp-element-caption\"><strong>Foto: ViK Podgorica<\/strong><\/figcaption><\/figure>","protected":false},"excerpt":{"rendered":"<p>Podvo\u017enjak na Zlatici kratko je jutros bio zatvoren za saobra\u0107aj, usljed ve\u0107e koli\u010dine padavina, odnosno zagu\u0161enosti re\u0161etki za odvod vode, ali je brzom reakcijom slu\u017ebi Glavnog grada problem brzo saniran.<\/p>","protected":false},"author":1,"featured_media":951464,"comment_status":"open","ping_status":"open","sticky":false,"template":"","format":"standard","meta":{"_acf_changed":false,"footnotes":""},"categories":[56],"tags":[7701,5171],"naslovna":[],"class_list":["post-951463","post","type-post","status-publish","format-standard","has-post-thumbnail","hentry","category-podgorica","tag-podvoznjak-na-zlatici","tag-vodovod-i-kanalizacija"],"acf":[],"yoast_head":"<!-- This site is optimized with the Yoast SEO plugin v27.4 - https:\/\/yoast.com\/product\/yoast-seo-wordpress\/ -->\n<title>Brza reakcija gradskih slu\u017ebi: Podvo\u017enjak na Zlatici kratko bio zatvoren za saobra\u0107aj - dmcsrb.com<\/title>\n<meta name=\"robots\" content=\"index, follow, max-snippet:-1, max-image-preview:large, max-video-preview:-1\" \/>\n<link rel=\"canonical\" href=\"https:\/\/dmcsrb.com\/en\/podgorica\/brza-reakcija-gradskih-sluzbi-podvoznjak-na-zlatici-kratko-bio-zatvoren-za-saobracaj\/\" \/>\n<meta property=\"og:locale\" content=\"en_GB\" \/>\n<meta property=\"og:type\" content=\"article\" \/>\n<meta property=\"og:title\" content=\"Brza reakcija gradskih slu\u017ebi: Podvo\u017enjak na Zlatici kratko bio zatvoren za saobra\u0107aj - dmcsrb.com\" \/>\n<meta property=\"og:description\" content=\"Podvo\u017enjak na Zlatici kratko je jutros bio zatvoren za saobra\u0107aj, usljed ve\u0107e koli\u010dine padavina, odnosno zagu\u0161enosti re\u0161etki za odvod vode, ali je brzom reakcijom slu\u017ebi Glavnog grada problem brzo saniran.\" \/>\n<meta property=\"og:url\" content=\"https:\/\/dmcsrb.com\/en\/podgorica\/brza-reakcija-gradskih-sluzbi-podvoznjak-na-zlatici-kratko-bio-zatvoren-za-saobracaj\/\" \/>\n<meta property=\"og:site_name\" content=\"dmcsrb.com\" \/>\n<meta property=\"article:published_time\" content=\"2025-09-11T06:08:00+00:00\" \/>\n<meta property=\"og:image\" content=\"https:\/\/dmcsrb.com\/wp-content\/uploads\/2026\/01\/Screenshot_20250911_094333_Instagram.webp\" \/>\n\t<meta property=\"og:image:width\" content=\"1079\" \/>\n\t<meta property=\"og:image:height\" content=\"873\" \/>\n\t<meta property=\"og:image:type\" content=\"image\/jpeg\" \/>\n<meta name=\"author\" content=\"dmcsrbija.com@gmail.com\" \/>\n<meta name=\"twitter:card\" content=\"summary_large_image\" \/>\n<meta name=\"twitter:label1\" content=\"Written by\" \/>\n\t<meta name=\"twitter:data1\" content=\"dmcsrbija.com@gmail.com\" \/>\n\t<meta name=\"twitter:label2\" content=\"Estimated reading time\" \/>\n\t<meta name=\"twitter:data2\" content=\"1 minute\" \/>\n<script type=\"application\/ld+json\" class=\"yoast-schema-graph\">{\"@context\":\"https:\\\/\\\/schema.org\",\"@graph\":[{\"@type\":\"Article\",\"@id\":\"https:\\\/\\\/dmcsrb.com\\\/podgorica\\\/brza-reakcija-gradskih-sluzbi-podvoznjak-na-zlatici-kratko-bio-zatvoren-za-saobracaj\\\/#article\",\"isPartOf\":{\"@id\":\"https:\\\/\\\/dmcsrb.com\\\/podgorica\\\/brza-reakcija-gradskih-sluzbi-podvoznjak-na-zlatici-kratko-bio-zatvoren-za-saobracaj\\\/\"},\"author\":{\"name\":\"dmcsrbija.com@gmail.com\",\"@id\":\"https:\\\/\\\/dmcsrb.com\\\/#\\\/schema\\\/person\\\/5c39170f12db1b8b457732d0b5c854e2\"},\"headline\":\"Brza reakcija gradskih slu\u017ebi: Podvo\u017enjak na Zlatici kratko bio zatvoren za saobra\u0107aj\",\"datePublished\":\"2025-09-11T06:08:00+00:00\",\"mainEntityOfPage\":{\"@id\":\"https:\\\/\\\/dmcsrb.com\\\/podgorica\\\/brza-reakcija-gradskih-sluzbi-podvoznjak-na-zlatici-kratko-bio-zatvoren-za-saobracaj\\\/\"},\"wordCount\":200,\"commentCount\":0,\"image\":{\"@id\":\"https:\\\/\\\/dmcsrb.com\\\/podgorica\\\/brza-reakcija-gradskih-sluzbi-podvoznjak-na-zlatici-kratko-bio-zatvoren-za-saobracaj\\\/#primaryimage\"},\"thumbnailUrl\":\"https:\\\/\\\/dmcsrb.com\\\/wp-content\\\/uploads\\\/2026\\\/01\\\/Screenshot_20250911_094333_Instagram.webp\",\"keywords\":[\"Podvo\u017enjak na Zlatici\",\"Vodovod i kanalizacija\"],\"articleSection\":[\"Podgorica\"],\"inLanguage\":\"en-GB\",\"potentialAction\":[{\"@type\":\"CommentAction\",\"name\":\"Comment\",\"target\":[\"https:\\\/\\\/dmcsrb.com\\\/podgorica\\\/brza-reakcija-gradskih-sluzbi-podvoznjak-na-zlatici-kratko-bio-zatvoren-za-saobracaj\\\/#respond\"]}]},{\"@type\":\"WebPage\",\"@id\":\"https:\\\/\\\/dmcsrb.com\\\/podgorica\\\/brza-reakcija-gradskih-sluzbi-podvoznjak-na-zlatici-kratko-bio-zatvoren-za-saobracaj\\\/\",\"url\":\"https:\\\/\\\/dmcsrb.com\\\/podgorica\\\/brza-reakcija-gradskih-sluzbi-podvoznjak-na-zlatici-kratko-bio-zatvoren-za-saobracaj\\\/\",\"name\":\"Brza reakcija gradskih slu\u017ebi: Podvo\u017enjak na Zlatici kratko bio zatvoren za saobra\u0107aj - dmcsrb.com\",\"isPartOf\":{\"@id\":\"https:\\\/\\\/dmcsrb.com\\\/#website\"},\"primaryImageOfPage\":{\"@id\":\"https:\\\/\\\/dmcsrb.com\\\/podgorica\\\/brza-reakcija-gradskih-sluzbi-podvoznjak-na-zlatici-kratko-bio-zatvoren-za-saobracaj\\\/#primaryimage\"},\"image\":{\"@id\":\"https:\\\/\\\/dmcsrb.com\\\/podgorica\\\/brza-reakcija-gradskih-sluzbi-podvoznjak-na-zlatici-kratko-bio-zatvoren-za-saobracaj\\\/#primaryimage\"},\"thumbnailUrl\":\"https:\\\/\\\/dmcsrb.com\\\/wp-content\\\/uploads\\\/2026\\\/01\\\/Screenshot_20250911_094333_Instagram.webp\",\"datePublished\":\"2025-09-11T06:08:00+00:00\",\"author\":{\"@id\":\"https:\\\/\\\/dmcsrb.com\\\/#\\\/schema\\\/person\\\/5c39170f12db1b8b457732d0b5c854e2\"},\"breadcrumb\":{\"@id\":\"https:\\\/\\\/dmcsrb.com\\\/podgorica\\\/brza-reakcija-gradskih-sluzbi-podvoznjak-na-zlatici-kratko-bio-zatvoren-za-saobracaj\\\/#breadcrumb\"},\"inLanguage\":\"en-GB\",\"potentialAction\":[{\"@type\":\"ReadAction\",\"target\":[\"https:\\\/\\\/dmcsrb.com\\\/podgorica\\\/brza-reakcija-gradskih-sluzbi-podvoznjak-na-zlatici-kratko-bio-zatvoren-za-saobracaj\\\/\"]}]},{\"@type\":\"ImageObject\",\"inLanguage\":\"en-GB\",\"@id\":\"https:\\\/\\\/dmcsrb.com\\\/podgorica\\\/brza-reakcija-gradskih-sluzbi-podvoznjak-na-zlatici-kratko-bio-zatvoren-za-saobracaj\\\/#primaryimage\",\"url\":\"https:\\\/\\\/dmcsrb.com\\\/wp-content\\\/uploads\\\/2026\\\/01\\\/Screenshot_20250911_094333_Instagram.webp\",\"contentUrl\":\"https:\\\/\\\/dmcsrb.com\\\/wp-content\\\/uploads\\\/2026\\\/01\\\/Screenshot_20250911_094333_Instagram.webp\",\"width\":1079,\"height\":873},{\"@type\":\"BreadcrumbList\",\"@id\":\"https:\\\/\\\/dmcsrb.com\\\/podgorica\\\/brza-reakcija-gradskih-sluzbi-podvoznjak-na-zlatici-kratko-bio-zatvoren-za-saobracaj\\\/#breadcrumb\",\"itemListElement\":[{\"@type\":\"ListItem\",\"position\":1,\"name\":\"Home\",\"item\":\"https:\\\/\\\/dmcsrb.com\\\/\"},{\"@type\":\"ListItem\",\"position\":2,\"name\":\"Brza reakcija gradskih slu\u017ebi: Podvo\u017enjak na Zlatici kratko bio zatvoren za saobra\u0107aj\"}]},{\"@type\":\"WebSite\",\"@id\":\"https:\\\/\\\/dmcsrb.com\\\/#website\",\"url\":\"https:\\\/\\\/dmcsrb.com\\\/\",\"name\":\"dmcsrb.com\",\"description\":\"\",\"potentialAction\":[{\"@type\":\"SearchAction\",\"target\":{\"@type\":\"EntryPoint\",\"urlTemplate\":\"https:\\\/\\\/dmcsrb.com\\\/?s={search_term_string}\"},\"query-input\":{\"@type\":\"PropertyValueSpecification\",\"valueRequired\":true,\"valueName\":\"search_term_string\"}}],\"inLanguage\":\"en-GB\"},{\"@type\":\"Person\",\"@id\":\"https:\\\/\\\/dmcsrb.com\\\/#\\\/schema\\\/person\\\/5c39170f12db1b8b457732d0b5c854e2\",\"name\":\"dmcsrbija.com@gmail.com\",\"image\":{\"@type\":\"ImageObject\",\"inLanguage\":\"en-GB\",\"@id\":\"https:\\\/\\\/secure.gravatar.com\\\/avatar\\\/68592660ad6347fad0fb587f8d5d8f1a7b44961362f56e4f2cd524feb87e9069?s=96&d=mm&r=g\",\"url\":\"https:\\\/\\\/secure.gravatar.com\\\/avatar\\\/68592660ad6347fad0fb587f8d5d8f1a7b44961362f56e4f2cd524feb87e9069?s=96&d=mm&r=g\",\"contentUrl\":\"https:\\\/\\\/secure.gravatar.com\\\/avatar\\\/68592660ad6347fad0fb587f8d5d8f1a7b44961362f56e4f2cd524feb87e9069?s=96&d=mm&r=g\",\"caption\":\"dmcsrbija.com@gmail.com\"},\"sameAs\":[\"https:\\\/\\\/dmcsrb.com\"],\"url\":\"https:\\\/\\\/dmcsrb.com\\\/en\\\/author\\\/dmcsrbija-comgmail-com\\\/\"}]}<\/script>\n<!-- \/ Yoast SEO plugin. -->","yoast_head_json":{"title":"Brza reakcija gradskih slu\u017ebi: Podvo\u017enjak na Zlatici kratko bio zatvoren za saobra\u0107aj - dmcsrb.com","robots":{"index":"index","follow":"follow","max-snippet":"max-snippet:-1","max-image-preview":"max-image-preview:large","max-video-preview":"max-video-preview:-1"},"canonical":"https:\/\/dmcsrb.com\/en\/podgorica\/brza-reakcija-gradskih-sluzbi-podvoznjak-na-zlatici-kratko-bio-zatvoren-za-saobracaj\/","og_locale":"en_GB","og_type":"article","og_title":"Brza reakcija gradskih slu\u017ebi: Podvo\u017enjak na Zlatici kratko bio zatvoren za saobra\u0107aj - dmcsrb.com","og_description":"Podvo\u017enjak na Zlatici kratko je jutros bio zatvoren za saobra\u0107aj, usljed ve\u0107e koli\u010dine padavina, odnosno zagu\u0161enosti re\u0161etki za odvod vode, ali je brzom reakcijom slu\u017ebi Glavnog grada problem brzo saniran.","og_url":"https:\/\/dmcsrb.com\/en\/podgorica\/brza-reakcija-gradskih-sluzbi-podvoznjak-na-zlatici-kratko-bio-zatvoren-za-saobracaj\/","og_site_name":"dmcsrb.com","article_published_time":"2025-09-11T06:08:00+00:00","og_image":[{"width":1079,"height":873,"url":"https:\/\/dmcsrb.com\/wp-content\/uploads\/2026\/01\/Screenshot_20250911_094333_Instagram.webp","type":"image\/jpeg"}],"author":"dmcsrbija.com@gmail.com","twitter_card":"summary_large_image","twitter_misc":{"Written by":"dmcsrbija.com@gmail.com","Estimated reading time":"1 minute"},"schema":{"@context":"https:\/\/schema.org","@graph":[{"@type":"Article","@id":"https:\/\/dmcsrb.com\/podgorica\/brza-reakcija-gradskih-sluzbi-podvoznjak-na-zlatici-kratko-bio-zatvoren-za-saobracaj\/#article","isPartOf":{"@id":"https:\/\/dmcsrb.com\/podgorica\/brza-reakcija-gradskih-sluzbi-podvoznjak-na-zlatici-kratko-bio-zatvoren-za-saobracaj\/"},"author":{"name":"dmcsrbija.com@gmail.com","@id":"https:\/\/dmcsrb.com\/#\/schema\/person\/5c39170f12db1b8b457732d0b5c854e2"},"headline":"Brza reakcija gradskih slu\u017ebi: Podvo\u017enjak na Zlatici kratko bio zatvoren za saobra\u0107aj","datePublished":"2025-09-11T06:08:00+00:00","mainEntityOfPage":{"@id":"https:\/\/dmcsrb.com\/podgorica\/brza-reakcija-gradskih-sluzbi-podvoznjak-na-zlatici-kratko-bio-zatvoren-za-saobracaj\/"},"wordCount":200,"commentCount":0,"image":{"@id":"https:\/\/dmcsrb.com\/podgorica\/brza-reakcija-gradskih-sluzbi-podvoznjak-na-zlatici-kratko-bio-zatvoren-za-saobracaj\/#primaryimage"},"thumbnailUrl":"https:\/\/dmcsrb.com\/wp-content\/uploads\/2026\/01\/Screenshot_20250911_094333_Instagram.webp","keywords":["Podvo\u017enjak na Zlatici","Vodovod i kanalizacija"],"articleSection":["Podgorica"],"inLanguage":"en-GB","potentialAction":[{"@type":"CommentAction","name":"Comment","target":["https:\/\/dmcsrb.com\/podgorica\/brza-reakcija-gradskih-sluzbi-podvoznjak-na-zlatici-kratko-bio-zatvoren-za-saobracaj\/#respond"]}]},{"@type":"WebPage","@id":"https:\/\/dmcsrb.com\/podgorica\/brza-reakcija-gradskih-sluzbi-podvoznjak-na-zlatici-kratko-bio-zatvoren-za-saobracaj\/","url":"https:\/\/dmcsrb.com\/podgorica\/brza-reakcija-gradskih-sluzbi-podvoznjak-na-zlatici-kratko-bio-zatvoren-za-saobracaj\/","name":"Brza reakcija gradskih slu\u017ebi: Podvo\u017enjak na Zlatici kratko bio zatvoren za saobra\u0107aj - dmcsrb.com","isPartOf":{"@id":"https:\/\/dmcsrb.com\/#website"},"primaryImageOfPage":{"@id":"https:\/\/dmcsrb.com\/podgorica\/brza-reakcija-gradskih-sluzbi-podvoznjak-na-zlatici-kratko-bio-zatvoren-za-saobracaj\/#primaryimage"},"image":{"@id":"https:\/\/dmcsrb.com\/podgorica\/brza-reakcija-gradskih-sluzbi-podvoznjak-na-zlatici-kratko-bio-zatvoren-za-saobracaj\/#primaryimage"},"thumbnailUrl":"https:\/\/dmcsrb.com\/wp-content\/uploads\/2026\/01\/Screenshot_20250911_094333_Instagram.webp","datePublished":"2025-09-11T06:08:00+00:00","author":{"@id":"https:\/\/dmcsrb.com\/#\/schema\/person\/5c39170f12db1b8b457732d0b5c854e2"},"breadcrumb":{"@id":"https:\/\/dmcsrb.com\/podgorica\/brza-reakcija-gradskih-sluzbi-podvoznjak-na-zlatici-kratko-bio-zatvoren-za-saobracaj\/#breadcrumb"},"inLanguage":"en-GB","potentialAction":[{"@type":"ReadAction","target":["https:\/\/dmcsrb.com\/podgorica\/brza-reakcija-gradskih-sluzbi-podvoznjak-na-zlatici-kratko-bio-zatvoren-za-saobracaj\/"]}]},{"@type":"ImageObject","inLanguage":"en-GB","@id":"https:\/\/dmcsrb.com\/podgorica\/brza-reakcija-gradskih-sluzbi-podvoznjak-na-zlatici-kratko-bio-zatvoren-za-saobracaj\/#primaryimage","url":"https:\/\/dmcsrb.com\/wp-content\/uploads\/2026\/01\/Screenshot_20250911_094333_Instagram.webp","contentUrl":"https:\/\/dmcsrb.com\/wp-content\/uploads\/2026\/01\/Screenshot_20250911_094333_Instagram.webp","width":1079,"height":873},{"@type":"BreadcrumbList","@id":"https:\/\/dmcsrb.com\/podgorica\/brza-reakcija-gradskih-sluzbi-podvoznjak-na-zlatici-kratko-bio-zatvoren-za-saobracaj\/#breadcrumb","itemListElement":[{"@type":"ListItem","position":1,"name":"Home","item":"https:\/\/dmcsrb.com\/"},{"@type":"ListItem","position":2,"name":"Brza reakcija gradskih slu\u017ebi: Podvo\u017enjak na Zlatici kratko bio zatvoren za saobra\u0107aj"}]},{"@type":"WebSite","@id":"https:\/\/dmcsrb.com\/#website","url":"https:\/\/dmcsrb.com\/","name":"dmcsrb.com","description":"","potentialAction":[{"@type":"SearchAction","target":{"@type":"EntryPoint","urlTemplate":"https:\/\/dmcsrb.com\/?s={search_term_string}"},"query-input":{"@type":"PropertyValueSpecification","valueRequired":true,"valueName":"search_term_string"}}],"inLanguage":"en-GB"},{"@type":"Person","@id":"https:\/\/dmcsrb.com\/#\/schema\/person\/5c39170f12db1b8b457732d0b5c854e2","name":"dmcsrbija.com@gmail.com","image":{"@type":"ImageObject","inLanguage":"en-GB","@id":"https:\/\/secure.gravatar.com\/avatar\/68592660ad6347fad0fb587f8d5d8f1a7b44961362f56e4f2cd524feb87e9069?s=96&d=mm&r=g","url":"https:\/\/secure.gravatar.com\/avatar\/68592660ad6347fad0fb587f8d5d8f1a7b44961362f56e4f2cd524feb87e9069?s=96&d=mm&r=g","contentUrl":"https:\/\/secure.gravatar.com\/avatar\/68592660ad6347fad0fb587f8d5d8f1a7b44961362f56e4f2cd524feb87e9069?s=96&d=mm&r=g","caption":"dmcsrbija.com@gmail.com"},"sameAs":["https:\/\/dmcsrb.com"],"url":"https:\/\/dmcsrb.com\/en\/author\/dmcsrbija-comgmail-com\/"}]}},"_links":{"self":[{"href":"https:\/\/dmcsrb.com\/en\/wp-json\/wp\/v2\/posts\/951463","targetHints":{"allow":["GET"]}}],"collection":[{"href":"https:\/\/dmcsrb.com\/en\/wp-json\/wp\/v2\/posts"}],"about":[{"href":"https:\/\/dmcsrb.com\/en\/wp-json\/wp\/v2\/types\/post"}],"author":[{"embeddable":true,"href":"https:\/\/dmcsrb.com\/en\/wp-json\/wp\/v2\/users\/1"}],"replies":[{"embeddable":true,"href":"https:\/\/dmcsrb.com\/en\/wp-json\/wp\/v2\/comments?post=951463"}],"version-history":[{"count":0,"href":"https:\/\/dmcsrb.com\/en\/wp-json\/wp\/v2\/posts\/951463\/revisions"}],"wp:featuredmedia":[{"embeddable":true,"href":"https:\/\/dmcsrb.com\/en\/wp-json\/wp\/v2\/media\/951464"}],"wp:attachment":[{"href":"https:\/\/dmcsrb.com\/en\/wp-json\/wp\/v2\/media?parent=951463"}],"wp:term":[{"taxonomy":"category","embeddable":true,"href":"https:\/\/dmcsrb.com\/en\/wp-json\/wp\/v2\/categories?post=951463"},{"taxonomy":"post_tag","embeddable":true,"href":"https:\/\/dmcsrb.com\/en\/wp-json\/wp\/v2\/tags?post=951463"},{"taxonomy":"naslovna","embeddable":true,"href":"https:\/\/dmcsrb.com\/en\/wp-json\/wp\/v2\/naslovna?post=951463"}],"curies":[{"name":"wp","href":"https:\/\/api.w.org\/{rel}","templated":true}]}}