{"id":951448,"date":"2025-09-11T07:00:00","date_gmt":"2025-09-11T05:00:00","guid":{"rendered":"https:\/\/dmcsrb.com\/uncategorized\/skolski-pribor-za-oko-1-500-djece-iz-svih-crnogorskih-opstina\/"},"modified":"2025-09-11T07:00:00","modified_gmt":"2025-09-11T05:00:00","slug":"skolski-pribor-za-oko-1-500-djece-iz-svih-crnogorskih-opstina","status":"publish","type":"post","link":"https:\/\/dmcsrb.com\/en\/drustvo\/skolski-pribor-za-oko-1-500-djece-iz-svih-crnogorskih-opstina\/","title":{"rendered":"\u0160kolski pribor za oko 1.500 djece iz svih crnogorskih op\u0161tina"},"content":{"rendered":"<p><\/p>\n\n\n\n<p>Akciju je realizovalo udru\u017eenje Roditelji 15. put, a i ove godine, kao i prethodne tri, partner je bila Fondacija \u201e\u010cini dobro\u201d, koja je aktivirala aplikaciju putem koje su kompanije i firme donirali novac za kupovinu pribora. Putem te aplikacije upla\u0107eno je preko 11 hiljada eura. Jo\u0161 toliko donirano je direktno uplatama na ra\u010dunima knji\u017eare Tagor i Udru\u017eenja.<\/p>\n\n\n\n<p>Saradnja sa centrima za socijalni rad obezbijedila je prepoznavanje najugro\u017eenijih porodica, odnosno djece kojima je ovakva vrsta podr\u0161ke najpotrebnija. Stru\u010dni radnici centara definisali su spiskove porodica koje se suo\u010davaju sa izazovima obezbje\u0111ivanja osnovnih \u017eivotnih potreba, i koje \u017eive na rubu egzistencije.<\/p>\n\n\n\n<p>\u201cSre\u0107ni smo jer smo obuhvatili dio najugro\u017eenijih u cijeloj Crnoj Gori, ali i poti\u0161teni jer nijesmo uspjeli sve da obradujemo. Na\u017ealost, preveliki je broj djece koja \u017eive u siroma\u0161tvu u na\u0161oj zemlji, i ovaj problem mora da po\u010dne da se rje\u0161ava kako na nacionalnm tako i na lokalnim nivoima, uz uklju\u010divanje loklanih samouprava, kako su to neke i po\u010dele da rade\u201d, poru\u010dila je <strong>Tanja A\u0161anin<\/strong>, iz udru\u017eenja Roditelji. \u201cAkcija je pokrenula lavina empatije i humanosti i poruka djeci da nijesu sami\u201d.<\/p>\n\n\n\n<p>Udru\u017eenje Roditelji se zahvaljuje upravama i zaposlenima u oko 40 firmi i gra\u0111anima koji su podr\u017eali humanitarnu akciju i omogu\u0107ili da 1484 djece dobije kompletan \u0161kolski pribor potreban za pra\u0107enje nastave.<\/p>\n\n\n\n<p>\u201cJo\u0161 jednom smo pokazali da su humanost, solidarnost i empatija vrijednosti koje krase crnogorsko dru\u0161tvo, jer zajedno, ujedinjeni, mo\u017eemo \u010diniti dobro i velike stvari\u201d, kazala je Marija Manja Jovovi\u0107, direktorica Fondacije \u201c\u010cini dobro\u201d.<\/p>\n\n\n\n<p>Kako je istakla, Fondacija iskrenu zahvalnost duguje \u0110ini Jaukovi\u0107, Dubravki Draki\u0107, Zorici Kosti\u0107 Vu\u010di\u0107evi\u0107, Savi Kova\u010devi\u0107u, Marku Prenti\u0107u, Milo\u0161u Vujovi\u0107u, Slavku Kalezi\u0107u i Danijelu Alibabi\u0107u na njihovom nesebi\u010dnom doprinosu u \u010dinjenju ove akcije uspje\u0161nom video porukama koje su podstakle mnoge da se uklju\u010de.<\/p>\n\n\n\n<p>Knji\u017eara Tagor je obezbijedila popust na kupovinu kompletnog materijala, distribuirala pribora centrima za socijalni rad u svim op\u0161tinama.<\/p>","protected":false},"excerpt":{"rendered":"<p>Humanitarna akcija Podijelimo, jer zajedno mo\u017eemo vi\u0161e, zavr\u0161ena je ove sedmice, ne\u0161to kasnije nego uobi\u010dajeno, a u cilju obuhvatanja \u0161to ve\u0107eg broja djece kojoj je ovaj vid podr\u0161ke potreban. Obezbije\u0111en \u0161kolski pribor za 1.484 djece iz 25 crnogorskih op\u0161tina.<\/p>","protected":false},"author":1,"featured_media":951449,"comment_status":"open","ping_status":"open","sticky":false,"template":"","format":"standard","meta":{"_acf_changed":false,"footnotes":""},"categories":[2],"tags":[7692,7693,7382],"naslovna":[],"class_list":["post-951448","post","type-post","status-publish","format-standard","has-post-thumbnail","hentry","category-drustvo","tag-humanitarna-ackija","tag-tanja-asanin","tag-udruzenje-roditelji"],"acf":[],"yoast_head":"<!-- This site is optimized with the Yoast SEO plugin v27.4 - https:\/\/yoast.com\/product\/yoast-seo-wordpress\/ -->\n<title>\u0160kolski pribor za oko 1.500 djece iz svih crnogorskih op\u0161tina - dmcsrb.com<\/title>\n<meta name=\"robots\" content=\"index, follow, max-snippet:-1, max-image-preview:large, max-video-preview:-1\" \/>\n<link rel=\"canonical\" href=\"https:\/\/dmcsrb.com\/en\/drustvo\/skolski-pribor-za-oko-1-500-djece-iz-svih-crnogorskih-opstina\/\" \/>\n<meta property=\"og:locale\" content=\"en_GB\" \/>\n<meta property=\"og:type\" content=\"article\" \/>\n<meta property=\"og:title\" content=\"\u0160kolski pribor za oko 1.500 djece iz svih crnogorskih op\u0161tina - dmcsrb.com\" \/>\n<meta property=\"og:description\" content=\"Humanitarna akcija Podijelimo, jer zajedno mo\u017eemo vi\u0161e, zavr\u0161ena je ove sedmice, ne\u0161to kasnije nego uobi\u010dajeno, a u cilju obuhvatanja \u0161to ve\u0107eg broja djece kojoj je ovaj vid podr\u0161ke potreban. Obezbije\u0111en \u0161kolski pribor za 1.484 djece iz 25 crnogorskih op\u0161tina.\" \/>\n<meta property=\"og:url\" content=\"https:\/\/dmcsrb.com\/en\/drustvo\/skolski-pribor-za-oko-1-500-djece-iz-svih-crnogorskih-opstina\/\" \/>\n<meta property=\"og:site_name\" content=\"dmcsrb.com\" \/>\n<meta property=\"article:published_time\" content=\"2025-09-11T05:00:00+00:00\" \/>\n<meta property=\"og:image\" content=\"https:\/\/dmcsrb.com\/wp-content\/uploads\/2026\/01\/skolski-pribor-udruzenje-roditelji-foto.webp\" \/>\n\t<meta property=\"og:image:width\" content=\"1212\" \/>\n\t<meta property=\"og:image:height\" content=\"702\" \/>\n\t<meta property=\"og:image:type\" content=\"image\/jpeg\" \/>\n<meta name=\"author\" content=\"dmcsrbija.com@gmail.com\" \/>\n<meta name=\"twitter:card\" content=\"summary_large_image\" \/>\n<meta name=\"twitter:label1\" content=\"Written by\" \/>\n\t<meta name=\"twitter:data1\" content=\"dmcsrbija.com@gmail.com\" \/>\n\t<meta name=\"twitter:label2\" content=\"Estimated reading time\" \/>\n\t<meta name=\"twitter:data2\" content=\"2 minutes\" \/>\n<script type=\"application\/ld+json\" class=\"yoast-schema-graph\">{\"@context\":\"https:\\\/\\\/schema.org\",\"@graph\":[{\"@type\":\"Article\",\"@id\":\"https:\\\/\\\/dmcsrb.com\\\/drustvo\\\/skolski-pribor-za-oko-1-500-djece-iz-svih-crnogorskih-opstina\\\/#article\",\"isPartOf\":{\"@id\":\"https:\\\/\\\/dmcsrb.com\\\/drustvo\\\/skolski-pribor-za-oko-1-500-djece-iz-svih-crnogorskih-opstina\\\/\"},\"author\":{\"name\":\"dmcsrbija.com@gmail.com\",\"@id\":\"https:\\\/\\\/dmcsrb.com\\\/#\\\/schema\\\/person\\\/5c39170f12db1b8b457732d0b5c854e2\"},\"headline\":\"\u0160kolski pribor za oko 1.500 djece iz svih crnogorskih op\u0161tina\",\"datePublished\":\"2025-09-11T05:00:00+00:00\",\"mainEntityOfPage\":{\"@id\":\"https:\\\/\\\/dmcsrb.com\\\/drustvo\\\/skolski-pribor-za-oko-1-500-djece-iz-svih-crnogorskih-opstina\\\/\"},\"wordCount\":354,\"commentCount\":0,\"image\":{\"@id\":\"https:\\\/\\\/dmcsrb.com\\\/drustvo\\\/skolski-pribor-za-oko-1-500-djece-iz-svih-crnogorskih-opstina\\\/#primaryimage\"},\"thumbnailUrl\":\"https:\\\/\\\/dmcsrb.com\\\/wp-content\\\/uploads\\\/2026\\\/01\\\/skolski-pribor-udruzenje-roditelji-foto.webp\",\"keywords\":[\"Humanitarna ackija\",\"Tanja A\u0161anin\",\"Udru\u017eenje Roditelji\"],\"articleSection\":[\"Dru\u0161tvo\"],\"inLanguage\":\"en-GB\",\"potentialAction\":[{\"@type\":\"CommentAction\",\"name\":\"Comment\",\"target\":[\"https:\\\/\\\/dmcsrb.com\\\/drustvo\\\/skolski-pribor-za-oko-1-500-djece-iz-svih-crnogorskih-opstina\\\/#respond\"]}]},{\"@type\":\"WebPage\",\"@id\":\"https:\\\/\\\/dmcsrb.com\\\/drustvo\\\/skolski-pribor-za-oko-1-500-djece-iz-svih-crnogorskih-opstina\\\/\",\"url\":\"https:\\\/\\\/dmcsrb.com\\\/drustvo\\\/skolski-pribor-za-oko-1-500-djece-iz-svih-crnogorskih-opstina\\\/\",\"name\":\"\u0160kolski pribor za oko 1.500 djece iz svih crnogorskih op\u0161tina - dmcsrb.com\",\"isPartOf\":{\"@id\":\"https:\\\/\\\/dmcsrb.com\\\/#website\"},\"primaryImageOfPage\":{\"@id\":\"https:\\\/\\\/dmcsrb.com\\\/drustvo\\\/skolski-pribor-za-oko-1-500-djece-iz-svih-crnogorskih-opstina\\\/#primaryimage\"},\"image\":{\"@id\":\"https:\\\/\\\/dmcsrb.com\\\/drustvo\\\/skolski-pribor-za-oko-1-500-djece-iz-svih-crnogorskih-opstina\\\/#primaryimage\"},\"thumbnailUrl\":\"https:\\\/\\\/dmcsrb.com\\\/wp-content\\\/uploads\\\/2026\\\/01\\\/skolski-pribor-udruzenje-roditelji-foto.webp\",\"datePublished\":\"2025-09-11T05:00:00+00:00\",\"author\":{\"@id\":\"https:\\\/\\\/dmcsrb.com\\\/#\\\/schema\\\/person\\\/5c39170f12db1b8b457732d0b5c854e2\"},\"breadcrumb\":{\"@id\":\"https:\\\/\\\/dmcsrb.com\\\/drustvo\\\/skolski-pribor-za-oko-1-500-djece-iz-svih-crnogorskih-opstina\\\/#breadcrumb\"},\"inLanguage\":\"en-GB\",\"potentialAction\":[{\"@type\":\"ReadAction\",\"target\":[\"https:\\\/\\\/dmcsrb.com\\\/drustvo\\\/skolski-pribor-za-oko-1-500-djece-iz-svih-crnogorskih-opstina\\\/\"]}]},{\"@type\":\"ImageObject\",\"inLanguage\":\"en-GB\",\"@id\":\"https:\\\/\\\/dmcsrb.com\\\/drustvo\\\/skolski-pribor-za-oko-1-500-djece-iz-svih-crnogorskih-opstina\\\/#primaryimage\",\"url\":\"https:\\\/\\\/dmcsrb.com\\\/wp-content\\\/uploads\\\/2026\\\/01\\\/skolski-pribor-udruzenje-roditelji-foto.webp\",\"contentUrl\":\"https:\\\/\\\/dmcsrb.com\\\/wp-content\\\/uploads\\\/2026\\\/01\\\/skolski-pribor-udruzenje-roditelji-foto.webp\",\"width\":1212,\"height\":702},{\"@type\":\"BreadcrumbList\",\"@id\":\"https:\\\/\\\/dmcsrb.com\\\/drustvo\\\/skolski-pribor-za-oko-1-500-djece-iz-svih-crnogorskih-opstina\\\/#breadcrumb\",\"itemListElement\":[{\"@type\":\"ListItem\",\"position\":1,\"name\":\"Home\",\"item\":\"https:\\\/\\\/dmcsrb.com\\\/\"},{\"@type\":\"ListItem\",\"position\":2,\"name\":\"\u0160kolski pribor za oko 1.500 djece iz svih crnogorskih op\u0161tina\"}]},{\"@type\":\"WebSite\",\"@id\":\"https:\\\/\\\/dmcsrb.com\\\/#website\",\"url\":\"https:\\\/\\\/dmcsrb.com\\\/\",\"name\":\"dmcsrb.com\",\"description\":\"\",\"potentialAction\":[{\"@type\":\"SearchAction\",\"target\":{\"@type\":\"EntryPoint\",\"urlTemplate\":\"https:\\\/\\\/dmcsrb.com\\\/?s={search_term_string}\"},\"query-input\":{\"@type\":\"PropertyValueSpecification\",\"valueRequired\":true,\"valueName\":\"search_term_string\"}}],\"inLanguage\":\"en-GB\"},{\"@type\":\"Person\",\"@id\":\"https:\\\/\\\/dmcsrb.com\\\/#\\\/schema\\\/person\\\/5c39170f12db1b8b457732d0b5c854e2\",\"name\":\"dmcsrbija.com@gmail.com\",\"image\":{\"@type\":\"ImageObject\",\"inLanguage\":\"en-GB\",\"@id\":\"https:\\\/\\\/secure.gravatar.com\\\/avatar\\\/68592660ad6347fad0fb587f8d5d8f1a7b44961362f56e4f2cd524feb87e9069?s=96&d=mm&r=g\",\"url\":\"https:\\\/\\\/secure.gravatar.com\\\/avatar\\\/68592660ad6347fad0fb587f8d5d8f1a7b44961362f56e4f2cd524feb87e9069?s=96&d=mm&r=g\",\"contentUrl\":\"https:\\\/\\\/secure.gravatar.com\\\/avatar\\\/68592660ad6347fad0fb587f8d5d8f1a7b44961362f56e4f2cd524feb87e9069?s=96&d=mm&r=g\",\"caption\":\"dmcsrbija.com@gmail.com\"},\"sameAs\":[\"https:\\\/\\\/dmcsrb.com\"],\"url\":\"https:\\\/\\\/dmcsrb.com\\\/en\\\/author\\\/dmcsrbija-comgmail-com\\\/\"}]}<\/script>\n<!-- \/ Yoast SEO plugin. -->","yoast_head_json":{"title":"\u0160kolski pribor za oko 1.500 djece iz svih crnogorskih op\u0161tina - dmcsrb.com","robots":{"index":"index","follow":"follow","max-snippet":"max-snippet:-1","max-image-preview":"max-image-preview:large","max-video-preview":"max-video-preview:-1"},"canonical":"https:\/\/dmcsrb.com\/en\/drustvo\/skolski-pribor-za-oko-1-500-djece-iz-svih-crnogorskih-opstina\/","og_locale":"en_GB","og_type":"article","og_title":"\u0160kolski pribor za oko 1.500 djece iz svih crnogorskih op\u0161tina - dmcsrb.com","og_description":"Humanitarna akcija Podijelimo, jer zajedno mo\u017eemo vi\u0161e, zavr\u0161ena je ove sedmice, ne\u0161to kasnije nego uobi\u010dajeno, a u cilju obuhvatanja \u0161to ve\u0107eg broja djece kojoj je ovaj vid podr\u0161ke potreban. Obezbije\u0111en \u0161kolski pribor za 1.484 djece iz 25 crnogorskih op\u0161tina.","og_url":"https:\/\/dmcsrb.com\/en\/drustvo\/skolski-pribor-za-oko-1-500-djece-iz-svih-crnogorskih-opstina\/","og_site_name":"dmcsrb.com","article_published_time":"2025-09-11T05:00:00+00:00","og_image":[{"width":1212,"height":702,"url":"https:\/\/dmcsrb.com\/wp-content\/uploads\/2026\/01\/skolski-pribor-udruzenje-roditelji-foto.webp","type":"image\/jpeg"}],"author":"dmcsrbija.com@gmail.com","twitter_card":"summary_large_image","twitter_misc":{"Written by":"dmcsrbija.com@gmail.com","Estimated reading time":"2 minutes"},"schema":{"@context":"https:\/\/schema.org","@graph":[{"@type":"Article","@id":"https:\/\/dmcsrb.com\/drustvo\/skolski-pribor-za-oko-1-500-djece-iz-svih-crnogorskih-opstina\/#article","isPartOf":{"@id":"https:\/\/dmcsrb.com\/drustvo\/skolski-pribor-za-oko-1-500-djece-iz-svih-crnogorskih-opstina\/"},"author":{"name":"dmcsrbija.com@gmail.com","@id":"https:\/\/dmcsrb.com\/#\/schema\/person\/5c39170f12db1b8b457732d0b5c854e2"},"headline":"\u0160kolski pribor za oko 1.500 djece iz svih crnogorskih op\u0161tina","datePublished":"2025-09-11T05:00:00+00:00","mainEntityOfPage":{"@id":"https:\/\/dmcsrb.com\/drustvo\/skolski-pribor-za-oko-1-500-djece-iz-svih-crnogorskih-opstina\/"},"wordCount":354,"commentCount":0,"image":{"@id":"https:\/\/dmcsrb.com\/drustvo\/skolski-pribor-za-oko-1-500-djece-iz-svih-crnogorskih-opstina\/#primaryimage"},"thumbnailUrl":"https:\/\/dmcsrb.com\/wp-content\/uploads\/2026\/01\/skolski-pribor-udruzenje-roditelji-foto.webp","keywords":["Humanitarna ackija","Tanja A\u0161anin","Udru\u017eenje Roditelji"],"articleSection":["Dru\u0161tvo"],"inLanguage":"en-GB","potentialAction":[{"@type":"CommentAction","name":"Comment","target":["https:\/\/dmcsrb.com\/drustvo\/skolski-pribor-za-oko-1-500-djece-iz-svih-crnogorskih-opstina\/#respond"]}]},{"@type":"WebPage","@id":"https:\/\/dmcsrb.com\/drustvo\/skolski-pribor-za-oko-1-500-djece-iz-svih-crnogorskih-opstina\/","url":"https:\/\/dmcsrb.com\/drustvo\/skolski-pribor-za-oko-1-500-djece-iz-svih-crnogorskih-opstina\/","name":"\u0160kolski pribor za oko 1.500 djece iz svih crnogorskih op\u0161tina - dmcsrb.com","isPartOf":{"@id":"https:\/\/dmcsrb.com\/#website"},"primaryImageOfPage":{"@id":"https:\/\/dmcsrb.com\/drustvo\/skolski-pribor-za-oko-1-500-djece-iz-svih-crnogorskih-opstina\/#primaryimage"},"image":{"@id":"https:\/\/dmcsrb.com\/drustvo\/skolski-pribor-za-oko-1-500-djece-iz-svih-crnogorskih-opstina\/#primaryimage"},"thumbnailUrl":"https:\/\/dmcsrb.com\/wp-content\/uploads\/2026\/01\/skolski-pribor-udruzenje-roditelji-foto.webp","datePublished":"2025-09-11T05:00:00+00:00","author":{"@id":"https:\/\/dmcsrb.com\/#\/schema\/person\/5c39170f12db1b8b457732d0b5c854e2"},"breadcrumb":{"@id":"https:\/\/dmcsrb.com\/drustvo\/skolski-pribor-za-oko-1-500-djece-iz-svih-crnogorskih-opstina\/#breadcrumb"},"inLanguage":"en-GB","potentialAction":[{"@type":"ReadAction","target":["https:\/\/dmcsrb.com\/drustvo\/skolski-pribor-za-oko-1-500-djece-iz-svih-crnogorskih-opstina\/"]}]},{"@type":"ImageObject","inLanguage":"en-GB","@id":"https:\/\/dmcsrb.com\/drustvo\/skolski-pribor-za-oko-1-500-djece-iz-svih-crnogorskih-opstina\/#primaryimage","url":"https:\/\/dmcsrb.com\/wp-content\/uploads\/2026\/01\/skolski-pribor-udruzenje-roditelji-foto.webp","contentUrl":"https:\/\/dmcsrb.com\/wp-content\/uploads\/2026\/01\/skolski-pribor-udruzenje-roditelji-foto.webp","width":1212,"height":702},{"@type":"BreadcrumbList","@id":"https:\/\/dmcsrb.com\/drustvo\/skolski-pribor-za-oko-1-500-djece-iz-svih-crnogorskih-opstina\/#breadcrumb","itemListElement":[{"@type":"ListItem","position":1,"name":"Home","item":"https:\/\/dmcsrb.com\/"},{"@type":"ListItem","position":2,"name":"\u0160kolski pribor za oko 1.500 djece iz svih crnogorskih op\u0161tina"}]},{"@type":"WebSite","@id":"https:\/\/dmcsrb.com\/#website","url":"https:\/\/dmcsrb.com\/","name":"dmcsrb.com","description":"","potentialAction":[{"@type":"SearchAction","target":{"@type":"EntryPoint","urlTemplate":"https:\/\/dmcsrb.com\/?s={search_term_string}"},"query-input":{"@type":"PropertyValueSpecification","valueRequired":true,"valueName":"search_term_string"}}],"inLanguage":"en-GB"},{"@type":"Person","@id":"https:\/\/dmcsrb.com\/#\/schema\/person\/5c39170f12db1b8b457732d0b5c854e2","name":"dmcsrbija.com@gmail.com","image":{"@type":"ImageObject","inLanguage":"en-GB","@id":"https:\/\/secure.gravatar.com\/avatar\/68592660ad6347fad0fb587f8d5d8f1a7b44961362f56e4f2cd524feb87e9069?s=96&d=mm&r=g","url":"https:\/\/secure.gravatar.com\/avatar\/68592660ad6347fad0fb587f8d5d8f1a7b44961362f56e4f2cd524feb87e9069?s=96&d=mm&r=g","contentUrl":"https:\/\/secure.gravatar.com\/avatar\/68592660ad6347fad0fb587f8d5d8f1a7b44961362f56e4f2cd524feb87e9069?s=96&d=mm&r=g","caption":"dmcsrbija.com@gmail.com"},"sameAs":["https:\/\/dmcsrb.com"],"url":"https:\/\/dmcsrb.com\/en\/author\/dmcsrbija-comgmail-com\/"}]}},"_links":{"self":[{"href":"https:\/\/dmcsrb.com\/en\/wp-json\/wp\/v2\/posts\/951448","targetHints":{"allow":["GET"]}}],"collection":[{"href":"https:\/\/dmcsrb.com\/en\/wp-json\/wp\/v2\/posts"}],"about":[{"href":"https:\/\/dmcsrb.com\/en\/wp-json\/wp\/v2\/types\/post"}],"author":[{"embeddable":true,"href":"https:\/\/dmcsrb.com\/en\/wp-json\/wp\/v2\/users\/1"}],"replies":[{"embeddable":true,"href":"https:\/\/dmcsrb.com\/en\/wp-json\/wp\/v2\/comments?post=951448"}],"version-history":[{"count":0,"href":"https:\/\/dmcsrb.com\/en\/wp-json\/wp\/v2\/posts\/951448\/revisions"}],"wp:featuredmedia":[{"embeddable":true,"href":"https:\/\/dmcsrb.com\/en\/wp-json\/wp\/v2\/media\/951449"}],"wp:attachment":[{"href":"https:\/\/dmcsrb.com\/en\/wp-json\/wp\/v2\/media?parent=951448"}],"wp:term":[{"taxonomy":"category","embeddable":true,"href":"https:\/\/dmcsrb.com\/en\/wp-json\/wp\/v2\/categories?post=951448"},{"taxonomy":"post_tag","embeddable":true,"href":"https:\/\/dmcsrb.com\/en\/wp-json\/wp\/v2\/tags?post=951448"},{"taxonomy":"naslovna","embeddable":true,"href":"https:\/\/dmcsrb.com\/en\/wp-json\/wp\/v2\/naslovna?post=951448"}],"curies":[{"name":"wp","href":"https:\/\/api.w.org\/{rel}","templated":true}]}}