{"id":951440,"date":"2025-09-11T06:51:00","date_gmt":"2025-09-11T04:51:00","guid":{"rendered":"https:\/\/dmcsrb.com\/uncategorized\/staju-vozovi-u-grckoj-danas-strajk-masinovodja\/"},"modified":"2025-09-11T06:51:00","modified_gmt":"2025-09-11T04:51:00","slug":"staju-vozovi-u-grckoj-danas-strajk-masinovodja","status":"publish","type":"post","link":"https:\/\/dmcsrb.com\/en\/svijet\/staju-vozovi-u-grckoj-danas-strajk-masinovodja\/","title":{"rendered":"Staju vozovi u Gr\u010dkoj, danas \u0161trajk ma\u0161inovo\u0111a"},"content":{"rendered":"<p><\/p>\n\n\n\n<p>U saop\u0161tenju, Panhelenska asocijacija transportnog osoblja (PEPE) tvrdi da je kompanija u avgustu bez ikakvog upozorenja otpustila trojicu iskusnih ma\u0161inovo\u0111a koji su pripadali socijalno osjetljivim grupama (suo\u010davali su se sa zdravstvenim problemima nakon vi\u0161e od 42 godine rada), prenosi Katemerini.<\/p>\n\n\n\n<p>Naveli su i da kompanija &#8220;Helenik trejn&#8221;, koju gr\u010dka dr\u017eava prema njihovim tvrdnjama subvencioni\u0161e sa vi\u0161e od 50 miliona evra godi\u0161nje, primorava ma\u0161inovo\u0111e na prekovremeni rad (rad na dane odmora), dok nekim zaposlenima nije odobrila redovno odsustvo za 2024. godinu.<\/p>\n\n\n\n<p>Gr\u010dki sindikat je saop\u0161tio i da je obezbijedio zakonom propisan minimun rada za opslu\u017eivanje dru\u0161tvenih potreba.<\/p>\n\n\n\n<p>Tako\u0111e je pozvao rukovodstvo kompanije da povu\u010de sva otpu\u0161tanja zaposlenih i navodi i najavio da \u0107e njihova &#8220;borba biti kontinuirana&#8221;.<\/p>","protected":false},"excerpt":{"rendered":"<p>Gr\u010dke ma\u0161inovo\u0111e danas stupaju u 24-\u010dasovni \u0161trajk, kao reakciju na nedavna otpu\u0161tanja trojice ma\u0161inovo\u0111a iz kompanije &#8220;Helenik trejn&#8221;.<\/p>","protected":false},"author":1,"featured_media":951441,"comment_status":"open","ping_status":"open","sticky":false,"template":"","format":"standard","meta":{"_acf_changed":false,"footnotes":""},"categories":[144],"tags":[1886,3895],"naslovna":[],"class_list":["post-951440","post","type-post","status-publish","format-standard","has-post-thumbnail","hentry","category-svijet","tag-grcka","tag-vozovi"],"acf":[],"yoast_head":"<!-- This site is optimized with the Yoast SEO plugin v27.0 - https:\/\/yoast.com\/product\/yoast-seo-wordpress\/ -->\n<title>Staju vozovi u Gr\u010dkoj, danas \u0161trajk ma\u0161inovo\u0111a - dmcsrb.com<\/title>\n<meta name=\"robots\" content=\"index, follow, max-snippet:-1, max-image-preview:large, max-video-preview:-1\" \/>\n<link rel=\"canonical\" href=\"https:\/\/dmcsrb.com\/en\/svijet\/staju-vozovi-u-grckoj-danas-strajk-masinovodja\/\" \/>\n<meta property=\"og:locale\" content=\"en_GB\" \/>\n<meta property=\"og:type\" content=\"article\" \/>\n<meta property=\"og:title\" content=\"Staju vozovi u Gr\u010dkoj, danas \u0161trajk ma\u0161inovo\u0111a - dmcsrb.com\" \/>\n<meta property=\"og:description\" content=\"Gr\u010dke ma\u0161inovo\u0111e danas stupaju u 24-\u010dasovni \u0161trajk, kao reakciju na nedavna otpu\u0161tanja trojice ma\u0161inovo\u0111a iz kompanije &quot;Helenik trejn&quot;.\" \/>\n<meta property=\"og:url\" content=\"https:\/\/dmcsrb.com\/en\/svijet\/staju-vozovi-u-grckoj-danas-strajk-masinovodja\/\" \/>\n<meta property=\"og:site_name\" content=\"dmcsrb.com\" \/>\n<meta property=\"article:published_time\" content=\"2025-09-11T04:51:00+00:00\" \/>\n<meta property=\"og:image\" content=\"https:\/\/dmcsrb.com\/wp-content\/uploads\/2026\/01\/pruga.webp\" \/>\n\t<meta property=\"og:image:width\" content=\"275\" \/>\n\t<meta property=\"og:image:height\" content=\"183\" \/>\n\t<meta property=\"og:image:type\" content=\"image\/jpeg\" \/>\n<meta name=\"author\" content=\"dmcsrbija.com@gmail.com\" \/>\n<meta name=\"twitter:card\" content=\"summary_large_image\" \/>\n<meta name=\"twitter:label1\" content=\"Written by\" \/>\n\t<meta name=\"twitter:data1\" content=\"dmcsrbija.com@gmail.com\" \/>\n\t<meta name=\"twitter:label2\" content=\"Estimated reading time\" \/>\n\t<meta name=\"twitter:data2\" content=\"1 minute\" \/>\n<script type=\"application\/ld+json\" class=\"yoast-schema-graph\">{\"@context\":\"https:\/\/schema.org\",\"@graph\":[{\"@type\":\"Article\",\"@id\":\"https:\/\/dmcsrb.com\/en\/svijet\/staju-vozovi-u-grckoj-danas-strajk-masinovodja\/#article\",\"isPartOf\":{\"@id\":\"https:\/\/dmcsrb.com\/en\/svijet\/staju-vozovi-u-grckoj-danas-strajk-masinovodja\/\"},\"author\":{\"name\":\"dmcsrbija.com@gmail.com\",\"@id\":\"https:\/\/dmcsrb.com\/#\/schema\/person\/5c39170f12db1b8b457732d0b5c854e2\"},\"headline\":\"Staju vozovi u Gr\u010dkoj, danas \u0161trajk ma\u0161inovo\u0111a\",\"datePublished\":\"2025-09-11T04:51:00+00:00\",\"mainEntityOfPage\":{\"@id\":\"https:\/\/dmcsrb.com\/en\/svijet\/staju-vozovi-u-grckoj-danas-strajk-masinovodja\/\"},\"wordCount\":142,\"commentCount\":0,\"image\":{\"@id\":\"https:\/\/dmcsrb.com\/en\/svijet\/staju-vozovi-u-grckoj-danas-strajk-masinovodja\/#primaryimage\"},\"thumbnailUrl\":\"https:\/\/dmcsrb.com\/wp-content\/uploads\/2026\/01\/pruga.webp\",\"keywords\":[\"Gr\u010dka\",\"Vozovi\"],\"articleSection\":[\"Svijet\"],\"inLanguage\":\"en-GB\",\"potentialAction\":[{\"@type\":\"CommentAction\",\"name\":\"Comment\",\"target\":[\"https:\/\/dmcsrb.com\/en\/svijet\/staju-vozovi-u-grckoj-danas-strajk-masinovodja\/#respond\"]}]},{\"@type\":\"WebPage\",\"@id\":\"https:\/\/dmcsrb.com\/en\/svijet\/staju-vozovi-u-grckoj-danas-strajk-masinovodja\/\",\"url\":\"https:\/\/dmcsrb.com\/en\/svijet\/staju-vozovi-u-grckoj-danas-strajk-masinovodja\/\",\"name\":\"Staju vozovi u Gr\u010dkoj, danas \u0161trajk ma\u0161inovo\u0111a - dmcsrb.com\",\"isPartOf\":{\"@id\":\"https:\/\/dmcsrb.com\/#website\"},\"primaryImageOfPage\":{\"@id\":\"https:\/\/dmcsrb.com\/en\/svijet\/staju-vozovi-u-grckoj-danas-strajk-masinovodja\/#primaryimage\"},\"image\":{\"@id\":\"https:\/\/dmcsrb.com\/en\/svijet\/staju-vozovi-u-grckoj-danas-strajk-masinovodja\/#primaryimage\"},\"thumbnailUrl\":\"https:\/\/dmcsrb.com\/wp-content\/uploads\/2026\/01\/pruga.webp\",\"datePublished\":\"2025-09-11T04:51:00+00:00\",\"author\":{\"@id\":\"https:\/\/dmcsrb.com\/#\/schema\/person\/5c39170f12db1b8b457732d0b5c854e2\"},\"breadcrumb\":{\"@id\":\"https:\/\/dmcsrb.com\/en\/svijet\/staju-vozovi-u-grckoj-danas-strajk-masinovodja\/#breadcrumb\"},\"inLanguage\":\"en-GB\",\"potentialAction\":[{\"@type\":\"ReadAction\",\"target\":[\"https:\/\/dmcsrb.com\/en\/svijet\/staju-vozovi-u-grckoj-danas-strajk-masinovodja\/\"]}]},{\"@type\":\"ImageObject\",\"inLanguage\":\"en-GB\",\"@id\":\"https:\/\/dmcsrb.com\/en\/svijet\/staju-vozovi-u-grckoj-danas-strajk-masinovodja\/#primaryimage\",\"url\":\"https:\/\/dmcsrb.com\/wp-content\/uploads\/2026\/01\/pruga.webp\",\"contentUrl\":\"https:\/\/dmcsrb.com\/wp-content\/uploads\/2026\/01\/pruga.webp\",\"width\":275,\"height\":183},{\"@type\":\"BreadcrumbList\",\"@id\":\"https:\/\/dmcsrb.com\/en\/svijet\/staju-vozovi-u-grckoj-danas-strajk-masinovodja\/#breadcrumb\",\"itemListElement\":[{\"@type\":\"ListItem\",\"position\":1,\"name\":\"Home\",\"item\":\"https:\/\/dmcsrb.com\/\"},{\"@type\":\"ListItem\",\"position\":2,\"name\":\"Staju vozovi u Gr\u010dkoj, danas \u0161trajk ma\u0161inovo\u0111a\"}]},{\"@type\":\"WebSite\",\"@id\":\"https:\/\/dmcsrb.com\/#website\",\"url\":\"https:\/\/dmcsrb.com\/\",\"name\":\"dmcsrb.com\",\"description\":\"\",\"potentialAction\":[{\"@type\":\"SearchAction\",\"target\":{\"@type\":\"EntryPoint\",\"urlTemplate\":\"https:\/\/dmcsrb.com\/?s={search_term_string}\"},\"query-input\":{\"@type\":\"PropertyValueSpecification\",\"valueRequired\":true,\"valueName\":\"search_term_string\"}}],\"inLanguage\":\"en-GB\"},{\"@type\":\"Person\",\"@id\":\"https:\/\/dmcsrb.com\/#\/schema\/person\/5c39170f12db1b8b457732d0b5c854e2\",\"name\":\"dmcsrbija.com@gmail.com\",\"image\":{\"@type\":\"ImageObject\",\"inLanguage\":\"en-GB\",\"@id\":\"https:\/\/dmcsrb.com\/#\/schema\/person\/image\/\",\"url\":\"https:\/\/secure.gravatar.com\/avatar\/68592660ad6347fad0fb587f8d5d8f1a7b44961362f56e4f2cd524feb87e9069?s=96&d=mm&r=g\",\"contentUrl\":\"https:\/\/secure.gravatar.com\/avatar\/68592660ad6347fad0fb587f8d5d8f1a7b44961362f56e4f2cd524feb87e9069?s=96&d=mm&r=g\",\"caption\":\"dmcsrbija.com@gmail.com\"},\"sameAs\":[\"https:\/\/dmcsrb.com\"],\"url\":\"https:\/\/dmcsrb.com\/en\/author\/dmcsrbija-comgmail-com\/\"}]}<\/script>\n<!-- \/ Yoast SEO plugin. -->","yoast_head_json":{"title":"Staju vozovi u Gr\u010dkoj, danas \u0161trajk ma\u0161inovo\u0111a - dmcsrb.com","robots":{"index":"index","follow":"follow","max-snippet":"max-snippet:-1","max-image-preview":"max-image-preview:large","max-video-preview":"max-video-preview:-1"},"canonical":"https:\/\/dmcsrb.com\/en\/svijet\/staju-vozovi-u-grckoj-danas-strajk-masinovodja\/","og_locale":"en_GB","og_type":"article","og_title":"Staju vozovi u Gr\u010dkoj, danas \u0161trajk ma\u0161inovo\u0111a - dmcsrb.com","og_description":"Gr\u010dke ma\u0161inovo\u0111e danas stupaju u 24-\u010dasovni \u0161trajk, kao reakciju na nedavna otpu\u0161tanja trojice ma\u0161inovo\u0111a iz kompanije \"Helenik trejn\".","og_url":"https:\/\/dmcsrb.com\/en\/svijet\/staju-vozovi-u-grckoj-danas-strajk-masinovodja\/","og_site_name":"dmcsrb.com","article_published_time":"2025-09-11T04:51:00+00:00","og_image":[{"width":275,"height":183,"url":"https:\/\/dmcsrb.com\/wp-content\/uploads\/2026\/01\/pruga.webp","type":"image\/jpeg"}],"author":"dmcsrbija.com@gmail.com","twitter_card":"summary_large_image","twitter_misc":{"Written by":"dmcsrbija.com@gmail.com","Estimated reading time":"1 minute"},"schema":{"@context":"https:\/\/schema.org","@graph":[{"@type":"Article","@id":"https:\/\/dmcsrb.com\/en\/svijet\/staju-vozovi-u-grckoj-danas-strajk-masinovodja\/#article","isPartOf":{"@id":"https:\/\/dmcsrb.com\/en\/svijet\/staju-vozovi-u-grckoj-danas-strajk-masinovodja\/"},"author":{"name":"dmcsrbija.com@gmail.com","@id":"https:\/\/dmcsrb.com\/#\/schema\/person\/5c39170f12db1b8b457732d0b5c854e2"},"headline":"Staju vozovi u Gr\u010dkoj, danas \u0161trajk ma\u0161inovo\u0111a","datePublished":"2025-09-11T04:51:00+00:00","mainEntityOfPage":{"@id":"https:\/\/dmcsrb.com\/en\/svijet\/staju-vozovi-u-grckoj-danas-strajk-masinovodja\/"},"wordCount":142,"commentCount":0,"image":{"@id":"https:\/\/dmcsrb.com\/en\/svijet\/staju-vozovi-u-grckoj-danas-strajk-masinovodja\/#primaryimage"},"thumbnailUrl":"https:\/\/dmcsrb.com\/wp-content\/uploads\/2026\/01\/pruga.webp","keywords":["Gr\u010dka","Vozovi"],"articleSection":["Svijet"],"inLanguage":"en-GB","potentialAction":[{"@type":"CommentAction","name":"Comment","target":["https:\/\/dmcsrb.com\/en\/svijet\/staju-vozovi-u-grckoj-danas-strajk-masinovodja\/#respond"]}]},{"@type":"WebPage","@id":"https:\/\/dmcsrb.com\/en\/svijet\/staju-vozovi-u-grckoj-danas-strajk-masinovodja\/","url":"https:\/\/dmcsrb.com\/en\/svijet\/staju-vozovi-u-grckoj-danas-strajk-masinovodja\/","name":"Staju vozovi u Gr\u010dkoj, danas \u0161trajk ma\u0161inovo\u0111a - dmcsrb.com","isPartOf":{"@id":"https:\/\/dmcsrb.com\/#website"},"primaryImageOfPage":{"@id":"https:\/\/dmcsrb.com\/en\/svijet\/staju-vozovi-u-grckoj-danas-strajk-masinovodja\/#primaryimage"},"image":{"@id":"https:\/\/dmcsrb.com\/en\/svijet\/staju-vozovi-u-grckoj-danas-strajk-masinovodja\/#primaryimage"},"thumbnailUrl":"https:\/\/dmcsrb.com\/wp-content\/uploads\/2026\/01\/pruga.webp","datePublished":"2025-09-11T04:51:00+00:00","author":{"@id":"https:\/\/dmcsrb.com\/#\/schema\/person\/5c39170f12db1b8b457732d0b5c854e2"},"breadcrumb":{"@id":"https:\/\/dmcsrb.com\/en\/svijet\/staju-vozovi-u-grckoj-danas-strajk-masinovodja\/#breadcrumb"},"inLanguage":"en-GB","potentialAction":[{"@type":"ReadAction","target":["https:\/\/dmcsrb.com\/en\/svijet\/staju-vozovi-u-grckoj-danas-strajk-masinovodja\/"]}]},{"@type":"ImageObject","inLanguage":"en-GB","@id":"https:\/\/dmcsrb.com\/en\/svijet\/staju-vozovi-u-grckoj-danas-strajk-masinovodja\/#primaryimage","url":"https:\/\/dmcsrb.com\/wp-content\/uploads\/2026\/01\/pruga.webp","contentUrl":"https:\/\/dmcsrb.com\/wp-content\/uploads\/2026\/01\/pruga.webp","width":275,"height":183},{"@type":"BreadcrumbList","@id":"https:\/\/dmcsrb.com\/en\/svijet\/staju-vozovi-u-grckoj-danas-strajk-masinovodja\/#breadcrumb","itemListElement":[{"@type":"ListItem","position":1,"name":"Home","item":"https:\/\/dmcsrb.com\/"},{"@type":"ListItem","position":2,"name":"Staju vozovi u Gr\u010dkoj, danas \u0161trajk ma\u0161inovo\u0111a"}]},{"@type":"WebSite","@id":"https:\/\/dmcsrb.com\/#website","url":"https:\/\/dmcsrb.com\/","name":"dmcsrb.com","description":"","potentialAction":[{"@type":"SearchAction","target":{"@type":"EntryPoint","urlTemplate":"https:\/\/dmcsrb.com\/?s={search_term_string}"},"query-input":{"@type":"PropertyValueSpecification","valueRequired":true,"valueName":"search_term_string"}}],"inLanguage":"en-GB"},{"@type":"Person","@id":"https:\/\/dmcsrb.com\/#\/schema\/person\/5c39170f12db1b8b457732d0b5c854e2","name":"dmcsrbija.com@gmail.com","image":{"@type":"ImageObject","inLanguage":"en-GB","@id":"https:\/\/dmcsrb.com\/#\/schema\/person\/image\/","url":"https:\/\/secure.gravatar.com\/avatar\/68592660ad6347fad0fb587f8d5d8f1a7b44961362f56e4f2cd524feb87e9069?s=96&d=mm&r=g","contentUrl":"https:\/\/secure.gravatar.com\/avatar\/68592660ad6347fad0fb587f8d5d8f1a7b44961362f56e4f2cd524feb87e9069?s=96&d=mm&r=g","caption":"dmcsrbija.com@gmail.com"},"sameAs":["https:\/\/dmcsrb.com"],"url":"https:\/\/dmcsrb.com\/en\/author\/dmcsrbija-comgmail-com\/"}]}},"_links":{"self":[{"href":"https:\/\/dmcsrb.com\/en\/wp-json\/wp\/v2\/posts\/951440","targetHints":{"allow":["GET"]}}],"collection":[{"href":"https:\/\/dmcsrb.com\/en\/wp-json\/wp\/v2\/posts"}],"about":[{"href":"https:\/\/dmcsrb.com\/en\/wp-json\/wp\/v2\/types\/post"}],"author":[{"embeddable":true,"href":"https:\/\/dmcsrb.com\/en\/wp-json\/wp\/v2\/users\/1"}],"replies":[{"embeddable":true,"href":"https:\/\/dmcsrb.com\/en\/wp-json\/wp\/v2\/comments?post=951440"}],"version-history":[{"count":0,"href":"https:\/\/dmcsrb.com\/en\/wp-json\/wp\/v2\/posts\/951440\/revisions"}],"wp:featuredmedia":[{"embeddable":true,"href":"https:\/\/dmcsrb.com\/en\/wp-json\/wp\/v2\/media\/951441"}],"wp:attachment":[{"href":"https:\/\/dmcsrb.com\/en\/wp-json\/wp\/v2\/media?parent=951440"}],"wp:term":[{"taxonomy":"category","embeddable":true,"href":"https:\/\/dmcsrb.com\/en\/wp-json\/wp\/v2\/categories?post=951440"},{"taxonomy":"post_tag","embeddable":true,"href":"https:\/\/dmcsrb.com\/en\/wp-json\/wp\/v2\/tags?post=951440"},{"taxonomy":"naslovna","embeddable":true,"href":"https:\/\/dmcsrb.com\/en\/wp-json\/wp\/v2\/naslovna?post=951440"}],"curies":[{"name":"wp","href":"https:\/\/api.w.org\/{rel}","templated":true}]}}